{"id":99432,"date":"2016-12-20T19:37:30","date_gmt":"2016-12-20T23:37:30","guid":{"rendered":"http:\/\/wpeditor.rnv.gob.ve\/?p=99432"},"modified":"2016-12-20T19:37:30","modified_gmt":"2016-12-20T23:37:30","slug":"en-el-2017-unes-abre-preinscripciones-para-la-carrera-de-administracion-de-desastres","status":"publish","type":"post","link":"https:\/\/stage3.rnv.gob.ve\/wp\/en-el-2017-unes-abre-preinscripciones-para-la-carrera-de-administracion-de-desastres\/","title":{"rendered":"En el 2017 UNES abrir\u00e1 preinscripciones para la carrera de administraci\u00f3n de desastres"},"content":{"rendered":"<p style=\"text-align: justify;\"><img fetchpriority=\"high\" decoding=\"async\" class=\"aligncenter wp-image-99464 \" src=\"http:\/\/wpeditor.rnv.gob.ve\/app\/uploads\/2016\/12\/noel-1024x765.jpg\" width=\"621\" height=\"464\" \/><\/p>\n<p style=\"text-align: justify;\">Noel M\u00e1rquez, director nacional de Protecci\u00f3n Civil, anunci\u00f3 este martes que la Universidad Nacional Experimental de la Seguridad (UNES) abrir\u00e1 el pr\u00f3ximo a\u00f1o las preinscripciones para aquellos bachilleres que quieran cursar la carrera de administraci\u00f3n de desastres.<!--more--><\/p>\n<p style=\"text-align: justify;\">Adem\u00e1s, enfatiz\u00f3 que quienes estudien esa especialidad podr\u00e1n egresar como t\u00e9cnico superior o licenciados, y que si requieren m\u00e1s informaci\u00f3n pueden obtenerla en Protecci\u00f3n Civil o en la sede de la UNES.<\/p>\n<p style=\"text-align: justify;\">La informaci\u00f3n fue suministrada en el programa En La Palestra, transmitido por RNV-Informativa<\/p>\n<p style=\"text-align: justify;\"><strong>Escuche a Noel M\u00e1rquez<\/strong><\/p>\n<p><audio class=\"wp-audio-shortcode\" id=\"audio-99432-1\" preload=\"none\" style=\"width: 100%;\" controls=\"controls\"><source type=\"audio\/mpeg\" src=\"http:\/\/wpeditor.rnv.gob.ve\/app\/uploads\/2016\/12\/UNES1.mp3?_=1\" \/><a href=\"http:\/\/wpeditor.rnv.gob.ve\/app\/uploads\/2016\/12\/UNES1.mp3\">http:\/\/wpeditor.rnv.gob.ve\/app\/uploads\/2016\/12\/UNES1.mp3<\/a><\/audio><br \/>\n<strong>T \/ Web RNV<\/strong><\/p>\n","protected":false},"excerpt":{"rendered":"<p>Noel M\u00e1rquez, director nacional de Protecci\u00f3n Civil, anunci\u00f3 este martes que la Universidad Nacional Experimental de la Seguridad (UNES) abrir\u00e1 el pr\u00f3ximo a\u00f1o las preinscripciones para aquellos bachilleres que quieran cursar la carrera de administraci\u00f3n de desastres.<\/p>\n","protected":false},"author":20,"featured_media":99464,"comment_status":"closed","ping_status":"open","sticky":false,"template":"","format":"standard","meta":{"_acf_changed":false,"footnotes":""},"categories":[59],"tags":[82,3939],"class_list":["post-99432","post","type-post","status-publish","format-standard","has-post-thumbnail","hentry","category-educacion","tag-rnv","tag-unes"],"acf":[],"yoast_head":"<!-- This site is optimized with the Yoast SEO plugin v27.4 - https:\/\/yoast.com\/product\/yoast-seo-wordpress\/ -->\n<title>En el 2017 UNES abrir\u00e1 preinscripciones para la carrera de administraci\u00f3n de desastres - DEV RNV<\/title>\n<meta name=\"robots\" content=\"noindex, follow, max-snippet:-1, max-image-preview:large, max-video-preview:-1\" \/>\n<meta property=\"og:locale\" content=\"es_ES\" \/>\n<meta property=\"og:type\" content=\"article\" \/>\n<meta property=\"og:title\" content=\"En el 2017 UNES abrir\u00e1 preinscripciones para la carrera de administraci\u00f3n de desastres - DEV RNV\" \/>\n<meta property=\"og:description\" content=\"Noel M\u00e1rquez, director nacional de Protecci\u00f3n Civil, anunci\u00f3 este martes que la Universidad Nacional Experimental de la Seguridad (UNES) abrir\u00e1 el pr\u00f3ximo a\u00f1o las preinscripciones para aquellos bachilleres que quieran cursar la carrera de administraci\u00f3n de desastres.\" \/>\n<meta property=\"og:url\" content=\"https:\/\/stage3.rnv.gob.ve\/wp\/en-el-2017-unes-abre-preinscripciones-para-la-carrera-de-administracion-de-desastres\/\" \/>\n<meta property=\"og:site_name\" content=\"DEV RNV\" \/>\n<meta property=\"article:publisher\" content=\"https:\/\/www.facebook.com\/RadioNacionaldeVenezuela\" \/>\n<meta property=\"article:published_time\" content=\"2016-12-20T23:37:30+00:00\" \/>\n<meta name=\"author\" content=\"Freddy Hern\u00e1ndez\" \/>\n<meta name=\"twitter:card\" content=\"summary_large_image\" \/>\n<meta name=\"twitter:creator\" content=\"@RNVinformativa\" \/>\n<meta name=\"twitter:site\" content=\"@RNVinformativa\" \/>\n<meta name=\"twitter:label1\" content=\"Escrito por\" \/>\n\t<meta name=\"twitter:data1\" content=\"Freddy Hern\u00e1ndez\" \/>\n\t<meta name=\"twitter:label2\" content=\"Tiempo estimado de lectura\" \/>\n\t<meta name=\"twitter:data2\" content=\"1 minuto\" \/>\n<script type=\"application\/ld+json\" class=\"yoast-schema-graph\">{\"@context\":\"https:\\\/\\\/schema.org\",\"@graph\":[{\"@type\":\"Article\",\"@id\":\"https:\\\/\\\/stage3.rnv.gob.ve\\\/wp\\\/en-el-2017-unes-abre-preinscripciones-para-la-carrera-de-administracion-de-desastres\\\/#article\",\"isPartOf\":{\"@id\":\"https:\\\/\\\/stage3.rnv.gob.ve\\\/wp\\\/en-el-2017-unes-abre-preinscripciones-para-la-carrera-de-administracion-de-desastres\\\/\"},\"author\":{\"name\":\"Freddy Hern\u00e1ndez\",\"@id\":\"https:\\\/\\\/stage3.rnv.gob.ve\\\/wp\\\/#\\\/schema\\\/person\\\/4bc7a35468448183cef8b950a38aed12\"},\"headline\":\"En el 2017 UNES abrir\u00e1 preinscripciones para la carrera de administraci\u00f3n de desastres\",\"datePublished\":\"2016-12-20T23:37:30+00:00\",\"mainEntityOfPage\":{\"@id\":\"https:\\\/\\\/stage3.rnv.gob.ve\\\/wp\\\/en-el-2017-unes-abre-preinscripciones-para-la-carrera-de-administracion-de-desastres\\\/\"},\"wordCount\":127,\"publisher\":{\"@id\":\"https:\\\/\\\/stage3.rnv.gob.ve\\\/wp\\\/#organization\"},\"image\":{\"@id\":\"https:\\\/\\\/stage3.rnv.gob.ve\\\/wp\\\/en-el-2017-unes-abre-preinscripciones-para-la-carrera-de-administracion-de-desastres\\\/#primaryimage\"},\"thumbnailUrl\":\"\",\"keywords\":[\"RNV\",\"unes\"],\"articleSection\":[\"Educaci\u00f3n\"],\"inLanguage\":\"es\"},{\"@type\":\"WebPage\",\"@id\":\"https:\\\/\\\/stage3.rnv.gob.ve\\\/wp\\\/en-el-2017-unes-abre-preinscripciones-para-la-carrera-de-administracion-de-desastres\\\/\",\"url\":\"https:\\\/\\\/stage3.rnv.gob.ve\\\/wp\\\/en-el-2017-unes-abre-preinscripciones-para-la-carrera-de-administracion-de-desastres\\\/\",\"name\":\"En el 2017 UNES abrir\u00e1 preinscripciones para la carrera de administraci\u00f3n de desastres - DEV RNV\",\"isPartOf\":{\"@id\":\"https:\\\/\\\/stage3.rnv.gob.ve\\\/wp\\\/#website\"},\"primaryImageOfPage\":{\"@id\":\"https:\\\/\\\/stage3.rnv.gob.ve\\\/wp\\\/en-el-2017-unes-abre-preinscripciones-para-la-carrera-de-administracion-de-desastres\\\/#primaryimage\"},\"image\":{\"@id\":\"https:\\\/\\\/stage3.rnv.gob.ve\\\/wp\\\/en-el-2017-unes-abre-preinscripciones-para-la-carrera-de-administracion-de-desastres\\\/#primaryimage\"},\"thumbnailUrl\":\"\",\"datePublished\":\"2016-12-20T23:37:30+00:00\",\"breadcrumb\":{\"@id\":\"https:\\\/\\\/stage3.rnv.gob.ve\\\/wp\\\/en-el-2017-unes-abre-preinscripciones-para-la-carrera-de-administracion-de-desastres\\\/#breadcrumb\"},\"inLanguage\":\"es\",\"potentialAction\":[{\"@type\":\"ReadAction\",\"target\":[\"https:\\\/\\\/stage3.rnv.gob.ve\\\/wp\\\/en-el-2017-unes-abre-preinscripciones-para-la-carrera-de-administracion-de-desastres\\\/\"]}]},{\"@type\":\"ImageObject\",\"inLanguage\":\"es\",\"@id\":\"https:\\\/\\\/stage3.rnv.gob.ve\\\/wp\\\/en-el-2017-unes-abre-preinscripciones-para-la-carrera-de-administracion-de-desastres\\\/#primaryimage\",\"url\":\"\",\"contentUrl\":\"\"},{\"@type\":\"BreadcrumbList\",\"@id\":\"https:\\\/\\\/stage3.rnv.gob.ve\\\/wp\\\/en-el-2017-unes-abre-preinscripciones-para-la-carrera-de-administracion-de-desastres\\\/#breadcrumb\",\"itemListElement\":[{\"@type\":\"ListItem\",\"position\":1,\"name\":\"Portada\",\"item\":\"https:\\\/\\\/stage3.rnv.gob.ve\\\/wp\\\/\"},{\"@type\":\"ListItem\",\"position\":2,\"name\":\"En El 2017 Unes Abrir\u00e1 Preinscripciones Para La Carrera De Administraci\u00f3n De Desastres\"}]},{\"@type\":\"WebSite\",\"@id\":\"https:\\\/\\\/stage3.rnv.gob.ve\\\/wp\\\/#website\",\"url\":\"https:\\\/\\\/stage3.rnv.gob.ve\\\/wp\\\/\",\"name\":\"DEV RNV\",\"description\":\"Radio Nacional de Venezuela C.A.\",\"publisher\":{\"@id\":\"https:\\\/\\\/stage3.rnv.gob.ve\\\/wp\\\/#organization\"},\"potentialAction\":[{\"@type\":\"SearchAction\",\"target\":{\"@type\":\"EntryPoint\",\"urlTemplate\":\"https:\\\/\\\/stage3.rnv.gob.ve\\\/wp\\\/?s={search_term_string}\"},\"query-input\":{\"@type\":\"PropertyValueSpecification\",\"valueRequired\":true,\"valueName\":\"search_term_string\"}}],\"inLanguage\":\"es\"},{\"@type\":\"Organization\",\"@id\":\"https:\\\/\\\/stage3.rnv.gob.ve\\\/wp\\\/#organization\",\"name\":\"Radio Nacional de Venezuela C.A.\",\"url\":\"https:\\\/\\\/stage3.rnv.gob.ve\\\/wp\\\/\",\"logo\":{\"@type\":\"ImageObject\",\"inLanguage\":\"es\",\"@id\":\"https:\\\/\\\/stage3.rnv.gob.ve\\\/wp\\\/#\\\/schema\\\/logo\\\/image\\\/\",\"url\":\"http:\\\/\\\/rnv.ddns.net\\\/prensa\\\/wp-content\\\/uploads\\\/2022\\\/04\\\/rnv-1-300x227-1.jpg\",\"contentUrl\":\"http:\\\/\\\/rnv.ddns.net\\\/prensa\\\/wp-content\\\/uploads\\\/2022\\\/04\\\/rnv-1-300x227-1.jpg\",\"width\":800,\"height\":455,\"caption\":\"Radio Nacional de Venezuela C.A.\"},\"image\":{\"@id\":\"https:\\\/\\\/stage3.rnv.gob.ve\\\/wp\\\/#\\\/schema\\\/logo\\\/image\\\/\"},\"sameAs\":[\"https:\\\/\\\/www.facebook.com\\\/RadioNacionaldeVenezuela\",\"https:\\\/\\\/x.com\\\/RNVinformativa\",\"https:\\\/\\\/www.instagram.com\\\/rnvinformativa\\\/\",\"https:\\\/\\\/www.youtube.com\\\/user\\\/RNVContigo\"]},{\"@type\":\"Person\",\"@id\":\"https:\\\/\\\/stage3.rnv.gob.ve\\\/wp\\\/#\\\/schema\\\/person\\\/4bc7a35468448183cef8b950a38aed12\",\"name\":\"Freddy Hern\u00e1ndez\",\"url\":\"https:\\\/\\\/stage3.rnv.gob.ve\\\/wp\\\/author\\\/freddy_h\\\/\"}]}<\/script>\n<!-- \/ Yoast SEO plugin. -->","yoast_head_json":{"title":"En el 2017 UNES abrir\u00e1 preinscripciones para la carrera de administraci\u00f3n de desastres - DEV RNV","robots":{"index":"noindex","follow":"follow","max-snippet":"max-snippet:-1","max-image-preview":"max-image-preview:large","max-video-preview":"max-video-preview:-1"},"og_locale":"es_ES","og_type":"article","og_title":"En el 2017 UNES abrir\u00e1 preinscripciones para la carrera de administraci\u00f3n de desastres - DEV RNV","og_description":"Noel M\u00e1rquez, director nacional de Protecci\u00f3n Civil, anunci\u00f3 este martes que la Universidad Nacional Experimental de la Seguridad (UNES) abrir\u00e1 el pr\u00f3ximo a\u00f1o las preinscripciones para aquellos bachilleres que quieran cursar la carrera de administraci\u00f3n de desastres.","og_url":"https:\/\/stage3.rnv.gob.ve\/wp\/en-el-2017-unes-abre-preinscripciones-para-la-carrera-de-administracion-de-desastres\/","og_site_name":"DEV RNV","article_publisher":"https:\/\/www.facebook.com\/RadioNacionaldeVenezuela","article_published_time":"2016-12-20T23:37:30+00:00","author":"Freddy Hern\u00e1ndez","twitter_card":"summary_large_image","twitter_creator":"@RNVinformativa","twitter_site":"@RNVinformativa","twitter_misc":{"Escrito por":"Freddy Hern\u00e1ndez","Tiempo estimado de lectura":"1 minuto"},"schema":{"@context":"https:\/\/schema.org","@graph":[{"@type":"Article","@id":"https:\/\/stage3.rnv.gob.ve\/wp\/en-el-2017-unes-abre-preinscripciones-para-la-carrera-de-administracion-de-desastres\/#article","isPartOf":{"@id":"https:\/\/stage3.rnv.gob.ve\/wp\/en-el-2017-unes-abre-preinscripciones-para-la-carrera-de-administracion-de-desastres\/"},"author":{"name":"Freddy Hern\u00e1ndez","@id":"https:\/\/stage3.rnv.gob.ve\/wp\/#\/schema\/person\/4bc7a35468448183cef8b950a38aed12"},"headline":"En el 2017 UNES abrir\u00e1 preinscripciones para la carrera de administraci\u00f3n de desastres","datePublished":"2016-12-20T23:37:30+00:00","mainEntityOfPage":{"@id":"https:\/\/stage3.rnv.gob.ve\/wp\/en-el-2017-unes-abre-preinscripciones-para-la-carrera-de-administracion-de-desastres\/"},"wordCount":127,"publisher":{"@id":"https:\/\/stage3.rnv.gob.ve\/wp\/#organization"},"image":{"@id":"https:\/\/stage3.rnv.gob.ve\/wp\/en-el-2017-unes-abre-preinscripciones-para-la-carrera-de-administracion-de-desastres\/#primaryimage"},"thumbnailUrl":"","keywords":["RNV","unes"],"articleSection":["Educaci\u00f3n"],"inLanguage":"es"},{"@type":"WebPage","@id":"https:\/\/stage3.rnv.gob.ve\/wp\/en-el-2017-unes-abre-preinscripciones-para-la-carrera-de-administracion-de-desastres\/","url":"https:\/\/stage3.rnv.gob.ve\/wp\/en-el-2017-unes-abre-preinscripciones-para-la-carrera-de-administracion-de-desastres\/","name":"En el 2017 UNES abrir\u00e1 preinscripciones para la carrera de administraci\u00f3n de desastres - DEV RNV","isPartOf":{"@id":"https:\/\/stage3.rnv.gob.ve\/wp\/#website"},"primaryImageOfPage":{"@id":"https:\/\/stage3.rnv.gob.ve\/wp\/en-el-2017-unes-abre-preinscripciones-para-la-carrera-de-administracion-de-desastres\/#primaryimage"},"image":{"@id":"https:\/\/stage3.rnv.gob.ve\/wp\/en-el-2017-unes-abre-preinscripciones-para-la-carrera-de-administracion-de-desastres\/#primaryimage"},"thumbnailUrl":"","datePublished":"2016-12-20T23:37:30+00:00","breadcrumb":{"@id":"https:\/\/stage3.rnv.gob.ve\/wp\/en-el-2017-unes-abre-preinscripciones-para-la-carrera-de-administracion-de-desastres\/#breadcrumb"},"inLanguage":"es","potentialAction":[{"@type":"ReadAction","target":["https:\/\/stage3.rnv.gob.ve\/wp\/en-el-2017-unes-abre-preinscripciones-para-la-carrera-de-administracion-de-desastres\/"]}]},{"@type":"ImageObject","inLanguage":"es","@id":"https:\/\/stage3.rnv.gob.ve\/wp\/en-el-2017-unes-abre-preinscripciones-para-la-carrera-de-administracion-de-desastres\/#primaryimage","url":"","contentUrl":""},{"@type":"BreadcrumbList","@id":"https:\/\/stage3.rnv.gob.ve\/wp\/en-el-2017-unes-abre-preinscripciones-para-la-carrera-de-administracion-de-desastres\/#breadcrumb","itemListElement":[{"@type":"ListItem","position":1,"name":"Portada","item":"https:\/\/stage3.rnv.gob.ve\/wp\/"},{"@type":"ListItem","position":2,"name":"En El 2017 Unes Abrir\u00e1 Preinscripciones Para La Carrera De Administraci\u00f3n De Desastres"}]},{"@type":"WebSite","@id":"https:\/\/stage3.rnv.gob.ve\/wp\/#website","url":"https:\/\/stage3.rnv.gob.ve\/wp\/","name":"DEV RNV","description":"Radio Nacional de Venezuela C.A.","publisher":{"@id":"https:\/\/stage3.rnv.gob.ve\/wp\/#organization"},"potentialAction":[{"@type":"SearchAction","target":{"@type":"EntryPoint","urlTemplate":"https:\/\/stage3.rnv.gob.ve\/wp\/?s={search_term_string}"},"query-input":{"@type":"PropertyValueSpecification","valueRequired":true,"valueName":"search_term_string"}}],"inLanguage":"es"},{"@type":"Organization","@id":"https:\/\/stage3.rnv.gob.ve\/wp\/#organization","name":"Radio Nacional de Venezuela C.A.","url":"https:\/\/stage3.rnv.gob.ve\/wp\/","logo":{"@type":"ImageObject","inLanguage":"es","@id":"https:\/\/stage3.rnv.gob.ve\/wp\/#\/schema\/logo\/image\/","url":"http:\/\/rnv.ddns.net\/prensa\/wp-content\/uploads\/2022\/04\/rnv-1-300x227-1.jpg","contentUrl":"http:\/\/rnv.ddns.net\/prensa\/wp-content\/uploads\/2022\/04\/rnv-1-300x227-1.jpg","width":800,"height":455,"caption":"Radio Nacional de Venezuela C.A."},"image":{"@id":"https:\/\/stage3.rnv.gob.ve\/wp\/#\/schema\/logo\/image\/"},"sameAs":["https:\/\/www.facebook.com\/RadioNacionaldeVenezuela","https:\/\/x.com\/RNVinformativa","https:\/\/www.instagram.com\/rnvinformativa\/","https:\/\/www.youtube.com\/user\/RNVContigo"]},{"@type":"Person","@id":"https:\/\/stage3.rnv.gob.ve\/wp\/#\/schema\/person\/4bc7a35468448183cef8b950a38aed12","name":"Freddy Hern\u00e1ndez","url":"https:\/\/stage3.rnv.gob.ve\/wp\/author\/freddy_h\/"}]}},"jetpack_featured_media_url":"","_links":{"self":[{"href":"https:\/\/stage3.rnv.gob.ve\/wp\/wp-json\/wp\/v2\/posts\/99432","targetHints":{"allow":["GET"]}}],"collection":[{"href":"https:\/\/stage3.rnv.gob.ve\/wp\/wp-json\/wp\/v2\/posts"}],"about":[{"href":"https:\/\/stage3.rnv.gob.ve\/wp\/wp-json\/wp\/v2\/types\/post"}],"author":[{"embeddable":true,"href":"https:\/\/stage3.rnv.gob.ve\/wp\/wp-json\/wp\/v2\/users\/20"}],"replies":[{"embeddable":true,"href":"https:\/\/stage3.rnv.gob.ve\/wp\/wp-json\/wp\/v2\/comments?post=99432"}],"version-history":[{"count":0,"href":"https:\/\/stage3.rnv.gob.ve\/wp\/wp-json\/wp\/v2\/posts\/99432\/revisions"}],"wp:featuredmedia":[{"embeddable":true,"href":"https:\/\/stage3.rnv.gob.ve\/wp\/wp-json\/"}],"wp:attachment":[{"href":"https:\/\/stage3.rnv.gob.ve\/wp\/wp-json\/wp\/v2\/media?parent=99432"}],"wp:term":[{"taxonomy":"category","embeddable":true,"href":"https:\/\/stage3.rnv.gob.ve\/wp\/wp-json\/wp\/v2\/categories?post=99432"},{"taxonomy":"post_tag","embeddable":true,"href":"https:\/\/stage3.rnv.gob.ve\/wp\/wp-json\/wp\/v2\/tags?post=99432"}],"curies":[{"name":"wp","href":"https:\/\/api.w.org\/{rel}","templated":true}]}}