{"id":98821,"date":"2016-12-18T13:12:44","date_gmt":"2016-12-18T17:12:44","guid":{"rendered":"http:\/\/wpeditor.rnv.gob.ve\/?p=98821"},"modified":"2016-12-18T13:12:44","modified_gmt":"2016-12-18T17:12:44","slug":"mud-tiene-preparada-carta-de-despido-de-chuo-torrealba","status":"publish","type":"post","link":"https:\/\/stage3.rnv.gob.ve\/wp\/mud-tiene-preparada-carta-de-despido-de-chuo-torrealba\/","title":{"rendered":"MUD tiene preparada carta de despido de \u201cCh\u00fao\u201d Torrealba"},"content":{"rendered":"<p><img fetchpriority=\"high\" decoding=\"async\" class=\"size-medium wp-image-98825 alignleft\" src=\"http:\/\/wpeditor.rnv.gob.ve\/app\/uploads\/2016\/12\/chuo-300x200.jpg\" alt=\"chuo\" width=\"300\" height=\"200\" \/>El presidente de la Rep\u00fablica, Nicol\u00e1s Maduro, devel\u00f3 este domingo que la autodenominada Mesa de la Unidad (MUD) tiene preparada la salida de su actual secretario general, Jes\u00fas \u00abCh\u00fao\u00bb Torrealba.<!--more--><br \/>\nEn el programa Contacto con Maduro, en su edici\u00f3n n\u00famero 75, transmitido desde el Palacio de Miraflores, en Caracas, el jefe de Estado adelant\u00f3 que un personaje de la pol\u00edtica, quien conduce un programa radial, sustituir\u00e1 a Torrealba en la conducci\u00f3n de la MUD.<br \/>\n\u201cPerd\u00ed un amigo en la MUD\u201d, expres\u00f3 el mandatario, quien en reiteradas ocasiones ha expresado su simpat\u00eda por el dirigente de derecha, lo cual ha sido objeto de agresiones y pol\u00e9mica en las filas de la oposici\u00f3n.<br \/>\n&nbsp;<br \/>\n<strong>Escuche al Presidente Nicol\u00e1s Maduro<\/strong><br \/>\n<audio class=\"wp-audio-shortcode\" id=\"audio-98821-1\" preload=\"none\" style=\"width: 100%;\" controls=\"controls\"><source type=\"audio\/mpeg\" src=\"http:\/\/wpeditor.rnv.gob.ve\/app\/uploads\/2016\/12\/MADURO-CHUO.mp3?_=1\" \/><a href=\"http:\/\/wpeditor.rnv.gob.ve\/app\/uploads\/2016\/12\/MADURO-CHUO.mp3\">http:\/\/wpeditor.rnv.gob.ve\/app\/uploads\/2016\/12\/MADURO-CHUO.mp3<\/a><\/audio><\/p>\n","protected":false},"excerpt":{"rendered":"<p>El presidente de la Rep\u00fablica, Nicol\u00e1s Maduro, devel\u00f3 este domingo que la autodenominada Mesa de la Unidad (MUD) tiene preparada la salida de su actual secretario general, Jes\u00fas \u00abCh\u00fao\u00bb Torrealba.<\/p>\n","protected":false},"author":3,"featured_media":98825,"comment_status":"closed","ping_status":"open","sticky":false,"template":"","format":"standard","meta":{"_acf_changed":false,"footnotes":""},"categories":[67],"tags":[10841,147,714],"class_list":["post-98821","post","type-post","status-publish","format-standard","has-post-thumbnail","hentry","category-politica","tag-chuo","tag-maduro","tag-mud"],"acf":[],"yoast_head":"<!-- This site is optimized with the Yoast SEO plugin v27.4 - https:\/\/yoast.com\/product\/yoast-seo-wordpress\/ -->\n<title>MUD tiene preparada carta de despido de \u201cCh\u00fao\u201d Torrealba - DEV RNV<\/title>\n<meta name=\"robots\" content=\"noindex, follow, max-snippet:-1, max-image-preview:large, max-video-preview:-1\" \/>\n<meta property=\"og:locale\" content=\"es_ES\" \/>\n<meta property=\"og:type\" content=\"article\" \/>\n<meta property=\"og:title\" content=\"MUD tiene preparada carta de despido de \u201cCh\u00fao\u201d Torrealba - DEV RNV\" \/>\n<meta property=\"og:description\" content=\"El presidente de la Rep\u00fablica, Nicol\u00e1s Maduro, devel\u00f3 este domingo que la autodenominada Mesa de la Unidad (MUD) tiene preparada la salida de su actual secretario general, Jes\u00fas \u00abCh\u00fao\u00bb Torrealba.\" \/>\n<meta property=\"og:url\" content=\"https:\/\/stage3.rnv.gob.ve\/wp\/mud-tiene-preparada-carta-de-despido-de-chuo-torrealba\/\" \/>\n<meta property=\"og:site_name\" content=\"DEV RNV\" \/>\n<meta property=\"article:publisher\" content=\"https:\/\/www.facebook.com\/RadioNacionaldeVenezuela\" \/>\n<meta property=\"article:published_time\" content=\"2016-12-18T17:12:44+00:00\" \/>\n<meta name=\"author\" content=\"Yaneny Berm\u00fadez\" \/>\n<meta name=\"twitter:card\" content=\"summary_large_image\" \/>\n<meta name=\"twitter:creator\" content=\"@RNVinformativa\" \/>\n<meta name=\"twitter:site\" content=\"@RNVinformativa\" \/>\n<meta name=\"twitter:label1\" content=\"Escrito por\" \/>\n\t<meta name=\"twitter:data1\" content=\"Yaneny Berm\u00fadez\" \/>\n\t<meta name=\"twitter:label2\" content=\"Tiempo estimado de lectura\" \/>\n\t<meta name=\"twitter:data2\" content=\"1 minuto\" \/>\n<script type=\"application\/ld+json\" class=\"yoast-schema-graph\">{\"@context\":\"https:\\\/\\\/schema.org\",\"@graph\":[{\"@type\":\"Article\",\"@id\":\"https:\\\/\\\/stage3.rnv.gob.ve\\\/wp\\\/mud-tiene-preparada-carta-de-despido-de-chuo-torrealba\\\/#article\",\"isPartOf\":{\"@id\":\"https:\\\/\\\/stage3.rnv.gob.ve\\\/wp\\\/mud-tiene-preparada-carta-de-despido-de-chuo-torrealba\\\/\"},\"author\":{\"name\":\"Yaneny Berm\u00fadez\",\"@id\":\"https:\\\/\\\/stage3.rnv.gob.ve\\\/wp\\\/#\\\/schema\\\/person\\\/b18a77cc009f4a5241b81471b5e5e1f2\"},\"headline\":\"MUD tiene preparada carta de despido de \u201cCh\u00fao\u201d Torrealba\",\"datePublished\":\"2016-12-18T17:12:44+00:00\",\"mainEntityOfPage\":{\"@id\":\"https:\\\/\\\/stage3.rnv.gob.ve\\\/wp\\\/mud-tiene-preparada-carta-de-despido-de-chuo-torrealba\\\/\"},\"wordCount\":150,\"publisher\":{\"@id\":\"https:\\\/\\\/stage3.rnv.gob.ve\\\/wp\\\/#organization\"},\"image\":{\"@id\":\"https:\\\/\\\/stage3.rnv.gob.ve\\\/wp\\\/mud-tiene-preparada-carta-de-despido-de-chuo-torrealba\\\/#primaryimage\"},\"thumbnailUrl\":\"\",\"keywords\":[\"chuo\",\"maduro\",\"mud\"],\"articleSection\":[\"Pol\u00edtica\"],\"inLanguage\":\"es\"},{\"@type\":\"WebPage\",\"@id\":\"https:\\\/\\\/stage3.rnv.gob.ve\\\/wp\\\/mud-tiene-preparada-carta-de-despido-de-chuo-torrealba\\\/\",\"url\":\"https:\\\/\\\/stage3.rnv.gob.ve\\\/wp\\\/mud-tiene-preparada-carta-de-despido-de-chuo-torrealba\\\/\",\"name\":\"MUD tiene preparada carta de despido de \u201cCh\u00fao\u201d Torrealba - DEV RNV\",\"isPartOf\":{\"@id\":\"https:\\\/\\\/stage3.rnv.gob.ve\\\/wp\\\/#website\"},\"primaryImageOfPage\":{\"@id\":\"https:\\\/\\\/stage3.rnv.gob.ve\\\/wp\\\/mud-tiene-preparada-carta-de-despido-de-chuo-torrealba\\\/#primaryimage\"},\"image\":{\"@id\":\"https:\\\/\\\/stage3.rnv.gob.ve\\\/wp\\\/mud-tiene-preparada-carta-de-despido-de-chuo-torrealba\\\/#primaryimage\"},\"thumbnailUrl\":\"\",\"datePublished\":\"2016-12-18T17:12:44+00:00\",\"breadcrumb\":{\"@id\":\"https:\\\/\\\/stage3.rnv.gob.ve\\\/wp\\\/mud-tiene-preparada-carta-de-despido-de-chuo-torrealba\\\/#breadcrumb\"},\"inLanguage\":\"es\",\"potentialAction\":[{\"@type\":\"ReadAction\",\"target\":[\"https:\\\/\\\/stage3.rnv.gob.ve\\\/wp\\\/mud-tiene-preparada-carta-de-despido-de-chuo-torrealba\\\/\"]}]},{\"@type\":\"ImageObject\",\"inLanguage\":\"es\",\"@id\":\"https:\\\/\\\/stage3.rnv.gob.ve\\\/wp\\\/mud-tiene-preparada-carta-de-despido-de-chuo-torrealba\\\/#primaryimage\",\"url\":\"\",\"contentUrl\":\"\"},{\"@type\":\"BreadcrumbList\",\"@id\":\"https:\\\/\\\/stage3.rnv.gob.ve\\\/wp\\\/mud-tiene-preparada-carta-de-despido-de-chuo-torrealba\\\/#breadcrumb\",\"itemListElement\":[{\"@type\":\"ListItem\",\"position\":1,\"name\":\"Portada\",\"item\":\"https:\\\/\\\/stage3.rnv.gob.ve\\\/wp\\\/\"},{\"@type\":\"ListItem\",\"position\":2,\"name\":\"Mud Tiene Preparada Carta De Despido De \u201cCh\u00fao\u201d Torrealba\"}]},{\"@type\":\"WebSite\",\"@id\":\"https:\\\/\\\/stage3.rnv.gob.ve\\\/wp\\\/#website\",\"url\":\"https:\\\/\\\/stage3.rnv.gob.ve\\\/wp\\\/\",\"name\":\"DEV RNV\",\"description\":\"Radio Nacional de Venezuela C.A.\",\"publisher\":{\"@id\":\"https:\\\/\\\/stage3.rnv.gob.ve\\\/wp\\\/#organization\"},\"potentialAction\":[{\"@type\":\"SearchAction\",\"target\":{\"@type\":\"EntryPoint\",\"urlTemplate\":\"https:\\\/\\\/stage3.rnv.gob.ve\\\/wp\\\/?s={search_term_string}\"},\"query-input\":{\"@type\":\"PropertyValueSpecification\",\"valueRequired\":true,\"valueName\":\"search_term_string\"}}],\"inLanguage\":\"es\"},{\"@type\":\"Organization\",\"@id\":\"https:\\\/\\\/stage3.rnv.gob.ve\\\/wp\\\/#organization\",\"name\":\"Radio Nacional de Venezuela C.A.\",\"url\":\"https:\\\/\\\/stage3.rnv.gob.ve\\\/wp\\\/\",\"logo\":{\"@type\":\"ImageObject\",\"inLanguage\":\"es\",\"@id\":\"https:\\\/\\\/stage3.rnv.gob.ve\\\/wp\\\/#\\\/schema\\\/logo\\\/image\\\/\",\"url\":\"http:\\\/\\\/rnv.ddns.net\\\/prensa\\\/wp-content\\\/uploads\\\/2022\\\/04\\\/rnv-1-300x227-1.jpg\",\"contentUrl\":\"http:\\\/\\\/rnv.ddns.net\\\/prensa\\\/wp-content\\\/uploads\\\/2022\\\/04\\\/rnv-1-300x227-1.jpg\",\"width\":800,\"height\":455,\"caption\":\"Radio Nacional de Venezuela C.A.\"},\"image\":{\"@id\":\"https:\\\/\\\/stage3.rnv.gob.ve\\\/wp\\\/#\\\/schema\\\/logo\\\/image\\\/\"},\"sameAs\":[\"https:\\\/\\\/www.facebook.com\\\/RadioNacionaldeVenezuela\",\"https:\\\/\\\/x.com\\\/RNVinformativa\",\"https:\\\/\\\/www.instagram.com\\\/rnvinformativa\\\/\",\"https:\\\/\\\/www.youtube.com\\\/user\\\/RNVContigo\"]},{\"@type\":\"Person\",\"@id\":\"https:\\\/\\\/stage3.rnv.gob.ve\\\/wp\\\/#\\\/schema\\\/person\\\/b18a77cc009f4a5241b81471b5e5e1f2\",\"name\":\"Yaneny Berm\u00fadez\",\"url\":\"https:\\\/\\\/stage3.rnv.gob.ve\\\/wp\\\/author\\\/yaneny_bermudez\\\/\"}]}<\/script>\n<!-- \/ Yoast SEO plugin. -->","yoast_head_json":{"title":"MUD tiene preparada carta de despido de \u201cCh\u00fao\u201d Torrealba - DEV RNV","robots":{"index":"noindex","follow":"follow","max-snippet":"max-snippet:-1","max-image-preview":"max-image-preview:large","max-video-preview":"max-video-preview:-1"},"og_locale":"es_ES","og_type":"article","og_title":"MUD tiene preparada carta de despido de \u201cCh\u00fao\u201d Torrealba - DEV RNV","og_description":"El presidente de la Rep\u00fablica, Nicol\u00e1s Maduro, devel\u00f3 este domingo que la autodenominada Mesa de la Unidad (MUD) tiene preparada la salida de su actual secretario general, Jes\u00fas \u00abCh\u00fao\u00bb Torrealba.","og_url":"https:\/\/stage3.rnv.gob.ve\/wp\/mud-tiene-preparada-carta-de-despido-de-chuo-torrealba\/","og_site_name":"DEV RNV","article_publisher":"https:\/\/www.facebook.com\/RadioNacionaldeVenezuela","article_published_time":"2016-12-18T17:12:44+00:00","author":"Yaneny Berm\u00fadez","twitter_card":"summary_large_image","twitter_creator":"@RNVinformativa","twitter_site":"@RNVinformativa","twitter_misc":{"Escrito por":"Yaneny Berm\u00fadez","Tiempo estimado de lectura":"1 minuto"},"schema":{"@context":"https:\/\/schema.org","@graph":[{"@type":"Article","@id":"https:\/\/stage3.rnv.gob.ve\/wp\/mud-tiene-preparada-carta-de-despido-de-chuo-torrealba\/#article","isPartOf":{"@id":"https:\/\/stage3.rnv.gob.ve\/wp\/mud-tiene-preparada-carta-de-despido-de-chuo-torrealba\/"},"author":{"name":"Yaneny Berm\u00fadez","@id":"https:\/\/stage3.rnv.gob.ve\/wp\/#\/schema\/person\/b18a77cc009f4a5241b81471b5e5e1f2"},"headline":"MUD tiene preparada carta de despido de \u201cCh\u00fao\u201d Torrealba","datePublished":"2016-12-18T17:12:44+00:00","mainEntityOfPage":{"@id":"https:\/\/stage3.rnv.gob.ve\/wp\/mud-tiene-preparada-carta-de-despido-de-chuo-torrealba\/"},"wordCount":150,"publisher":{"@id":"https:\/\/stage3.rnv.gob.ve\/wp\/#organization"},"image":{"@id":"https:\/\/stage3.rnv.gob.ve\/wp\/mud-tiene-preparada-carta-de-despido-de-chuo-torrealba\/#primaryimage"},"thumbnailUrl":"","keywords":["chuo","maduro","mud"],"articleSection":["Pol\u00edtica"],"inLanguage":"es"},{"@type":"WebPage","@id":"https:\/\/stage3.rnv.gob.ve\/wp\/mud-tiene-preparada-carta-de-despido-de-chuo-torrealba\/","url":"https:\/\/stage3.rnv.gob.ve\/wp\/mud-tiene-preparada-carta-de-despido-de-chuo-torrealba\/","name":"MUD tiene preparada carta de despido de \u201cCh\u00fao\u201d Torrealba - DEV RNV","isPartOf":{"@id":"https:\/\/stage3.rnv.gob.ve\/wp\/#website"},"primaryImageOfPage":{"@id":"https:\/\/stage3.rnv.gob.ve\/wp\/mud-tiene-preparada-carta-de-despido-de-chuo-torrealba\/#primaryimage"},"image":{"@id":"https:\/\/stage3.rnv.gob.ve\/wp\/mud-tiene-preparada-carta-de-despido-de-chuo-torrealba\/#primaryimage"},"thumbnailUrl":"","datePublished":"2016-12-18T17:12:44+00:00","breadcrumb":{"@id":"https:\/\/stage3.rnv.gob.ve\/wp\/mud-tiene-preparada-carta-de-despido-de-chuo-torrealba\/#breadcrumb"},"inLanguage":"es","potentialAction":[{"@type":"ReadAction","target":["https:\/\/stage3.rnv.gob.ve\/wp\/mud-tiene-preparada-carta-de-despido-de-chuo-torrealba\/"]}]},{"@type":"ImageObject","inLanguage":"es","@id":"https:\/\/stage3.rnv.gob.ve\/wp\/mud-tiene-preparada-carta-de-despido-de-chuo-torrealba\/#primaryimage","url":"","contentUrl":""},{"@type":"BreadcrumbList","@id":"https:\/\/stage3.rnv.gob.ve\/wp\/mud-tiene-preparada-carta-de-despido-de-chuo-torrealba\/#breadcrumb","itemListElement":[{"@type":"ListItem","position":1,"name":"Portada","item":"https:\/\/stage3.rnv.gob.ve\/wp\/"},{"@type":"ListItem","position":2,"name":"Mud Tiene Preparada Carta De Despido De \u201cCh\u00fao\u201d Torrealba"}]},{"@type":"WebSite","@id":"https:\/\/stage3.rnv.gob.ve\/wp\/#website","url":"https:\/\/stage3.rnv.gob.ve\/wp\/","name":"DEV RNV","description":"Radio Nacional de Venezuela C.A.","publisher":{"@id":"https:\/\/stage3.rnv.gob.ve\/wp\/#organization"},"potentialAction":[{"@type":"SearchAction","target":{"@type":"EntryPoint","urlTemplate":"https:\/\/stage3.rnv.gob.ve\/wp\/?s={search_term_string}"},"query-input":{"@type":"PropertyValueSpecification","valueRequired":true,"valueName":"search_term_string"}}],"inLanguage":"es"},{"@type":"Organization","@id":"https:\/\/stage3.rnv.gob.ve\/wp\/#organization","name":"Radio Nacional de Venezuela C.A.","url":"https:\/\/stage3.rnv.gob.ve\/wp\/","logo":{"@type":"ImageObject","inLanguage":"es","@id":"https:\/\/stage3.rnv.gob.ve\/wp\/#\/schema\/logo\/image\/","url":"http:\/\/rnv.ddns.net\/prensa\/wp-content\/uploads\/2022\/04\/rnv-1-300x227-1.jpg","contentUrl":"http:\/\/rnv.ddns.net\/prensa\/wp-content\/uploads\/2022\/04\/rnv-1-300x227-1.jpg","width":800,"height":455,"caption":"Radio Nacional de Venezuela C.A."},"image":{"@id":"https:\/\/stage3.rnv.gob.ve\/wp\/#\/schema\/logo\/image\/"},"sameAs":["https:\/\/www.facebook.com\/RadioNacionaldeVenezuela","https:\/\/x.com\/RNVinformativa","https:\/\/www.instagram.com\/rnvinformativa\/","https:\/\/www.youtube.com\/user\/RNVContigo"]},{"@type":"Person","@id":"https:\/\/stage3.rnv.gob.ve\/wp\/#\/schema\/person\/b18a77cc009f4a5241b81471b5e5e1f2","name":"Yaneny Berm\u00fadez","url":"https:\/\/stage3.rnv.gob.ve\/wp\/author\/yaneny_bermudez\/"}]}},"jetpack_featured_media_url":"","_links":{"self":[{"href":"https:\/\/stage3.rnv.gob.ve\/wp\/wp-json\/wp\/v2\/posts\/98821","targetHints":{"allow":["GET"]}}],"collection":[{"href":"https:\/\/stage3.rnv.gob.ve\/wp\/wp-json\/wp\/v2\/posts"}],"about":[{"href":"https:\/\/stage3.rnv.gob.ve\/wp\/wp-json\/wp\/v2\/types\/post"}],"author":[{"embeddable":true,"href":"https:\/\/stage3.rnv.gob.ve\/wp\/wp-json\/wp\/v2\/users\/3"}],"replies":[{"embeddable":true,"href":"https:\/\/stage3.rnv.gob.ve\/wp\/wp-json\/wp\/v2\/comments?post=98821"}],"version-history":[{"count":0,"href":"https:\/\/stage3.rnv.gob.ve\/wp\/wp-json\/wp\/v2\/posts\/98821\/revisions"}],"wp:featuredmedia":[{"embeddable":true,"href":"https:\/\/stage3.rnv.gob.ve\/wp\/wp-json\/"}],"wp:attachment":[{"href":"https:\/\/stage3.rnv.gob.ve\/wp\/wp-json\/wp\/v2\/media?parent=98821"}],"wp:term":[{"taxonomy":"category","embeddable":true,"href":"https:\/\/stage3.rnv.gob.ve\/wp\/wp-json\/wp\/v2\/categories?post=98821"},{"taxonomy":"post_tag","embeddable":true,"href":"https:\/\/stage3.rnv.gob.ve\/wp\/wp-json\/wp\/v2\/tags?post=98821"}],"curies":[{"name":"wp","href":"https:\/\/api.w.org\/{rel}","templated":true}]}}