{"id":98763,"date":"2016-12-18T12:36:48","date_gmt":"2016-12-18T16:36:48","guid":{"rendered":"http:\/\/wpeditor.rnv.gob.ve\/?p=98763"},"modified":"2016-12-18T12:36:48","modified_gmt":"2016-12-18T16:36:48","slug":"maduro-felicito-al-pueblo-boliviano-por-aniversario-de-la-revolucion-cultural","status":"publish","type":"post","link":"https:\/\/stage3.rnv.gob.ve\/wp\/maduro-felicito-al-pueblo-boliviano-por-aniversario-de-la-revolucion-cultural\/","title":{"rendered":"Maduro felicit\u00f3 al pueblo boliviano por aniversario de la Revoluci\u00f3n Democr\u00e1tica"},"content":{"rendered":"<p><img fetchpriority=\"high\" decoding=\"async\" class=\"size-medium wp-image-98764 alignleft\" src=\"http:\/\/wpeditor.rnv.gob.ve\/app\/uploads\/2016\/12\/MADURO-1-300x200.jpg\" alt=\"MADURO\" width=\"300\" height=\"200\" \/><br \/>\nHoy, cuando se cumplen 11 a\u00f1os de la Revoluci\u00f3n Democr\u00e1tica Cultural que instaur\u00f3 el primer presidente ind\u00edgena Evo Morales, en Bolivia, desde el 18 de diciembre de 2005 cuando gan\u00f3 las elecciones generales con 54% de los votos, el presidente de la Rep\u00fablica Bolivariana de Venezuela, Nicol\u00e1s Maduro, felicit\u00f3 al pueblo boliviano por esta importante fecha.<br \/>\n<!--more--><br \/>\nDurante la transmisi\u00f3n del programa Contacto con Maduro, en su edici\u00f3n n\u00famero 75, desde el Palacio de Miraflores, en Caracas, el jefe de Estado venezolano se sum\u00f3 a la celebraci\u00f3n de la hermana naci\u00f3n andina, \u201cla hija predilecta del Libertador\u201d.<br \/>\nInform\u00f3 que en representaci\u00f3n del Gobierno Bolivariano se encuentra en la ciudad de Cochabamba, el vicepresidente de la Rep\u00fablica, Arist\u00f3bulo Ist\u00fariz, quien participar\u00e1 en la actividad central que tendr\u00e1 lugar en Ivirgarzama, en la jurisdicci\u00f3n del Chapare, basti\u00f3n pol\u00edtico del Presidente Morales.<br \/>\n&nbsp;<br \/>\n<strong>Escuche al Presidente Nicol\u00e1s Maduro<\/strong><br \/>\n<audio class=\"wp-audio-shortcode\" id=\"audio-98763-1\" preload=\"none\" style=\"width: 100%;\" controls=\"controls\"><source type=\"audio\/mpeg\" src=\"http:\/\/wpeditor.rnv.gob.ve\/app\/uploads\/2016\/12\/MADURO-BOLIVIA.mp3?_=1\" \/><a href=\"http:\/\/wpeditor.rnv.gob.ve\/app\/uploads\/2016\/12\/MADURO-BOLIVIA.mp3\">http:\/\/wpeditor.rnv.gob.ve\/app\/uploads\/2016\/12\/MADURO-BOLIVIA.mp3<\/a><\/audio><\/p>\n","protected":false},"excerpt":{"rendered":"<p>Hoy, cuando se cumplen 11 a\u00f1os de la Revoluci\u00f3n Democr\u00e1tica Cultural que instaur\u00f3 el primer presidente ind\u00edgena Evo Morales, en Bolivia, desde el 18 de diciembre de 2005 cuando gan\u00f3 las elecciones generales con 54% de los votos, el presidente de la Rep\u00fablica Bolivariana de Venezuela, Nicol\u00e1s Maduro, felicit\u00f3 al pueblo boliviano por esta importante [&hellip;]<\/p>\n","protected":false},"author":3,"featured_media":98764,"comment_status":"closed","ping_status":"open","sticky":false,"template":"","format":"standard","meta":{"_acf_changed":false,"footnotes":""},"categories":[65],"tags":[497,1608,147,104],"class_list":["post-98763","post","type-post","status-publish","format-standard","has-post-thumbnail","hentry","category-nacional","tag-bolivia","tag-evo-morales","tag-maduro","tag-venezuela"],"acf":[],"yoast_head":"<!-- This site is optimized with the Yoast SEO plugin v27.4 - https:\/\/yoast.com\/product\/yoast-seo-wordpress\/ -->\n<title>Maduro felicit\u00f3 al pueblo boliviano por aniversario de la Revoluci\u00f3n Democr\u00e1tica - DEV RNV<\/title>\n<meta name=\"robots\" content=\"noindex, follow, max-snippet:-1, max-image-preview:large, max-video-preview:-1\" \/>\n<meta property=\"og:locale\" content=\"es_ES\" \/>\n<meta property=\"og:type\" content=\"article\" \/>\n<meta property=\"og:title\" content=\"Maduro felicit\u00f3 al pueblo boliviano por aniversario de la Revoluci\u00f3n Democr\u00e1tica - DEV RNV\" \/>\n<meta property=\"og:description\" content=\"Hoy, cuando se cumplen 11 a\u00f1os de la Revoluci\u00f3n Democr\u00e1tica Cultural que instaur\u00f3 el primer presidente ind\u00edgena Evo Morales, en Bolivia, desde el 18 de diciembre de 2005 cuando gan\u00f3 las elecciones generales con 54% de los votos, el presidente de la Rep\u00fablica Bolivariana de Venezuela, Nicol\u00e1s Maduro, felicit\u00f3 al pueblo boliviano por esta importante [&hellip;]\" \/>\n<meta property=\"og:url\" content=\"https:\/\/stage3.rnv.gob.ve\/wp\/maduro-felicito-al-pueblo-boliviano-por-aniversario-de-la-revolucion-cultural\/\" \/>\n<meta property=\"og:site_name\" content=\"DEV RNV\" \/>\n<meta property=\"article:publisher\" content=\"https:\/\/www.facebook.com\/RadioNacionaldeVenezuela\" \/>\n<meta property=\"article:published_time\" content=\"2016-12-18T16:36:48+00:00\" \/>\n<meta name=\"author\" content=\"Yaneny Berm\u00fadez\" \/>\n<meta name=\"twitter:card\" content=\"summary_large_image\" \/>\n<meta name=\"twitter:creator\" content=\"@RNVinformativa\" \/>\n<meta name=\"twitter:site\" content=\"@RNVinformativa\" \/>\n<meta name=\"twitter:label1\" content=\"Escrito por\" \/>\n\t<meta name=\"twitter:data1\" content=\"Yaneny Berm\u00fadez\" \/>\n\t<meta name=\"twitter:label2\" content=\"Tiempo estimado de lectura\" \/>\n\t<meta name=\"twitter:data2\" content=\"1 minuto\" \/>\n<script type=\"application\/ld+json\" class=\"yoast-schema-graph\">{\"@context\":\"https:\\\/\\\/schema.org\",\"@graph\":[{\"@type\":\"Article\",\"@id\":\"https:\\\/\\\/stage3.rnv.gob.ve\\\/wp\\\/maduro-felicito-al-pueblo-boliviano-por-aniversario-de-la-revolucion-cultural\\\/#article\",\"isPartOf\":{\"@id\":\"https:\\\/\\\/stage3.rnv.gob.ve\\\/wp\\\/maduro-felicito-al-pueblo-boliviano-por-aniversario-de-la-revolucion-cultural\\\/\"},\"author\":{\"name\":\"Yaneny Berm\u00fadez\",\"@id\":\"https:\\\/\\\/stage3.rnv.gob.ve\\\/wp\\\/#\\\/schema\\\/person\\\/b18a77cc009f4a5241b81471b5e5e1f2\"},\"headline\":\"Maduro felicit\u00f3 al pueblo boliviano por aniversario de la Revoluci\u00f3n Democr\u00e1tica\",\"datePublished\":\"2016-12-18T16:36:48+00:00\",\"mainEntityOfPage\":{\"@id\":\"https:\\\/\\\/stage3.rnv.gob.ve\\\/wp\\\/maduro-felicito-al-pueblo-boliviano-por-aniversario-de-la-revolucion-cultural\\\/\"},\"wordCount\":183,\"publisher\":{\"@id\":\"https:\\\/\\\/stage3.rnv.gob.ve\\\/wp\\\/#organization\"},\"image\":{\"@id\":\"https:\\\/\\\/stage3.rnv.gob.ve\\\/wp\\\/maduro-felicito-al-pueblo-boliviano-por-aniversario-de-la-revolucion-cultural\\\/#primaryimage\"},\"thumbnailUrl\":\"\",\"keywords\":[\"bolivia\",\"Evo Morales\",\"maduro\",\"Venezuela\"],\"articleSection\":[\"Nacional\"],\"inLanguage\":\"es\"},{\"@type\":\"WebPage\",\"@id\":\"https:\\\/\\\/stage3.rnv.gob.ve\\\/wp\\\/maduro-felicito-al-pueblo-boliviano-por-aniversario-de-la-revolucion-cultural\\\/\",\"url\":\"https:\\\/\\\/stage3.rnv.gob.ve\\\/wp\\\/maduro-felicito-al-pueblo-boliviano-por-aniversario-de-la-revolucion-cultural\\\/\",\"name\":\"Maduro felicit\u00f3 al pueblo boliviano por aniversario de la Revoluci\u00f3n Democr\u00e1tica - DEV RNV\",\"isPartOf\":{\"@id\":\"https:\\\/\\\/stage3.rnv.gob.ve\\\/wp\\\/#website\"},\"primaryImageOfPage\":{\"@id\":\"https:\\\/\\\/stage3.rnv.gob.ve\\\/wp\\\/maduro-felicito-al-pueblo-boliviano-por-aniversario-de-la-revolucion-cultural\\\/#primaryimage\"},\"image\":{\"@id\":\"https:\\\/\\\/stage3.rnv.gob.ve\\\/wp\\\/maduro-felicito-al-pueblo-boliviano-por-aniversario-de-la-revolucion-cultural\\\/#primaryimage\"},\"thumbnailUrl\":\"\",\"datePublished\":\"2016-12-18T16:36:48+00:00\",\"breadcrumb\":{\"@id\":\"https:\\\/\\\/stage3.rnv.gob.ve\\\/wp\\\/maduro-felicito-al-pueblo-boliviano-por-aniversario-de-la-revolucion-cultural\\\/#breadcrumb\"},\"inLanguage\":\"es\",\"potentialAction\":[{\"@type\":\"ReadAction\",\"target\":[\"https:\\\/\\\/stage3.rnv.gob.ve\\\/wp\\\/maduro-felicito-al-pueblo-boliviano-por-aniversario-de-la-revolucion-cultural\\\/\"]}]},{\"@type\":\"ImageObject\",\"inLanguage\":\"es\",\"@id\":\"https:\\\/\\\/stage3.rnv.gob.ve\\\/wp\\\/maduro-felicito-al-pueblo-boliviano-por-aniversario-de-la-revolucion-cultural\\\/#primaryimage\",\"url\":\"\",\"contentUrl\":\"\"},{\"@type\":\"BreadcrumbList\",\"@id\":\"https:\\\/\\\/stage3.rnv.gob.ve\\\/wp\\\/maduro-felicito-al-pueblo-boliviano-por-aniversario-de-la-revolucion-cultural\\\/#breadcrumb\",\"itemListElement\":[{\"@type\":\"ListItem\",\"position\":1,\"name\":\"Portada\",\"item\":\"https:\\\/\\\/stage3.rnv.gob.ve\\\/wp\\\/\"},{\"@type\":\"ListItem\",\"position\":2,\"name\":\"Maduro Felicit\u00f3 Al Pueblo Boliviano Por Aniversario De La Revoluci\u00f3n Democr\u00e1tica\"}]},{\"@type\":\"WebSite\",\"@id\":\"https:\\\/\\\/stage3.rnv.gob.ve\\\/wp\\\/#website\",\"url\":\"https:\\\/\\\/stage3.rnv.gob.ve\\\/wp\\\/\",\"name\":\"DEV RNV\",\"description\":\"Radio Nacional de Venezuela C.A.\",\"publisher\":{\"@id\":\"https:\\\/\\\/stage3.rnv.gob.ve\\\/wp\\\/#organization\"},\"potentialAction\":[{\"@type\":\"SearchAction\",\"target\":{\"@type\":\"EntryPoint\",\"urlTemplate\":\"https:\\\/\\\/stage3.rnv.gob.ve\\\/wp\\\/?s={search_term_string}\"},\"query-input\":{\"@type\":\"PropertyValueSpecification\",\"valueRequired\":true,\"valueName\":\"search_term_string\"}}],\"inLanguage\":\"es\"},{\"@type\":\"Organization\",\"@id\":\"https:\\\/\\\/stage3.rnv.gob.ve\\\/wp\\\/#organization\",\"name\":\"Radio Nacional de Venezuela C.A.\",\"url\":\"https:\\\/\\\/stage3.rnv.gob.ve\\\/wp\\\/\",\"logo\":{\"@type\":\"ImageObject\",\"inLanguage\":\"es\",\"@id\":\"https:\\\/\\\/stage3.rnv.gob.ve\\\/wp\\\/#\\\/schema\\\/logo\\\/image\\\/\",\"url\":\"http:\\\/\\\/rnv.ddns.net\\\/prensa\\\/wp-content\\\/uploads\\\/2022\\\/04\\\/rnv-1-300x227-1.jpg\",\"contentUrl\":\"http:\\\/\\\/rnv.ddns.net\\\/prensa\\\/wp-content\\\/uploads\\\/2022\\\/04\\\/rnv-1-300x227-1.jpg\",\"width\":800,\"height\":455,\"caption\":\"Radio Nacional de Venezuela C.A.\"},\"image\":{\"@id\":\"https:\\\/\\\/stage3.rnv.gob.ve\\\/wp\\\/#\\\/schema\\\/logo\\\/image\\\/\"},\"sameAs\":[\"https:\\\/\\\/www.facebook.com\\\/RadioNacionaldeVenezuela\",\"https:\\\/\\\/x.com\\\/RNVinformativa\",\"https:\\\/\\\/www.instagram.com\\\/rnvinformativa\\\/\",\"https:\\\/\\\/www.youtube.com\\\/user\\\/RNVContigo\"]},{\"@type\":\"Person\",\"@id\":\"https:\\\/\\\/stage3.rnv.gob.ve\\\/wp\\\/#\\\/schema\\\/person\\\/b18a77cc009f4a5241b81471b5e5e1f2\",\"name\":\"Yaneny Berm\u00fadez\",\"url\":\"https:\\\/\\\/stage3.rnv.gob.ve\\\/wp\\\/author\\\/yaneny_bermudez\\\/\"}]}<\/script>\n<!-- \/ Yoast SEO plugin. -->","yoast_head_json":{"title":"Maduro felicit\u00f3 al pueblo boliviano por aniversario de la Revoluci\u00f3n Democr\u00e1tica - DEV RNV","robots":{"index":"noindex","follow":"follow","max-snippet":"max-snippet:-1","max-image-preview":"max-image-preview:large","max-video-preview":"max-video-preview:-1"},"og_locale":"es_ES","og_type":"article","og_title":"Maduro felicit\u00f3 al pueblo boliviano por aniversario de la Revoluci\u00f3n Democr\u00e1tica - DEV RNV","og_description":"Hoy, cuando se cumplen 11 a\u00f1os de la Revoluci\u00f3n Democr\u00e1tica Cultural que instaur\u00f3 el primer presidente ind\u00edgena Evo Morales, en Bolivia, desde el 18 de diciembre de 2005 cuando gan\u00f3 las elecciones generales con 54% de los votos, el presidente de la Rep\u00fablica Bolivariana de Venezuela, Nicol\u00e1s Maduro, felicit\u00f3 al pueblo boliviano por esta importante [&hellip;]","og_url":"https:\/\/stage3.rnv.gob.ve\/wp\/maduro-felicito-al-pueblo-boliviano-por-aniversario-de-la-revolucion-cultural\/","og_site_name":"DEV RNV","article_publisher":"https:\/\/www.facebook.com\/RadioNacionaldeVenezuela","article_published_time":"2016-12-18T16:36:48+00:00","author":"Yaneny Berm\u00fadez","twitter_card":"summary_large_image","twitter_creator":"@RNVinformativa","twitter_site":"@RNVinformativa","twitter_misc":{"Escrito por":"Yaneny Berm\u00fadez","Tiempo estimado de lectura":"1 minuto"},"schema":{"@context":"https:\/\/schema.org","@graph":[{"@type":"Article","@id":"https:\/\/stage3.rnv.gob.ve\/wp\/maduro-felicito-al-pueblo-boliviano-por-aniversario-de-la-revolucion-cultural\/#article","isPartOf":{"@id":"https:\/\/stage3.rnv.gob.ve\/wp\/maduro-felicito-al-pueblo-boliviano-por-aniversario-de-la-revolucion-cultural\/"},"author":{"name":"Yaneny Berm\u00fadez","@id":"https:\/\/stage3.rnv.gob.ve\/wp\/#\/schema\/person\/b18a77cc009f4a5241b81471b5e5e1f2"},"headline":"Maduro felicit\u00f3 al pueblo boliviano por aniversario de la Revoluci\u00f3n Democr\u00e1tica","datePublished":"2016-12-18T16:36:48+00:00","mainEntityOfPage":{"@id":"https:\/\/stage3.rnv.gob.ve\/wp\/maduro-felicito-al-pueblo-boliviano-por-aniversario-de-la-revolucion-cultural\/"},"wordCount":183,"publisher":{"@id":"https:\/\/stage3.rnv.gob.ve\/wp\/#organization"},"image":{"@id":"https:\/\/stage3.rnv.gob.ve\/wp\/maduro-felicito-al-pueblo-boliviano-por-aniversario-de-la-revolucion-cultural\/#primaryimage"},"thumbnailUrl":"","keywords":["bolivia","Evo Morales","maduro","Venezuela"],"articleSection":["Nacional"],"inLanguage":"es"},{"@type":"WebPage","@id":"https:\/\/stage3.rnv.gob.ve\/wp\/maduro-felicito-al-pueblo-boliviano-por-aniversario-de-la-revolucion-cultural\/","url":"https:\/\/stage3.rnv.gob.ve\/wp\/maduro-felicito-al-pueblo-boliviano-por-aniversario-de-la-revolucion-cultural\/","name":"Maduro felicit\u00f3 al pueblo boliviano por aniversario de la Revoluci\u00f3n Democr\u00e1tica - DEV RNV","isPartOf":{"@id":"https:\/\/stage3.rnv.gob.ve\/wp\/#website"},"primaryImageOfPage":{"@id":"https:\/\/stage3.rnv.gob.ve\/wp\/maduro-felicito-al-pueblo-boliviano-por-aniversario-de-la-revolucion-cultural\/#primaryimage"},"image":{"@id":"https:\/\/stage3.rnv.gob.ve\/wp\/maduro-felicito-al-pueblo-boliviano-por-aniversario-de-la-revolucion-cultural\/#primaryimage"},"thumbnailUrl":"","datePublished":"2016-12-18T16:36:48+00:00","breadcrumb":{"@id":"https:\/\/stage3.rnv.gob.ve\/wp\/maduro-felicito-al-pueblo-boliviano-por-aniversario-de-la-revolucion-cultural\/#breadcrumb"},"inLanguage":"es","potentialAction":[{"@type":"ReadAction","target":["https:\/\/stage3.rnv.gob.ve\/wp\/maduro-felicito-al-pueblo-boliviano-por-aniversario-de-la-revolucion-cultural\/"]}]},{"@type":"ImageObject","inLanguage":"es","@id":"https:\/\/stage3.rnv.gob.ve\/wp\/maduro-felicito-al-pueblo-boliviano-por-aniversario-de-la-revolucion-cultural\/#primaryimage","url":"","contentUrl":""},{"@type":"BreadcrumbList","@id":"https:\/\/stage3.rnv.gob.ve\/wp\/maduro-felicito-al-pueblo-boliviano-por-aniversario-de-la-revolucion-cultural\/#breadcrumb","itemListElement":[{"@type":"ListItem","position":1,"name":"Portada","item":"https:\/\/stage3.rnv.gob.ve\/wp\/"},{"@type":"ListItem","position":2,"name":"Maduro Felicit\u00f3 Al Pueblo Boliviano Por Aniversario De La Revoluci\u00f3n Democr\u00e1tica"}]},{"@type":"WebSite","@id":"https:\/\/stage3.rnv.gob.ve\/wp\/#website","url":"https:\/\/stage3.rnv.gob.ve\/wp\/","name":"DEV RNV","description":"Radio Nacional de Venezuela C.A.","publisher":{"@id":"https:\/\/stage3.rnv.gob.ve\/wp\/#organization"},"potentialAction":[{"@type":"SearchAction","target":{"@type":"EntryPoint","urlTemplate":"https:\/\/stage3.rnv.gob.ve\/wp\/?s={search_term_string}"},"query-input":{"@type":"PropertyValueSpecification","valueRequired":true,"valueName":"search_term_string"}}],"inLanguage":"es"},{"@type":"Organization","@id":"https:\/\/stage3.rnv.gob.ve\/wp\/#organization","name":"Radio Nacional de Venezuela C.A.","url":"https:\/\/stage3.rnv.gob.ve\/wp\/","logo":{"@type":"ImageObject","inLanguage":"es","@id":"https:\/\/stage3.rnv.gob.ve\/wp\/#\/schema\/logo\/image\/","url":"http:\/\/rnv.ddns.net\/prensa\/wp-content\/uploads\/2022\/04\/rnv-1-300x227-1.jpg","contentUrl":"http:\/\/rnv.ddns.net\/prensa\/wp-content\/uploads\/2022\/04\/rnv-1-300x227-1.jpg","width":800,"height":455,"caption":"Radio Nacional de Venezuela C.A."},"image":{"@id":"https:\/\/stage3.rnv.gob.ve\/wp\/#\/schema\/logo\/image\/"},"sameAs":["https:\/\/www.facebook.com\/RadioNacionaldeVenezuela","https:\/\/x.com\/RNVinformativa","https:\/\/www.instagram.com\/rnvinformativa\/","https:\/\/www.youtube.com\/user\/RNVContigo"]},{"@type":"Person","@id":"https:\/\/stage3.rnv.gob.ve\/wp\/#\/schema\/person\/b18a77cc009f4a5241b81471b5e5e1f2","name":"Yaneny Berm\u00fadez","url":"https:\/\/stage3.rnv.gob.ve\/wp\/author\/yaneny_bermudez\/"}]}},"jetpack_featured_media_url":"","_links":{"self":[{"href":"https:\/\/stage3.rnv.gob.ve\/wp\/wp-json\/wp\/v2\/posts\/98763","targetHints":{"allow":["GET"]}}],"collection":[{"href":"https:\/\/stage3.rnv.gob.ve\/wp\/wp-json\/wp\/v2\/posts"}],"about":[{"href":"https:\/\/stage3.rnv.gob.ve\/wp\/wp-json\/wp\/v2\/types\/post"}],"author":[{"embeddable":true,"href":"https:\/\/stage3.rnv.gob.ve\/wp\/wp-json\/wp\/v2\/users\/3"}],"replies":[{"embeddable":true,"href":"https:\/\/stage3.rnv.gob.ve\/wp\/wp-json\/wp\/v2\/comments?post=98763"}],"version-history":[{"count":0,"href":"https:\/\/stage3.rnv.gob.ve\/wp\/wp-json\/wp\/v2\/posts\/98763\/revisions"}],"wp:featuredmedia":[{"embeddable":true,"href":"https:\/\/stage3.rnv.gob.ve\/wp\/wp-json\/"}],"wp:attachment":[{"href":"https:\/\/stage3.rnv.gob.ve\/wp\/wp-json\/wp\/v2\/media?parent=98763"}],"wp:term":[{"taxonomy":"category","embeddable":true,"href":"https:\/\/stage3.rnv.gob.ve\/wp\/wp-json\/wp\/v2\/categories?post=98763"},{"taxonomy":"post_tag","embeddable":true,"href":"https:\/\/stage3.rnv.gob.ve\/wp\/wp-json\/wp\/v2\/tags?post=98763"}],"curies":[{"name":"wp","href":"https:\/\/api.w.org\/{rel}","templated":true}]}}