{"id":95173,"date":"2016-12-06T08:07:20","date_gmt":"2016-12-06T12:07:20","guid":{"rendered":"http:\/\/wpeditor.rnv.gob.ve\/?p=95173"},"modified":"2016-12-06T08:07:20","modified_gmt":"2016-12-06T12:07:20","slug":"quienes-son-los-duenos-de-credicard","status":"publish","type":"post","link":"https:\/\/stage3.rnv.gob.ve\/wp\/quienes-son-los-duenos-de-credicard\/","title":{"rendered":"\u00bfQui\u00e9nes son los due\u00f1os de Credicard?"},"content":{"rendered":"<p><img fetchpriority=\"high\" decoding=\"async\" class=\"alignleft size-medium wp-image-95175\" src=\"http:\/\/wpeditor.rnv.gob.ve\/app\/uploads\/2016\/12\/credicard-edif-300x180.jpg\" alt=\"credicard-edif\" width=\"300\" height=\"180\" \/>Durante el d\u00eda viernes 2 de diciembre, la plataforma de pagos electr\u00f3nicos del pa\u00eds -77% propiedad de la empresa Consorcio Credicard C.A.- se vio severamente afectada durante varias horas, paralizando las transacciones comerciales electr\u00f3nicas en puntos de venta y transferencias interbancarias en gran parte del territorio nacional,\u00a0<a href=\"http:\/\/www.ultimasnoticias.com.ve\/noticias\/slider\/maduro-encabeza-despliegue-del-socialismo-territorial-caracas\/\" target=\"_blank\" rel=\"noopener\">rese\u00f1\u00f3<\/a> <em>\u00daltimas Noticias<\/em>.<br \/>\nEl presidente Nicol\u00e1s Maduro afirm\u00f3 que la afectaci\u00f3n respondi\u00f3 a un ataque cibern\u00e9tico internacional contra la plataforma financiera del pa\u00eds. \u00abAfect\u00f3 toda la capacidad de intercambio por Internet para provocar un estado de colapso y desesperaci\u00f3n en los pagos con tarjeta en puntos de venta\u00bb, apunt\u00f3.<br \/>\nLa empresa Credicard, que comenz\u00f3 a operar en 1988 en Venezuela, <a href=\"https:\/\/www.credicardenlinea.com.ve\/nuestros-clientes\" target=\"_blank\" rel=\"noopener\">tiene 21 bancos afiliados<\/a> -en su mayor\u00eda privados- que componen m\u00e1s del 70% del sistema bancario nacional. Aparte es la representante oficial de las franquicias Mastercard y Visa, los principales medios de pago para las transacciones comerciales en el pa\u00eds.<br \/>\nSeg\u00fan <a href=\"http:\/\/rncenlinea.snc.gob.ve\/planilla\/index\/129620?anafinan=N&amp;anafinanpub=Y&amp;login=N&amp;mostrar=INF\" target=\"_blank\" rel=\"noopener\">informaci\u00f3n<\/a> del Servicio Nacional de Contrataciones, la empresa Credicard es propiedad en un 66% de dos grandes bancos nacionales: Banco Occidental de Descuento (B.O.D) y Bancaribe, este \u00faltimo asociado al canadiense Scotiabank.<br \/>\nY detr\u00e1s de estos bancos los que verdaderamente toman las decisiones: sus altas capas directivas y gerenciales.<br \/>\nUno de los miembros principales de la junta directiva de Credicard es Arturo Ganteaume.<br \/>\nArturo Ganteaume es el presidente actual del Bancaribe. En el a\u00f1o 2005 los fiscales 53 y 54 del \u00e1rea metropolitana de Caracas lo imputaron -junto a otros 19 banqueros- por la <a href=\"http:\/\/www.aporrea.org\/actualidad\/n64135.html\" target=\"_blank\" rel=\"noopener\">comisi\u00f3n de los delitos<\/a> de defraudaci\u00f3n y actos violatorios a la ley en el sonado caso Papeler\u00eda Nacional, en el cual fue vendido a sobreprecio el fideicomiso de dicha empresa por parte de estos emprendedores.<br \/>\nPor su parte, Roberto Smith -ex ministro de transporte y comunicaci\u00f3n de Carlos Andr\u00e9s P\u00e9rez-, actual dirigente de Voluntad Popular que busca la candidatura de la gobernaci\u00f3n del estado Vargas, es tambi\u00e9n parte de la <a href=\"http:\/\/www.bancaribe.com.ve\/informacion-vital\/la-institucion\/gobierno-corporativo\/junta-directiva-2\" target=\"_blank\" rel=\"noopener\">junta directiva<\/a> de Bancaribe. Este banco agrupa a la oligarqu\u00eda financiera de los Delfino y Dao.<br \/>\nPero la frontera entre Credicard y la dirigencia antichavista contin\u00faa borrone\u00e1ndose.<br \/>\nEl hermano de Diana D&#8217;Agostino, Francisco D&#8217;Agostino, es <a href=\"http:\/\/la-tabla.blogspot.com\/2016\/06\/revelan-nexos-de-diana-dagostino-con.html\" target=\"_blank\" rel=\"noopener\">vicepresidente comercial del B.O.D<\/a>. Adem\u00e1s es propietario de varios bancos y empresas extranjeras, como Harvest Natural Resources (radicada en Texas) y el Banco Bancamerica ubicado en Rep\u00fablica Dominicana. El due\u00f1o del banco, V\u00edctor Vargas, es suegro de Francisco ya que se encuentra casado con una de sus hijas. Adem\u00e1s es uno de los principales responsables de estafar al Estado venezolano con contratos en el sector el\u00e9ctrico a trav\u00e9s de la empresa Derwick.<br \/>\nT\/ <a href=\"http:\/\/misionverdad.com\/la-guerra-en-Venezuela\/quienes-son-los-duenos-de-credicard\" target=\"_blank\" rel=\"noopener\">Misi\u00f3n Verdad<\/a><\/p>\n","protected":false},"excerpt":{"rendered":"<p>Durante el d\u00eda viernes 2 de diciembre, la plataforma de pagos electr\u00f3nicos del pa\u00eds -77% propiedad de la empresa Consorcio Credicard C.A.- se vio severamente afectada durante varias horas, paralizando las transacciones comerciales electr\u00f3nicas en puntos de venta y transferencias interbancarias en gran parte del territorio nacional,\u00a0rese\u00f1\u00f3 \u00daltimas Noticias. El presidente Nicol\u00e1s Maduro afirm\u00f3 que [&hellip;]<\/p>\n","protected":false},"author":2,"featured_media":95175,"comment_status":"closed","ping_status":"open","sticky":false,"template":"","format":"standard","meta":{"_acf_changed":false,"footnotes":""},"categories":[65],"tags":[10462,10524,8220,10218],"class_list":["post-95173","post","type-post","status-publish","format-standard","has-post-thumbnail","hentry","category-nacional","tag-credicard","tag-duenos","tag-falla","tag-puntos-de-venta"],"acf":[],"yoast_head":"<!-- This site is optimized with the Yoast SEO plugin v27.4 - https:\/\/yoast.com\/product\/yoast-seo-wordpress\/ -->\n<title>\u00bfQui\u00e9nes son los due\u00f1os de Credicard? - DEV RNV<\/title>\n<meta name=\"robots\" content=\"noindex, follow, max-snippet:-1, max-image-preview:large, max-video-preview:-1\" \/>\n<meta property=\"og:locale\" content=\"es_ES\" \/>\n<meta property=\"og:type\" content=\"article\" \/>\n<meta property=\"og:title\" content=\"\u00bfQui\u00e9nes son los due\u00f1os de Credicard? - DEV RNV\" \/>\n<meta property=\"og:description\" content=\"Durante el d\u00eda viernes 2 de diciembre, la plataforma de pagos electr\u00f3nicos del pa\u00eds -77% propiedad de la empresa Consorcio Credicard C.A.- se vio severamente afectada durante varias horas, paralizando las transacciones comerciales electr\u00f3nicas en puntos de venta y transferencias interbancarias en gran parte del territorio nacional,\u00a0rese\u00f1\u00f3 \u00daltimas Noticias. El presidente Nicol\u00e1s Maduro afirm\u00f3 que [&hellip;]\" \/>\n<meta property=\"og:url\" content=\"https:\/\/stage3.rnv.gob.ve\/wp\/quienes-son-los-duenos-de-credicard\/\" \/>\n<meta property=\"og:site_name\" content=\"DEV RNV\" \/>\n<meta property=\"article:publisher\" content=\"https:\/\/www.facebook.com\/RadioNacionaldeVenezuela\" \/>\n<meta property=\"article:published_time\" content=\"2016-12-06T12:07:20+00:00\" \/>\n<meta name=\"author\" content=\"Daniel Peralta\" \/>\n<meta name=\"twitter:card\" content=\"summary_large_image\" \/>\n<meta name=\"twitter:creator\" content=\"@RNVinformativa\" \/>\n<meta name=\"twitter:site\" content=\"@RNVinformativa\" \/>\n<meta name=\"twitter:label1\" content=\"Escrito por\" \/>\n\t<meta name=\"twitter:data1\" content=\"Daniel Peralta\" \/>\n\t<meta name=\"twitter:label2\" content=\"Tiempo estimado de lectura\" \/>\n\t<meta name=\"twitter:data2\" content=\"2 minutos\" \/>\n<script type=\"application\/ld+json\" class=\"yoast-schema-graph\">{\"@context\":\"https:\\\/\\\/schema.org\",\"@graph\":[{\"@type\":\"Article\",\"@id\":\"https:\\\/\\\/stage3.rnv.gob.ve\\\/wp\\\/quienes-son-los-duenos-de-credicard\\\/#article\",\"isPartOf\":{\"@id\":\"https:\\\/\\\/stage3.rnv.gob.ve\\\/wp\\\/quienes-son-los-duenos-de-credicard\\\/\"},\"author\":{\"name\":\"Daniel Peralta\",\"@id\":\"https:\\\/\\\/stage3.rnv.gob.ve\\\/wp\\\/#\\\/schema\\\/person\\\/d9cd31b2b60c5c2e489f54856b6cb03d\"},\"headline\":\"\u00bfQui\u00e9nes son los due\u00f1os de Credicard?\",\"datePublished\":\"2016-12-06T12:07:20+00:00\",\"mainEntityOfPage\":{\"@id\":\"https:\\\/\\\/stage3.rnv.gob.ve\\\/wp\\\/quienes-son-los-duenos-de-credicard\\\/\"},\"wordCount\":464,\"publisher\":{\"@id\":\"https:\\\/\\\/stage3.rnv.gob.ve\\\/wp\\\/#organization\"},\"image\":{\"@id\":\"https:\\\/\\\/stage3.rnv.gob.ve\\\/wp\\\/quienes-son-los-duenos-de-credicard\\\/#primaryimage\"},\"thumbnailUrl\":\"\",\"keywords\":[\"Credicard\",\"due\u00f1os\",\"falla\",\"puntos de venta\"],\"articleSection\":[\"Nacional\"],\"inLanguage\":\"es\"},{\"@type\":\"WebPage\",\"@id\":\"https:\\\/\\\/stage3.rnv.gob.ve\\\/wp\\\/quienes-son-los-duenos-de-credicard\\\/\",\"url\":\"https:\\\/\\\/stage3.rnv.gob.ve\\\/wp\\\/quienes-son-los-duenos-de-credicard\\\/\",\"name\":\"\u00bfQui\u00e9nes son los due\u00f1os de Credicard? - DEV RNV\",\"isPartOf\":{\"@id\":\"https:\\\/\\\/stage3.rnv.gob.ve\\\/wp\\\/#website\"},\"primaryImageOfPage\":{\"@id\":\"https:\\\/\\\/stage3.rnv.gob.ve\\\/wp\\\/quienes-son-los-duenos-de-credicard\\\/#primaryimage\"},\"image\":{\"@id\":\"https:\\\/\\\/stage3.rnv.gob.ve\\\/wp\\\/quienes-son-los-duenos-de-credicard\\\/#primaryimage\"},\"thumbnailUrl\":\"\",\"datePublished\":\"2016-12-06T12:07:20+00:00\",\"breadcrumb\":{\"@id\":\"https:\\\/\\\/stage3.rnv.gob.ve\\\/wp\\\/quienes-son-los-duenos-de-credicard\\\/#breadcrumb\"},\"inLanguage\":\"es\",\"potentialAction\":[{\"@type\":\"ReadAction\",\"target\":[\"https:\\\/\\\/stage3.rnv.gob.ve\\\/wp\\\/quienes-son-los-duenos-de-credicard\\\/\"]}]},{\"@type\":\"ImageObject\",\"inLanguage\":\"es\",\"@id\":\"https:\\\/\\\/stage3.rnv.gob.ve\\\/wp\\\/quienes-son-los-duenos-de-credicard\\\/#primaryimage\",\"url\":\"\",\"contentUrl\":\"\"},{\"@type\":\"BreadcrumbList\",\"@id\":\"https:\\\/\\\/stage3.rnv.gob.ve\\\/wp\\\/quienes-son-los-duenos-de-credicard\\\/#breadcrumb\",\"itemListElement\":[{\"@type\":\"ListItem\",\"position\":1,\"name\":\"Portada\",\"item\":\"https:\\\/\\\/stage3.rnv.gob.ve\\\/wp\\\/\"},{\"@type\":\"ListItem\",\"position\":2,\"name\":\"\u00bfQui\u00e9nes Son Los Due\u00f1os De Credicard?\"}]},{\"@type\":\"WebSite\",\"@id\":\"https:\\\/\\\/stage3.rnv.gob.ve\\\/wp\\\/#website\",\"url\":\"https:\\\/\\\/stage3.rnv.gob.ve\\\/wp\\\/\",\"name\":\"DEV RNV\",\"description\":\"Radio Nacional de Venezuela C.A.\",\"publisher\":{\"@id\":\"https:\\\/\\\/stage3.rnv.gob.ve\\\/wp\\\/#organization\"},\"potentialAction\":[{\"@type\":\"SearchAction\",\"target\":{\"@type\":\"EntryPoint\",\"urlTemplate\":\"https:\\\/\\\/stage3.rnv.gob.ve\\\/wp\\\/?s={search_term_string}\"},\"query-input\":{\"@type\":\"PropertyValueSpecification\",\"valueRequired\":true,\"valueName\":\"search_term_string\"}}],\"inLanguage\":\"es\"},{\"@type\":\"Organization\",\"@id\":\"https:\\\/\\\/stage3.rnv.gob.ve\\\/wp\\\/#organization\",\"name\":\"Radio Nacional de Venezuela C.A.\",\"url\":\"https:\\\/\\\/stage3.rnv.gob.ve\\\/wp\\\/\",\"logo\":{\"@type\":\"ImageObject\",\"inLanguage\":\"es\",\"@id\":\"https:\\\/\\\/stage3.rnv.gob.ve\\\/wp\\\/#\\\/schema\\\/logo\\\/image\\\/\",\"url\":\"http:\\\/\\\/rnv.ddns.net\\\/prensa\\\/wp-content\\\/uploads\\\/2022\\\/04\\\/rnv-1-300x227-1.jpg\",\"contentUrl\":\"http:\\\/\\\/rnv.ddns.net\\\/prensa\\\/wp-content\\\/uploads\\\/2022\\\/04\\\/rnv-1-300x227-1.jpg\",\"width\":800,\"height\":455,\"caption\":\"Radio Nacional de Venezuela C.A.\"},\"image\":{\"@id\":\"https:\\\/\\\/stage3.rnv.gob.ve\\\/wp\\\/#\\\/schema\\\/logo\\\/image\\\/\"},\"sameAs\":[\"https:\\\/\\\/www.facebook.com\\\/RadioNacionaldeVenezuela\",\"https:\\\/\\\/x.com\\\/RNVinformativa\",\"https:\\\/\\\/www.instagram.com\\\/rnvinformativa\\\/\",\"https:\\\/\\\/www.youtube.com\\\/user\\\/RNVContigo\"]},{\"@type\":\"Person\",\"@id\":\"https:\\\/\\\/stage3.rnv.gob.ve\\\/wp\\\/#\\\/schema\\\/person\\\/d9cd31b2b60c5c2e489f54856b6cb03d\",\"name\":\"Daniel Peralta\",\"url\":\"https:\\\/\\\/stage3.rnv.gob.ve\\\/wp\\\/author\\\/daniel_peralta\\\/\"}]}<\/script>\n<!-- \/ Yoast SEO plugin. -->","yoast_head_json":{"title":"\u00bfQui\u00e9nes son los due\u00f1os de Credicard? - DEV RNV","robots":{"index":"noindex","follow":"follow","max-snippet":"max-snippet:-1","max-image-preview":"max-image-preview:large","max-video-preview":"max-video-preview:-1"},"og_locale":"es_ES","og_type":"article","og_title":"\u00bfQui\u00e9nes son los due\u00f1os de Credicard? - DEV RNV","og_description":"Durante el d\u00eda viernes 2 de diciembre, la plataforma de pagos electr\u00f3nicos del pa\u00eds -77% propiedad de la empresa Consorcio Credicard C.A.- se vio severamente afectada durante varias horas, paralizando las transacciones comerciales electr\u00f3nicas en puntos de venta y transferencias interbancarias en gran parte del territorio nacional,\u00a0rese\u00f1\u00f3 \u00daltimas Noticias. El presidente Nicol\u00e1s Maduro afirm\u00f3 que [&hellip;]","og_url":"https:\/\/stage3.rnv.gob.ve\/wp\/quienes-son-los-duenos-de-credicard\/","og_site_name":"DEV RNV","article_publisher":"https:\/\/www.facebook.com\/RadioNacionaldeVenezuela","article_published_time":"2016-12-06T12:07:20+00:00","author":"Daniel Peralta","twitter_card":"summary_large_image","twitter_creator":"@RNVinformativa","twitter_site":"@RNVinformativa","twitter_misc":{"Escrito por":"Daniel Peralta","Tiempo estimado de lectura":"2 minutos"},"schema":{"@context":"https:\/\/schema.org","@graph":[{"@type":"Article","@id":"https:\/\/stage3.rnv.gob.ve\/wp\/quienes-son-los-duenos-de-credicard\/#article","isPartOf":{"@id":"https:\/\/stage3.rnv.gob.ve\/wp\/quienes-son-los-duenos-de-credicard\/"},"author":{"name":"Daniel Peralta","@id":"https:\/\/stage3.rnv.gob.ve\/wp\/#\/schema\/person\/d9cd31b2b60c5c2e489f54856b6cb03d"},"headline":"\u00bfQui\u00e9nes son los due\u00f1os de Credicard?","datePublished":"2016-12-06T12:07:20+00:00","mainEntityOfPage":{"@id":"https:\/\/stage3.rnv.gob.ve\/wp\/quienes-son-los-duenos-de-credicard\/"},"wordCount":464,"publisher":{"@id":"https:\/\/stage3.rnv.gob.ve\/wp\/#organization"},"image":{"@id":"https:\/\/stage3.rnv.gob.ve\/wp\/quienes-son-los-duenos-de-credicard\/#primaryimage"},"thumbnailUrl":"","keywords":["Credicard","due\u00f1os","falla","puntos de venta"],"articleSection":["Nacional"],"inLanguage":"es"},{"@type":"WebPage","@id":"https:\/\/stage3.rnv.gob.ve\/wp\/quienes-son-los-duenos-de-credicard\/","url":"https:\/\/stage3.rnv.gob.ve\/wp\/quienes-son-los-duenos-de-credicard\/","name":"\u00bfQui\u00e9nes son los due\u00f1os de Credicard? - DEV RNV","isPartOf":{"@id":"https:\/\/stage3.rnv.gob.ve\/wp\/#website"},"primaryImageOfPage":{"@id":"https:\/\/stage3.rnv.gob.ve\/wp\/quienes-son-los-duenos-de-credicard\/#primaryimage"},"image":{"@id":"https:\/\/stage3.rnv.gob.ve\/wp\/quienes-son-los-duenos-de-credicard\/#primaryimage"},"thumbnailUrl":"","datePublished":"2016-12-06T12:07:20+00:00","breadcrumb":{"@id":"https:\/\/stage3.rnv.gob.ve\/wp\/quienes-son-los-duenos-de-credicard\/#breadcrumb"},"inLanguage":"es","potentialAction":[{"@type":"ReadAction","target":["https:\/\/stage3.rnv.gob.ve\/wp\/quienes-son-los-duenos-de-credicard\/"]}]},{"@type":"ImageObject","inLanguage":"es","@id":"https:\/\/stage3.rnv.gob.ve\/wp\/quienes-son-los-duenos-de-credicard\/#primaryimage","url":"","contentUrl":""},{"@type":"BreadcrumbList","@id":"https:\/\/stage3.rnv.gob.ve\/wp\/quienes-son-los-duenos-de-credicard\/#breadcrumb","itemListElement":[{"@type":"ListItem","position":1,"name":"Portada","item":"https:\/\/stage3.rnv.gob.ve\/wp\/"},{"@type":"ListItem","position":2,"name":"\u00bfQui\u00e9nes Son Los Due\u00f1os De Credicard?"}]},{"@type":"WebSite","@id":"https:\/\/stage3.rnv.gob.ve\/wp\/#website","url":"https:\/\/stage3.rnv.gob.ve\/wp\/","name":"DEV RNV","description":"Radio Nacional de Venezuela C.A.","publisher":{"@id":"https:\/\/stage3.rnv.gob.ve\/wp\/#organization"},"potentialAction":[{"@type":"SearchAction","target":{"@type":"EntryPoint","urlTemplate":"https:\/\/stage3.rnv.gob.ve\/wp\/?s={search_term_string}"},"query-input":{"@type":"PropertyValueSpecification","valueRequired":true,"valueName":"search_term_string"}}],"inLanguage":"es"},{"@type":"Organization","@id":"https:\/\/stage3.rnv.gob.ve\/wp\/#organization","name":"Radio Nacional de Venezuela C.A.","url":"https:\/\/stage3.rnv.gob.ve\/wp\/","logo":{"@type":"ImageObject","inLanguage":"es","@id":"https:\/\/stage3.rnv.gob.ve\/wp\/#\/schema\/logo\/image\/","url":"http:\/\/rnv.ddns.net\/prensa\/wp-content\/uploads\/2022\/04\/rnv-1-300x227-1.jpg","contentUrl":"http:\/\/rnv.ddns.net\/prensa\/wp-content\/uploads\/2022\/04\/rnv-1-300x227-1.jpg","width":800,"height":455,"caption":"Radio Nacional de Venezuela C.A."},"image":{"@id":"https:\/\/stage3.rnv.gob.ve\/wp\/#\/schema\/logo\/image\/"},"sameAs":["https:\/\/www.facebook.com\/RadioNacionaldeVenezuela","https:\/\/x.com\/RNVinformativa","https:\/\/www.instagram.com\/rnvinformativa\/","https:\/\/www.youtube.com\/user\/RNVContigo"]},{"@type":"Person","@id":"https:\/\/stage3.rnv.gob.ve\/wp\/#\/schema\/person\/d9cd31b2b60c5c2e489f54856b6cb03d","name":"Daniel Peralta","url":"https:\/\/stage3.rnv.gob.ve\/wp\/author\/daniel_peralta\/"}]}},"jetpack_featured_media_url":"","_links":{"self":[{"href":"https:\/\/stage3.rnv.gob.ve\/wp\/wp-json\/wp\/v2\/posts\/95173","targetHints":{"allow":["GET"]}}],"collection":[{"href":"https:\/\/stage3.rnv.gob.ve\/wp\/wp-json\/wp\/v2\/posts"}],"about":[{"href":"https:\/\/stage3.rnv.gob.ve\/wp\/wp-json\/wp\/v2\/types\/post"}],"author":[{"embeddable":true,"href":"https:\/\/stage3.rnv.gob.ve\/wp\/wp-json\/wp\/v2\/users\/2"}],"replies":[{"embeddable":true,"href":"https:\/\/stage3.rnv.gob.ve\/wp\/wp-json\/wp\/v2\/comments?post=95173"}],"version-history":[{"count":0,"href":"https:\/\/stage3.rnv.gob.ve\/wp\/wp-json\/wp\/v2\/posts\/95173\/revisions"}],"wp:featuredmedia":[{"embeddable":true,"href":"https:\/\/stage3.rnv.gob.ve\/wp\/wp-json\/"}],"wp:attachment":[{"href":"https:\/\/stage3.rnv.gob.ve\/wp\/wp-json\/wp\/v2\/media?parent=95173"}],"wp:term":[{"taxonomy":"category","embeddable":true,"href":"https:\/\/stage3.rnv.gob.ve\/wp\/wp-json\/wp\/v2\/categories?post=95173"},{"taxonomy":"post_tag","embeddable":true,"href":"https:\/\/stage3.rnv.gob.ve\/wp\/wp-json\/wp\/v2\/tags?post=95173"}],"curies":[{"name":"wp","href":"https:\/\/api.w.org\/{rel}","templated":true}]}}