{"id":93305,"date":"2016-11-28T20:29:20","date_gmt":"2016-11-29T00:29:20","guid":{"rendered":"http:\/\/wpeditor.rnv.gob.ve\/?p=93305"},"modified":"2016-11-28T20:29:20","modified_gmt":"2016-11-29T00:29:20","slug":"freddy-bernal-presenta-plan-especial-de-distribucion-de-alimentos","status":"publish","type":"post","link":"https:\/\/stage3.rnv.gob.ve\/wp\/freddy-bernal-presenta-plan-especial-de-distribucion-de-alimentos\/","title":{"rendered":"Freddy Bernal present\u00f3 Plan Especial de Distribuci\u00f3n para los Clap de Caracas"},"content":{"rendered":"<p style=\"text-align: justify;\"><img fetchpriority=\"high\" decoding=\"async\" class=\"aligncenter wp-image-93318 \" src=\"http:\/\/wpeditor.rnv.gob.ve\/app\/uploads\/2016\/11\/freddy-bernal-300x152.jpg\" width=\"419\" height=\"212\" \/><\/p>\n<p style=\"text-align: justify;\">El jefe\u00a0nacional de los Comit\u00e9s Locales de Abastecimiento y Producci\u00f3n (Clap),\u00a0Freddy Bernal, inform\u00f3 sobre el lanzamiento del Plan Especial de Distribuci\u00f3n de los Clap en los sectores de la capital donde no ha llegado\u00a0con regularidad\u00a0este beneficio,\u00a0para\u00a0seguir\u00a0garantizando la soberan\u00eda alimentaria.<\/p>\n<p style=\"text-align: justify;\">Indic\u00f3 que las bolsas alimentarias contienen 19\u00a0productos que ser\u00e1n distribuidas desde este martes, \u00abvamos a comenzar con 7 mil entregas diarias supervisadas por los Clap de cada una de las 22 parroquias de Caracas\u00bb, dijo desde el Teatro Principal de la cuidad capital.<\/p>\n<p style=\"text-align: justify;\">Destac\u00f3 que el presidente de la rep\u00fablica Bolivariana de Venezuela, Nicol\u00e1s Maduro, aprob\u00f3 los recursos para el fortalecimiento de los Clap.<\/p>\n<p style=\"text-align: justify;\">En ese sentido, se\u00f1al\u00f3 que a\u00a0partir del 15 de diciembre se suman m\u00e1s de 2 millones de bolsas que ser\u00e1n repartidas\u00a0a nivel nacional, para garantizar el abastecimiento en\u00a0el mes de diciembre y principios de 2017.<\/p>\n<p style=\"text-align: justify;\">Mencion\u00f3 que realizar\u00e1n una jornada especial de seguimiento y control conjuntamente con los Clap, consejos comunales, Sundde y la Milicia Nacional Bolivariana para contrarrestar la guerra econ\u00f3mica y el bachaqueo.<\/p>\n<p style=\"text-align: justify;\">Finalmente, manifest\u00f3 que\u00a0est\u00e1n llegando al pa\u00eds 11 millones de kilos de pernil que ser\u00e1 presentada al pueblo venezolano a precios solidarios.<\/p>\n<p><b>Escuche a Freddy Bernal:<\/b><br \/>\n<audio class=\"wp-audio-shortcode\" id=\"audio-93305-1\" preload=\"none\" style=\"width: 100%;\" controls=\"controls\"><source type=\"audio\/mpeg\" src=\"http:\/\/wpeditor.rnv.gob.ve\/app\/uploads\/2016\/11\/freddy-bernal.mp3?_=1\" \/><a href=\"http:\/\/wpeditor.rnv.gob.ve\/app\/uploads\/2016\/11\/freddy-bernal.mp3\">http:\/\/wpeditor.rnv.gob.ve\/app\/uploads\/2016\/11\/freddy-bernal.mp3<\/a><\/audio><br \/>\n<strong>T\/WEB RNV<\/strong><\/p>\n","protected":false},"excerpt":{"rendered":"<p>El jefe\u00a0nacional de los Comit\u00e9s Locales de Abastecimiento y Producci\u00f3n (Clap),\u00a0Freddy Bernal, inform\u00f3 sobre el lanzamiento del Plan Especial de Distribuci\u00f3n de los Clap en los sectores de la capital donde no ha llegado\u00a0con regularidad\u00a0este beneficio,\u00a0para\u00a0seguir\u00a0garantizando la soberan\u00eda alimentaria. Indic\u00f3 que las bolsas alimentarias contienen 19\u00a0productos que ser\u00e1n distribuidas desde este martes, \u00abvamos a comenzar [&hellip;]<\/p>\n","protected":false},"author":25,"featured_media":93318,"comment_status":"closed","ping_status":"open","sticky":false,"template":"","format":"standard","meta":{"_acf_changed":false,"footnotes":""},"categories":[58],"tags":[2476,2933],"class_list":["post-93305","post","type-post","status-publish","format-standard","has-post-thumbnail","hentry","category-economia","tag-clap","tag-freddy-bernal"],"acf":[],"yoast_head":"<!-- This site is optimized with the Yoast SEO plugin v27.4 - https:\/\/yoast.com\/product\/yoast-seo-wordpress\/ -->\n<title>Freddy Bernal present\u00f3 Plan Especial de Distribuci\u00f3n para los Clap de Caracas - DEV RNV<\/title>\n<meta name=\"robots\" content=\"noindex, follow, max-snippet:-1, max-image-preview:large, max-video-preview:-1\" \/>\n<meta property=\"og:locale\" content=\"es_ES\" \/>\n<meta property=\"og:type\" content=\"article\" \/>\n<meta property=\"og:title\" content=\"Freddy Bernal present\u00f3 Plan Especial de Distribuci\u00f3n para los Clap de Caracas - DEV RNV\" \/>\n<meta property=\"og:description\" content=\"El jefe\u00a0nacional de los Comit\u00e9s Locales de Abastecimiento y Producci\u00f3n (Clap),\u00a0Freddy Bernal, inform\u00f3 sobre el lanzamiento del Plan Especial de Distribuci\u00f3n de los Clap en los sectores de la capital donde no ha llegado\u00a0con regularidad\u00a0este beneficio,\u00a0para\u00a0seguir\u00a0garantizando la soberan\u00eda alimentaria. Indic\u00f3 que las bolsas alimentarias contienen 19\u00a0productos que ser\u00e1n distribuidas desde este martes, \u00abvamos a comenzar [&hellip;]\" \/>\n<meta property=\"og:url\" content=\"https:\/\/stage3.rnv.gob.ve\/wp\/freddy-bernal-presenta-plan-especial-de-distribucion-de-alimentos\/\" \/>\n<meta property=\"og:site_name\" content=\"DEV RNV\" \/>\n<meta property=\"article:publisher\" content=\"https:\/\/www.facebook.com\/RadioNacionaldeVenezuela\" \/>\n<meta property=\"article:published_time\" content=\"2016-11-29T00:29:20+00:00\" \/>\n<meta name=\"author\" content=\"Claudimar Perche\" \/>\n<meta name=\"twitter:card\" content=\"summary_large_image\" \/>\n<meta name=\"twitter:creator\" content=\"@RNVinformativa\" \/>\n<meta name=\"twitter:site\" content=\"@RNVinformativa\" \/>\n<meta name=\"twitter:label1\" content=\"Escrito por\" \/>\n\t<meta name=\"twitter:data1\" content=\"Claudimar Perche\" \/>\n\t<meta name=\"twitter:label2\" content=\"Tiempo estimado de lectura\" \/>\n\t<meta name=\"twitter:data2\" content=\"1 minuto\" \/>\n<script type=\"application\/ld+json\" class=\"yoast-schema-graph\">{\"@context\":\"https:\\\/\\\/schema.org\",\"@graph\":[{\"@type\":\"Article\",\"@id\":\"https:\\\/\\\/stage3.rnv.gob.ve\\\/wp\\\/freddy-bernal-presenta-plan-especial-de-distribucion-de-alimentos\\\/#article\",\"isPartOf\":{\"@id\":\"https:\\\/\\\/stage3.rnv.gob.ve\\\/wp\\\/freddy-bernal-presenta-plan-especial-de-distribucion-de-alimentos\\\/\"},\"author\":{\"name\":\"Claudimar Perche\",\"@id\":\"https:\\\/\\\/stage3.rnv.gob.ve\\\/wp\\\/#\\\/schema\\\/person\\\/83bdb35224adaa872bbd4d90aaa57a06\"},\"headline\":\"Freddy Bernal present\u00f3 Plan Especial de Distribuci\u00f3n para los Clap de Caracas\",\"datePublished\":\"2016-11-29T00:29:20+00:00\",\"mainEntityOfPage\":{\"@id\":\"https:\\\/\\\/stage3.rnv.gob.ve\\\/wp\\\/freddy-bernal-presenta-plan-especial-de-distribucion-de-alimentos\\\/\"},\"wordCount\":240,\"publisher\":{\"@id\":\"https:\\\/\\\/stage3.rnv.gob.ve\\\/wp\\\/#organization\"},\"image\":{\"@id\":\"https:\\\/\\\/stage3.rnv.gob.ve\\\/wp\\\/freddy-bernal-presenta-plan-especial-de-distribucion-de-alimentos\\\/#primaryimage\"},\"thumbnailUrl\":\"\",\"keywords\":[\"clap\",\"freddy bernal\"],\"articleSection\":[\"Econom\u00eda\"],\"inLanguage\":\"es\"},{\"@type\":\"WebPage\",\"@id\":\"https:\\\/\\\/stage3.rnv.gob.ve\\\/wp\\\/freddy-bernal-presenta-plan-especial-de-distribucion-de-alimentos\\\/\",\"url\":\"https:\\\/\\\/stage3.rnv.gob.ve\\\/wp\\\/freddy-bernal-presenta-plan-especial-de-distribucion-de-alimentos\\\/\",\"name\":\"Freddy Bernal present\u00f3 Plan Especial de Distribuci\u00f3n para los Clap de Caracas - DEV RNV\",\"isPartOf\":{\"@id\":\"https:\\\/\\\/stage3.rnv.gob.ve\\\/wp\\\/#website\"},\"primaryImageOfPage\":{\"@id\":\"https:\\\/\\\/stage3.rnv.gob.ve\\\/wp\\\/freddy-bernal-presenta-plan-especial-de-distribucion-de-alimentos\\\/#primaryimage\"},\"image\":{\"@id\":\"https:\\\/\\\/stage3.rnv.gob.ve\\\/wp\\\/freddy-bernal-presenta-plan-especial-de-distribucion-de-alimentos\\\/#primaryimage\"},\"thumbnailUrl\":\"\",\"datePublished\":\"2016-11-29T00:29:20+00:00\",\"breadcrumb\":{\"@id\":\"https:\\\/\\\/stage3.rnv.gob.ve\\\/wp\\\/freddy-bernal-presenta-plan-especial-de-distribucion-de-alimentos\\\/#breadcrumb\"},\"inLanguage\":\"es\",\"potentialAction\":[{\"@type\":\"ReadAction\",\"target\":[\"https:\\\/\\\/stage3.rnv.gob.ve\\\/wp\\\/freddy-bernal-presenta-plan-especial-de-distribucion-de-alimentos\\\/\"]}]},{\"@type\":\"ImageObject\",\"inLanguage\":\"es\",\"@id\":\"https:\\\/\\\/stage3.rnv.gob.ve\\\/wp\\\/freddy-bernal-presenta-plan-especial-de-distribucion-de-alimentos\\\/#primaryimage\",\"url\":\"\",\"contentUrl\":\"\"},{\"@type\":\"BreadcrumbList\",\"@id\":\"https:\\\/\\\/stage3.rnv.gob.ve\\\/wp\\\/freddy-bernal-presenta-plan-especial-de-distribucion-de-alimentos\\\/#breadcrumb\",\"itemListElement\":[{\"@type\":\"ListItem\",\"position\":1,\"name\":\"Portada\",\"item\":\"https:\\\/\\\/stage3.rnv.gob.ve\\\/wp\\\/\"},{\"@type\":\"ListItem\",\"position\":2,\"name\":\"Freddy Bernal Present\u00f3 Plan Especial De Distribuci\u00f3n Para Los Clap De Caracas\"}]},{\"@type\":\"WebSite\",\"@id\":\"https:\\\/\\\/stage3.rnv.gob.ve\\\/wp\\\/#website\",\"url\":\"https:\\\/\\\/stage3.rnv.gob.ve\\\/wp\\\/\",\"name\":\"DEV RNV\",\"description\":\"Radio Nacional de Venezuela C.A.\",\"publisher\":{\"@id\":\"https:\\\/\\\/stage3.rnv.gob.ve\\\/wp\\\/#organization\"},\"potentialAction\":[{\"@type\":\"SearchAction\",\"target\":{\"@type\":\"EntryPoint\",\"urlTemplate\":\"https:\\\/\\\/stage3.rnv.gob.ve\\\/wp\\\/?s={search_term_string}\"},\"query-input\":{\"@type\":\"PropertyValueSpecification\",\"valueRequired\":true,\"valueName\":\"search_term_string\"}}],\"inLanguage\":\"es\"},{\"@type\":\"Organization\",\"@id\":\"https:\\\/\\\/stage3.rnv.gob.ve\\\/wp\\\/#organization\",\"name\":\"Radio Nacional de Venezuela C.A.\",\"url\":\"https:\\\/\\\/stage3.rnv.gob.ve\\\/wp\\\/\",\"logo\":{\"@type\":\"ImageObject\",\"inLanguage\":\"es\",\"@id\":\"https:\\\/\\\/stage3.rnv.gob.ve\\\/wp\\\/#\\\/schema\\\/logo\\\/image\\\/\",\"url\":\"http:\\\/\\\/rnv.ddns.net\\\/prensa\\\/wp-content\\\/uploads\\\/2022\\\/04\\\/rnv-1-300x227-1.jpg\",\"contentUrl\":\"http:\\\/\\\/rnv.ddns.net\\\/prensa\\\/wp-content\\\/uploads\\\/2022\\\/04\\\/rnv-1-300x227-1.jpg\",\"width\":800,\"height\":455,\"caption\":\"Radio Nacional de Venezuela C.A.\"},\"image\":{\"@id\":\"https:\\\/\\\/stage3.rnv.gob.ve\\\/wp\\\/#\\\/schema\\\/logo\\\/image\\\/\"},\"sameAs\":[\"https:\\\/\\\/www.facebook.com\\\/RadioNacionaldeVenezuela\",\"https:\\\/\\\/x.com\\\/RNVinformativa\",\"https:\\\/\\\/www.instagram.com\\\/rnvinformativa\\\/\",\"https:\\\/\\\/www.youtube.com\\\/user\\\/RNVContigo\"]},{\"@type\":\"Person\",\"@id\":\"https:\\\/\\\/stage3.rnv.gob.ve\\\/wp\\\/#\\\/schema\\\/person\\\/83bdb35224adaa872bbd4d90aaa57a06\",\"name\":\"Claudimar Perche\",\"url\":\"https:\\\/\\\/stage3.rnv.gob.ve\\\/wp\\\/author\\\/claudimar_perche\\\/\"}]}<\/script>\n<!-- \/ Yoast SEO plugin. -->","yoast_head_json":{"title":"Freddy Bernal present\u00f3 Plan Especial de Distribuci\u00f3n para los Clap de Caracas - DEV RNV","robots":{"index":"noindex","follow":"follow","max-snippet":"max-snippet:-1","max-image-preview":"max-image-preview:large","max-video-preview":"max-video-preview:-1"},"og_locale":"es_ES","og_type":"article","og_title":"Freddy Bernal present\u00f3 Plan Especial de Distribuci\u00f3n para los Clap de Caracas - DEV RNV","og_description":"El jefe\u00a0nacional de los Comit\u00e9s Locales de Abastecimiento y Producci\u00f3n (Clap),\u00a0Freddy Bernal, inform\u00f3 sobre el lanzamiento del Plan Especial de Distribuci\u00f3n de los Clap en los sectores de la capital donde no ha llegado\u00a0con regularidad\u00a0este beneficio,\u00a0para\u00a0seguir\u00a0garantizando la soberan\u00eda alimentaria. Indic\u00f3 que las bolsas alimentarias contienen 19\u00a0productos que ser\u00e1n distribuidas desde este martes, \u00abvamos a comenzar [&hellip;]","og_url":"https:\/\/stage3.rnv.gob.ve\/wp\/freddy-bernal-presenta-plan-especial-de-distribucion-de-alimentos\/","og_site_name":"DEV RNV","article_publisher":"https:\/\/www.facebook.com\/RadioNacionaldeVenezuela","article_published_time":"2016-11-29T00:29:20+00:00","author":"Claudimar Perche","twitter_card":"summary_large_image","twitter_creator":"@RNVinformativa","twitter_site":"@RNVinformativa","twitter_misc":{"Escrito por":"Claudimar Perche","Tiempo estimado de lectura":"1 minuto"},"schema":{"@context":"https:\/\/schema.org","@graph":[{"@type":"Article","@id":"https:\/\/stage3.rnv.gob.ve\/wp\/freddy-bernal-presenta-plan-especial-de-distribucion-de-alimentos\/#article","isPartOf":{"@id":"https:\/\/stage3.rnv.gob.ve\/wp\/freddy-bernal-presenta-plan-especial-de-distribucion-de-alimentos\/"},"author":{"name":"Claudimar Perche","@id":"https:\/\/stage3.rnv.gob.ve\/wp\/#\/schema\/person\/83bdb35224adaa872bbd4d90aaa57a06"},"headline":"Freddy Bernal present\u00f3 Plan Especial de Distribuci\u00f3n para los Clap de Caracas","datePublished":"2016-11-29T00:29:20+00:00","mainEntityOfPage":{"@id":"https:\/\/stage3.rnv.gob.ve\/wp\/freddy-bernal-presenta-plan-especial-de-distribucion-de-alimentos\/"},"wordCount":240,"publisher":{"@id":"https:\/\/stage3.rnv.gob.ve\/wp\/#organization"},"image":{"@id":"https:\/\/stage3.rnv.gob.ve\/wp\/freddy-bernal-presenta-plan-especial-de-distribucion-de-alimentos\/#primaryimage"},"thumbnailUrl":"","keywords":["clap","freddy bernal"],"articleSection":["Econom\u00eda"],"inLanguage":"es"},{"@type":"WebPage","@id":"https:\/\/stage3.rnv.gob.ve\/wp\/freddy-bernal-presenta-plan-especial-de-distribucion-de-alimentos\/","url":"https:\/\/stage3.rnv.gob.ve\/wp\/freddy-bernal-presenta-plan-especial-de-distribucion-de-alimentos\/","name":"Freddy Bernal present\u00f3 Plan Especial de Distribuci\u00f3n para los Clap de Caracas - DEV RNV","isPartOf":{"@id":"https:\/\/stage3.rnv.gob.ve\/wp\/#website"},"primaryImageOfPage":{"@id":"https:\/\/stage3.rnv.gob.ve\/wp\/freddy-bernal-presenta-plan-especial-de-distribucion-de-alimentos\/#primaryimage"},"image":{"@id":"https:\/\/stage3.rnv.gob.ve\/wp\/freddy-bernal-presenta-plan-especial-de-distribucion-de-alimentos\/#primaryimage"},"thumbnailUrl":"","datePublished":"2016-11-29T00:29:20+00:00","breadcrumb":{"@id":"https:\/\/stage3.rnv.gob.ve\/wp\/freddy-bernal-presenta-plan-especial-de-distribucion-de-alimentos\/#breadcrumb"},"inLanguage":"es","potentialAction":[{"@type":"ReadAction","target":["https:\/\/stage3.rnv.gob.ve\/wp\/freddy-bernal-presenta-plan-especial-de-distribucion-de-alimentos\/"]}]},{"@type":"ImageObject","inLanguage":"es","@id":"https:\/\/stage3.rnv.gob.ve\/wp\/freddy-bernal-presenta-plan-especial-de-distribucion-de-alimentos\/#primaryimage","url":"","contentUrl":""},{"@type":"BreadcrumbList","@id":"https:\/\/stage3.rnv.gob.ve\/wp\/freddy-bernal-presenta-plan-especial-de-distribucion-de-alimentos\/#breadcrumb","itemListElement":[{"@type":"ListItem","position":1,"name":"Portada","item":"https:\/\/stage3.rnv.gob.ve\/wp\/"},{"@type":"ListItem","position":2,"name":"Freddy Bernal Present\u00f3 Plan Especial De Distribuci\u00f3n Para Los Clap De Caracas"}]},{"@type":"WebSite","@id":"https:\/\/stage3.rnv.gob.ve\/wp\/#website","url":"https:\/\/stage3.rnv.gob.ve\/wp\/","name":"DEV RNV","description":"Radio Nacional de Venezuela C.A.","publisher":{"@id":"https:\/\/stage3.rnv.gob.ve\/wp\/#organization"},"potentialAction":[{"@type":"SearchAction","target":{"@type":"EntryPoint","urlTemplate":"https:\/\/stage3.rnv.gob.ve\/wp\/?s={search_term_string}"},"query-input":{"@type":"PropertyValueSpecification","valueRequired":true,"valueName":"search_term_string"}}],"inLanguage":"es"},{"@type":"Organization","@id":"https:\/\/stage3.rnv.gob.ve\/wp\/#organization","name":"Radio Nacional de Venezuela C.A.","url":"https:\/\/stage3.rnv.gob.ve\/wp\/","logo":{"@type":"ImageObject","inLanguage":"es","@id":"https:\/\/stage3.rnv.gob.ve\/wp\/#\/schema\/logo\/image\/","url":"http:\/\/rnv.ddns.net\/prensa\/wp-content\/uploads\/2022\/04\/rnv-1-300x227-1.jpg","contentUrl":"http:\/\/rnv.ddns.net\/prensa\/wp-content\/uploads\/2022\/04\/rnv-1-300x227-1.jpg","width":800,"height":455,"caption":"Radio Nacional de Venezuela C.A."},"image":{"@id":"https:\/\/stage3.rnv.gob.ve\/wp\/#\/schema\/logo\/image\/"},"sameAs":["https:\/\/www.facebook.com\/RadioNacionaldeVenezuela","https:\/\/x.com\/RNVinformativa","https:\/\/www.instagram.com\/rnvinformativa\/","https:\/\/www.youtube.com\/user\/RNVContigo"]},{"@type":"Person","@id":"https:\/\/stage3.rnv.gob.ve\/wp\/#\/schema\/person\/83bdb35224adaa872bbd4d90aaa57a06","name":"Claudimar Perche","url":"https:\/\/stage3.rnv.gob.ve\/wp\/author\/claudimar_perche\/"}]}},"jetpack_featured_media_url":"","_links":{"self":[{"href":"https:\/\/stage3.rnv.gob.ve\/wp\/wp-json\/wp\/v2\/posts\/93305","targetHints":{"allow":["GET"]}}],"collection":[{"href":"https:\/\/stage3.rnv.gob.ve\/wp\/wp-json\/wp\/v2\/posts"}],"about":[{"href":"https:\/\/stage3.rnv.gob.ve\/wp\/wp-json\/wp\/v2\/types\/post"}],"author":[{"embeddable":true,"href":"https:\/\/stage3.rnv.gob.ve\/wp\/wp-json\/wp\/v2\/users\/25"}],"replies":[{"embeddable":true,"href":"https:\/\/stage3.rnv.gob.ve\/wp\/wp-json\/wp\/v2\/comments?post=93305"}],"version-history":[{"count":0,"href":"https:\/\/stage3.rnv.gob.ve\/wp\/wp-json\/wp\/v2\/posts\/93305\/revisions"}],"wp:featuredmedia":[{"embeddable":true,"href":"https:\/\/stage3.rnv.gob.ve\/wp\/wp-json\/"}],"wp:attachment":[{"href":"https:\/\/stage3.rnv.gob.ve\/wp\/wp-json\/wp\/v2\/media?parent=93305"}],"wp:term":[{"taxonomy":"category","embeddable":true,"href":"https:\/\/stage3.rnv.gob.ve\/wp\/wp-json\/wp\/v2\/categories?post=93305"},{"taxonomy":"post_tag","embeddable":true,"href":"https:\/\/stage3.rnv.gob.ve\/wp\/wp-json\/wp\/v2\/tags?post=93305"}],"curies":[{"name":"wp","href":"https:\/\/api.w.org\/{rel}","templated":true}]}}