{"id":92813,"date":"2016-11-27T08:48:21","date_gmt":"2016-11-27T12:48:21","guid":{"rendered":"http:\/\/wpeditor.rnv.gob.ve\/?p=92813"},"modified":"2016-11-27T08:48:21","modified_gmt":"2016-11-27T12:48:21","slug":"inameh-pronostica-inestabilidad-atmosferica-al-occidente-del-pais","status":"publish","type":"post","link":"https:\/\/stage3.rnv.gob.ve\/wp\/inameh-pronostica-inestabilidad-atmosferica-al-occidente-del-pais\/","title":{"rendered":"Inameh pronostica inestabilidad atmosf\u00e9rica en el occidente del pa\u00eds"},"content":{"rendered":"<p><img fetchpriority=\"high\" decoding=\"async\" class=\"aligncenter wp-image-92814 \" src=\"http:\/\/wpeditor.rnv.gob.ve\/app\/uploads\/2016\/11\/MAPA-FINAL-INICIO.png\" alt=\"MAPA-FINAL-INICIO\" width=\"600\" height=\"425\" \/><br \/>\nDe acuerdo con el Instituto Nacional de Meteorolog\u00eda e Hidrolog\u00eda (Inameh), este domingo 27 de noviembre habr\u00e1 inestabilidad atmosf\u00e9rica al occidente de Venezuela.<br \/>\nEl Inameh pronostic\u00f3, adem\u00e1s, actividad de la Zona de Convergencia Intertropical (ZCIT), lo que originar\u00e1 abundante nubosidad con precipitaciones d\u00e9biles y moderadas en los estados Zulia, Lara, Falc\u00f3n, Trujillo, M\u00e9rida, T\u00e1chira y Amazonas.<br \/>\nEl resto del territorio nacional registrar\u00e1 nubosidad parcial en horas de la ma\u00f1ana, sin precipitaciones.<br \/>\nAs\u00ed lo dio a conocer el el Inameh este domingo, a trav\u00e9s de su portal web <a href=\"http:\/\/www.inameh.gob.ve\/web\/\" target=\"_blank\" rel=\"noopener\">http:\/\/www.inameh.gob.ve\/web\/<\/a>.<br \/>\n<strong>T \/ Web RNV<\/strong><br \/>\n&nbsp;<\/p>\n","protected":false},"excerpt":{"rendered":"<p>De acuerdo con el Instituto Nacional de Meteorolog\u00eda e Hidrolog\u00eda (Inameh), este domingo 27 de noviembre habr\u00e1 inestabilidad atmosf\u00e9rica al occidente de Venezuela. El Inameh pronostic\u00f3, adem\u00e1s, actividad de la Zona de Convergencia Intertropical (ZCIT), lo que originar\u00e1 abundante nubosidad con precipitaciones d\u00e9biles y moderadas en los estados Zulia, Lara, Falc\u00f3n, Trujillo, M\u00e9rida, T\u00e1chira y [&hellip;]<\/p>\n","protected":false},"author":24,"featured_media":92814,"comment_status":"closed","ping_status":"open","sticky":false,"template":"","format":"standard","meta":{"_acf_changed":false,"footnotes":""},"categories":[74],"tags":[403,10310],"class_list":["post-92813","post","type-post","status-publish","format-standard","has-post-thumbnail","hentry","category-ambiente","tag-inameh","tag-pronostico-del-tiempo"],"acf":[],"yoast_head":"<!-- This site is optimized with the Yoast SEO plugin v27.4 - https:\/\/yoast.com\/product\/yoast-seo-wordpress\/ -->\n<title>Inameh pronostica inestabilidad atmosf\u00e9rica en el occidente del pa\u00eds - DEV RNV<\/title>\n<meta name=\"robots\" content=\"noindex, follow, max-snippet:-1, max-image-preview:large, max-video-preview:-1\" \/>\n<meta property=\"og:locale\" content=\"es_ES\" \/>\n<meta property=\"og:type\" content=\"article\" \/>\n<meta property=\"og:title\" content=\"Inameh pronostica inestabilidad atmosf\u00e9rica en el occidente del pa\u00eds - DEV RNV\" \/>\n<meta property=\"og:description\" content=\"De acuerdo con el Instituto Nacional de Meteorolog\u00eda e Hidrolog\u00eda (Inameh), este domingo 27 de noviembre habr\u00e1 inestabilidad atmosf\u00e9rica al occidente de Venezuela. El Inameh pronostic\u00f3, adem\u00e1s, actividad de la Zona de Convergencia Intertropical (ZCIT), lo que originar\u00e1 abundante nubosidad con precipitaciones d\u00e9biles y moderadas en los estados Zulia, Lara, Falc\u00f3n, Trujillo, M\u00e9rida, T\u00e1chira y [&hellip;]\" \/>\n<meta property=\"og:url\" content=\"https:\/\/stage3.rnv.gob.ve\/wp\/inameh-pronostica-inestabilidad-atmosferica-al-occidente-del-pais\/\" \/>\n<meta property=\"og:site_name\" content=\"DEV RNV\" \/>\n<meta property=\"article:publisher\" content=\"https:\/\/www.facebook.com\/RadioNacionaldeVenezuela\" \/>\n<meta property=\"article:published_time\" content=\"2016-11-27T12:48:21+00:00\" \/>\n<meta name=\"author\" content=\"Dayana Romero\" \/>\n<meta name=\"twitter:card\" content=\"summary_large_image\" \/>\n<meta name=\"twitter:creator\" content=\"@RNVinformativa\" \/>\n<meta name=\"twitter:site\" content=\"@RNVinformativa\" \/>\n<meta name=\"twitter:label1\" content=\"Escrito por\" \/>\n\t<meta name=\"twitter:data1\" content=\"Dayana Romero\" \/>\n\t<meta name=\"twitter:label2\" content=\"Tiempo estimado de lectura\" \/>\n\t<meta name=\"twitter:data2\" content=\"1 minuto\" \/>\n<script type=\"application\/ld+json\" class=\"yoast-schema-graph\">{\"@context\":\"https:\\\/\\\/schema.org\",\"@graph\":[{\"@type\":\"Article\",\"@id\":\"https:\\\/\\\/stage3.rnv.gob.ve\\\/wp\\\/inameh-pronostica-inestabilidad-atmosferica-al-occidente-del-pais\\\/#article\",\"isPartOf\":{\"@id\":\"https:\\\/\\\/stage3.rnv.gob.ve\\\/wp\\\/inameh-pronostica-inestabilidad-atmosferica-al-occidente-del-pais\\\/\"},\"author\":{\"name\":\"Dayana Romero\",\"@id\":\"https:\\\/\\\/stage3.rnv.gob.ve\\\/wp\\\/#\\\/schema\\\/person\\\/38556cfd5305194fd9cdd082f68620fb\"},\"headline\":\"Inameh pronostica inestabilidad atmosf\u00e9rica en el occidente del pa\u00eds\",\"datePublished\":\"2016-11-27T12:48:21+00:00\",\"mainEntityOfPage\":{\"@id\":\"https:\\\/\\\/stage3.rnv.gob.ve\\\/wp\\\/inameh-pronostica-inestabilidad-atmosferica-al-occidente-del-pais\\\/\"},\"wordCount\":117,\"publisher\":{\"@id\":\"https:\\\/\\\/stage3.rnv.gob.ve\\\/wp\\\/#organization\"},\"image\":{\"@id\":\"https:\\\/\\\/stage3.rnv.gob.ve\\\/wp\\\/inameh-pronostica-inestabilidad-atmosferica-al-occidente-del-pais\\\/#primaryimage\"},\"thumbnailUrl\":\"\",\"keywords\":[\"inameh\",\"pron\u00f3stico del tiempo\"],\"articleSection\":[\"Ambiente\"],\"inLanguage\":\"es\"},{\"@type\":\"WebPage\",\"@id\":\"https:\\\/\\\/stage3.rnv.gob.ve\\\/wp\\\/inameh-pronostica-inestabilidad-atmosferica-al-occidente-del-pais\\\/\",\"url\":\"https:\\\/\\\/stage3.rnv.gob.ve\\\/wp\\\/inameh-pronostica-inestabilidad-atmosferica-al-occidente-del-pais\\\/\",\"name\":\"Inameh pronostica inestabilidad atmosf\u00e9rica en el occidente del pa\u00eds - DEV RNV\",\"isPartOf\":{\"@id\":\"https:\\\/\\\/stage3.rnv.gob.ve\\\/wp\\\/#website\"},\"primaryImageOfPage\":{\"@id\":\"https:\\\/\\\/stage3.rnv.gob.ve\\\/wp\\\/inameh-pronostica-inestabilidad-atmosferica-al-occidente-del-pais\\\/#primaryimage\"},\"image\":{\"@id\":\"https:\\\/\\\/stage3.rnv.gob.ve\\\/wp\\\/inameh-pronostica-inestabilidad-atmosferica-al-occidente-del-pais\\\/#primaryimage\"},\"thumbnailUrl\":\"\",\"datePublished\":\"2016-11-27T12:48:21+00:00\",\"breadcrumb\":{\"@id\":\"https:\\\/\\\/stage3.rnv.gob.ve\\\/wp\\\/inameh-pronostica-inestabilidad-atmosferica-al-occidente-del-pais\\\/#breadcrumb\"},\"inLanguage\":\"es\",\"potentialAction\":[{\"@type\":\"ReadAction\",\"target\":[\"https:\\\/\\\/stage3.rnv.gob.ve\\\/wp\\\/inameh-pronostica-inestabilidad-atmosferica-al-occidente-del-pais\\\/\"]}]},{\"@type\":\"ImageObject\",\"inLanguage\":\"es\",\"@id\":\"https:\\\/\\\/stage3.rnv.gob.ve\\\/wp\\\/inameh-pronostica-inestabilidad-atmosferica-al-occidente-del-pais\\\/#primaryimage\",\"url\":\"\",\"contentUrl\":\"\"},{\"@type\":\"BreadcrumbList\",\"@id\":\"https:\\\/\\\/stage3.rnv.gob.ve\\\/wp\\\/inameh-pronostica-inestabilidad-atmosferica-al-occidente-del-pais\\\/#breadcrumb\",\"itemListElement\":[{\"@type\":\"ListItem\",\"position\":1,\"name\":\"Portada\",\"item\":\"https:\\\/\\\/stage3.rnv.gob.ve\\\/wp\\\/\"},{\"@type\":\"ListItem\",\"position\":2,\"name\":\"Inameh Pronostica Inestabilidad Atmosf\u00e9rica En El Occidente Del Pa\u00eds\"}]},{\"@type\":\"WebSite\",\"@id\":\"https:\\\/\\\/stage3.rnv.gob.ve\\\/wp\\\/#website\",\"url\":\"https:\\\/\\\/stage3.rnv.gob.ve\\\/wp\\\/\",\"name\":\"DEV RNV\",\"description\":\"Radio Nacional de Venezuela C.A.\",\"publisher\":{\"@id\":\"https:\\\/\\\/stage3.rnv.gob.ve\\\/wp\\\/#organization\"},\"potentialAction\":[{\"@type\":\"SearchAction\",\"target\":{\"@type\":\"EntryPoint\",\"urlTemplate\":\"https:\\\/\\\/stage3.rnv.gob.ve\\\/wp\\\/?s={search_term_string}\"},\"query-input\":{\"@type\":\"PropertyValueSpecification\",\"valueRequired\":true,\"valueName\":\"search_term_string\"}}],\"inLanguage\":\"es\"},{\"@type\":\"Organization\",\"@id\":\"https:\\\/\\\/stage3.rnv.gob.ve\\\/wp\\\/#organization\",\"name\":\"Radio Nacional de Venezuela C.A.\",\"url\":\"https:\\\/\\\/stage3.rnv.gob.ve\\\/wp\\\/\",\"logo\":{\"@type\":\"ImageObject\",\"inLanguage\":\"es\",\"@id\":\"https:\\\/\\\/stage3.rnv.gob.ve\\\/wp\\\/#\\\/schema\\\/logo\\\/image\\\/\",\"url\":\"http:\\\/\\\/rnv.ddns.net\\\/prensa\\\/wp-content\\\/uploads\\\/2022\\\/04\\\/rnv-1-300x227-1.jpg\",\"contentUrl\":\"http:\\\/\\\/rnv.ddns.net\\\/prensa\\\/wp-content\\\/uploads\\\/2022\\\/04\\\/rnv-1-300x227-1.jpg\",\"width\":800,\"height\":455,\"caption\":\"Radio Nacional de Venezuela C.A.\"},\"image\":{\"@id\":\"https:\\\/\\\/stage3.rnv.gob.ve\\\/wp\\\/#\\\/schema\\\/logo\\\/image\\\/\"},\"sameAs\":[\"https:\\\/\\\/www.facebook.com\\\/RadioNacionaldeVenezuela\",\"https:\\\/\\\/x.com\\\/RNVinformativa\",\"https:\\\/\\\/www.instagram.com\\\/rnvinformativa\\\/\",\"https:\\\/\\\/www.youtube.com\\\/user\\\/RNVContigo\"]},{\"@type\":\"Person\",\"@id\":\"https:\\\/\\\/stage3.rnv.gob.ve\\\/wp\\\/#\\\/schema\\\/person\\\/38556cfd5305194fd9cdd082f68620fb\",\"name\":\"Dayana Romero\",\"url\":\"https:\\\/\\\/stage3.rnv.gob.ve\\\/wp\\\/author\\\/dayana_romero\\\/\"}]}<\/script>\n<!-- \/ Yoast SEO plugin. -->","yoast_head_json":{"title":"Inameh pronostica inestabilidad atmosf\u00e9rica en el occidente del pa\u00eds - DEV RNV","robots":{"index":"noindex","follow":"follow","max-snippet":"max-snippet:-1","max-image-preview":"max-image-preview:large","max-video-preview":"max-video-preview:-1"},"og_locale":"es_ES","og_type":"article","og_title":"Inameh pronostica inestabilidad atmosf\u00e9rica en el occidente del pa\u00eds - DEV RNV","og_description":"De acuerdo con el Instituto Nacional de Meteorolog\u00eda e Hidrolog\u00eda (Inameh), este domingo 27 de noviembre habr\u00e1 inestabilidad atmosf\u00e9rica al occidente de Venezuela. El Inameh pronostic\u00f3, adem\u00e1s, actividad de la Zona de Convergencia Intertropical (ZCIT), lo que originar\u00e1 abundante nubosidad con precipitaciones d\u00e9biles y moderadas en los estados Zulia, Lara, Falc\u00f3n, Trujillo, M\u00e9rida, T\u00e1chira y [&hellip;]","og_url":"https:\/\/stage3.rnv.gob.ve\/wp\/inameh-pronostica-inestabilidad-atmosferica-al-occidente-del-pais\/","og_site_name":"DEV RNV","article_publisher":"https:\/\/www.facebook.com\/RadioNacionaldeVenezuela","article_published_time":"2016-11-27T12:48:21+00:00","author":"Dayana Romero","twitter_card":"summary_large_image","twitter_creator":"@RNVinformativa","twitter_site":"@RNVinformativa","twitter_misc":{"Escrito por":"Dayana Romero","Tiempo estimado de lectura":"1 minuto"},"schema":{"@context":"https:\/\/schema.org","@graph":[{"@type":"Article","@id":"https:\/\/stage3.rnv.gob.ve\/wp\/inameh-pronostica-inestabilidad-atmosferica-al-occidente-del-pais\/#article","isPartOf":{"@id":"https:\/\/stage3.rnv.gob.ve\/wp\/inameh-pronostica-inestabilidad-atmosferica-al-occidente-del-pais\/"},"author":{"name":"Dayana Romero","@id":"https:\/\/stage3.rnv.gob.ve\/wp\/#\/schema\/person\/38556cfd5305194fd9cdd082f68620fb"},"headline":"Inameh pronostica inestabilidad atmosf\u00e9rica en el occidente del pa\u00eds","datePublished":"2016-11-27T12:48:21+00:00","mainEntityOfPage":{"@id":"https:\/\/stage3.rnv.gob.ve\/wp\/inameh-pronostica-inestabilidad-atmosferica-al-occidente-del-pais\/"},"wordCount":117,"publisher":{"@id":"https:\/\/stage3.rnv.gob.ve\/wp\/#organization"},"image":{"@id":"https:\/\/stage3.rnv.gob.ve\/wp\/inameh-pronostica-inestabilidad-atmosferica-al-occidente-del-pais\/#primaryimage"},"thumbnailUrl":"","keywords":["inameh","pron\u00f3stico del tiempo"],"articleSection":["Ambiente"],"inLanguage":"es"},{"@type":"WebPage","@id":"https:\/\/stage3.rnv.gob.ve\/wp\/inameh-pronostica-inestabilidad-atmosferica-al-occidente-del-pais\/","url":"https:\/\/stage3.rnv.gob.ve\/wp\/inameh-pronostica-inestabilidad-atmosferica-al-occidente-del-pais\/","name":"Inameh pronostica inestabilidad atmosf\u00e9rica en el occidente del pa\u00eds - DEV RNV","isPartOf":{"@id":"https:\/\/stage3.rnv.gob.ve\/wp\/#website"},"primaryImageOfPage":{"@id":"https:\/\/stage3.rnv.gob.ve\/wp\/inameh-pronostica-inestabilidad-atmosferica-al-occidente-del-pais\/#primaryimage"},"image":{"@id":"https:\/\/stage3.rnv.gob.ve\/wp\/inameh-pronostica-inestabilidad-atmosferica-al-occidente-del-pais\/#primaryimage"},"thumbnailUrl":"","datePublished":"2016-11-27T12:48:21+00:00","breadcrumb":{"@id":"https:\/\/stage3.rnv.gob.ve\/wp\/inameh-pronostica-inestabilidad-atmosferica-al-occidente-del-pais\/#breadcrumb"},"inLanguage":"es","potentialAction":[{"@type":"ReadAction","target":["https:\/\/stage3.rnv.gob.ve\/wp\/inameh-pronostica-inestabilidad-atmosferica-al-occidente-del-pais\/"]}]},{"@type":"ImageObject","inLanguage":"es","@id":"https:\/\/stage3.rnv.gob.ve\/wp\/inameh-pronostica-inestabilidad-atmosferica-al-occidente-del-pais\/#primaryimage","url":"","contentUrl":""},{"@type":"BreadcrumbList","@id":"https:\/\/stage3.rnv.gob.ve\/wp\/inameh-pronostica-inestabilidad-atmosferica-al-occidente-del-pais\/#breadcrumb","itemListElement":[{"@type":"ListItem","position":1,"name":"Portada","item":"https:\/\/stage3.rnv.gob.ve\/wp\/"},{"@type":"ListItem","position":2,"name":"Inameh Pronostica Inestabilidad Atmosf\u00e9rica En El Occidente Del Pa\u00eds"}]},{"@type":"WebSite","@id":"https:\/\/stage3.rnv.gob.ve\/wp\/#website","url":"https:\/\/stage3.rnv.gob.ve\/wp\/","name":"DEV RNV","description":"Radio Nacional de Venezuela C.A.","publisher":{"@id":"https:\/\/stage3.rnv.gob.ve\/wp\/#organization"},"potentialAction":[{"@type":"SearchAction","target":{"@type":"EntryPoint","urlTemplate":"https:\/\/stage3.rnv.gob.ve\/wp\/?s={search_term_string}"},"query-input":{"@type":"PropertyValueSpecification","valueRequired":true,"valueName":"search_term_string"}}],"inLanguage":"es"},{"@type":"Organization","@id":"https:\/\/stage3.rnv.gob.ve\/wp\/#organization","name":"Radio Nacional de Venezuela C.A.","url":"https:\/\/stage3.rnv.gob.ve\/wp\/","logo":{"@type":"ImageObject","inLanguage":"es","@id":"https:\/\/stage3.rnv.gob.ve\/wp\/#\/schema\/logo\/image\/","url":"http:\/\/rnv.ddns.net\/prensa\/wp-content\/uploads\/2022\/04\/rnv-1-300x227-1.jpg","contentUrl":"http:\/\/rnv.ddns.net\/prensa\/wp-content\/uploads\/2022\/04\/rnv-1-300x227-1.jpg","width":800,"height":455,"caption":"Radio Nacional de Venezuela C.A."},"image":{"@id":"https:\/\/stage3.rnv.gob.ve\/wp\/#\/schema\/logo\/image\/"},"sameAs":["https:\/\/www.facebook.com\/RadioNacionaldeVenezuela","https:\/\/x.com\/RNVinformativa","https:\/\/www.instagram.com\/rnvinformativa\/","https:\/\/www.youtube.com\/user\/RNVContigo"]},{"@type":"Person","@id":"https:\/\/stage3.rnv.gob.ve\/wp\/#\/schema\/person\/38556cfd5305194fd9cdd082f68620fb","name":"Dayana Romero","url":"https:\/\/stage3.rnv.gob.ve\/wp\/author\/dayana_romero\/"}]}},"jetpack_featured_media_url":"","_links":{"self":[{"href":"https:\/\/stage3.rnv.gob.ve\/wp\/wp-json\/wp\/v2\/posts\/92813","targetHints":{"allow":["GET"]}}],"collection":[{"href":"https:\/\/stage3.rnv.gob.ve\/wp\/wp-json\/wp\/v2\/posts"}],"about":[{"href":"https:\/\/stage3.rnv.gob.ve\/wp\/wp-json\/wp\/v2\/types\/post"}],"author":[{"embeddable":true,"href":"https:\/\/stage3.rnv.gob.ve\/wp\/wp-json\/wp\/v2\/users\/24"}],"replies":[{"embeddable":true,"href":"https:\/\/stage3.rnv.gob.ve\/wp\/wp-json\/wp\/v2\/comments?post=92813"}],"version-history":[{"count":0,"href":"https:\/\/stage3.rnv.gob.ve\/wp\/wp-json\/wp\/v2\/posts\/92813\/revisions"}],"wp:featuredmedia":[{"embeddable":true,"href":"https:\/\/stage3.rnv.gob.ve\/wp\/wp-json\/"}],"wp:attachment":[{"href":"https:\/\/stage3.rnv.gob.ve\/wp\/wp-json\/wp\/v2\/media?parent=92813"}],"wp:term":[{"taxonomy":"category","embeddable":true,"href":"https:\/\/stage3.rnv.gob.ve\/wp\/wp-json\/wp\/v2\/categories?post=92813"},{"taxonomy":"post_tag","embeddable":true,"href":"https:\/\/stage3.rnv.gob.ve\/wp\/wp-json\/wp\/v2\/tags?post=92813"}],"curies":[{"name":"wp","href":"https:\/\/api.w.org\/{rel}","templated":true}]}}