{"id":92802,"date":"2016-11-26T20:42:16","date_gmt":"2016-11-27T00:42:16","guid":{"rendered":"http:\/\/wpeditor.rnv.gob.ve\/?p=92802"},"modified":"2016-11-26T20:42:16","modified_gmt":"2016-11-27T00:42:16","slug":"presidente-maduro-mision-cumplida-fidel","status":"publish","type":"post","link":"https:\/\/stage3.rnv.gob.ve\/wp\/presidente-maduro-mision-cumplida-fidel\/","title":{"rendered":"Presidente Maduro: Misi\u00f3n cumplida, Fidel"},"content":{"rendered":"<p style=\"text-align: justify;\"><img fetchpriority=\"high\" decoding=\"async\" class=\"size-medium wp-image-92803 alignleft\" src=\"http:\/\/wpeditor.rnv.gob.ve\/app\/uploads\/2016\/11\/CyOZoouW8AEdpIB-300x200.jpg\" alt=\"CyOZoouW8AEdpIB\" width=\"300\" height=\"200\" \/>Este s\u00e1bado el presidente de la Rep\u00fablica Bolivariana de Venezuela, Nicol\u00e1s Maduro, resalt\u00f3 el papel del l\u00edder de la Revoluci\u00f3n cubana, Fidel Castro Ruz, en el momento hist\u00f3rico que viven los pueblos de Am\u00e9rica latina y el mundo, como parte de la construcci\u00f3n de un nuevo sistema basado en el respeto a la soberan\u00eda y la autodeterminaci\u00f3n de las naciones.<\/p>\n<p style=\"text-align: justify;\">\u00abFidel sobrecumpli\u00f3 su misi\u00f3n. Vuela tranquilo Fidel, vuela en paz, misi\u00f3n cumplida Fidel. Aqu\u00ed estamos nosotros con tu bandera y la bandera de Ch\u00e1vez para seguir cumpliendo la misi\u00f3n de devolver la dignidad y la libertad de nuestros pueblos\u00bb, expres\u00f3 el Presidente durante un homenaje p\u00f3stumo realizado en el Cuartel de la Monta\u00f1a, en Caracas, para rendir honores al l\u00edder fallecido en horas de la noche de este viernes 25 de noviembre.<\/p>\n<p style=\"text-align: justify;\">El presidente Maduro celebr\u00f3 la vida de Fidel Castro, dedicada a la lucha por la libertad y las causas justas de la humanidad, enfrentado al bloqueo econ\u00f3mico, y la ofensiva con la que los Estados Unidos (EE.UU) de norteam\u00e9rica ha intentado vulnerar la decisi\u00f3n soberana de autodeterminaci\u00f3n del pueblo cubano.<\/p>\n<p style=\"text-align: justify;\">\u00ab60 a\u00f1os enfrentando al imperio m\u00e1s asesino y poderoso del mundo, a tan solo noventa millas de distancia. Fidel cambi\u00f3 la historia pol\u00edtica en Am\u00e9rica latina. La Revoluci\u00f3n cubana represent\u00f3 el hecho inicial del fin de la hegemon\u00eda y la dominaci\u00f3n imperial de los EE.UU en Am\u00e9rica latina. Fue la campanada en el siglo XX, y es el ejemplo en el siglo XXI para la lucha de los pueblos\u00bb, asever\u00f3, en transmisi\u00f3n de Venezolana de Televisi\u00f3n.<\/p>\n<p style=\"text-align: justify;\">En este sentido, record\u00f3 el discurso pronunciado por el l\u00edder cubano en la plaza O&#8217;Leary del centro de Caracas, en el a\u00f1o 1959, durante lo que fue su primera visita a Venezuela.<\/p>\n<p style=\"text-align: justify;\">\u00abEn su discurso en el a\u00f1o 59 aqu\u00ed mismo en Caracas, Fidel habl\u00f3 de Bol\u00edvar, y habl\u00f3 del papel que ten\u00eda que jugar Venezuela en el proceso de liberaci\u00f3n y autodeterminaci\u00f3n de todos los pueblos del continente.\u00a0Dijo que cuando Venezuela despertara despertar\u00eda la Am\u00e9rica y que ah\u00ed estar\u00eda Cuba a su lado, para continuar en la lucha\u00bb, record\u00f3.<\/p>\n<p style=\"text-align: justify;\">El Presidente calific\u00f3 el triunfo del presidente Hugo Ch\u00e1vez y la Revoluci\u00f3n Bolivariana en 1999, como el inicio del despertar de los pueblos de Am\u00e9rica latina, para dar comienzo a un cambio definitivo en la geopol\u00edtica y las relaciones entre las naciones soberanas mediante la integraci\u00f3n.<\/p>\n<p style=\"text-align: justify;\">\u00abCuarenta a\u00f1os despu\u00e9s, en 1999, casi coincidiendo con la fecha de aquel discurso prof\u00e9tico de Fidel en la Plaza del Silencio, llegaba a la presidencia de la Rep\u00fablica un l\u00edder bolivariano, un Comandante, y all\u00ed los vimos d\u00e1ndose un abrazo, al comandante Fidel Castro Ruz, y al reci\u00e9n electo presidente de la Rep\u00fablica, Hugo Rafael Ch\u00e1vez Fr\u00edas\u00bb, enfatiz\u00f3.<\/p>\n<p style=\"text-align: justify;\">En el acto de homenaje a quien fue reconocido como un l\u00edder revolucionario mundial, participaron estudiantes de\u00a0Programa Nacional de Formaci\u00f3n en Medicina Integral Comunitaria, que es parte de los convenios de cooperaci\u00f3n que mantiene Venezuela con la Rep\u00fablica de Cuba, as\u00ed como el presidente Nicol\u00e1s Maduro junto a parte de su tren ministerial, y dirigentes pol\u00edticos y sociales de la Revoluci\u00f3n Bolivariana.<\/p>\n<p style=\"text-align: justify;\"><strong>T\/AVN<\/strong><\/p>\n","protected":false},"excerpt":{"rendered":"<p>Este s\u00e1bado el presidente de la Rep\u00fablica Bolivariana de Venezuela, Nicol\u00e1s Maduro, resalt\u00f3 el papel del l\u00edder de la Revoluci\u00f3n cubana, Fidel Castro Ruz, en el momento hist\u00f3rico que viven los pueblos de Am\u00e9rica latina y el mundo, como parte de la construcci\u00f3n de un nuevo sistema basado en el respeto a la soberan\u00eda y [&hellip;]<\/p>\n","protected":false},"author":25,"featured_media":92803,"comment_status":"closed","ping_status":"open","sticky":false,"template":"","format":"standard","meta":{"_acf_changed":false,"footnotes":""},"categories":[65],"tags":[1602,1592],"class_list":["post-92802","post","type-post","status-publish","format-standard","has-post-thumbnail","hentry","category-nacional","tag-fidel-castro","tag-nicolas-maduro"],"acf":[],"yoast_head":"<!-- This site is optimized with the Yoast SEO plugin v27.4 - https:\/\/yoast.com\/product\/yoast-seo-wordpress\/ -->\n<title>Presidente Maduro: Misi\u00f3n cumplida, Fidel - DEV RNV<\/title>\n<meta name=\"robots\" content=\"noindex, follow, max-snippet:-1, max-image-preview:large, max-video-preview:-1\" \/>\n<meta property=\"og:locale\" content=\"es_ES\" \/>\n<meta property=\"og:type\" content=\"article\" \/>\n<meta property=\"og:title\" content=\"Presidente Maduro: Misi\u00f3n cumplida, Fidel - DEV RNV\" \/>\n<meta property=\"og:description\" content=\"Este s\u00e1bado el presidente de la Rep\u00fablica Bolivariana de Venezuela, Nicol\u00e1s Maduro, resalt\u00f3 el papel del l\u00edder de la Revoluci\u00f3n cubana, Fidel Castro Ruz, en el momento hist\u00f3rico que viven los pueblos de Am\u00e9rica latina y el mundo, como parte de la construcci\u00f3n de un nuevo sistema basado en el respeto a la soberan\u00eda y [&hellip;]\" \/>\n<meta property=\"og:url\" content=\"https:\/\/stage3.rnv.gob.ve\/wp\/presidente-maduro-mision-cumplida-fidel\/\" \/>\n<meta property=\"og:site_name\" content=\"DEV RNV\" \/>\n<meta property=\"article:publisher\" content=\"https:\/\/www.facebook.com\/RadioNacionaldeVenezuela\" \/>\n<meta property=\"article:published_time\" content=\"2016-11-27T00:42:16+00:00\" \/>\n<meta name=\"author\" content=\"Claudimar Perche\" \/>\n<meta name=\"twitter:card\" content=\"summary_large_image\" \/>\n<meta name=\"twitter:creator\" content=\"@RNVinformativa\" \/>\n<meta name=\"twitter:site\" content=\"@RNVinformativa\" \/>\n<meta name=\"twitter:label1\" content=\"Escrito por\" \/>\n\t<meta name=\"twitter:data1\" content=\"Claudimar Perche\" \/>\n\t<meta name=\"twitter:label2\" content=\"Tiempo estimado de lectura\" \/>\n\t<meta name=\"twitter:data2\" content=\"3 minutos\" \/>\n<script type=\"application\/ld+json\" class=\"yoast-schema-graph\">{\"@context\":\"https:\\\/\\\/schema.org\",\"@graph\":[{\"@type\":\"Article\",\"@id\":\"https:\\\/\\\/stage3.rnv.gob.ve\\\/wp\\\/presidente-maduro-mision-cumplida-fidel\\\/#article\",\"isPartOf\":{\"@id\":\"https:\\\/\\\/stage3.rnv.gob.ve\\\/wp\\\/presidente-maduro-mision-cumplida-fidel\\\/\"},\"author\":{\"name\":\"Claudimar Perche\",\"@id\":\"https:\\\/\\\/stage3.rnv.gob.ve\\\/wp\\\/#\\\/schema\\\/person\\\/83bdb35224adaa872bbd4d90aaa57a06\"},\"headline\":\"Presidente Maduro: Misi\u00f3n cumplida, Fidel\",\"datePublished\":\"2016-11-27T00:42:16+00:00\",\"mainEntityOfPage\":{\"@id\":\"https:\\\/\\\/stage3.rnv.gob.ve\\\/wp\\\/presidente-maduro-mision-cumplida-fidel\\\/\"},\"wordCount\":584,\"publisher\":{\"@id\":\"https:\\\/\\\/stage3.rnv.gob.ve\\\/wp\\\/#organization\"},\"image\":{\"@id\":\"https:\\\/\\\/stage3.rnv.gob.ve\\\/wp\\\/presidente-maduro-mision-cumplida-fidel\\\/#primaryimage\"},\"thumbnailUrl\":\"\",\"keywords\":[\"Fidel Castro\",\"Nicol\u00e1s Maduro\"],\"articleSection\":[\"Nacional\"],\"inLanguage\":\"es\"},{\"@type\":\"WebPage\",\"@id\":\"https:\\\/\\\/stage3.rnv.gob.ve\\\/wp\\\/presidente-maduro-mision-cumplida-fidel\\\/\",\"url\":\"https:\\\/\\\/stage3.rnv.gob.ve\\\/wp\\\/presidente-maduro-mision-cumplida-fidel\\\/\",\"name\":\"Presidente Maduro: Misi\u00f3n cumplida, Fidel - DEV RNV\",\"isPartOf\":{\"@id\":\"https:\\\/\\\/stage3.rnv.gob.ve\\\/wp\\\/#website\"},\"primaryImageOfPage\":{\"@id\":\"https:\\\/\\\/stage3.rnv.gob.ve\\\/wp\\\/presidente-maduro-mision-cumplida-fidel\\\/#primaryimage\"},\"image\":{\"@id\":\"https:\\\/\\\/stage3.rnv.gob.ve\\\/wp\\\/presidente-maduro-mision-cumplida-fidel\\\/#primaryimage\"},\"thumbnailUrl\":\"\",\"datePublished\":\"2016-11-27T00:42:16+00:00\",\"breadcrumb\":{\"@id\":\"https:\\\/\\\/stage3.rnv.gob.ve\\\/wp\\\/presidente-maduro-mision-cumplida-fidel\\\/#breadcrumb\"},\"inLanguage\":\"es\",\"potentialAction\":[{\"@type\":\"ReadAction\",\"target\":[\"https:\\\/\\\/stage3.rnv.gob.ve\\\/wp\\\/presidente-maduro-mision-cumplida-fidel\\\/\"]}]},{\"@type\":\"ImageObject\",\"inLanguage\":\"es\",\"@id\":\"https:\\\/\\\/stage3.rnv.gob.ve\\\/wp\\\/presidente-maduro-mision-cumplida-fidel\\\/#primaryimage\",\"url\":\"\",\"contentUrl\":\"\"},{\"@type\":\"BreadcrumbList\",\"@id\":\"https:\\\/\\\/stage3.rnv.gob.ve\\\/wp\\\/presidente-maduro-mision-cumplida-fidel\\\/#breadcrumb\",\"itemListElement\":[{\"@type\":\"ListItem\",\"position\":1,\"name\":\"Portada\",\"item\":\"https:\\\/\\\/stage3.rnv.gob.ve\\\/wp\\\/\"},{\"@type\":\"ListItem\",\"position\":2,\"name\":\"Presidente Maduro: Misi\u00f3n Cumplida, Fidel\"}]},{\"@type\":\"WebSite\",\"@id\":\"https:\\\/\\\/stage3.rnv.gob.ve\\\/wp\\\/#website\",\"url\":\"https:\\\/\\\/stage3.rnv.gob.ve\\\/wp\\\/\",\"name\":\"DEV RNV\",\"description\":\"Radio Nacional de Venezuela C.A.\",\"publisher\":{\"@id\":\"https:\\\/\\\/stage3.rnv.gob.ve\\\/wp\\\/#organization\"},\"potentialAction\":[{\"@type\":\"SearchAction\",\"target\":{\"@type\":\"EntryPoint\",\"urlTemplate\":\"https:\\\/\\\/stage3.rnv.gob.ve\\\/wp\\\/?s={search_term_string}\"},\"query-input\":{\"@type\":\"PropertyValueSpecification\",\"valueRequired\":true,\"valueName\":\"search_term_string\"}}],\"inLanguage\":\"es\"},{\"@type\":\"Organization\",\"@id\":\"https:\\\/\\\/stage3.rnv.gob.ve\\\/wp\\\/#organization\",\"name\":\"Radio Nacional de Venezuela C.A.\",\"url\":\"https:\\\/\\\/stage3.rnv.gob.ve\\\/wp\\\/\",\"logo\":{\"@type\":\"ImageObject\",\"inLanguage\":\"es\",\"@id\":\"https:\\\/\\\/stage3.rnv.gob.ve\\\/wp\\\/#\\\/schema\\\/logo\\\/image\\\/\",\"url\":\"http:\\\/\\\/rnv.ddns.net\\\/prensa\\\/wp-content\\\/uploads\\\/2022\\\/04\\\/rnv-1-300x227-1.jpg\",\"contentUrl\":\"http:\\\/\\\/rnv.ddns.net\\\/prensa\\\/wp-content\\\/uploads\\\/2022\\\/04\\\/rnv-1-300x227-1.jpg\",\"width\":800,\"height\":455,\"caption\":\"Radio Nacional de Venezuela C.A.\"},\"image\":{\"@id\":\"https:\\\/\\\/stage3.rnv.gob.ve\\\/wp\\\/#\\\/schema\\\/logo\\\/image\\\/\"},\"sameAs\":[\"https:\\\/\\\/www.facebook.com\\\/RadioNacionaldeVenezuela\",\"https:\\\/\\\/x.com\\\/RNVinformativa\",\"https:\\\/\\\/www.instagram.com\\\/rnvinformativa\\\/\",\"https:\\\/\\\/www.youtube.com\\\/user\\\/RNVContigo\"]},{\"@type\":\"Person\",\"@id\":\"https:\\\/\\\/stage3.rnv.gob.ve\\\/wp\\\/#\\\/schema\\\/person\\\/83bdb35224adaa872bbd4d90aaa57a06\",\"name\":\"Claudimar Perche\",\"url\":\"https:\\\/\\\/stage3.rnv.gob.ve\\\/wp\\\/author\\\/claudimar_perche\\\/\"}]}<\/script>\n<!-- \/ Yoast SEO plugin. -->","yoast_head_json":{"title":"Presidente Maduro: Misi\u00f3n cumplida, Fidel - DEV RNV","robots":{"index":"noindex","follow":"follow","max-snippet":"max-snippet:-1","max-image-preview":"max-image-preview:large","max-video-preview":"max-video-preview:-1"},"og_locale":"es_ES","og_type":"article","og_title":"Presidente Maduro: Misi\u00f3n cumplida, Fidel - DEV RNV","og_description":"Este s\u00e1bado el presidente de la Rep\u00fablica Bolivariana de Venezuela, Nicol\u00e1s Maduro, resalt\u00f3 el papel del l\u00edder de la Revoluci\u00f3n cubana, Fidel Castro Ruz, en el momento hist\u00f3rico que viven los pueblos de Am\u00e9rica latina y el mundo, como parte de la construcci\u00f3n de un nuevo sistema basado en el respeto a la soberan\u00eda y [&hellip;]","og_url":"https:\/\/stage3.rnv.gob.ve\/wp\/presidente-maduro-mision-cumplida-fidel\/","og_site_name":"DEV RNV","article_publisher":"https:\/\/www.facebook.com\/RadioNacionaldeVenezuela","article_published_time":"2016-11-27T00:42:16+00:00","author":"Claudimar Perche","twitter_card":"summary_large_image","twitter_creator":"@RNVinformativa","twitter_site":"@RNVinformativa","twitter_misc":{"Escrito por":"Claudimar Perche","Tiempo estimado de lectura":"3 minutos"},"schema":{"@context":"https:\/\/schema.org","@graph":[{"@type":"Article","@id":"https:\/\/stage3.rnv.gob.ve\/wp\/presidente-maduro-mision-cumplida-fidel\/#article","isPartOf":{"@id":"https:\/\/stage3.rnv.gob.ve\/wp\/presidente-maduro-mision-cumplida-fidel\/"},"author":{"name":"Claudimar Perche","@id":"https:\/\/stage3.rnv.gob.ve\/wp\/#\/schema\/person\/83bdb35224adaa872bbd4d90aaa57a06"},"headline":"Presidente Maduro: Misi\u00f3n cumplida, Fidel","datePublished":"2016-11-27T00:42:16+00:00","mainEntityOfPage":{"@id":"https:\/\/stage3.rnv.gob.ve\/wp\/presidente-maduro-mision-cumplida-fidel\/"},"wordCount":584,"publisher":{"@id":"https:\/\/stage3.rnv.gob.ve\/wp\/#organization"},"image":{"@id":"https:\/\/stage3.rnv.gob.ve\/wp\/presidente-maduro-mision-cumplida-fidel\/#primaryimage"},"thumbnailUrl":"","keywords":["Fidel Castro","Nicol\u00e1s Maduro"],"articleSection":["Nacional"],"inLanguage":"es"},{"@type":"WebPage","@id":"https:\/\/stage3.rnv.gob.ve\/wp\/presidente-maduro-mision-cumplida-fidel\/","url":"https:\/\/stage3.rnv.gob.ve\/wp\/presidente-maduro-mision-cumplida-fidel\/","name":"Presidente Maduro: Misi\u00f3n cumplida, Fidel - DEV RNV","isPartOf":{"@id":"https:\/\/stage3.rnv.gob.ve\/wp\/#website"},"primaryImageOfPage":{"@id":"https:\/\/stage3.rnv.gob.ve\/wp\/presidente-maduro-mision-cumplida-fidel\/#primaryimage"},"image":{"@id":"https:\/\/stage3.rnv.gob.ve\/wp\/presidente-maduro-mision-cumplida-fidel\/#primaryimage"},"thumbnailUrl":"","datePublished":"2016-11-27T00:42:16+00:00","breadcrumb":{"@id":"https:\/\/stage3.rnv.gob.ve\/wp\/presidente-maduro-mision-cumplida-fidel\/#breadcrumb"},"inLanguage":"es","potentialAction":[{"@type":"ReadAction","target":["https:\/\/stage3.rnv.gob.ve\/wp\/presidente-maduro-mision-cumplida-fidel\/"]}]},{"@type":"ImageObject","inLanguage":"es","@id":"https:\/\/stage3.rnv.gob.ve\/wp\/presidente-maduro-mision-cumplida-fidel\/#primaryimage","url":"","contentUrl":""},{"@type":"BreadcrumbList","@id":"https:\/\/stage3.rnv.gob.ve\/wp\/presidente-maduro-mision-cumplida-fidel\/#breadcrumb","itemListElement":[{"@type":"ListItem","position":1,"name":"Portada","item":"https:\/\/stage3.rnv.gob.ve\/wp\/"},{"@type":"ListItem","position":2,"name":"Presidente Maduro: Misi\u00f3n Cumplida, Fidel"}]},{"@type":"WebSite","@id":"https:\/\/stage3.rnv.gob.ve\/wp\/#website","url":"https:\/\/stage3.rnv.gob.ve\/wp\/","name":"DEV RNV","description":"Radio Nacional de Venezuela C.A.","publisher":{"@id":"https:\/\/stage3.rnv.gob.ve\/wp\/#organization"},"potentialAction":[{"@type":"SearchAction","target":{"@type":"EntryPoint","urlTemplate":"https:\/\/stage3.rnv.gob.ve\/wp\/?s={search_term_string}"},"query-input":{"@type":"PropertyValueSpecification","valueRequired":true,"valueName":"search_term_string"}}],"inLanguage":"es"},{"@type":"Organization","@id":"https:\/\/stage3.rnv.gob.ve\/wp\/#organization","name":"Radio Nacional de Venezuela C.A.","url":"https:\/\/stage3.rnv.gob.ve\/wp\/","logo":{"@type":"ImageObject","inLanguage":"es","@id":"https:\/\/stage3.rnv.gob.ve\/wp\/#\/schema\/logo\/image\/","url":"http:\/\/rnv.ddns.net\/prensa\/wp-content\/uploads\/2022\/04\/rnv-1-300x227-1.jpg","contentUrl":"http:\/\/rnv.ddns.net\/prensa\/wp-content\/uploads\/2022\/04\/rnv-1-300x227-1.jpg","width":800,"height":455,"caption":"Radio Nacional de Venezuela C.A."},"image":{"@id":"https:\/\/stage3.rnv.gob.ve\/wp\/#\/schema\/logo\/image\/"},"sameAs":["https:\/\/www.facebook.com\/RadioNacionaldeVenezuela","https:\/\/x.com\/RNVinformativa","https:\/\/www.instagram.com\/rnvinformativa\/","https:\/\/www.youtube.com\/user\/RNVContigo"]},{"@type":"Person","@id":"https:\/\/stage3.rnv.gob.ve\/wp\/#\/schema\/person\/83bdb35224adaa872bbd4d90aaa57a06","name":"Claudimar Perche","url":"https:\/\/stage3.rnv.gob.ve\/wp\/author\/claudimar_perche\/"}]}},"jetpack_featured_media_url":"","_links":{"self":[{"href":"https:\/\/stage3.rnv.gob.ve\/wp\/wp-json\/wp\/v2\/posts\/92802","targetHints":{"allow":["GET"]}}],"collection":[{"href":"https:\/\/stage3.rnv.gob.ve\/wp\/wp-json\/wp\/v2\/posts"}],"about":[{"href":"https:\/\/stage3.rnv.gob.ve\/wp\/wp-json\/wp\/v2\/types\/post"}],"author":[{"embeddable":true,"href":"https:\/\/stage3.rnv.gob.ve\/wp\/wp-json\/wp\/v2\/users\/25"}],"replies":[{"embeddable":true,"href":"https:\/\/stage3.rnv.gob.ve\/wp\/wp-json\/wp\/v2\/comments?post=92802"}],"version-history":[{"count":0,"href":"https:\/\/stage3.rnv.gob.ve\/wp\/wp-json\/wp\/v2\/posts\/92802\/revisions"}],"wp:featuredmedia":[{"embeddable":true,"href":"https:\/\/stage3.rnv.gob.ve\/wp\/wp-json\/"}],"wp:attachment":[{"href":"https:\/\/stage3.rnv.gob.ve\/wp\/wp-json\/wp\/v2\/media?parent=92802"}],"wp:term":[{"taxonomy":"category","embeddable":true,"href":"https:\/\/stage3.rnv.gob.ve\/wp\/wp-json\/wp\/v2\/categories?post=92802"},{"taxonomy":"post_tag","embeddable":true,"href":"https:\/\/stage3.rnv.gob.ve\/wp\/wp-json\/wp\/v2\/tags?post=92802"}],"curies":[{"name":"wp","href":"https:\/\/api.w.org\/{rel}","templated":true}]}}