{"id":9209,"date":"2016-03-23T18:47:44","date_gmt":"2016-03-23T23:17:44","guid":{"rendered":"http:\/\/wpeditor.rnv.gob.ve\/?p=9209"},"modified":"2016-03-23T18:47:44","modified_gmt":"2016-03-23T23:17:44","slug":"operativo-semana-santa-segura-2016-no-reporta-incidentes-en-anzoategui","status":"publish","type":"post","link":"https:\/\/stage3.rnv.gob.ve\/wp\/operativo-semana-santa-segura-2016-no-reporta-incidentes-en-anzoategui\/","title":{"rendered":"Operativo Semana Santa Segura 2016 no reporta incidentes en Anzo\u00e1tegui"},"content":{"rendered":"<figure id=\"attachment_9234\" aria-describedby=\"caption-attachment-9234\" style=\"width: 300px\" class=\"wp-caption alignleft\"><img fetchpriority=\"high\" decoding=\"async\" class=\"size-medium wp-image-9234\" src=\"http:\/\/wpeditor.rnv.gob.ve\/app\/uploads\/2016\/03\/operativo-300x200.jpg\" alt=\"Foto: Archivo\" width=\"300\" height=\"200\" \/><figcaption id=\"caption-attachment-9234\" class=\"wp-caption-text\">Foto: Archivo<\/figcaption><\/figure>\n<p style=\"text-align: justify;\">\u00c1ngel Mu\u00f1oz, director regional del Sistema Integrado de Gesti\u00f3n de Riesgo de Administraci\u00f3n de Emergencias y Desastres del estado Anzo\u00e1tegui, inform\u00f3 que hasta los momentos no se reporta ning\u00fan incidente. \u00a0\u00a0<!--more--><\/p>\n<p>Mu\u00f1oz, record\u00f3 que en la regi\u00f3n est\u00e1n activados 161 puntos de control, asistencia e informaci\u00f3n por el asueto de la Semana Mayor, acotando se han desplegados m\u00e1s de 7 mil funcionarios, que est\u00e1n trabajando en el Dispositivo Semana Santa Segura 2016.<br \/>\n<strong>Escuche el reporte de Samuel Toledo para RNV<\/strong><br \/>\n<audio class=\"wp-audio-shortcode\" id=\"audio-9209-1\" preload=\"none\" style=\"width: 100%;\" controls=\"controls\"><source type=\"audio\/mpeg\" src=\"http:\/\/wpeditor.rnv.gob.ve\/app\/uploads\/2016\/03\/barcelona-1.mp3?_=1\" \/><a href=\"http:\/\/wpeditor.rnv.gob.ve\/app\/uploads\/2016\/03\/barcelona-1.mp3\">http:\/\/wpeditor.rnv.gob.ve\/app\/uploads\/2016\/03\/barcelona-1.mp3<\/a><\/audio><br \/>\n<strong>Prensa RNV\/ Corresponsal\u00eda Anzo\u00e1tegui\/ST\/FH<\/strong><\/p>\n","protected":false},"excerpt":{"rendered":"<p>\u00c1ngel Mu\u00f1oz, director regional del Sistema Integrado de Gesti\u00f3n de Riesgo de Administraci\u00f3n de Emergencias y Desastres del estado Anzo\u00e1tegui, inform\u00f3 que hasta los momentos no se reporta ning\u00fan incidente. \u00a0\u00a0<\/p>\n","protected":false},"author":2,"featured_media":9234,"comment_status":"closed","ping_status":"open","sticky":false,"template":"","format":"standard","meta":{"_acf_changed":false,"footnotes":""},"categories":[69],"tags":[546,719,82,181],"class_list":["post-9209","post","type-post","status-publish","format-standard","has-post-thumbnail","hentry","category-regional","tag-anzoategui","tag-operativo","tag-rnv","tag-seguridad"],"acf":[],"yoast_head":"<!-- This site is optimized with the Yoast SEO plugin v27.4 - https:\/\/yoast.com\/product\/yoast-seo-wordpress\/ -->\n<title>Operativo Semana Santa Segura 2016 no reporta incidentes en Anzo\u00e1tegui - DEV RNV<\/title>\n<meta name=\"robots\" content=\"noindex, follow, max-snippet:-1, max-image-preview:large, max-video-preview:-1\" \/>\n<meta property=\"og:locale\" content=\"es_ES\" \/>\n<meta property=\"og:type\" content=\"article\" \/>\n<meta property=\"og:title\" content=\"Operativo Semana Santa Segura 2016 no reporta incidentes en Anzo\u00e1tegui - DEV RNV\" \/>\n<meta property=\"og:description\" content=\"\u00c1ngel Mu\u00f1oz, director regional del Sistema Integrado de Gesti\u00f3n de Riesgo de Administraci\u00f3n de Emergencias y Desastres del estado Anzo\u00e1tegui, inform\u00f3 que hasta los momentos no se reporta ning\u00fan incidente. \u00a0\u00a0\" \/>\n<meta property=\"og:url\" content=\"https:\/\/stage3.rnv.gob.ve\/wp\/operativo-semana-santa-segura-2016-no-reporta-incidentes-en-anzoategui\/\" \/>\n<meta property=\"og:site_name\" content=\"DEV RNV\" \/>\n<meta property=\"article:publisher\" content=\"https:\/\/www.facebook.com\/RadioNacionaldeVenezuela\" \/>\n<meta property=\"article:published_time\" content=\"2016-03-23T23:17:44+00:00\" \/>\n<meta name=\"author\" content=\"Daniel Peralta\" \/>\n<meta name=\"twitter:card\" content=\"summary_large_image\" \/>\n<meta name=\"twitter:creator\" content=\"@RNVinformativa\" \/>\n<meta name=\"twitter:site\" content=\"@RNVinformativa\" \/>\n<meta name=\"twitter:label1\" content=\"Escrito por\" \/>\n\t<meta name=\"twitter:data1\" content=\"Daniel Peralta\" \/>\n\t<meta name=\"twitter:label2\" content=\"Tiempo estimado de lectura\" \/>\n\t<meta name=\"twitter:data2\" content=\"1 minuto\" \/>\n<script type=\"application\/ld+json\" class=\"yoast-schema-graph\">{\"@context\":\"https:\\\/\\\/schema.org\",\"@graph\":[{\"@type\":\"Article\",\"@id\":\"https:\\\/\\\/stage3.rnv.gob.ve\\\/wp\\\/operativo-semana-santa-segura-2016-no-reporta-incidentes-en-anzoategui\\\/#article\",\"isPartOf\":{\"@id\":\"https:\\\/\\\/stage3.rnv.gob.ve\\\/wp\\\/operativo-semana-santa-segura-2016-no-reporta-incidentes-en-anzoategui\\\/\"},\"author\":{\"name\":\"Daniel Peralta\",\"@id\":\"https:\\\/\\\/stage3.rnv.gob.ve\\\/wp\\\/#\\\/schema\\\/person\\\/d9cd31b2b60c5c2e489f54856b6cb03d\"},\"headline\":\"Operativo Semana Santa Segura 2016 no reporta incidentes en Anzo\u00e1tegui\",\"datePublished\":\"2016-03-23T23:17:44+00:00\",\"mainEntityOfPage\":{\"@id\":\"https:\\\/\\\/stage3.rnv.gob.ve\\\/wp\\\/operativo-semana-santa-segura-2016-no-reporta-incidentes-en-anzoategui\\\/\"},\"wordCount\":126,\"publisher\":{\"@id\":\"https:\\\/\\\/stage3.rnv.gob.ve\\\/wp\\\/#organization\"},\"image\":{\"@id\":\"https:\\\/\\\/stage3.rnv.gob.ve\\\/wp\\\/operativo-semana-santa-segura-2016-no-reporta-incidentes-en-anzoategui\\\/#primaryimage\"},\"thumbnailUrl\":\"\",\"keywords\":[\"anzo\u00e1tegui\",\"operativo\",\"RNV\",\"seguridad\"],\"articleSection\":[\"Regional\"],\"inLanguage\":\"es\"},{\"@type\":\"WebPage\",\"@id\":\"https:\\\/\\\/stage3.rnv.gob.ve\\\/wp\\\/operativo-semana-santa-segura-2016-no-reporta-incidentes-en-anzoategui\\\/\",\"url\":\"https:\\\/\\\/stage3.rnv.gob.ve\\\/wp\\\/operativo-semana-santa-segura-2016-no-reporta-incidentes-en-anzoategui\\\/\",\"name\":\"Operativo Semana Santa Segura 2016 no reporta incidentes en Anzo\u00e1tegui - DEV RNV\",\"isPartOf\":{\"@id\":\"https:\\\/\\\/stage3.rnv.gob.ve\\\/wp\\\/#website\"},\"primaryImageOfPage\":{\"@id\":\"https:\\\/\\\/stage3.rnv.gob.ve\\\/wp\\\/operativo-semana-santa-segura-2016-no-reporta-incidentes-en-anzoategui\\\/#primaryimage\"},\"image\":{\"@id\":\"https:\\\/\\\/stage3.rnv.gob.ve\\\/wp\\\/operativo-semana-santa-segura-2016-no-reporta-incidentes-en-anzoategui\\\/#primaryimage\"},\"thumbnailUrl\":\"\",\"datePublished\":\"2016-03-23T23:17:44+00:00\",\"breadcrumb\":{\"@id\":\"https:\\\/\\\/stage3.rnv.gob.ve\\\/wp\\\/operativo-semana-santa-segura-2016-no-reporta-incidentes-en-anzoategui\\\/#breadcrumb\"},\"inLanguage\":\"es\",\"potentialAction\":[{\"@type\":\"ReadAction\",\"target\":[\"https:\\\/\\\/stage3.rnv.gob.ve\\\/wp\\\/operativo-semana-santa-segura-2016-no-reporta-incidentes-en-anzoategui\\\/\"]}]},{\"@type\":\"ImageObject\",\"inLanguage\":\"es\",\"@id\":\"https:\\\/\\\/stage3.rnv.gob.ve\\\/wp\\\/operativo-semana-santa-segura-2016-no-reporta-incidentes-en-anzoategui\\\/#primaryimage\",\"url\":\"\",\"contentUrl\":\"\"},{\"@type\":\"BreadcrumbList\",\"@id\":\"https:\\\/\\\/stage3.rnv.gob.ve\\\/wp\\\/operativo-semana-santa-segura-2016-no-reporta-incidentes-en-anzoategui\\\/#breadcrumb\",\"itemListElement\":[{\"@type\":\"ListItem\",\"position\":1,\"name\":\"Portada\",\"item\":\"https:\\\/\\\/stage3.rnv.gob.ve\\\/wp\\\/\"},{\"@type\":\"ListItem\",\"position\":2,\"name\":\"Operativo Semana Santa Segura 2016 No Reporta Incidentes En Anzo\u00e1tegui\"}]},{\"@type\":\"WebSite\",\"@id\":\"https:\\\/\\\/stage3.rnv.gob.ve\\\/wp\\\/#website\",\"url\":\"https:\\\/\\\/stage3.rnv.gob.ve\\\/wp\\\/\",\"name\":\"DEV RNV\",\"description\":\"Radio Nacional de Venezuela C.A.\",\"publisher\":{\"@id\":\"https:\\\/\\\/stage3.rnv.gob.ve\\\/wp\\\/#organization\"},\"potentialAction\":[{\"@type\":\"SearchAction\",\"target\":{\"@type\":\"EntryPoint\",\"urlTemplate\":\"https:\\\/\\\/stage3.rnv.gob.ve\\\/wp\\\/?s={search_term_string}\"},\"query-input\":{\"@type\":\"PropertyValueSpecification\",\"valueRequired\":true,\"valueName\":\"search_term_string\"}}],\"inLanguage\":\"es\"},{\"@type\":\"Organization\",\"@id\":\"https:\\\/\\\/stage3.rnv.gob.ve\\\/wp\\\/#organization\",\"name\":\"Radio Nacional de Venezuela C.A.\",\"url\":\"https:\\\/\\\/stage3.rnv.gob.ve\\\/wp\\\/\",\"logo\":{\"@type\":\"ImageObject\",\"inLanguage\":\"es\",\"@id\":\"https:\\\/\\\/stage3.rnv.gob.ve\\\/wp\\\/#\\\/schema\\\/logo\\\/image\\\/\",\"url\":\"http:\\\/\\\/rnv.ddns.net\\\/prensa\\\/wp-content\\\/uploads\\\/2022\\\/04\\\/rnv-1-300x227-1.jpg\",\"contentUrl\":\"http:\\\/\\\/rnv.ddns.net\\\/prensa\\\/wp-content\\\/uploads\\\/2022\\\/04\\\/rnv-1-300x227-1.jpg\",\"width\":800,\"height\":455,\"caption\":\"Radio Nacional de Venezuela C.A.\"},\"image\":{\"@id\":\"https:\\\/\\\/stage3.rnv.gob.ve\\\/wp\\\/#\\\/schema\\\/logo\\\/image\\\/\"},\"sameAs\":[\"https:\\\/\\\/www.facebook.com\\\/RadioNacionaldeVenezuela\",\"https:\\\/\\\/x.com\\\/RNVinformativa\",\"https:\\\/\\\/www.instagram.com\\\/rnvinformativa\\\/\",\"https:\\\/\\\/www.youtube.com\\\/user\\\/RNVContigo\"]},{\"@type\":\"Person\",\"@id\":\"https:\\\/\\\/stage3.rnv.gob.ve\\\/wp\\\/#\\\/schema\\\/person\\\/d9cd31b2b60c5c2e489f54856b6cb03d\",\"name\":\"Daniel Peralta\",\"url\":\"https:\\\/\\\/stage3.rnv.gob.ve\\\/wp\\\/author\\\/daniel_peralta\\\/\"}]}<\/script>\n<!-- \/ Yoast SEO plugin. -->","yoast_head_json":{"title":"Operativo Semana Santa Segura 2016 no reporta incidentes en Anzo\u00e1tegui - DEV RNV","robots":{"index":"noindex","follow":"follow","max-snippet":"max-snippet:-1","max-image-preview":"max-image-preview:large","max-video-preview":"max-video-preview:-1"},"og_locale":"es_ES","og_type":"article","og_title":"Operativo Semana Santa Segura 2016 no reporta incidentes en Anzo\u00e1tegui - DEV RNV","og_description":"\u00c1ngel Mu\u00f1oz, director regional del Sistema Integrado de Gesti\u00f3n de Riesgo de Administraci\u00f3n de Emergencias y Desastres del estado Anzo\u00e1tegui, inform\u00f3 que hasta los momentos no se reporta ning\u00fan incidente. \u00a0\u00a0","og_url":"https:\/\/stage3.rnv.gob.ve\/wp\/operativo-semana-santa-segura-2016-no-reporta-incidentes-en-anzoategui\/","og_site_name":"DEV RNV","article_publisher":"https:\/\/www.facebook.com\/RadioNacionaldeVenezuela","article_published_time":"2016-03-23T23:17:44+00:00","author":"Daniel Peralta","twitter_card":"summary_large_image","twitter_creator":"@RNVinformativa","twitter_site":"@RNVinformativa","twitter_misc":{"Escrito por":"Daniel Peralta","Tiempo estimado de lectura":"1 minuto"},"schema":{"@context":"https:\/\/schema.org","@graph":[{"@type":"Article","@id":"https:\/\/stage3.rnv.gob.ve\/wp\/operativo-semana-santa-segura-2016-no-reporta-incidentes-en-anzoategui\/#article","isPartOf":{"@id":"https:\/\/stage3.rnv.gob.ve\/wp\/operativo-semana-santa-segura-2016-no-reporta-incidentes-en-anzoategui\/"},"author":{"name":"Daniel Peralta","@id":"https:\/\/stage3.rnv.gob.ve\/wp\/#\/schema\/person\/d9cd31b2b60c5c2e489f54856b6cb03d"},"headline":"Operativo Semana Santa Segura 2016 no reporta incidentes en Anzo\u00e1tegui","datePublished":"2016-03-23T23:17:44+00:00","mainEntityOfPage":{"@id":"https:\/\/stage3.rnv.gob.ve\/wp\/operativo-semana-santa-segura-2016-no-reporta-incidentes-en-anzoategui\/"},"wordCount":126,"publisher":{"@id":"https:\/\/stage3.rnv.gob.ve\/wp\/#organization"},"image":{"@id":"https:\/\/stage3.rnv.gob.ve\/wp\/operativo-semana-santa-segura-2016-no-reporta-incidentes-en-anzoategui\/#primaryimage"},"thumbnailUrl":"","keywords":["anzo\u00e1tegui","operativo","RNV","seguridad"],"articleSection":["Regional"],"inLanguage":"es"},{"@type":"WebPage","@id":"https:\/\/stage3.rnv.gob.ve\/wp\/operativo-semana-santa-segura-2016-no-reporta-incidentes-en-anzoategui\/","url":"https:\/\/stage3.rnv.gob.ve\/wp\/operativo-semana-santa-segura-2016-no-reporta-incidentes-en-anzoategui\/","name":"Operativo Semana Santa Segura 2016 no reporta incidentes en Anzo\u00e1tegui - DEV RNV","isPartOf":{"@id":"https:\/\/stage3.rnv.gob.ve\/wp\/#website"},"primaryImageOfPage":{"@id":"https:\/\/stage3.rnv.gob.ve\/wp\/operativo-semana-santa-segura-2016-no-reporta-incidentes-en-anzoategui\/#primaryimage"},"image":{"@id":"https:\/\/stage3.rnv.gob.ve\/wp\/operativo-semana-santa-segura-2016-no-reporta-incidentes-en-anzoategui\/#primaryimage"},"thumbnailUrl":"","datePublished":"2016-03-23T23:17:44+00:00","breadcrumb":{"@id":"https:\/\/stage3.rnv.gob.ve\/wp\/operativo-semana-santa-segura-2016-no-reporta-incidentes-en-anzoategui\/#breadcrumb"},"inLanguage":"es","potentialAction":[{"@type":"ReadAction","target":["https:\/\/stage3.rnv.gob.ve\/wp\/operativo-semana-santa-segura-2016-no-reporta-incidentes-en-anzoategui\/"]}]},{"@type":"ImageObject","inLanguage":"es","@id":"https:\/\/stage3.rnv.gob.ve\/wp\/operativo-semana-santa-segura-2016-no-reporta-incidentes-en-anzoategui\/#primaryimage","url":"","contentUrl":""},{"@type":"BreadcrumbList","@id":"https:\/\/stage3.rnv.gob.ve\/wp\/operativo-semana-santa-segura-2016-no-reporta-incidentes-en-anzoategui\/#breadcrumb","itemListElement":[{"@type":"ListItem","position":1,"name":"Portada","item":"https:\/\/stage3.rnv.gob.ve\/wp\/"},{"@type":"ListItem","position":2,"name":"Operativo Semana Santa Segura 2016 No Reporta Incidentes En Anzo\u00e1tegui"}]},{"@type":"WebSite","@id":"https:\/\/stage3.rnv.gob.ve\/wp\/#website","url":"https:\/\/stage3.rnv.gob.ve\/wp\/","name":"DEV RNV","description":"Radio Nacional de Venezuela C.A.","publisher":{"@id":"https:\/\/stage3.rnv.gob.ve\/wp\/#organization"},"potentialAction":[{"@type":"SearchAction","target":{"@type":"EntryPoint","urlTemplate":"https:\/\/stage3.rnv.gob.ve\/wp\/?s={search_term_string}"},"query-input":{"@type":"PropertyValueSpecification","valueRequired":true,"valueName":"search_term_string"}}],"inLanguage":"es"},{"@type":"Organization","@id":"https:\/\/stage3.rnv.gob.ve\/wp\/#organization","name":"Radio Nacional de Venezuela C.A.","url":"https:\/\/stage3.rnv.gob.ve\/wp\/","logo":{"@type":"ImageObject","inLanguage":"es","@id":"https:\/\/stage3.rnv.gob.ve\/wp\/#\/schema\/logo\/image\/","url":"http:\/\/rnv.ddns.net\/prensa\/wp-content\/uploads\/2022\/04\/rnv-1-300x227-1.jpg","contentUrl":"http:\/\/rnv.ddns.net\/prensa\/wp-content\/uploads\/2022\/04\/rnv-1-300x227-1.jpg","width":800,"height":455,"caption":"Radio Nacional de Venezuela C.A."},"image":{"@id":"https:\/\/stage3.rnv.gob.ve\/wp\/#\/schema\/logo\/image\/"},"sameAs":["https:\/\/www.facebook.com\/RadioNacionaldeVenezuela","https:\/\/x.com\/RNVinformativa","https:\/\/www.instagram.com\/rnvinformativa\/","https:\/\/www.youtube.com\/user\/RNVContigo"]},{"@type":"Person","@id":"https:\/\/stage3.rnv.gob.ve\/wp\/#\/schema\/person\/d9cd31b2b60c5c2e489f54856b6cb03d","name":"Daniel Peralta","url":"https:\/\/stage3.rnv.gob.ve\/wp\/author\/daniel_peralta\/"}]}},"jetpack_featured_media_url":"","_links":{"self":[{"href":"https:\/\/stage3.rnv.gob.ve\/wp\/wp-json\/wp\/v2\/posts\/9209","targetHints":{"allow":["GET"]}}],"collection":[{"href":"https:\/\/stage3.rnv.gob.ve\/wp\/wp-json\/wp\/v2\/posts"}],"about":[{"href":"https:\/\/stage3.rnv.gob.ve\/wp\/wp-json\/wp\/v2\/types\/post"}],"author":[{"embeddable":true,"href":"https:\/\/stage3.rnv.gob.ve\/wp\/wp-json\/wp\/v2\/users\/2"}],"replies":[{"embeddable":true,"href":"https:\/\/stage3.rnv.gob.ve\/wp\/wp-json\/wp\/v2\/comments?post=9209"}],"version-history":[{"count":0,"href":"https:\/\/stage3.rnv.gob.ve\/wp\/wp-json\/wp\/v2\/posts\/9209\/revisions"}],"wp:featuredmedia":[{"embeddable":true,"href":"https:\/\/stage3.rnv.gob.ve\/wp\/wp-json\/"}],"wp:attachment":[{"href":"https:\/\/stage3.rnv.gob.ve\/wp\/wp-json\/wp\/v2\/media?parent=9209"}],"wp:term":[{"taxonomy":"category","embeddable":true,"href":"https:\/\/stage3.rnv.gob.ve\/wp\/wp-json\/wp\/v2\/categories?post=9209"},{"taxonomy":"post_tag","embeddable":true,"href":"https:\/\/stage3.rnv.gob.ve\/wp\/wp-json\/wp\/v2\/tags?post=9209"}],"curies":[{"name":"wp","href":"https:\/\/api.w.org\/{rel}","templated":true}]}}