{"id":9004,"date":"2016-03-23T08:46:15","date_gmt":"2016-03-23T13:16:15","guid":{"rendered":"http:\/\/wpeditor.rnv.gob.ve\/?p=9004"},"modified":"2016-03-23T08:46:15","modified_gmt":"2016-03-23T13:16:15","slug":"gobierno-sirio-condena-energicamente-los-atentados-terroristas-de-bruselas","status":"publish","type":"post","link":"https:\/\/stage3.rnv.gob.ve\/wp\/gobierno-sirio-condena-energicamente-los-atentados-terroristas-de-bruselas\/","title":{"rendered":"Gobierno sirio condena en\u00e9rgicamente los atentados terroristas de Bruselas"},"content":{"rendered":"<p><figure id=\"attachment_9005\" aria-describedby=\"caption-attachment-9005\" style=\"width: 300px\" class=\"wp-caption alignleft\"><img fetchpriority=\"high\" decoding=\"async\" class=\"size-medium wp-image-9005\" src=\"http:\/\/wpeditor.rnv.gob.ve\/app\/uploads\/2016\/03\/CancilleriaSiria-300x168.jpg\" alt=\"Edificio de la Canciler\u00eda Siria en Damasco\" width=\"300\" height=\"168\" \/><figcaption id=\"caption-attachment-9005\" class=\"wp-caption-text\">Edificio de la Canciler\u00eda Siria en Damasco<\/figcaption><\/figure><br \/>\nLa Rep\u00fablica \u00c1rabe Siria conden\u00f3 los ataques terroristas que se produjeron este martes en la capital Bruselas, rese\u00f1a nota publicada en el portal de la Agencia \u00c1rabe Sirira de Noticias (SANA).<br \/>\nUna fuente oficial del Ministerio de Exteriores y Expatriados declar\u00f3 que \u201cla Rep\u00fablica \u00c1rabe Siria condena en\u00e9rgicamente los ataques terroristas que sacudieron la capital belga, Bruselas, y expresa sus condolencias a las familias de las v\u00edctimas\u201d.<br \/>\nLa fuente agreg\u00f3 que \u201clos ataques terroristas en Bruselas, y antes de eso en Par\u00eds y en otras partes del mundo, reafirman que el terrorismo no tiene fronteras y es el resultado inevitable de las pol\u00edticas equivocadas y del uso del terrorismo para lograr ciertas agendas y tambi\u00e9n de la legalizaci\u00f3n del terrorismo a trav\u00e9s de la calificaci\u00f3n de algunos grupos terroristas como moderados, pero en \u00faltima instancia, son derivados de la ideolog\u00eda takfir\u00ed y wahab\u00ed\u201d.<br \/>\nExplic\u00f3 que \u201cSiria que est\u00e1 enfrentando un terrorismo takfir\u00ed desde hace cinco a\u00f1os, reitera su llamado a la uni\u00f3n de los esfuerzos internacionales sinceros para hacer frente a la amenaza del terrorismo y frenar el comportamiento de los Estados patrocinadores de esta lacra y oblig\u00e1ndolos a dejar de suministrar cualquier tipo de apoyo a los grupos terroristas con el fin de preservar la paz y la estabilidad en la regi\u00f3n y el mundo\u201d.<br \/>\nLa posici\u00f3n del gobierno Sirio contrasta con la postura adoptada por los gobiernos occidentales que han promovido y aupado la creaci\u00f3n de grupos terroristas para derrocar al gobierno del presidente Bashar Al Assad.<br \/>\nCon Informaci\u00f3n de la Agencia \u00c1rabe Sirira de Noticias (SANA)<\/p>\n","protected":false},"excerpt":{"rendered":"<p>La Rep\u00fablica \u00c1rabe Siria conden\u00f3 los ataques terroristas que se produjeron este martes en la capital Bruselas, rese\u00f1a nota publicada en el portal de la Agencia \u00c1rabe Sirira de Noticias (SANA). Una fuente oficial del Ministerio de Exteriores y Expatriados declar\u00f3 que \u201cla Rep\u00fablica \u00c1rabe Siria condena en\u00e9rgicamente los ataques terroristas que sacudieron la capital [&hellip;]<\/p>\n","protected":false},"author":2,"featured_media":9005,"comment_status":"closed","ping_status":"open","sticky":false,"template":"","format":"standard","meta":{"_acf_changed":false,"footnotes":""},"categories":[61],"tags":[1831,1832,1833,82,797,1792],"class_list":["post-9004","post","type-post","status-publish","format-standard","has-post-thumbnail","hentry","category-internacional","tag-atentados","tag-brusela","tag-damasco","tag-rnv","tag-siria","tag-terroristas"],"acf":[],"yoast_head":"<!-- This site is optimized with the Yoast SEO plugin v27.4 - https:\/\/yoast.com\/product\/yoast-seo-wordpress\/ -->\n<title>Gobierno sirio condena en\u00e9rgicamente los atentados terroristas de Bruselas - DEV RNV<\/title>\n<meta name=\"robots\" content=\"noindex, follow, max-snippet:-1, max-image-preview:large, max-video-preview:-1\" \/>\n<meta property=\"og:locale\" content=\"es_ES\" \/>\n<meta property=\"og:type\" content=\"article\" \/>\n<meta property=\"og:title\" content=\"Gobierno sirio condena en\u00e9rgicamente los atentados terroristas de Bruselas - DEV RNV\" \/>\n<meta property=\"og:description\" content=\"La Rep\u00fablica \u00c1rabe Siria conden\u00f3 los ataques terroristas que se produjeron este martes en la capital Bruselas, rese\u00f1a nota publicada en el portal de la Agencia \u00c1rabe Sirira de Noticias (SANA). Una fuente oficial del Ministerio de Exteriores y Expatriados declar\u00f3 que \u201cla Rep\u00fablica \u00c1rabe Siria condena en\u00e9rgicamente los ataques terroristas que sacudieron la capital [&hellip;]\" \/>\n<meta property=\"og:url\" content=\"https:\/\/stage3.rnv.gob.ve\/wp\/gobierno-sirio-condena-energicamente-los-atentados-terroristas-de-bruselas\/\" \/>\n<meta property=\"og:site_name\" content=\"DEV RNV\" \/>\n<meta property=\"article:publisher\" content=\"https:\/\/www.facebook.com\/RadioNacionaldeVenezuela\" \/>\n<meta property=\"article:published_time\" content=\"2016-03-23T13:16:15+00:00\" \/>\n<meta name=\"author\" content=\"Daniel Peralta\" \/>\n<meta name=\"twitter:card\" content=\"summary_large_image\" \/>\n<meta name=\"twitter:creator\" content=\"@RNVinformativa\" \/>\n<meta name=\"twitter:site\" content=\"@RNVinformativa\" \/>\n<meta name=\"twitter:label1\" content=\"Escrito por\" \/>\n\t<meta name=\"twitter:data1\" content=\"Daniel Peralta\" \/>\n\t<meta name=\"twitter:label2\" content=\"Tiempo estimado de lectura\" \/>\n\t<meta name=\"twitter:data2\" content=\"1 minuto\" \/>\n<script type=\"application\/ld+json\" class=\"yoast-schema-graph\">{\"@context\":\"https:\\\/\\\/schema.org\",\"@graph\":[{\"@type\":\"Article\",\"@id\":\"https:\\\/\\\/stage3.rnv.gob.ve\\\/wp\\\/gobierno-sirio-condena-energicamente-los-atentados-terroristas-de-bruselas\\\/#article\",\"isPartOf\":{\"@id\":\"https:\\\/\\\/stage3.rnv.gob.ve\\\/wp\\\/gobierno-sirio-condena-energicamente-los-atentados-terroristas-de-bruselas\\\/\"},\"author\":{\"name\":\"Daniel Peralta\",\"@id\":\"https:\\\/\\\/stage3.rnv.gob.ve\\\/wp\\\/#\\\/schema\\\/person\\\/d9cd31b2b60c5c2e489f54856b6cb03d\"},\"headline\":\"Gobierno sirio condena en\u00e9rgicamente los atentados terroristas de Bruselas\",\"datePublished\":\"2016-03-23T13:16:15+00:00\",\"mainEntityOfPage\":{\"@id\":\"https:\\\/\\\/stage3.rnv.gob.ve\\\/wp\\\/gobierno-sirio-condena-energicamente-los-atentados-terroristas-de-bruselas\\\/\"},\"wordCount\":303,\"publisher\":{\"@id\":\"https:\\\/\\\/stage3.rnv.gob.ve\\\/wp\\\/#organization\"},\"image\":{\"@id\":\"https:\\\/\\\/stage3.rnv.gob.ve\\\/wp\\\/gobierno-sirio-condena-energicamente-los-atentados-terroristas-de-bruselas\\\/#primaryimage\"},\"thumbnailUrl\":\"\",\"keywords\":[\"Atentados\",\"Brusela\",\"Damasco\",\"RNV\",\"siria\",\"terroristas\"],\"articleSection\":[\"Internacional\"],\"inLanguage\":\"es\"},{\"@type\":\"WebPage\",\"@id\":\"https:\\\/\\\/stage3.rnv.gob.ve\\\/wp\\\/gobierno-sirio-condena-energicamente-los-atentados-terroristas-de-bruselas\\\/\",\"url\":\"https:\\\/\\\/stage3.rnv.gob.ve\\\/wp\\\/gobierno-sirio-condena-energicamente-los-atentados-terroristas-de-bruselas\\\/\",\"name\":\"Gobierno sirio condena en\u00e9rgicamente los atentados terroristas de Bruselas - DEV RNV\",\"isPartOf\":{\"@id\":\"https:\\\/\\\/stage3.rnv.gob.ve\\\/wp\\\/#website\"},\"primaryImageOfPage\":{\"@id\":\"https:\\\/\\\/stage3.rnv.gob.ve\\\/wp\\\/gobierno-sirio-condena-energicamente-los-atentados-terroristas-de-bruselas\\\/#primaryimage\"},\"image\":{\"@id\":\"https:\\\/\\\/stage3.rnv.gob.ve\\\/wp\\\/gobierno-sirio-condena-energicamente-los-atentados-terroristas-de-bruselas\\\/#primaryimage\"},\"thumbnailUrl\":\"\",\"datePublished\":\"2016-03-23T13:16:15+00:00\",\"breadcrumb\":{\"@id\":\"https:\\\/\\\/stage3.rnv.gob.ve\\\/wp\\\/gobierno-sirio-condena-energicamente-los-atentados-terroristas-de-bruselas\\\/#breadcrumb\"},\"inLanguage\":\"es\",\"potentialAction\":[{\"@type\":\"ReadAction\",\"target\":[\"https:\\\/\\\/stage3.rnv.gob.ve\\\/wp\\\/gobierno-sirio-condena-energicamente-los-atentados-terroristas-de-bruselas\\\/\"]}]},{\"@type\":\"ImageObject\",\"inLanguage\":\"es\",\"@id\":\"https:\\\/\\\/stage3.rnv.gob.ve\\\/wp\\\/gobierno-sirio-condena-energicamente-los-atentados-terroristas-de-bruselas\\\/#primaryimage\",\"url\":\"\",\"contentUrl\":\"\"},{\"@type\":\"BreadcrumbList\",\"@id\":\"https:\\\/\\\/stage3.rnv.gob.ve\\\/wp\\\/gobierno-sirio-condena-energicamente-los-atentados-terroristas-de-bruselas\\\/#breadcrumb\",\"itemListElement\":[{\"@type\":\"ListItem\",\"position\":1,\"name\":\"Portada\",\"item\":\"https:\\\/\\\/stage3.rnv.gob.ve\\\/wp\\\/\"},{\"@type\":\"ListItem\",\"position\":2,\"name\":\"Gobierno Sirio Condena En\u00e9rgicamente Los Atentados Terroristas De Bruselas\"}]},{\"@type\":\"WebSite\",\"@id\":\"https:\\\/\\\/stage3.rnv.gob.ve\\\/wp\\\/#website\",\"url\":\"https:\\\/\\\/stage3.rnv.gob.ve\\\/wp\\\/\",\"name\":\"DEV RNV\",\"description\":\"Radio Nacional de Venezuela C.A.\",\"publisher\":{\"@id\":\"https:\\\/\\\/stage3.rnv.gob.ve\\\/wp\\\/#organization\"},\"potentialAction\":[{\"@type\":\"SearchAction\",\"target\":{\"@type\":\"EntryPoint\",\"urlTemplate\":\"https:\\\/\\\/stage3.rnv.gob.ve\\\/wp\\\/?s={search_term_string}\"},\"query-input\":{\"@type\":\"PropertyValueSpecification\",\"valueRequired\":true,\"valueName\":\"search_term_string\"}}],\"inLanguage\":\"es\"},{\"@type\":\"Organization\",\"@id\":\"https:\\\/\\\/stage3.rnv.gob.ve\\\/wp\\\/#organization\",\"name\":\"Radio Nacional de Venezuela C.A.\",\"url\":\"https:\\\/\\\/stage3.rnv.gob.ve\\\/wp\\\/\",\"logo\":{\"@type\":\"ImageObject\",\"inLanguage\":\"es\",\"@id\":\"https:\\\/\\\/stage3.rnv.gob.ve\\\/wp\\\/#\\\/schema\\\/logo\\\/image\\\/\",\"url\":\"http:\\\/\\\/rnv.ddns.net\\\/prensa\\\/wp-content\\\/uploads\\\/2022\\\/04\\\/rnv-1-300x227-1.jpg\",\"contentUrl\":\"http:\\\/\\\/rnv.ddns.net\\\/prensa\\\/wp-content\\\/uploads\\\/2022\\\/04\\\/rnv-1-300x227-1.jpg\",\"width\":800,\"height\":455,\"caption\":\"Radio Nacional de Venezuela C.A.\"},\"image\":{\"@id\":\"https:\\\/\\\/stage3.rnv.gob.ve\\\/wp\\\/#\\\/schema\\\/logo\\\/image\\\/\"},\"sameAs\":[\"https:\\\/\\\/www.facebook.com\\\/RadioNacionaldeVenezuela\",\"https:\\\/\\\/x.com\\\/RNVinformativa\",\"https:\\\/\\\/www.instagram.com\\\/rnvinformativa\\\/\",\"https:\\\/\\\/www.youtube.com\\\/user\\\/RNVContigo\"]},{\"@type\":\"Person\",\"@id\":\"https:\\\/\\\/stage3.rnv.gob.ve\\\/wp\\\/#\\\/schema\\\/person\\\/d9cd31b2b60c5c2e489f54856b6cb03d\",\"name\":\"Daniel Peralta\",\"url\":\"https:\\\/\\\/stage3.rnv.gob.ve\\\/wp\\\/author\\\/daniel_peralta\\\/\"}]}<\/script>\n<!-- \/ Yoast SEO plugin. -->","yoast_head_json":{"title":"Gobierno sirio condena en\u00e9rgicamente los atentados terroristas de Bruselas - DEV RNV","robots":{"index":"noindex","follow":"follow","max-snippet":"max-snippet:-1","max-image-preview":"max-image-preview:large","max-video-preview":"max-video-preview:-1"},"og_locale":"es_ES","og_type":"article","og_title":"Gobierno sirio condena en\u00e9rgicamente los atentados terroristas de Bruselas - DEV RNV","og_description":"La Rep\u00fablica \u00c1rabe Siria conden\u00f3 los ataques terroristas que se produjeron este martes en la capital Bruselas, rese\u00f1a nota publicada en el portal de la Agencia \u00c1rabe Sirira de Noticias (SANA). Una fuente oficial del Ministerio de Exteriores y Expatriados declar\u00f3 que \u201cla Rep\u00fablica \u00c1rabe Siria condena en\u00e9rgicamente los ataques terroristas que sacudieron la capital [&hellip;]","og_url":"https:\/\/stage3.rnv.gob.ve\/wp\/gobierno-sirio-condena-energicamente-los-atentados-terroristas-de-bruselas\/","og_site_name":"DEV RNV","article_publisher":"https:\/\/www.facebook.com\/RadioNacionaldeVenezuela","article_published_time":"2016-03-23T13:16:15+00:00","author":"Daniel Peralta","twitter_card":"summary_large_image","twitter_creator":"@RNVinformativa","twitter_site":"@RNVinformativa","twitter_misc":{"Escrito por":"Daniel Peralta","Tiempo estimado de lectura":"1 minuto"},"schema":{"@context":"https:\/\/schema.org","@graph":[{"@type":"Article","@id":"https:\/\/stage3.rnv.gob.ve\/wp\/gobierno-sirio-condena-energicamente-los-atentados-terroristas-de-bruselas\/#article","isPartOf":{"@id":"https:\/\/stage3.rnv.gob.ve\/wp\/gobierno-sirio-condena-energicamente-los-atentados-terroristas-de-bruselas\/"},"author":{"name":"Daniel Peralta","@id":"https:\/\/stage3.rnv.gob.ve\/wp\/#\/schema\/person\/d9cd31b2b60c5c2e489f54856b6cb03d"},"headline":"Gobierno sirio condena en\u00e9rgicamente los atentados terroristas de Bruselas","datePublished":"2016-03-23T13:16:15+00:00","mainEntityOfPage":{"@id":"https:\/\/stage3.rnv.gob.ve\/wp\/gobierno-sirio-condena-energicamente-los-atentados-terroristas-de-bruselas\/"},"wordCount":303,"publisher":{"@id":"https:\/\/stage3.rnv.gob.ve\/wp\/#organization"},"image":{"@id":"https:\/\/stage3.rnv.gob.ve\/wp\/gobierno-sirio-condena-energicamente-los-atentados-terroristas-de-bruselas\/#primaryimage"},"thumbnailUrl":"","keywords":["Atentados","Brusela","Damasco","RNV","siria","terroristas"],"articleSection":["Internacional"],"inLanguage":"es"},{"@type":"WebPage","@id":"https:\/\/stage3.rnv.gob.ve\/wp\/gobierno-sirio-condena-energicamente-los-atentados-terroristas-de-bruselas\/","url":"https:\/\/stage3.rnv.gob.ve\/wp\/gobierno-sirio-condena-energicamente-los-atentados-terroristas-de-bruselas\/","name":"Gobierno sirio condena en\u00e9rgicamente los atentados terroristas de Bruselas - DEV RNV","isPartOf":{"@id":"https:\/\/stage3.rnv.gob.ve\/wp\/#website"},"primaryImageOfPage":{"@id":"https:\/\/stage3.rnv.gob.ve\/wp\/gobierno-sirio-condena-energicamente-los-atentados-terroristas-de-bruselas\/#primaryimage"},"image":{"@id":"https:\/\/stage3.rnv.gob.ve\/wp\/gobierno-sirio-condena-energicamente-los-atentados-terroristas-de-bruselas\/#primaryimage"},"thumbnailUrl":"","datePublished":"2016-03-23T13:16:15+00:00","breadcrumb":{"@id":"https:\/\/stage3.rnv.gob.ve\/wp\/gobierno-sirio-condena-energicamente-los-atentados-terroristas-de-bruselas\/#breadcrumb"},"inLanguage":"es","potentialAction":[{"@type":"ReadAction","target":["https:\/\/stage3.rnv.gob.ve\/wp\/gobierno-sirio-condena-energicamente-los-atentados-terroristas-de-bruselas\/"]}]},{"@type":"ImageObject","inLanguage":"es","@id":"https:\/\/stage3.rnv.gob.ve\/wp\/gobierno-sirio-condena-energicamente-los-atentados-terroristas-de-bruselas\/#primaryimage","url":"","contentUrl":""},{"@type":"BreadcrumbList","@id":"https:\/\/stage3.rnv.gob.ve\/wp\/gobierno-sirio-condena-energicamente-los-atentados-terroristas-de-bruselas\/#breadcrumb","itemListElement":[{"@type":"ListItem","position":1,"name":"Portada","item":"https:\/\/stage3.rnv.gob.ve\/wp\/"},{"@type":"ListItem","position":2,"name":"Gobierno Sirio Condena En\u00e9rgicamente Los Atentados Terroristas De Bruselas"}]},{"@type":"WebSite","@id":"https:\/\/stage3.rnv.gob.ve\/wp\/#website","url":"https:\/\/stage3.rnv.gob.ve\/wp\/","name":"DEV RNV","description":"Radio Nacional de Venezuela C.A.","publisher":{"@id":"https:\/\/stage3.rnv.gob.ve\/wp\/#organization"},"potentialAction":[{"@type":"SearchAction","target":{"@type":"EntryPoint","urlTemplate":"https:\/\/stage3.rnv.gob.ve\/wp\/?s={search_term_string}"},"query-input":{"@type":"PropertyValueSpecification","valueRequired":true,"valueName":"search_term_string"}}],"inLanguage":"es"},{"@type":"Organization","@id":"https:\/\/stage3.rnv.gob.ve\/wp\/#organization","name":"Radio Nacional de Venezuela C.A.","url":"https:\/\/stage3.rnv.gob.ve\/wp\/","logo":{"@type":"ImageObject","inLanguage":"es","@id":"https:\/\/stage3.rnv.gob.ve\/wp\/#\/schema\/logo\/image\/","url":"http:\/\/rnv.ddns.net\/prensa\/wp-content\/uploads\/2022\/04\/rnv-1-300x227-1.jpg","contentUrl":"http:\/\/rnv.ddns.net\/prensa\/wp-content\/uploads\/2022\/04\/rnv-1-300x227-1.jpg","width":800,"height":455,"caption":"Radio Nacional de Venezuela C.A."},"image":{"@id":"https:\/\/stage3.rnv.gob.ve\/wp\/#\/schema\/logo\/image\/"},"sameAs":["https:\/\/www.facebook.com\/RadioNacionaldeVenezuela","https:\/\/x.com\/RNVinformativa","https:\/\/www.instagram.com\/rnvinformativa\/","https:\/\/www.youtube.com\/user\/RNVContigo"]},{"@type":"Person","@id":"https:\/\/stage3.rnv.gob.ve\/wp\/#\/schema\/person\/d9cd31b2b60c5c2e489f54856b6cb03d","name":"Daniel Peralta","url":"https:\/\/stage3.rnv.gob.ve\/wp\/author\/daniel_peralta\/"}]}},"jetpack_featured_media_url":"","_links":{"self":[{"href":"https:\/\/stage3.rnv.gob.ve\/wp\/wp-json\/wp\/v2\/posts\/9004","targetHints":{"allow":["GET"]}}],"collection":[{"href":"https:\/\/stage3.rnv.gob.ve\/wp\/wp-json\/wp\/v2\/posts"}],"about":[{"href":"https:\/\/stage3.rnv.gob.ve\/wp\/wp-json\/wp\/v2\/types\/post"}],"author":[{"embeddable":true,"href":"https:\/\/stage3.rnv.gob.ve\/wp\/wp-json\/wp\/v2\/users\/2"}],"replies":[{"embeddable":true,"href":"https:\/\/stage3.rnv.gob.ve\/wp\/wp-json\/wp\/v2\/comments?post=9004"}],"version-history":[{"count":0,"href":"https:\/\/stage3.rnv.gob.ve\/wp\/wp-json\/wp\/v2\/posts\/9004\/revisions"}],"wp:featuredmedia":[{"embeddable":true,"href":"https:\/\/stage3.rnv.gob.ve\/wp\/wp-json\/"}],"wp:attachment":[{"href":"https:\/\/stage3.rnv.gob.ve\/wp\/wp-json\/wp\/v2\/media?parent=9004"}],"wp:term":[{"taxonomy":"category","embeddable":true,"href":"https:\/\/stage3.rnv.gob.ve\/wp\/wp-json\/wp\/v2\/categories?post=9004"},{"taxonomy":"post_tag","embeddable":true,"href":"https:\/\/stage3.rnv.gob.ve\/wp\/wp-json\/wp\/v2\/tags?post=9004"}],"curies":[{"name":"wp","href":"https:\/\/api.w.org\/{rel}","templated":true}]}}