{"id":8984,"date":"2016-03-22T22:36:23","date_gmt":"2016-03-23T03:06:23","guid":{"rendered":"http:\/\/wpeditor.rnv.gob.ve\/?p=8984"},"modified":"2016-03-22T22:36:23","modified_gmt":"2016-03-23T03:06:23","slug":"gnb-en-la-calle-con-el-pueblo-desplegados-mas-de-25-mil-funcionarios-en-todo-el-pais","status":"publish","type":"post","link":"https:\/\/stage3.rnv.gob.ve\/wp\/gnb-en-la-calle-con-el-pueblo-desplegados-mas-de-25-mil-funcionarios-en-todo-el-pais\/","title":{"rendered":"\u00a1GNB en la calle con el pueblo! Desplegados m\u00e1s de 25 mil funcionarios en todo el pa\u00eds"},"content":{"rendered":"<p><figure id=\"attachment_8987\" aria-describedby=\"caption-attachment-8987\" style=\"width: 300px\" class=\"wp-caption alignleft\"><img fetchpriority=\"high\" decoding=\"async\" class=\"size-medium wp-image-8987\" src=\"http:\/\/wpeditor.rnv.gob.ve\/app\/uploads\/2016\/03\/GNB3-300x225.jpg\" alt=\"Foto: Archivo\" width=\"300\" height=\"225\" \/><figcaption id=\"caption-attachment-8987\" class=\"wp-caption-text\">Foto: Archivo<\/figcaption><\/figure><br \/>\nEl comandante general de la Guardia Nacional Bolivariana (GNB), N\u00e9stor Reverol Torres, indic\u00f3 este martes que la instituci\u00f3n castrense que preside tiene desplegado m\u00e1s de 25 mil efectivos en todo el pa\u00eds, para garantizar la seguridad, bienestar y confianza del pueblo en los ejes carreteros, espacios tur\u00edsticos y balnearios durante el operativo Semana Santa Segura 2016.<br \/>\nReverol Torres dijo que, la GNB tiene previsto para este mi\u00e9rcoles el resguardo de m\u00e1s 236 templos durante la procesi\u00f3n del Nazareno.<br \/>\nDestac\u00f3 que la GNB es garante de la paz y la tranquilidad de los venezolanos quienes pueden disfrutar con serenidad el asueto la Semana Mayor, con el dispositivo de seguridad que garantiza el Gobierno Bolivariano.<br \/>\n&nbsp;<br \/>\n<strong>Escuche el reporte de Mar\u00eda \u00c1ngela Montiel para RNV Informativa\u00a0<\/strong><br \/>\n<audio class=\"wp-audio-shortcode\" id=\"audio-8984-1\" preload=\"none\" style=\"width: 100%;\" controls=\"controls\"><source type=\"audio\/mpeg\" src=\"http:\/\/wpeditor.rnv.gob.ve\/app\/uploads\/2016\/03\/gnb.mp3?_=1\" \/><a href=\"http:\/\/wpeditor.rnv.gob.ve\/app\/uploads\/2016\/03\/gnb.mp3\">http:\/\/wpeditor.rnv.gob.ve\/app\/uploads\/2016\/03\/gnb.mp3<\/a><\/audio><\/p>\n","protected":false},"excerpt":{"rendered":"<p>El comandante general de la Guardia Nacional Bolivariana (GNB), N\u00e9stor Reverol Torres, indic\u00f3 este martes que la instituci\u00f3n castrense que preside tiene desplegado m\u00e1s de 25 mil efectivos en todo el pa\u00eds, para garantizar la seguridad, bienestar y confianza del pueblo en los ejes carreteros, espacios tur\u00edsticos y balnearios durante el operativo Semana Santa Segura [&hellip;]<\/p>\n","protected":false},"author":12,"featured_media":8987,"comment_status":"closed","ping_status":"open","sticky":false,"template":"","format":"standard","meta":{"_acf_changed":false,"footnotes":""},"categories":[65],"tags":[829,710,82,1296,1482],"class_list":["post-8984","post","type-post","status-publish","format-standard","has-post-thumbnail","hentry","category-nacional","tag-despliegue","tag-gnb","tag-rnv","tag-santa","tag-semana"],"acf":[],"yoast_head":"<!-- This site is optimized with the Yoast SEO plugin v27.4 - https:\/\/yoast.com\/product\/yoast-seo-wordpress\/ -->\n<title>\u00a1GNB en la calle con el pueblo! Desplegados m\u00e1s de 25 mil funcionarios en todo el pa\u00eds - DEV RNV<\/title>\n<meta name=\"robots\" content=\"noindex, follow, max-snippet:-1, max-image-preview:large, max-video-preview:-1\" \/>\n<meta property=\"og:locale\" content=\"es_ES\" \/>\n<meta property=\"og:type\" content=\"article\" \/>\n<meta property=\"og:title\" content=\"\u00a1GNB en la calle con el pueblo! Desplegados m\u00e1s de 25 mil funcionarios en todo el pa\u00eds - DEV RNV\" \/>\n<meta property=\"og:description\" content=\"El comandante general de la Guardia Nacional Bolivariana (GNB), N\u00e9stor Reverol Torres, indic\u00f3 este martes que la instituci\u00f3n castrense que preside tiene desplegado m\u00e1s de 25 mil efectivos en todo el pa\u00eds, para garantizar la seguridad, bienestar y confianza del pueblo en los ejes carreteros, espacios tur\u00edsticos y balnearios durante el operativo Semana Santa Segura [&hellip;]\" \/>\n<meta property=\"og:url\" content=\"https:\/\/stage3.rnv.gob.ve\/wp\/gnb-en-la-calle-con-el-pueblo-desplegados-mas-de-25-mil-funcionarios-en-todo-el-pais\/\" \/>\n<meta property=\"og:site_name\" content=\"DEV RNV\" \/>\n<meta property=\"article:publisher\" content=\"https:\/\/www.facebook.com\/RadioNacionaldeVenezuela\" \/>\n<meta property=\"article:published_time\" content=\"2016-03-23T03:06:23+00:00\" \/>\n<meta name=\"author\" content=\"Emilia Franco\" \/>\n<meta name=\"twitter:card\" content=\"summary_large_image\" \/>\n<meta name=\"twitter:creator\" content=\"@RNVinformativa\" \/>\n<meta name=\"twitter:site\" content=\"@RNVinformativa\" \/>\n<meta name=\"twitter:label1\" content=\"Escrito por\" \/>\n\t<meta name=\"twitter:data1\" content=\"Emilia Franco\" \/>\n\t<meta name=\"twitter:label2\" content=\"Tiempo estimado de lectura\" \/>\n\t<meta name=\"twitter:data2\" content=\"1 minuto\" \/>\n<script type=\"application\/ld+json\" class=\"yoast-schema-graph\">{\"@context\":\"https:\\\/\\\/schema.org\",\"@graph\":[{\"@type\":\"Article\",\"@id\":\"https:\\\/\\\/stage3.rnv.gob.ve\\\/wp\\\/gnb-en-la-calle-con-el-pueblo-desplegados-mas-de-25-mil-funcionarios-en-todo-el-pais\\\/#article\",\"isPartOf\":{\"@id\":\"https:\\\/\\\/stage3.rnv.gob.ve\\\/wp\\\/gnb-en-la-calle-con-el-pueblo-desplegados-mas-de-25-mil-funcionarios-en-todo-el-pais\\\/\"},\"author\":{\"name\":\"Emilia Franco\",\"@id\":\"https:\\\/\\\/stage3.rnv.gob.ve\\\/wp\\\/#\\\/schema\\\/person\\\/c6eeca4c518249937c326dd28193d509\"},\"headline\":\"\u00a1GNB en la calle con el pueblo! Desplegados m\u00e1s de 25 mil funcionarios en todo el pa\u00eds\",\"datePublished\":\"2016-03-23T03:06:23+00:00\",\"mainEntityOfPage\":{\"@id\":\"https:\\\/\\\/stage3.rnv.gob.ve\\\/wp\\\/gnb-en-la-calle-con-el-pueblo-desplegados-mas-de-25-mil-funcionarios-en-todo-el-pais\\\/\"},\"wordCount\":169,\"publisher\":{\"@id\":\"https:\\\/\\\/stage3.rnv.gob.ve\\\/wp\\\/#organization\"},\"image\":{\"@id\":\"https:\\\/\\\/stage3.rnv.gob.ve\\\/wp\\\/gnb-en-la-calle-con-el-pueblo-desplegados-mas-de-25-mil-funcionarios-en-todo-el-pais\\\/#primaryimage\"},\"thumbnailUrl\":\"\",\"keywords\":[\"despliegue\",\"GNB\",\"RNV\",\"santa\",\"semana\"],\"articleSection\":[\"Nacional\"],\"inLanguage\":\"es\"},{\"@type\":\"WebPage\",\"@id\":\"https:\\\/\\\/stage3.rnv.gob.ve\\\/wp\\\/gnb-en-la-calle-con-el-pueblo-desplegados-mas-de-25-mil-funcionarios-en-todo-el-pais\\\/\",\"url\":\"https:\\\/\\\/stage3.rnv.gob.ve\\\/wp\\\/gnb-en-la-calle-con-el-pueblo-desplegados-mas-de-25-mil-funcionarios-en-todo-el-pais\\\/\",\"name\":\"\u00a1GNB en la calle con el pueblo! Desplegados m\u00e1s de 25 mil funcionarios en todo el pa\u00eds - DEV RNV\",\"isPartOf\":{\"@id\":\"https:\\\/\\\/stage3.rnv.gob.ve\\\/wp\\\/#website\"},\"primaryImageOfPage\":{\"@id\":\"https:\\\/\\\/stage3.rnv.gob.ve\\\/wp\\\/gnb-en-la-calle-con-el-pueblo-desplegados-mas-de-25-mil-funcionarios-en-todo-el-pais\\\/#primaryimage\"},\"image\":{\"@id\":\"https:\\\/\\\/stage3.rnv.gob.ve\\\/wp\\\/gnb-en-la-calle-con-el-pueblo-desplegados-mas-de-25-mil-funcionarios-en-todo-el-pais\\\/#primaryimage\"},\"thumbnailUrl\":\"\",\"datePublished\":\"2016-03-23T03:06:23+00:00\",\"breadcrumb\":{\"@id\":\"https:\\\/\\\/stage3.rnv.gob.ve\\\/wp\\\/gnb-en-la-calle-con-el-pueblo-desplegados-mas-de-25-mil-funcionarios-en-todo-el-pais\\\/#breadcrumb\"},\"inLanguage\":\"es\",\"potentialAction\":[{\"@type\":\"ReadAction\",\"target\":[\"https:\\\/\\\/stage3.rnv.gob.ve\\\/wp\\\/gnb-en-la-calle-con-el-pueblo-desplegados-mas-de-25-mil-funcionarios-en-todo-el-pais\\\/\"]}]},{\"@type\":\"ImageObject\",\"inLanguage\":\"es\",\"@id\":\"https:\\\/\\\/stage3.rnv.gob.ve\\\/wp\\\/gnb-en-la-calle-con-el-pueblo-desplegados-mas-de-25-mil-funcionarios-en-todo-el-pais\\\/#primaryimage\",\"url\":\"\",\"contentUrl\":\"\"},{\"@type\":\"BreadcrumbList\",\"@id\":\"https:\\\/\\\/stage3.rnv.gob.ve\\\/wp\\\/gnb-en-la-calle-con-el-pueblo-desplegados-mas-de-25-mil-funcionarios-en-todo-el-pais\\\/#breadcrumb\",\"itemListElement\":[{\"@type\":\"ListItem\",\"position\":1,\"name\":\"Portada\",\"item\":\"https:\\\/\\\/stage3.rnv.gob.ve\\\/wp\\\/\"},{\"@type\":\"ListItem\",\"position\":2,\"name\":\"\u00a1Gnb En La Calle Con El Pueblo! Desplegados M\u00e1s De 25 Mil Funcionarios En Todo El Pa\u00eds\"}]},{\"@type\":\"WebSite\",\"@id\":\"https:\\\/\\\/stage3.rnv.gob.ve\\\/wp\\\/#website\",\"url\":\"https:\\\/\\\/stage3.rnv.gob.ve\\\/wp\\\/\",\"name\":\"DEV RNV\",\"description\":\"Radio Nacional de Venezuela C.A.\",\"publisher\":{\"@id\":\"https:\\\/\\\/stage3.rnv.gob.ve\\\/wp\\\/#organization\"},\"potentialAction\":[{\"@type\":\"SearchAction\",\"target\":{\"@type\":\"EntryPoint\",\"urlTemplate\":\"https:\\\/\\\/stage3.rnv.gob.ve\\\/wp\\\/?s={search_term_string}\"},\"query-input\":{\"@type\":\"PropertyValueSpecification\",\"valueRequired\":true,\"valueName\":\"search_term_string\"}}],\"inLanguage\":\"es\"},{\"@type\":\"Organization\",\"@id\":\"https:\\\/\\\/stage3.rnv.gob.ve\\\/wp\\\/#organization\",\"name\":\"Radio Nacional de Venezuela C.A.\",\"url\":\"https:\\\/\\\/stage3.rnv.gob.ve\\\/wp\\\/\",\"logo\":{\"@type\":\"ImageObject\",\"inLanguage\":\"es\",\"@id\":\"https:\\\/\\\/stage3.rnv.gob.ve\\\/wp\\\/#\\\/schema\\\/logo\\\/image\\\/\",\"url\":\"http:\\\/\\\/rnv.ddns.net\\\/prensa\\\/wp-content\\\/uploads\\\/2022\\\/04\\\/rnv-1-300x227-1.jpg\",\"contentUrl\":\"http:\\\/\\\/rnv.ddns.net\\\/prensa\\\/wp-content\\\/uploads\\\/2022\\\/04\\\/rnv-1-300x227-1.jpg\",\"width\":800,\"height\":455,\"caption\":\"Radio Nacional de Venezuela C.A.\"},\"image\":{\"@id\":\"https:\\\/\\\/stage3.rnv.gob.ve\\\/wp\\\/#\\\/schema\\\/logo\\\/image\\\/\"},\"sameAs\":[\"https:\\\/\\\/www.facebook.com\\\/RadioNacionaldeVenezuela\",\"https:\\\/\\\/x.com\\\/RNVinformativa\",\"https:\\\/\\\/www.instagram.com\\\/rnvinformativa\\\/\",\"https:\\\/\\\/www.youtube.com\\\/user\\\/RNVContigo\"]},{\"@type\":\"Person\",\"@id\":\"https:\\\/\\\/stage3.rnv.gob.ve\\\/wp\\\/#\\\/schema\\\/person\\\/c6eeca4c518249937c326dd28193d509\",\"name\":\"Emilia Franco\",\"url\":\"https:\\\/\\\/stage3.rnv.gob.ve\\\/wp\\\/author\\\/emilia_franco\\\/\"}]}<\/script>\n<!-- \/ Yoast SEO plugin. -->","yoast_head_json":{"title":"\u00a1GNB en la calle con el pueblo! Desplegados m\u00e1s de 25 mil funcionarios en todo el pa\u00eds - DEV RNV","robots":{"index":"noindex","follow":"follow","max-snippet":"max-snippet:-1","max-image-preview":"max-image-preview:large","max-video-preview":"max-video-preview:-1"},"og_locale":"es_ES","og_type":"article","og_title":"\u00a1GNB en la calle con el pueblo! Desplegados m\u00e1s de 25 mil funcionarios en todo el pa\u00eds - DEV RNV","og_description":"El comandante general de la Guardia Nacional Bolivariana (GNB), N\u00e9stor Reverol Torres, indic\u00f3 este martes que la instituci\u00f3n castrense que preside tiene desplegado m\u00e1s de 25 mil efectivos en todo el pa\u00eds, para garantizar la seguridad, bienestar y confianza del pueblo en los ejes carreteros, espacios tur\u00edsticos y balnearios durante el operativo Semana Santa Segura [&hellip;]","og_url":"https:\/\/stage3.rnv.gob.ve\/wp\/gnb-en-la-calle-con-el-pueblo-desplegados-mas-de-25-mil-funcionarios-en-todo-el-pais\/","og_site_name":"DEV RNV","article_publisher":"https:\/\/www.facebook.com\/RadioNacionaldeVenezuela","article_published_time":"2016-03-23T03:06:23+00:00","author":"Emilia Franco","twitter_card":"summary_large_image","twitter_creator":"@RNVinformativa","twitter_site":"@RNVinformativa","twitter_misc":{"Escrito por":"Emilia Franco","Tiempo estimado de lectura":"1 minuto"},"schema":{"@context":"https:\/\/schema.org","@graph":[{"@type":"Article","@id":"https:\/\/stage3.rnv.gob.ve\/wp\/gnb-en-la-calle-con-el-pueblo-desplegados-mas-de-25-mil-funcionarios-en-todo-el-pais\/#article","isPartOf":{"@id":"https:\/\/stage3.rnv.gob.ve\/wp\/gnb-en-la-calle-con-el-pueblo-desplegados-mas-de-25-mil-funcionarios-en-todo-el-pais\/"},"author":{"name":"Emilia Franco","@id":"https:\/\/stage3.rnv.gob.ve\/wp\/#\/schema\/person\/c6eeca4c518249937c326dd28193d509"},"headline":"\u00a1GNB en la calle con el pueblo! Desplegados m\u00e1s de 25 mil funcionarios en todo el pa\u00eds","datePublished":"2016-03-23T03:06:23+00:00","mainEntityOfPage":{"@id":"https:\/\/stage3.rnv.gob.ve\/wp\/gnb-en-la-calle-con-el-pueblo-desplegados-mas-de-25-mil-funcionarios-en-todo-el-pais\/"},"wordCount":169,"publisher":{"@id":"https:\/\/stage3.rnv.gob.ve\/wp\/#organization"},"image":{"@id":"https:\/\/stage3.rnv.gob.ve\/wp\/gnb-en-la-calle-con-el-pueblo-desplegados-mas-de-25-mil-funcionarios-en-todo-el-pais\/#primaryimage"},"thumbnailUrl":"","keywords":["despliegue","GNB","RNV","santa","semana"],"articleSection":["Nacional"],"inLanguage":"es"},{"@type":"WebPage","@id":"https:\/\/stage3.rnv.gob.ve\/wp\/gnb-en-la-calle-con-el-pueblo-desplegados-mas-de-25-mil-funcionarios-en-todo-el-pais\/","url":"https:\/\/stage3.rnv.gob.ve\/wp\/gnb-en-la-calle-con-el-pueblo-desplegados-mas-de-25-mil-funcionarios-en-todo-el-pais\/","name":"\u00a1GNB en la calle con el pueblo! Desplegados m\u00e1s de 25 mil funcionarios en todo el pa\u00eds - DEV RNV","isPartOf":{"@id":"https:\/\/stage3.rnv.gob.ve\/wp\/#website"},"primaryImageOfPage":{"@id":"https:\/\/stage3.rnv.gob.ve\/wp\/gnb-en-la-calle-con-el-pueblo-desplegados-mas-de-25-mil-funcionarios-en-todo-el-pais\/#primaryimage"},"image":{"@id":"https:\/\/stage3.rnv.gob.ve\/wp\/gnb-en-la-calle-con-el-pueblo-desplegados-mas-de-25-mil-funcionarios-en-todo-el-pais\/#primaryimage"},"thumbnailUrl":"","datePublished":"2016-03-23T03:06:23+00:00","breadcrumb":{"@id":"https:\/\/stage3.rnv.gob.ve\/wp\/gnb-en-la-calle-con-el-pueblo-desplegados-mas-de-25-mil-funcionarios-en-todo-el-pais\/#breadcrumb"},"inLanguage":"es","potentialAction":[{"@type":"ReadAction","target":["https:\/\/stage3.rnv.gob.ve\/wp\/gnb-en-la-calle-con-el-pueblo-desplegados-mas-de-25-mil-funcionarios-en-todo-el-pais\/"]}]},{"@type":"ImageObject","inLanguage":"es","@id":"https:\/\/stage3.rnv.gob.ve\/wp\/gnb-en-la-calle-con-el-pueblo-desplegados-mas-de-25-mil-funcionarios-en-todo-el-pais\/#primaryimage","url":"","contentUrl":""},{"@type":"BreadcrumbList","@id":"https:\/\/stage3.rnv.gob.ve\/wp\/gnb-en-la-calle-con-el-pueblo-desplegados-mas-de-25-mil-funcionarios-en-todo-el-pais\/#breadcrumb","itemListElement":[{"@type":"ListItem","position":1,"name":"Portada","item":"https:\/\/stage3.rnv.gob.ve\/wp\/"},{"@type":"ListItem","position":2,"name":"\u00a1Gnb En La Calle Con El Pueblo! Desplegados M\u00e1s De 25 Mil Funcionarios En Todo El Pa\u00eds"}]},{"@type":"WebSite","@id":"https:\/\/stage3.rnv.gob.ve\/wp\/#website","url":"https:\/\/stage3.rnv.gob.ve\/wp\/","name":"DEV RNV","description":"Radio Nacional de Venezuela C.A.","publisher":{"@id":"https:\/\/stage3.rnv.gob.ve\/wp\/#organization"},"potentialAction":[{"@type":"SearchAction","target":{"@type":"EntryPoint","urlTemplate":"https:\/\/stage3.rnv.gob.ve\/wp\/?s={search_term_string}"},"query-input":{"@type":"PropertyValueSpecification","valueRequired":true,"valueName":"search_term_string"}}],"inLanguage":"es"},{"@type":"Organization","@id":"https:\/\/stage3.rnv.gob.ve\/wp\/#organization","name":"Radio Nacional de Venezuela C.A.","url":"https:\/\/stage3.rnv.gob.ve\/wp\/","logo":{"@type":"ImageObject","inLanguage":"es","@id":"https:\/\/stage3.rnv.gob.ve\/wp\/#\/schema\/logo\/image\/","url":"http:\/\/rnv.ddns.net\/prensa\/wp-content\/uploads\/2022\/04\/rnv-1-300x227-1.jpg","contentUrl":"http:\/\/rnv.ddns.net\/prensa\/wp-content\/uploads\/2022\/04\/rnv-1-300x227-1.jpg","width":800,"height":455,"caption":"Radio Nacional de Venezuela C.A."},"image":{"@id":"https:\/\/stage3.rnv.gob.ve\/wp\/#\/schema\/logo\/image\/"},"sameAs":["https:\/\/www.facebook.com\/RadioNacionaldeVenezuela","https:\/\/x.com\/RNVinformativa","https:\/\/www.instagram.com\/rnvinformativa\/","https:\/\/www.youtube.com\/user\/RNVContigo"]},{"@type":"Person","@id":"https:\/\/stage3.rnv.gob.ve\/wp\/#\/schema\/person\/c6eeca4c518249937c326dd28193d509","name":"Emilia Franco","url":"https:\/\/stage3.rnv.gob.ve\/wp\/author\/emilia_franco\/"}]}},"jetpack_featured_media_url":"","_links":{"self":[{"href":"https:\/\/stage3.rnv.gob.ve\/wp\/wp-json\/wp\/v2\/posts\/8984","targetHints":{"allow":["GET"]}}],"collection":[{"href":"https:\/\/stage3.rnv.gob.ve\/wp\/wp-json\/wp\/v2\/posts"}],"about":[{"href":"https:\/\/stage3.rnv.gob.ve\/wp\/wp-json\/wp\/v2\/types\/post"}],"author":[{"embeddable":true,"href":"https:\/\/stage3.rnv.gob.ve\/wp\/wp-json\/wp\/v2\/users\/12"}],"replies":[{"embeddable":true,"href":"https:\/\/stage3.rnv.gob.ve\/wp\/wp-json\/wp\/v2\/comments?post=8984"}],"version-history":[{"count":0,"href":"https:\/\/stage3.rnv.gob.ve\/wp\/wp-json\/wp\/v2\/posts\/8984\/revisions"}],"wp:featuredmedia":[{"embeddable":true,"href":"https:\/\/stage3.rnv.gob.ve\/wp\/wp-json\/"}],"wp:attachment":[{"href":"https:\/\/stage3.rnv.gob.ve\/wp\/wp-json\/wp\/v2\/media?parent=8984"}],"wp:term":[{"taxonomy":"category","embeddable":true,"href":"https:\/\/stage3.rnv.gob.ve\/wp\/wp-json\/wp\/v2\/categories?post=8984"},{"taxonomy":"post_tag","embeddable":true,"href":"https:\/\/stage3.rnv.gob.ve\/wp\/wp-json\/wp\/v2\/tags?post=8984"}],"curies":[{"name":"wp","href":"https:\/\/api.w.org\/{rel}","templated":true}]}}