{"id":88383,"date":"2016-11-11T20:13:11","date_gmt":"2016-11-12T00:13:11","guid":{"rendered":"http:\/\/wpeditor.rnv.gob.ve\/?p=88383"},"modified":"2016-11-11T20:13:11","modified_gmt":"2016-11-12T00:13:11","slug":"zulia-realizan-festival-agrourbano-vivela-feliz-navidad-2016","status":"publish","type":"post","link":"https:\/\/stage3.rnv.gob.ve\/wp\/zulia-realizan-festival-agrourbano-vivela-feliz-navidad-2016\/","title":{"rendered":"Zulia: Realizan Festival agrourbano V\u00edvela Feliz Navidad 2016"},"content":{"rendered":"<p><figure id=\"attachment_88386\" aria-describedby=\"caption-attachment-88386\" style=\"width: 300px\" class=\"wp-caption alignleft\"><img fetchpriority=\"high\" decoding=\"async\" class=\"wp-image-88386 size-medium\" src=\"http:\/\/wpeditor.rnv.gob.ve\/app\/uploads\/2016\/11\/05_FS__2295_W-300x200.jpg\" alt=\"05_FS__2295_W\" width=\"300\" height=\"200\" \/><figcaption id=\"caption-attachment-88386\" class=\"wp-caption-text\">Foto referencial<\/figcaption><\/figure><br \/>\nCon el objetivo de consolidar el motor agroalimentario, el Ministerio del Poder Popular para la Agricultura Urbana realizar\u00e1 el festival \u00abV\u00edvela, Feliz Navidad 2016\u00bb, donde se conocer\u00e1 la producci\u00f3n del pueblo organizado. La informaci\u00f3n la dio a conocer Oscar Lloreda, director de comunicaciones del Ministerio de Agricultura Urbana.<br \/>\nLa celebraci\u00f3n cultural agrourbana se realizar\u00e1 este domingo 13 de noviembre en el parque Rafael Urdaneta de la ciudad de Maracaibo, de 3 de la tarde a 9 de la noche.<br \/>\nEl Festival V\u00edvela Feliz Navidad 2016 contar\u00e1 con cuatro estaciones: la art\u00edstica cultural, la hallaquera, la gastron\u00f3mica y la estaci\u00f3n formativa, las cuales expondr\u00e1n diversas experiencias productivas para garantizar la soberan\u00eda alimentaria y el trabajo del poder popular, a trav\u00e9s de los comit\u00e9s locales de abastecimiento y producci\u00f3n de la regi\u00f3n.<br \/>\n<strong>Escuehe el reporte de la corresponsal Mayerlin Gonz\u00e1lez<\/strong><br \/>\n<audio class=\"wp-audio-shortcode\" id=\"audio-88383-1\" preload=\"none\" style=\"width: 100%;\" controls=\"controls\"><source type=\"audio\/mpeg\" src=\"http:\/\/wpeditor.rnv.gob.ve\/app\/uploads\/2016\/11\/REPORTE-AGRICULTURA-URBANA.mp3?_=1\" \/><a href=\"http:\/\/wpeditor.rnv.gob.ve\/app\/uploads\/2016\/11\/REPORTE-AGRICULTURA-URBANA.mp3\">http:\/\/wpeditor.rnv.gob.ve\/app\/uploads\/2016\/11\/REPORTE-AGRICULTURA-URBANA.mp3<\/a><\/audio><br \/>\n<strong>T \/ Corresponsal\u00eda Zulia RNV \/ MG<\/strong><\/p>\n","protected":false},"excerpt":{"rendered":"<p>Con el objetivo de consolidar el motor agroalimentario, el Ministerio del Poder Popular para la Agricultura Urbana realizar\u00e1 el festival \u00abV\u00edvela, Feliz Navidad 2016\u00bb, donde se conocer\u00e1 la producci\u00f3n del pueblo organizado. La informaci\u00f3n la dio a conocer Oscar Lloreda, director de comunicaciones del Ministerio de Agricultura Urbana. La celebraci\u00f3n cultural agrourbana se realizar\u00e1 este [&hellip;]<\/p>\n","protected":false},"author":24,"featured_media":88386,"comment_status":"closed","ping_status":"open","sticky":false,"template":"","format":"standard","meta":{"_acf_changed":false,"footnotes":""},"categories":[69],"tags":[4914,9880,580,9881],"class_list":["post-88383","post","type-post","status-publish","format-standard","has-post-thumbnail","hentry","category-regional","tag-agrourbana","tag-festival-vivela-feliz-navidad-2016","tag-produccion","tag-pueblo-organizado"],"acf":[],"yoast_head":"<!-- This site is optimized with the Yoast SEO plugin v27.4 - https:\/\/yoast.com\/product\/yoast-seo-wordpress\/ -->\n<title>Zulia: Realizan Festival agrourbano V\u00edvela Feliz Navidad 2016 - DEV RNV<\/title>\n<meta name=\"robots\" content=\"noindex, follow, max-snippet:-1, max-image-preview:large, max-video-preview:-1\" \/>\n<meta property=\"og:locale\" content=\"es_ES\" \/>\n<meta property=\"og:type\" content=\"article\" \/>\n<meta property=\"og:title\" content=\"Zulia: Realizan Festival agrourbano V\u00edvela Feliz Navidad 2016 - DEV RNV\" \/>\n<meta property=\"og:description\" content=\"Con el objetivo de consolidar el motor agroalimentario, el Ministerio del Poder Popular para la Agricultura Urbana realizar\u00e1 el festival \u00abV\u00edvela, Feliz Navidad 2016\u00bb, donde se conocer\u00e1 la producci\u00f3n del pueblo organizado. La informaci\u00f3n la dio a conocer Oscar Lloreda, director de comunicaciones del Ministerio de Agricultura Urbana. La celebraci\u00f3n cultural agrourbana se realizar\u00e1 este [&hellip;]\" \/>\n<meta property=\"og:url\" content=\"https:\/\/stage3.rnv.gob.ve\/wp\/zulia-realizan-festival-agrourbano-vivela-feliz-navidad-2016\/\" \/>\n<meta property=\"og:site_name\" content=\"DEV RNV\" \/>\n<meta property=\"article:publisher\" content=\"https:\/\/www.facebook.com\/RadioNacionaldeVenezuela\" \/>\n<meta property=\"article:published_time\" content=\"2016-11-12T00:13:11+00:00\" \/>\n<meta name=\"author\" content=\"Dayana Romero\" \/>\n<meta name=\"twitter:card\" content=\"summary_large_image\" \/>\n<meta name=\"twitter:creator\" content=\"@RNVinformativa\" \/>\n<meta name=\"twitter:site\" content=\"@RNVinformativa\" \/>\n<meta name=\"twitter:label1\" content=\"Escrito por\" \/>\n\t<meta name=\"twitter:data1\" content=\"Dayana Romero\" \/>\n\t<meta name=\"twitter:label2\" content=\"Tiempo estimado de lectura\" \/>\n\t<meta name=\"twitter:data2\" content=\"1 minuto\" \/>\n<script type=\"application\/ld+json\" class=\"yoast-schema-graph\">{\"@context\":\"https:\\\/\\\/schema.org\",\"@graph\":[{\"@type\":\"Article\",\"@id\":\"https:\\\/\\\/stage3.rnv.gob.ve\\\/wp\\\/zulia-realizan-festival-agrourbano-vivela-feliz-navidad-2016\\\/#article\",\"isPartOf\":{\"@id\":\"https:\\\/\\\/stage3.rnv.gob.ve\\\/wp\\\/zulia-realizan-festival-agrourbano-vivela-feliz-navidad-2016\\\/\"},\"author\":{\"name\":\"Dayana Romero\",\"@id\":\"https:\\\/\\\/stage3.rnv.gob.ve\\\/wp\\\/#\\\/schema\\\/person\\\/38556cfd5305194fd9cdd082f68620fb\"},\"headline\":\"Zulia: Realizan Festival agrourbano V\u00edvela Feliz Navidad 2016\",\"datePublished\":\"2016-11-12T00:13:11+00:00\",\"mainEntityOfPage\":{\"@id\":\"https:\\\/\\\/stage3.rnv.gob.ve\\\/wp\\\/zulia-realizan-festival-agrourbano-vivela-feliz-navidad-2016\\\/\"},\"wordCount\":183,\"publisher\":{\"@id\":\"https:\\\/\\\/stage3.rnv.gob.ve\\\/wp\\\/#organization\"},\"image\":{\"@id\":\"https:\\\/\\\/stage3.rnv.gob.ve\\\/wp\\\/zulia-realizan-festival-agrourbano-vivela-feliz-navidad-2016\\\/#primaryimage\"},\"thumbnailUrl\":\"\",\"keywords\":[\"agrourbana\",\"Festival V\u00edvela Feliz Navidad 2016\",\"produccion\",\"pueblo organizado\"],\"articleSection\":[\"Regional\"],\"inLanguage\":\"es\"},{\"@type\":\"WebPage\",\"@id\":\"https:\\\/\\\/stage3.rnv.gob.ve\\\/wp\\\/zulia-realizan-festival-agrourbano-vivela-feliz-navidad-2016\\\/\",\"url\":\"https:\\\/\\\/stage3.rnv.gob.ve\\\/wp\\\/zulia-realizan-festival-agrourbano-vivela-feliz-navidad-2016\\\/\",\"name\":\"Zulia: Realizan Festival agrourbano V\u00edvela Feliz Navidad 2016 - DEV RNV\",\"isPartOf\":{\"@id\":\"https:\\\/\\\/stage3.rnv.gob.ve\\\/wp\\\/#website\"},\"primaryImageOfPage\":{\"@id\":\"https:\\\/\\\/stage3.rnv.gob.ve\\\/wp\\\/zulia-realizan-festival-agrourbano-vivela-feliz-navidad-2016\\\/#primaryimage\"},\"image\":{\"@id\":\"https:\\\/\\\/stage3.rnv.gob.ve\\\/wp\\\/zulia-realizan-festival-agrourbano-vivela-feliz-navidad-2016\\\/#primaryimage\"},\"thumbnailUrl\":\"\",\"datePublished\":\"2016-11-12T00:13:11+00:00\",\"breadcrumb\":{\"@id\":\"https:\\\/\\\/stage3.rnv.gob.ve\\\/wp\\\/zulia-realizan-festival-agrourbano-vivela-feliz-navidad-2016\\\/#breadcrumb\"},\"inLanguage\":\"es\",\"potentialAction\":[{\"@type\":\"ReadAction\",\"target\":[\"https:\\\/\\\/stage3.rnv.gob.ve\\\/wp\\\/zulia-realizan-festival-agrourbano-vivela-feliz-navidad-2016\\\/\"]}]},{\"@type\":\"ImageObject\",\"inLanguage\":\"es\",\"@id\":\"https:\\\/\\\/stage3.rnv.gob.ve\\\/wp\\\/zulia-realizan-festival-agrourbano-vivela-feliz-navidad-2016\\\/#primaryimage\",\"url\":\"\",\"contentUrl\":\"\"},{\"@type\":\"BreadcrumbList\",\"@id\":\"https:\\\/\\\/stage3.rnv.gob.ve\\\/wp\\\/zulia-realizan-festival-agrourbano-vivela-feliz-navidad-2016\\\/#breadcrumb\",\"itemListElement\":[{\"@type\":\"ListItem\",\"position\":1,\"name\":\"Portada\",\"item\":\"https:\\\/\\\/stage3.rnv.gob.ve\\\/wp\\\/\"},{\"@type\":\"ListItem\",\"position\":2,\"name\":\"Zulia: Realizan Festival Agrourbano V\u00edvela Feliz Navidad 2016\"}]},{\"@type\":\"WebSite\",\"@id\":\"https:\\\/\\\/stage3.rnv.gob.ve\\\/wp\\\/#website\",\"url\":\"https:\\\/\\\/stage3.rnv.gob.ve\\\/wp\\\/\",\"name\":\"DEV RNV\",\"description\":\"Radio Nacional de Venezuela C.A.\",\"publisher\":{\"@id\":\"https:\\\/\\\/stage3.rnv.gob.ve\\\/wp\\\/#organization\"},\"potentialAction\":[{\"@type\":\"SearchAction\",\"target\":{\"@type\":\"EntryPoint\",\"urlTemplate\":\"https:\\\/\\\/stage3.rnv.gob.ve\\\/wp\\\/?s={search_term_string}\"},\"query-input\":{\"@type\":\"PropertyValueSpecification\",\"valueRequired\":true,\"valueName\":\"search_term_string\"}}],\"inLanguage\":\"es\"},{\"@type\":\"Organization\",\"@id\":\"https:\\\/\\\/stage3.rnv.gob.ve\\\/wp\\\/#organization\",\"name\":\"Radio Nacional de Venezuela C.A.\",\"url\":\"https:\\\/\\\/stage3.rnv.gob.ve\\\/wp\\\/\",\"logo\":{\"@type\":\"ImageObject\",\"inLanguage\":\"es\",\"@id\":\"https:\\\/\\\/stage3.rnv.gob.ve\\\/wp\\\/#\\\/schema\\\/logo\\\/image\\\/\",\"url\":\"http:\\\/\\\/rnv.ddns.net\\\/prensa\\\/wp-content\\\/uploads\\\/2022\\\/04\\\/rnv-1-300x227-1.jpg\",\"contentUrl\":\"http:\\\/\\\/rnv.ddns.net\\\/prensa\\\/wp-content\\\/uploads\\\/2022\\\/04\\\/rnv-1-300x227-1.jpg\",\"width\":800,\"height\":455,\"caption\":\"Radio Nacional de Venezuela C.A.\"},\"image\":{\"@id\":\"https:\\\/\\\/stage3.rnv.gob.ve\\\/wp\\\/#\\\/schema\\\/logo\\\/image\\\/\"},\"sameAs\":[\"https:\\\/\\\/www.facebook.com\\\/RadioNacionaldeVenezuela\",\"https:\\\/\\\/x.com\\\/RNVinformativa\",\"https:\\\/\\\/www.instagram.com\\\/rnvinformativa\\\/\",\"https:\\\/\\\/www.youtube.com\\\/user\\\/RNVContigo\"]},{\"@type\":\"Person\",\"@id\":\"https:\\\/\\\/stage3.rnv.gob.ve\\\/wp\\\/#\\\/schema\\\/person\\\/38556cfd5305194fd9cdd082f68620fb\",\"name\":\"Dayana Romero\",\"url\":\"https:\\\/\\\/stage3.rnv.gob.ve\\\/wp\\\/author\\\/dayana_romero\\\/\"}]}<\/script>\n<!-- \/ Yoast SEO plugin. -->","yoast_head_json":{"title":"Zulia: Realizan Festival agrourbano V\u00edvela Feliz Navidad 2016 - DEV RNV","robots":{"index":"noindex","follow":"follow","max-snippet":"max-snippet:-1","max-image-preview":"max-image-preview:large","max-video-preview":"max-video-preview:-1"},"og_locale":"es_ES","og_type":"article","og_title":"Zulia: Realizan Festival agrourbano V\u00edvela Feliz Navidad 2016 - DEV RNV","og_description":"Con el objetivo de consolidar el motor agroalimentario, el Ministerio del Poder Popular para la Agricultura Urbana realizar\u00e1 el festival \u00abV\u00edvela, Feliz Navidad 2016\u00bb, donde se conocer\u00e1 la producci\u00f3n del pueblo organizado. La informaci\u00f3n la dio a conocer Oscar Lloreda, director de comunicaciones del Ministerio de Agricultura Urbana. La celebraci\u00f3n cultural agrourbana se realizar\u00e1 este [&hellip;]","og_url":"https:\/\/stage3.rnv.gob.ve\/wp\/zulia-realizan-festival-agrourbano-vivela-feliz-navidad-2016\/","og_site_name":"DEV RNV","article_publisher":"https:\/\/www.facebook.com\/RadioNacionaldeVenezuela","article_published_time":"2016-11-12T00:13:11+00:00","author":"Dayana Romero","twitter_card":"summary_large_image","twitter_creator":"@RNVinformativa","twitter_site":"@RNVinformativa","twitter_misc":{"Escrito por":"Dayana Romero","Tiempo estimado de lectura":"1 minuto"},"schema":{"@context":"https:\/\/schema.org","@graph":[{"@type":"Article","@id":"https:\/\/stage3.rnv.gob.ve\/wp\/zulia-realizan-festival-agrourbano-vivela-feliz-navidad-2016\/#article","isPartOf":{"@id":"https:\/\/stage3.rnv.gob.ve\/wp\/zulia-realizan-festival-agrourbano-vivela-feliz-navidad-2016\/"},"author":{"name":"Dayana Romero","@id":"https:\/\/stage3.rnv.gob.ve\/wp\/#\/schema\/person\/38556cfd5305194fd9cdd082f68620fb"},"headline":"Zulia: Realizan Festival agrourbano V\u00edvela Feliz Navidad 2016","datePublished":"2016-11-12T00:13:11+00:00","mainEntityOfPage":{"@id":"https:\/\/stage3.rnv.gob.ve\/wp\/zulia-realizan-festival-agrourbano-vivela-feliz-navidad-2016\/"},"wordCount":183,"publisher":{"@id":"https:\/\/stage3.rnv.gob.ve\/wp\/#organization"},"image":{"@id":"https:\/\/stage3.rnv.gob.ve\/wp\/zulia-realizan-festival-agrourbano-vivela-feliz-navidad-2016\/#primaryimage"},"thumbnailUrl":"","keywords":["agrourbana","Festival V\u00edvela Feliz Navidad 2016","produccion","pueblo organizado"],"articleSection":["Regional"],"inLanguage":"es"},{"@type":"WebPage","@id":"https:\/\/stage3.rnv.gob.ve\/wp\/zulia-realizan-festival-agrourbano-vivela-feliz-navidad-2016\/","url":"https:\/\/stage3.rnv.gob.ve\/wp\/zulia-realizan-festival-agrourbano-vivela-feliz-navidad-2016\/","name":"Zulia: Realizan Festival agrourbano V\u00edvela Feliz Navidad 2016 - DEV RNV","isPartOf":{"@id":"https:\/\/stage3.rnv.gob.ve\/wp\/#website"},"primaryImageOfPage":{"@id":"https:\/\/stage3.rnv.gob.ve\/wp\/zulia-realizan-festival-agrourbano-vivela-feliz-navidad-2016\/#primaryimage"},"image":{"@id":"https:\/\/stage3.rnv.gob.ve\/wp\/zulia-realizan-festival-agrourbano-vivela-feliz-navidad-2016\/#primaryimage"},"thumbnailUrl":"","datePublished":"2016-11-12T00:13:11+00:00","breadcrumb":{"@id":"https:\/\/stage3.rnv.gob.ve\/wp\/zulia-realizan-festival-agrourbano-vivela-feliz-navidad-2016\/#breadcrumb"},"inLanguage":"es","potentialAction":[{"@type":"ReadAction","target":["https:\/\/stage3.rnv.gob.ve\/wp\/zulia-realizan-festival-agrourbano-vivela-feliz-navidad-2016\/"]}]},{"@type":"ImageObject","inLanguage":"es","@id":"https:\/\/stage3.rnv.gob.ve\/wp\/zulia-realizan-festival-agrourbano-vivela-feliz-navidad-2016\/#primaryimage","url":"","contentUrl":""},{"@type":"BreadcrumbList","@id":"https:\/\/stage3.rnv.gob.ve\/wp\/zulia-realizan-festival-agrourbano-vivela-feliz-navidad-2016\/#breadcrumb","itemListElement":[{"@type":"ListItem","position":1,"name":"Portada","item":"https:\/\/stage3.rnv.gob.ve\/wp\/"},{"@type":"ListItem","position":2,"name":"Zulia: Realizan Festival Agrourbano V\u00edvela Feliz Navidad 2016"}]},{"@type":"WebSite","@id":"https:\/\/stage3.rnv.gob.ve\/wp\/#website","url":"https:\/\/stage3.rnv.gob.ve\/wp\/","name":"DEV RNV","description":"Radio Nacional de Venezuela C.A.","publisher":{"@id":"https:\/\/stage3.rnv.gob.ve\/wp\/#organization"},"potentialAction":[{"@type":"SearchAction","target":{"@type":"EntryPoint","urlTemplate":"https:\/\/stage3.rnv.gob.ve\/wp\/?s={search_term_string}"},"query-input":{"@type":"PropertyValueSpecification","valueRequired":true,"valueName":"search_term_string"}}],"inLanguage":"es"},{"@type":"Organization","@id":"https:\/\/stage3.rnv.gob.ve\/wp\/#organization","name":"Radio Nacional de Venezuela C.A.","url":"https:\/\/stage3.rnv.gob.ve\/wp\/","logo":{"@type":"ImageObject","inLanguage":"es","@id":"https:\/\/stage3.rnv.gob.ve\/wp\/#\/schema\/logo\/image\/","url":"http:\/\/rnv.ddns.net\/prensa\/wp-content\/uploads\/2022\/04\/rnv-1-300x227-1.jpg","contentUrl":"http:\/\/rnv.ddns.net\/prensa\/wp-content\/uploads\/2022\/04\/rnv-1-300x227-1.jpg","width":800,"height":455,"caption":"Radio Nacional de Venezuela C.A."},"image":{"@id":"https:\/\/stage3.rnv.gob.ve\/wp\/#\/schema\/logo\/image\/"},"sameAs":["https:\/\/www.facebook.com\/RadioNacionaldeVenezuela","https:\/\/x.com\/RNVinformativa","https:\/\/www.instagram.com\/rnvinformativa\/","https:\/\/www.youtube.com\/user\/RNVContigo"]},{"@type":"Person","@id":"https:\/\/stage3.rnv.gob.ve\/wp\/#\/schema\/person\/38556cfd5305194fd9cdd082f68620fb","name":"Dayana Romero","url":"https:\/\/stage3.rnv.gob.ve\/wp\/author\/dayana_romero\/"}]}},"jetpack_featured_media_url":"","_links":{"self":[{"href":"https:\/\/stage3.rnv.gob.ve\/wp\/wp-json\/wp\/v2\/posts\/88383","targetHints":{"allow":["GET"]}}],"collection":[{"href":"https:\/\/stage3.rnv.gob.ve\/wp\/wp-json\/wp\/v2\/posts"}],"about":[{"href":"https:\/\/stage3.rnv.gob.ve\/wp\/wp-json\/wp\/v2\/types\/post"}],"author":[{"embeddable":true,"href":"https:\/\/stage3.rnv.gob.ve\/wp\/wp-json\/wp\/v2\/users\/24"}],"replies":[{"embeddable":true,"href":"https:\/\/stage3.rnv.gob.ve\/wp\/wp-json\/wp\/v2\/comments?post=88383"}],"version-history":[{"count":0,"href":"https:\/\/stage3.rnv.gob.ve\/wp\/wp-json\/wp\/v2\/posts\/88383\/revisions"}],"wp:featuredmedia":[{"embeddable":true,"href":"https:\/\/stage3.rnv.gob.ve\/wp\/wp-json\/"}],"wp:attachment":[{"href":"https:\/\/stage3.rnv.gob.ve\/wp\/wp-json\/wp\/v2\/media?parent=88383"}],"wp:term":[{"taxonomy":"category","embeddable":true,"href":"https:\/\/stage3.rnv.gob.ve\/wp\/wp-json\/wp\/v2\/categories?post=88383"},{"taxonomy":"post_tag","embeddable":true,"href":"https:\/\/stage3.rnv.gob.ve\/wp\/wp-json\/wp\/v2\/tags?post=88383"}],"curies":[{"name":"wp","href":"https:\/\/api.w.org\/{rel}","templated":true}]}}