{"id":83511,"date":"2016-10-26T16:28:30","date_gmt":"2016-10-26T20:28:30","guid":{"rendered":"http:\/\/wpeditor.rnv.gob.ve\/?p=83511"},"modified":"2016-10-26T16:28:30","modified_gmt":"2016-10-26T20:28:30","slug":"polanco-votacion-en-la-onu-es-un-premio-a-la-resistencia-del-pueblo-cubano","status":"publish","type":"post","link":"https:\/\/stage3.rnv.gob.ve\/wp\/polanco-votacion-en-la-onu-es-un-premio-a-la-resistencia-del-pueblo-cubano\/","title":{"rendered":"Polanco: \u201cvotaci\u00f3n en la ONU es un premio a la resistencia del pueblo cubano\u201d"},"content":{"rendered":"<p><img fetchpriority=\"high\" decoding=\"async\" class=\"size-medium wp-image-83518 alignleft\" src=\"http:\/\/wpeditor.rnv.gob.ve\/app\/uploads\/2016\/10\/ROGELIO-POLANCO-300x245.png\" alt=\"ROGELIO POLANCO\" width=\"300\" height=\"245\" \/>El amplio respaldo internacional obtenido este mi\u00e9rcoles ante la Organizaci\u00f3n de las Naciones Unidas, (ONU) a favor del levantamiento del bloqueo estadounidense, <strong>\u201crepresenta un premio a la resistencia del pueblo cubano que ha resistido a este asedio imperial\u201d,<\/strong> por m\u00e1s de cincuenta a\u00f1os.<br \/>\nAs\u00ed lo indic\u00f3 el embajador de Cuba en Venezuela, Rogelio Polanco durante una entrevista concedida a Radio Nacional de Venezuela.<br \/>\nPolanco consider\u00f3 el resultado de la votaci\u00f3n como \u201c<strong>un triunfo de la solidaridad internacional que ha mantenido una postura favorable al levantamiento de este bloqueo genocida\u201d<\/strong>.<br \/>\nPor primera vez, Estados Unidos e Israel se abstuvieron en la sesi\u00f3n de la Asamblea General, debido a la <strong>\u201cfuerte presi\u00f3n internacional que ha recibido Washington durante d\u00e9cadas por mantener el criminal bloqueo\u201d, <\/strong>asever\u00f3<strong>. <\/strong><br \/>\nEl diplom\u00e1tico cubano sostuvo que pese a este nuevo triunfo diplom\u00e1tico, \u201c<strong><em>la vigencia del bloqueo estadounidense constituye una flagrante violaci\u00f3n a los derechos humanos del pueblo cubano\u201d<\/em><\/strong> y su vigencia seguir\u00e1 siendo un obst\u00e1culo para el restablecimiento pleno de las relaciones bilaterales entre ambos pa\u00edses.<br \/>\nEl Embajador cubano en Venezuela, Rogelio Polanco calific\u00f3 de insuficiente las medidas aplicadas hasta ahora por parte del gobierno norteamericano.<br \/>\n<strong>Escuche las declaraciones del Embajador de Cuba en Venezuela, Rogelio Polanco.<\/strong><br \/>\n<audio class=\"wp-audio-shortcode\" id=\"audio-83511-1\" preload=\"none\" style=\"width: 100%;\" controls=\"controls\"><source type=\"audio\/mpeg\" src=\"http:\/\/wpeditor.rnv.gob.ve\/app\/uploads\/2016\/10\/ENT.-POLANCO-WEB.mp3?_=1\" \/><a href=\"http:\/\/wpeditor.rnv.gob.ve\/app\/uploads\/2016\/10\/ENT.-POLANCO-WEB.mp3\">http:\/\/wpeditor.rnv.gob.ve\/app\/uploads\/2016\/10\/ENT.-POLANCO-WEB.mp3<\/a><\/audio><br \/>\nT\/AG\/ RNV Internacionales<\/p>\n","protected":false},"excerpt":{"rendered":"<p>El amplio respaldo internacional obtenido este mi\u00e9rcoles ante la Organizaci\u00f3n de las Naciones Unidas, (ONU) a favor del levantamiento del bloqueo estadounidense, \u201crepresenta un premio a la resistencia del pueblo cubano que ha resistido a este asedio imperial\u201d, por m\u00e1s de cincuenta a\u00f1os. As\u00ed lo indic\u00f3 el embajador de Cuba en Venezuela, Rogelio Polanco durante [&hellip;]<\/p>\n","protected":false},"author":23,"featured_media":83518,"comment_status":"closed","ping_status":"open","sticky":false,"template":"","format":"standard","meta":{"_acf_changed":false,"footnotes":""},"categories":[63],"tags":[1624,387,230,9460],"class_list":["post-83511","post","type-post","status-publish","format-standard","has-post-thumbnail","hentry","category-latinoamerica","tag-bloqueo","tag-cuba","tag-onu","tag-polanco"],"acf":[],"yoast_head":"<!-- This site is optimized with the Yoast SEO plugin v27.4 - https:\/\/yoast.com\/product\/yoast-seo-wordpress\/ -->\n<title>Polanco: \u201cvotaci\u00f3n en la ONU es un premio a la resistencia del pueblo cubano\u201d - DEV RNV<\/title>\n<meta name=\"robots\" content=\"noindex, follow, max-snippet:-1, max-image-preview:large, max-video-preview:-1\" \/>\n<meta property=\"og:locale\" content=\"es_ES\" \/>\n<meta property=\"og:type\" content=\"article\" \/>\n<meta property=\"og:title\" content=\"Polanco: \u201cvotaci\u00f3n en la ONU es un premio a la resistencia del pueblo cubano\u201d - DEV RNV\" \/>\n<meta property=\"og:description\" content=\"El amplio respaldo internacional obtenido este mi\u00e9rcoles ante la Organizaci\u00f3n de las Naciones Unidas, (ONU) a favor del levantamiento del bloqueo estadounidense, \u201crepresenta un premio a la resistencia del pueblo cubano que ha resistido a este asedio imperial\u201d, por m\u00e1s de cincuenta a\u00f1os. As\u00ed lo indic\u00f3 el embajador de Cuba en Venezuela, Rogelio Polanco durante [&hellip;]\" \/>\n<meta property=\"og:url\" content=\"https:\/\/stage3.rnv.gob.ve\/wp\/polanco-votacion-en-la-onu-es-un-premio-a-la-resistencia-del-pueblo-cubano\/\" \/>\n<meta property=\"og:site_name\" content=\"DEV RNV\" \/>\n<meta property=\"article:publisher\" content=\"https:\/\/www.facebook.com\/RadioNacionaldeVenezuela\" \/>\n<meta property=\"article:published_time\" content=\"2016-10-26T20:28:30+00:00\" \/>\n<meta name=\"author\" content=\"Bel\u00e9n Gu\u00e9dez\" \/>\n<meta name=\"twitter:card\" content=\"summary_large_image\" \/>\n<meta name=\"twitter:creator\" content=\"@RNVinformativa\" \/>\n<meta name=\"twitter:site\" content=\"@RNVinformativa\" \/>\n<meta name=\"twitter:label1\" content=\"Escrito por\" \/>\n\t<meta name=\"twitter:data1\" content=\"Bel\u00e9n Gu\u00e9dez\" \/>\n\t<meta name=\"twitter:label2\" content=\"Tiempo estimado de lectura\" \/>\n\t<meta name=\"twitter:data2\" content=\"1 minuto\" \/>\n<script type=\"application\/ld+json\" class=\"yoast-schema-graph\">{\"@context\":\"https:\\\/\\\/schema.org\",\"@graph\":[{\"@type\":\"Article\",\"@id\":\"https:\\\/\\\/stage3.rnv.gob.ve\\\/wp\\\/polanco-votacion-en-la-onu-es-un-premio-a-la-resistencia-del-pueblo-cubano\\\/#article\",\"isPartOf\":{\"@id\":\"https:\\\/\\\/stage3.rnv.gob.ve\\\/wp\\\/polanco-votacion-en-la-onu-es-un-premio-a-la-resistencia-del-pueblo-cubano\\\/\"},\"author\":{\"name\":\"Bel\u00e9n Gu\u00e9dez\",\"@id\":\"https:\\\/\\\/stage3.rnv.gob.ve\\\/wp\\\/#\\\/schema\\\/person\\\/82cdf4ab2ed6349e9a3f6b79c2f3208e\"},\"headline\":\"Polanco: \u201cvotaci\u00f3n en la ONU es un premio a la resistencia del pueblo cubano\u201d\",\"datePublished\":\"2016-10-26T20:28:30+00:00\",\"mainEntityOfPage\":{\"@id\":\"https:\\\/\\\/stage3.rnv.gob.ve\\\/wp\\\/polanco-votacion-en-la-onu-es-un-premio-a-la-resistencia-del-pueblo-cubano\\\/\"},\"wordCount\":244,\"publisher\":{\"@id\":\"https:\\\/\\\/stage3.rnv.gob.ve\\\/wp\\\/#organization\"},\"image\":{\"@id\":\"https:\\\/\\\/stage3.rnv.gob.ve\\\/wp\\\/polanco-votacion-en-la-onu-es-un-premio-a-la-resistencia-del-pueblo-cubano\\\/#primaryimage\"},\"thumbnailUrl\":\"\",\"keywords\":[\"bloqueo\",\"cuba\",\"ONU\",\"POLANCO\"],\"articleSection\":[\"Latinoam\u00e9rica\"],\"inLanguage\":\"es\"},{\"@type\":\"WebPage\",\"@id\":\"https:\\\/\\\/stage3.rnv.gob.ve\\\/wp\\\/polanco-votacion-en-la-onu-es-un-premio-a-la-resistencia-del-pueblo-cubano\\\/\",\"url\":\"https:\\\/\\\/stage3.rnv.gob.ve\\\/wp\\\/polanco-votacion-en-la-onu-es-un-premio-a-la-resistencia-del-pueblo-cubano\\\/\",\"name\":\"Polanco: \u201cvotaci\u00f3n en la ONU es un premio a la resistencia del pueblo cubano\u201d - DEV RNV\",\"isPartOf\":{\"@id\":\"https:\\\/\\\/stage3.rnv.gob.ve\\\/wp\\\/#website\"},\"primaryImageOfPage\":{\"@id\":\"https:\\\/\\\/stage3.rnv.gob.ve\\\/wp\\\/polanco-votacion-en-la-onu-es-un-premio-a-la-resistencia-del-pueblo-cubano\\\/#primaryimage\"},\"image\":{\"@id\":\"https:\\\/\\\/stage3.rnv.gob.ve\\\/wp\\\/polanco-votacion-en-la-onu-es-un-premio-a-la-resistencia-del-pueblo-cubano\\\/#primaryimage\"},\"thumbnailUrl\":\"\",\"datePublished\":\"2016-10-26T20:28:30+00:00\",\"breadcrumb\":{\"@id\":\"https:\\\/\\\/stage3.rnv.gob.ve\\\/wp\\\/polanco-votacion-en-la-onu-es-un-premio-a-la-resistencia-del-pueblo-cubano\\\/#breadcrumb\"},\"inLanguage\":\"es\",\"potentialAction\":[{\"@type\":\"ReadAction\",\"target\":[\"https:\\\/\\\/stage3.rnv.gob.ve\\\/wp\\\/polanco-votacion-en-la-onu-es-un-premio-a-la-resistencia-del-pueblo-cubano\\\/\"]}]},{\"@type\":\"ImageObject\",\"inLanguage\":\"es\",\"@id\":\"https:\\\/\\\/stage3.rnv.gob.ve\\\/wp\\\/polanco-votacion-en-la-onu-es-un-premio-a-la-resistencia-del-pueblo-cubano\\\/#primaryimage\",\"url\":\"\",\"contentUrl\":\"\"},{\"@type\":\"BreadcrumbList\",\"@id\":\"https:\\\/\\\/stage3.rnv.gob.ve\\\/wp\\\/polanco-votacion-en-la-onu-es-un-premio-a-la-resistencia-del-pueblo-cubano\\\/#breadcrumb\",\"itemListElement\":[{\"@type\":\"ListItem\",\"position\":1,\"name\":\"Portada\",\"item\":\"https:\\\/\\\/stage3.rnv.gob.ve\\\/wp\\\/\"},{\"@type\":\"ListItem\",\"position\":2,\"name\":\"Polanco: \u201cVotaci\u00f3n En La Onu Es Un Premio A La Resistencia Del Pueblo Cubano\u201d\"}]},{\"@type\":\"WebSite\",\"@id\":\"https:\\\/\\\/stage3.rnv.gob.ve\\\/wp\\\/#website\",\"url\":\"https:\\\/\\\/stage3.rnv.gob.ve\\\/wp\\\/\",\"name\":\"DEV RNV\",\"description\":\"Radio Nacional de Venezuela C.A.\",\"publisher\":{\"@id\":\"https:\\\/\\\/stage3.rnv.gob.ve\\\/wp\\\/#organization\"},\"potentialAction\":[{\"@type\":\"SearchAction\",\"target\":{\"@type\":\"EntryPoint\",\"urlTemplate\":\"https:\\\/\\\/stage3.rnv.gob.ve\\\/wp\\\/?s={search_term_string}\"},\"query-input\":{\"@type\":\"PropertyValueSpecification\",\"valueRequired\":true,\"valueName\":\"search_term_string\"}}],\"inLanguage\":\"es\"},{\"@type\":\"Organization\",\"@id\":\"https:\\\/\\\/stage3.rnv.gob.ve\\\/wp\\\/#organization\",\"name\":\"Radio Nacional de Venezuela C.A.\",\"url\":\"https:\\\/\\\/stage3.rnv.gob.ve\\\/wp\\\/\",\"logo\":{\"@type\":\"ImageObject\",\"inLanguage\":\"es\",\"@id\":\"https:\\\/\\\/stage3.rnv.gob.ve\\\/wp\\\/#\\\/schema\\\/logo\\\/image\\\/\",\"url\":\"http:\\\/\\\/rnv.ddns.net\\\/prensa\\\/wp-content\\\/uploads\\\/2022\\\/04\\\/rnv-1-300x227-1.jpg\",\"contentUrl\":\"http:\\\/\\\/rnv.ddns.net\\\/prensa\\\/wp-content\\\/uploads\\\/2022\\\/04\\\/rnv-1-300x227-1.jpg\",\"width\":800,\"height\":455,\"caption\":\"Radio Nacional de Venezuela C.A.\"},\"image\":{\"@id\":\"https:\\\/\\\/stage3.rnv.gob.ve\\\/wp\\\/#\\\/schema\\\/logo\\\/image\\\/\"},\"sameAs\":[\"https:\\\/\\\/www.facebook.com\\\/RadioNacionaldeVenezuela\",\"https:\\\/\\\/x.com\\\/RNVinformativa\",\"https:\\\/\\\/www.instagram.com\\\/rnvinformativa\\\/\",\"https:\\\/\\\/www.youtube.com\\\/user\\\/RNVContigo\"]},{\"@type\":\"Person\",\"@id\":\"https:\\\/\\\/stage3.rnv.gob.ve\\\/wp\\\/#\\\/schema\\\/person\\\/82cdf4ab2ed6349e9a3f6b79c2f3208e\",\"name\":\"Bel\u00e9n Gu\u00e9dez\",\"url\":\"https:\\\/\\\/stage3.rnv.gob.ve\\\/wp\\\/author\\\/b_guedez\\\/\"}]}<\/script>\n<!-- \/ Yoast SEO plugin. -->","yoast_head_json":{"title":"Polanco: \u201cvotaci\u00f3n en la ONU es un premio a la resistencia del pueblo cubano\u201d - DEV RNV","robots":{"index":"noindex","follow":"follow","max-snippet":"max-snippet:-1","max-image-preview":"max-image-preview:large","max-video-preview":"max-video-preview:-1"},"og_locale":"es_ES","og_type":"article","og_title":"Polanco: \u201cvotaci\u00f3n en la ONU es un premio a la resistencia del pueblo cubano\u201d - DEV RNV","og_description":"El amplio respaldo internacional obtenido este mi\u00e9rcoles ante la Organizaci\u00f3n de las Naciones Unidas, (ONU) a favor del levantamiento del bloqueo estadounidense, \u201crepresenta un premio a la resistencia del pueblo cubano que ha resistido a este asedio imperial\u201d, por m\u00e1s de cincuenta a\u00f1os. As\u00ed lo indic\u00f3 el embajador de Cuba en Venezuela, Rogelio Polanco durante [&hellip;]","og_url":"https:\/\/stage3.rnv.gob.ve\/wp\/polanco-votacion-en-la-onu-es-un-premio-a-la-resistencia-del-pueblo-cubano\/","og_site_name":"DEV RNV","article_publisher":"https:\/\/www.facebook.com\/RadioNacionaldeVenezuela","article_published_time":"2016-10-26T20:28:30+00:00","author":"Bel\u00e9n Gu\u00e9dez","twitter_card":"summary_large_image","twitter_creator":"@RNVinformativa","twitter_site":"@RNVinformativa","twitter_misc":{"Escrito por":"Bel\u00e9n Gu\u00e9dez","Tiempo estimado de lectura":"1 minuto"},"schema":{"@context":"https:\/\/schema.org","@graph":[{"@type":"Article","@id":"https:\/\/stage3.rnv.gob.ve\/wp\/polanco-votacion-en-la-onu-es-un-premio-a-la-resistencia-del-pueblo-cubano\/#article","isPartOf":{"@id":"https:\/\/stage3.rnv.gob.ve\/wp\/polanco-votacion-en-la-onu-es-un-premio-a-la-resistencia-del-pueblo-cubano\/"},"author":{"name":"Bel\u00e9n Gu\u00e9dez","@id":"https:\/\/stage3.rnv.gob.ve\/wp\/#\/schema\/person\/82cdf4ab2ed6349e9a3f6b79c2f3208e"},"headline":"Polanco: \u201cvotaci\u00f3n en la ONU es un premio a la resistencia del pueblo cubano\u201d","datePublished":"2016-10-26T20:28:30+00:00","mainEntityOfPage":{"@id":"https:\/\/stage3.rnv.gob.ve\/wp\/polanco-votacion-en-la-onu-es-un-premio-a-la-resistencia-del-pueblo-cubano\/"},"wordCount":244,"publisher":{"@id":"https:\/\/stage3.rnv.gob.ve\/wp\/#organization"},"image":{"@id":"https:\/\/stage3.rnv.gob.ve\/wp\/polanco-votacion-en-la-onu-es-un-premio-a-la-resistencia-del-pueblo-cubano\/#primaryimage"},"thumbnailUrl":"","keywords":["bloqueo","cuba","ONU","POLANCO"],"articleSection":["Latinoam\u00e9rica"],"inLanguage":"es"},{"@type":"WebPage","@id":"https:\/\/stage3.rnv.gob.ve\/wp\/polanco-votacion-en-la-onu-es-un-premio-a-la-resistencia-del-pueblo-cubano\/","url":"https:\/\/stage3.rnv.gob.ve\/wp\/polanco-votacion-en-la-onu-es-un-premio-a-la-resistencia-del-pueblo-cubano\/","name":"Polanco: \u201cvotaci\u00f3n en la ONU es un premio a la resistencia del pueblo cubano\u201d - DEV RNV","isPartOf":{"@id":"https:\/\/stage3.rnv.gob.ve\/wp\/#website"},"primaryImageOfPage":{"@id":"https:\/\/stage3.rnv.gob.ve\/wp\/polanco-votacion-en-la-onu-es-un-premio-a-la-resistencia-del-pueblo-cubano\/#primaryimage"},"image":{"@id":"https:\/\/stage3.rnv.gob.ve\/wp\/polanco-votacion-en-la-onu-es-un-premio-a-la-resistencia-del-pueblo-cubano\/#primaryimage"},"thumbnailUrl":"","datePublished":"2016-10-26T20:28:30+00:00","breadcrumb":{"@id":"https:\/\/stage3.rnv.gob.ve\/wp\/polanco-votacion-en-la-onu-es-un-premio-a-la-resistencia-del-pueblo-cubano\/#breadcrumb"},"inLanguage":"es","potentialAction":[{"@type":"ReadAction","target":["https:\/\/stage3.rnv.gob.ve\/wp\/polanco-votacion-en-la-onu-es-un-premio-a-la-resistencia-del-pueblo-cubano\/"]}]},{"@type":"ImageObject","inLanguage":"es","@id":"https:\/\/stage3.rnv.gob.ve\/wp\/polanco-votacion-en-la-onu-es-un-premio-a-la-resistencia-del-pueblo-cubano\/#primaryimage","url":"","contentUrl":""},{"@type":"BreadcrumbList","@id":"https:\/\/stage3.rnv.gob.ve\/wp\/polanco-votacion-en-la-onu-es-un-premio-a-la-resistencia-del-pueblo-cubano\/#breadcrumb","itemListElement":[{"@type":"ListItem","position":1,"name":"Portada","item":"https:\/\/stage3.rnv.gob.ve\/wp\/"},{"@type":"ListItem","position":2,"name":"Polanco: \u201cVotaci\u00f3n En La Onu Es Un Premio A La Resistencia Del Pueblo Cubano\u201d"}]},{"@type":"WebSite","@id":"https:\/\/stage3.rnv.gob.ve\/wp\/#website","url":"https:\/\/stage3.rnv.gob.ve\/wp\/","name":"DEV RNV","description":"Radio Nacional de Venezuela C.A.","publisher":{"@id":"https:\/\/stage3.rnv.gob.ve\/wp\/#organization"},"potentialAction":[{"@type":"SearchAction","target":{"@type":"EntryPoint","urlTemplate":"https:\/\/stage3.rnv.gob.ve\/wp\/?s={search_term_string}"},"query-input":{"@type":"PropertyValueSpecification","valueRequired":true,"valueName":"search_term_string"}}],"inLanguage":"es"},{"@type":"Organization","@id":"https:\/\/stage3.rnv.gob.ve\/wp\/#organization","name":"Radio Nacional de Venezuela C.A.","url":"https:\/\/stage3.rnv.gob.ve\/wp\/","logo":{"@type":"ImageObject","inLanguage":"es","@id":"https:\/\/stage3.rnv.gob.ve\/wp\/#\/schema\/logo\/image\/","url":"http:\/\/rnv.ddns.net\/prensa\/wp-content\/uploads\/2022\/04\/rnv-1-300x227-1.jpg","contentUrl":"http:\/\/rnv.ddns.net\/prensa\/wp-content\/uploads\/2022\/04\/rnv-1-300x227-1.jpg","width":800,"height":455,"caption":"Radio Nacional de Venezuela C.A."},"image":{"@id":"https:\/\/stage3.rnv.gob.ve\/wp\/#\/schema\/logo\/image\/"},"sameAs":["https:\/\/www.facebook.com\/RadioNacionaldeVenezuela","https:\/\/x.com\/RNVinformativa","https:\/\/www.instagram.com\/rnvinformativa\/","https:\/\/www.youtube.com\/user\/RNVContigo"]},{"@type":"Person","@id":"https:\/\/stage3.rnv.gob.ve\/wp\/#\/schema\/person\/82cdf4ab2ed6349e9a3f6b79c2f3208e","name":"Bel\u00e9n Gu\u00e9dez","url":"https:\/\/stage3.rnv.gob.ve\/wp\/author\/b_guedez\/"}]}},"jetpack_featured_media_url":"","_links":{"self":[{"href":"https:\/\/stage3.rnv.gob.ve\/wp\/wp-json\/wp\/v2\/posts\/83511","targetHints":{"allow":["GET"]}}],"collection":[{"href":"https:\/\/stage3.rnv.gob.ve\/wp\/wp-json\/wp\/v2\/posts"}],"about":[{"href":"https:\/\/stage3.rnv.gob.ve\/wp\/wp-json\/wp\/v2\/types\/post"}],"author":[{"embeddable":true,"href":"https:\/\/stage3.rnv.gob.ve\/wp\/wp-json\/wp\/v2\/users\/23"}],"replies":[{"embeddable":true,"href":"https:\/\/stage3.rnv.gob.ve\/wp\/wp-json\/wp\/v2\/comments?post=83511"}],"version-history":[{"count":0,"href":"https:\/\/stage3.rnv.gob.ve\/wp\/wp-json\/wp\/v2\/posts\/83511\/revisions"}],"wp:featuredmedia":[{"embeddable":true,"href":"https:\/\/stage3.rnv.gob.ve\/wp\/wp-json\/"}],"wp:attachment":[{"href":"https:\/\/stage3.rnv.gob.ve\/wp\/wp-json\/wp\/v2\/media?parent=83511"}],"wp:term":[{"taxonomy":"category","embeddable":true,"href":"https:\/\/stage3.rnv.gob.ve\/wp\/wp-json\/wp\/v2\/categories?post=83511"},{"taxonomy":"post_tag","embeddable":true,"href":"https:\/\/stage3.rnv.gob.ve\/wp\/wp-json\/wp\/v2\/tags?post=83511"}],"curies":[{"name":"wp","href":"https:\/\/api.w.org\/{rel}","templated":true}]}}