{"id":83505,"date":"2016-10-26T16:25:14","date_gmt":"2016-10-26T20:25:14","guid":{"rendered":"http:\/\/wpeditor.rnv.gob.ve\/?p=83505"},"modified":"2016-10-26T16:25:14","modified_gmt":"2016-10-26T20:25:14","slug":"juicio-politico-contra-el-presidente-de-la-republica-no-va","status":"publish","type":"post","link":"https:\/\/stage3.rnv.gob.ve\/wp\/juicio-politico-contra-el-presidente-de-la-republica-no-va\/","title":{"rendered":"Juicio pol\u00edtico contra el Presidente de la Rep\u00fablica no va"},"content":{"rendered":"<p><img fetchpriority=\"high\" decoding=\"async\" class=\"size-medium wp-image-83512 alignleft\" src=\"http:\/\/wpeditor.rnv.gob.ve\/app\/uploads\/2016\/10\/Edwin-rojas-300x200.jpg\" alt=\"Edwin-rojas\" width=\"300\" height=\"200\" \/>En su condici\u00f3n de abogado, Edwin Rojas, diputado por el Bloque Parlamentario de la Patria en la Asamblea Nacional, aclar\u00f3 que la figura de juicio o sanci\u00f3n pol\u00edtica no aplica en el caso del Presidente de la Rep\u00fablica en Venezuela, en respuesta a la propuesta de declaratoria de responsabilidad pol\u00edtica que promueve la derecha en el seno del Parlamento.<!--more--><br \/>\nRecord\u00f3 que en Venezuela el Poder Legislativo est\u00e1 bajo subordinaci\u00f3n del Ejecutivo, dirigido por el Presidente de la Rep\u00fablica, por lo que el juicio pol\u00edtico no procede, no obstante, existe la figura del antejuicio de merito, que debe ser validada y autorizada por el Tribunal Supremo de Justicia, conforme a la Constituci\u00f3n de la Rep\u00fablica Bolivariana de Venezuela.<br \/>\nRojas, en un claro ejemplo de lo que calific\u00f3 como ignorancia supina, se\u00f1al\u00f3 que la oposici\u00f3n pretende repetir las acciones emprendidas por los congresos de Honduras, Paraguay y Brasil, que resultaron en la destituci\u00f3n de sus presidentes.<br \/>\n\u201cVenezuela no es Brasil, Honduras ni Paraguay, y no lo es lo constitucional, porque nuestra doctrina constitucional no permite juicios pol\u00edticos a la figura del Jefe de Estado y la declaratoria de responsabilidad pol\u00edtica que hace la Asamblea Nacional es para funcionarios distintos al Presidente de la Rep\u00fablica\u201d, puntualiz\u00f3.<br \/>\nAdvirti\u00f3 que la derecha ha pretendido hacer ver a la Asamblea como un supra poder por encima de los dem\u00e1s poderes, por lo que record\u00f3 que la Constituci\u00f3n establece cinco poderes: Ejecutivo, Legislativo, Judicial, Ciudadano y Electoral y el Presidente de la Rep\u00fablica es el jefe de los cinco poderes, no obstante, \u201cRamos Allup pretendi\u00f3 dirigir al Estado desde que lleg\u00f3 a la AN.\u201d<br \/>\n<strong>AN contin\u00faa en desacato<\/strong><br \/>\nHasta tanto el Parlamento venezolano no acate las sentencias dictadas por la Sala Electoral del TSJ, que establece la desincorporaci\u00f3n de los tres candidatos del estado Amazonas, continuar\u00e1 en desacato y sus decisiones son nulas, carecen de legalidad, record\u00f3 Rojas citando el art\u00edculo 138 de la Constituci\u00f3n.<br \/>\nEn este sentido, aclar\u00f3 que mientras este poder est\u00e9 en desacato, la Sala Constitucional del TSJ dar\u00e1 \u201ccontinuidad administrativa al Estado, es decir, el pa\u00eds no se puede parar porque la AN est\u00e1 en desacato\u201d.<br \/>\n<strong>Una oposici\u00f3n poco seria<\/strong><br \/>\nRojas se mostr\u00f3 preocupado por la postura asumida por los dirigentes de oposici\u00f3n, quienes luego de enviar a Jes\u00fas Chuo Torrealba como su vocero en la mesa de di\u00e1logo, arremetieron contra esta iniciativa por las redes sociales.\u201cNo tienen ni los pantalones ni la seriedad para atender un problema como la pol\u00edtica nacional.\u201d<br \/>\nLa oposici\u00f3n pidi\u00f3 la participaci\u00f3n de agentes externos en la Comisi\u00f3n de Di\u00e1logo propuesta por el Presidente Nicol\u00e1s Maduro y se invit\u00f3 a los expresidentes Rodr\u00edguez Zapatero, Espa\u00f1a; Leonel Fern\u00e1ndez, Rep\u00fablica Dominicana; y Mart\u00edn Torrijos, Panam\u00e1; pero \u201ccomo no se prestaron para salir ante el mundo y decir que en Venezuela hay una dictadura entonces los expresidentes no sirven\u201d.<br \/>\nSumado a esto, no se hicieron esperar las reacciones a partir de la presencia del enviado especial de El Vaticano, Emil Paul Tscherrig, en la mesa de di\u00e1logo. \u201cComo ahora el enviado del Papa no se ha prestado para sus pol\u00edticas radicales le dan una patada a la mesa y como el Papa bendijo al Presidente Maduro entonces El Vaticano no sirve.\u201d<br \/>\n<strong>Escuche al abogado y diputado\u00a0Edwin Rojas<\/strong><br \/>\n<audio class=\"wp-audio-shortcode\" id=\"audio-83505-1\" preload=\"none\" style=\"width: 100%;\" controls=\"controls\"><source type=\"audio\/mpeg\" src=\"http:\/\/wpeditor.rnv.gob.ve\/app\/uploads\/2016\/10\/ROJAS.mp3?_=1\" \/><a href=\"http:\/\/wpeditor.rnv.gob.ve\/app\/uploads\/2016\/10\/ROJAS.mp3\">http:\/\/wpeditor.rnv.gob.ve\/app\/uploads\/2016\/10\/ROJAS.mp3<\/a><\/audio><br \/>\n&nbsp;<br \/>\nT\/YB\/P\u00e1gWebRNV<\/p>\n","protected":false},"excerpt":{"rendered":"<p>En su condici\u00f3n de abogado, Edwin Rojas, diputado por el Bloque Parlamentario de la Patria en la Asamblea Nacional, aclar\u00f3 que la figura de juicio o sanci\u00f3n pol\u00edtica no aplica en el caso del Presidente de la Rep\u00fablica en Venezuela, en respuesta a la propuesta de declaratoria de responsabilidad pol\u00edtica que promueve la derecha en [&hellip;]<\/p>\n","protected":false},"author":9,"featured_media":83512,"comment_status":"closed","ping_status":"open","sticky":false,"template":"","format":"standard","meta":{"_acf_changed":false,"footnotes":""},"categories":[65],"tags":[2543,954,354],"class_list":["post-83505","post","type-post","status-publish","format-standard","has-post-thumbnail","hentry","category-nacional","tag-juicio","tag-presidente","tag-rechazo"],"acf":[],"yoast_head":"<!-- This site is optimized with the Yoast SEO plugin v27.4 - https:\/\/yoast.com\/product\/yoast-seo-wordpress\/ -->\n<title>Juicio pol\u00edtico contra el Presidente de la Rep\u00fablica no va - DEV RNV<\/title>\n<meta name=\"robots\" content=\"noindex, follow, max-snippet:-1, max-image-preview:large, max-video-preview:-1\" \/>\n<meta property=\"og:locale\" content=\"es_ES\" \/>\n<meta property=\"og:type\" content=\"article\" \/>\n<meta property=\"og:title\" content=\"Juicio pol\u00edtico contra el Presidente de la Rep\u00fablica no va - DEV RNV\" \/>\n<meta property=\"og:description\" content=\"En su condici\u00f3n de abogado, Edwin Rojas, diputado por el Bloque Parlamentario de la Patria en la Asamblea Nacional, aclar\u00f3 que la figura de juicio o sanci\u00f3n pol\u00edtica no aplica en el caso del Presidente de la Rep\u00fablica en Venezuela, en respuesta a la propuesta de declaratoria de responsabilidad pol\u00edtica que promueve la derecha en [&hellip;]\" \/>\n<meta property=\"og:url\" content=\"https:\/\/stage3.rnv.gob.ve\/wp\/juicio-politico-contra-el-presidente-de-la-republica-no-va\/\" \/>\n<meta property=\"og:site_name\" content=\"DEV RNV\" \/>\n<meta property=\"article:publisher\" content=\"https:\/\/www.facebook.com\/RadioNacionaldeVenezuela\" \/>\n<meta property=\"article:published_time\" content=\"2016-10-26T20:25:14+00:00\" \/>\n<meta name=\"author\" content=\"Mariandry Lacl\u00e9\" \/>\n<meta name=\"twitter:card\" content=\"summary_large_image\" \/>\n<meta name=\"twitter:creator\" content=\"@RNVinformativa\" \/>\n<meta name=\"twitter:site\" content=\"@RNVinformativa\" \/>\n<meta name=\"twitter:label1\" content=\"Escrito por\" \/>\n\t<meta name=\"twitter:data1\" content=\"Mariandry Lacl\u00e9\" \/>\n\t<meta name=\"twitter:label2\" content=\"Tiempo estimado de lectura\" \/>\n\t<meta name=\"twitter:data2\" content=\"3 minutos\" \/>\n<script type=\"application\/ld+json\" class=\"yoast-schema-graph\">{\"@context\":\"https:\\\/\\\/schema.org\",\"@graph\":[{\"@type\":\"Article\",\"@id\":\"https:\\\/\\\/stage3.rnv.gob.ve\\\/wp\\\/juicio-politico-contra-el-presidente-de-la-republica-no-va\\\/#article\",\"isPartOf\":{\"@id\":\"https:\\\/\\\/stage3.rnv.gob.ve\\\/wp\\\/juicio-politico-contra-el-presidente-de-la-republica-no-va\\\/\"},\"author\":{\"name\":\"Mariandry Lacl\u00e9\",\"@id\":\"https:\\\/\\\/stage3.rnv.gob.ve\\\/wp\\\/#\\\/schema\\\/person\\\/33c4fd1879de0b5e68e2f17d1a22b2aa\"},\"headline\":\"Juicio pol\u00edtico contra el Presidente de la Rep\u00fablica no va\",\"datePublished\":\"2016-10-26T20:25:14+00:00\",\"mainEntityOfPage\":{\"@id\":\"https:\\\/\\\/stage3.rnv.gob.ve\\\/wp\\\/juicio-politico-contra-el-presidente-de-la-republica-no-va\\\/\"},\"wordCount\":607,\"publisher\":{\"@id\":\"https:\\\/\\\/stage3.rnv.gob.ve\\\/wp\\\/#organization\"},\"image\":{\"@id\":\"https:\\\/\\\/stage3.rnv.gob.ve\\\/wp\\\/juicio-politico-contra-el-presidente-de-la-republica-no-va\\\/#primaryimage\"},\"thumbnailUrl\":\"\",\"keywords\":[\"juicio\",\"presidente\",\"rechazo\"],\"articleSection\":[\"Nacional\"],\"inLanguage\":\"es\"},{\"@type\":\"WebPage\",\"@id\":\"https:\\\/\\\/stage3.rnv.gob.ve\\\/wp\\\/juicio-politico-contra-el-presidente-de-la-republica-no-va\\\/\",\"url\":\"https:\\\/\\\/stage3.rnv.gob.ve\\\/wp\\\/juicio-politico-contra-el-presidente-de-la-republica-no-va\\\/\",\"name\":\"Juicio pol\u00edtico contra el Presidente de la Rep\u00fablica no va - DEV RNV\",\"isPartOf\":{\"@id\":\"https:\\\/\\\/stage3.rnv.gob.ve\\\/wp\\\/#website\"},\"primaryImageOfPage\":{\"@id\":\"https:\\\/\\\/stage3.rnv.gob.ve\\\/wp\\\/juicio-politico-contra-el-presidente-de-la-republica-no-va\\\/#primaryimage\"},\"image\":{\"@id\":\"https:\\\/\\\/stage3.rnv.gob.ve\\\/wp\\\/juicio-politico-contra-el-presidente-de-la-republica-no-va\\\/#primaryimage\"},\"thumbnailUrl\":\"\",\"datePublished\":\"2016-10-26T20:25:14+00:00\",\"breadcrumb\":{\"@id\":\"https:\\\/\\\/stage3.rnv.gob.ve\\\/wp\\\/juicio-politico-contra-el-presidente-de-la-republica-no-va\\\/#breadcrumb\"},\"inLanguage\":\"es\",\"potentialAction\":[{\"@type\":\"ReadAction\",\"target\":[\"https:\\\/\\\/stage3.rnv.gob.ve\\\/wp\\\/juicio-politico-contra-el-presidente-de-la-republica-no-va\\\/\"]}]},{\"@type\":\"ImageObject\",\"inLanguage\":\"es\",\"@id\":\"https:\\\/\\\/stage3.rnv.gob.ve\\\/wp\\\/juicio-politico-contra-el-presidente-de-la-republica-no-va\\\/#primaryimage\",\"url\":\"\",\"contentUrl\":\"\"},{\"@type\":\"BreadcrumbList\",\"@id\":\"https:\\\/\\\/stage3.rnv.gob.ve\\\/wp\\\/juicio-politico-contra-el-presidente-de-la-republica-no-va\\\/#breadcrumb\",\"itemListElement\":[{\"@type\":\"ListItem\",\"position\":1,\"name\":\"Portada\",\"item\":\"https:\\\/\\\/stage3.rnv.gob.ve\\\/wp\\\/\"},{\"@type\":\"ListItem\",\"position\":2,\"name\":\"Juicio Pol\u00edtico Contra El Presidente De La Rep\u00fablica No Va\"}]},{\"@type\":\"WebSite\",\"@id\":\"https:\\\/\\\/stage3.rnv.gob.ve\\\/wp\\\/#website\",\"url\":\"https:\\\/\\\/stage3.rnv.gob.ve\\\/wp\\\/\",\"name\":\"DEV RNV\",\"description\":\"Radio Nacional de Venezuela C.A.\",\"publisher\":{\"@id\":\"https:\\\/\\\/stage3.rnv.gob.ve\\\/wp\\\/#organization\"},\"potentialAction\":[{\"@type\":\"SearchAction\",\"target\":{\"@type\":\"EntryPoint\",\"urlTemplate\":\"https:\\\/\\\/stage3.rnv.gob.ve\\\/wp\\\/?s={search_term_string}\"},\"query-input\":{\"@type\":\"PropertyValueSpecification\",\"valueRequired\":true,\"valueName\":\"search_term_string\"}}],\"inLanguage\":\"es\"},{\"@type\":\"Organization\",\"@id\":\"https:\\\/\\\/stage3.rnv.gob.ve\\\/wp\\\/#organization\",\"name\":\"Radio Nacional de Venezuela C.A.\",\"url\":\"https:\\\/\\\/stage3.rnv.gob.ve\\\/wp\\\/\",\"logo\":{\"@type\":\"ImageObject\",\"inLanguage\":\"es\",\"@id\":\"https:\\\/\\\/stage3.rnv.gob.ve\\\/wp\\\/#\\\/schema\\\/logo\\\/image\\\/\",\"url\":\"http:\\\/\\\/rnv.ddns.net\\\/prensa\\\/wp-content\\\/uploads\\\/2022\\\/04\\\/rnv-1-300x227-1.jpg\",\"contentUrl\":\"http:\\\/\\\/rnv.ddns.net\\\/prensa\\\/wp-content\\\/uploads\\\/2022\\\/04\\\/rnv-1-300x227-1.jpg\",\"width\":800,\"height\":455,\"caption\":\"Radio Nacional de Venezuela C.A.\"},\"image\":{\"@id\":\"https:\\\/\\\/stage3.rnv.gob.ve\\\/wp\\\/#\\\/schema\\\/logo\\\/image\\\/\"},\"sameAs\":[\"https:\\\/\\\/www.facebook.com\\\/RadioNacionaldeVenezuela\",\"https:\\\/\\\/x.com\\\/RNVinformativa\",\"https:\\\/\\\/www.instagram.com\\\/rnvinformativa\\\/\",\"https:\\\/\\\/www.youtube.com\\\/user\\\/RNVContigo\"]},{\"@type\":\"Person\",\"@id\":\"https:\\\/\\\/stage3.rnv.gob.ve\\\/wp\\\/#\\\/schema\\\/person\\\/33c4fd1879de0b5e68e2f17d1a22b2aa\",\"name\":\"Mariandry Lacl\u00e9\",\"url\":\"https:\\\/\\\/stage3.rnv.gob.ve\\\/wp\\\/author\\\/m_lacle\\\/\"}]}<\/script>\n<!-- \/ Yoast SEO plugin. -->","yoast_head_json":{"title":"Juicio pol\u00edtico contra el Presidente de la Rep\u00fablica no va - DEV RNV","robots":{"index":"noindex","follow":"follow","max-snippet":"max-snippet:-1","max-image-preview":"max-image-preview:large","max-video-preview":"max-video-preview:-1"},"og_locale":"es_ES","og_type":"article","og_title":"Juicio pol\u00edtico contra el Presidente de la Rep\u00fablica no va - DEV RNV","og_description":"En su condici\u00f3n de abogado, Edwin Rojas, diputado por el Bloque Parlamentario de la Patria en la Asamblea Nacional, aclar\u00f3 que la figura de juicio o sanci\u00f3n pol\u00edtica no aplica en el caso del Presidente de la Rep\u00fablica en Venezuela, en respuesta a la propuesta de declaratoria de responsabilidad pol\u00edtica que promueve la derecha en [&hellip;]","og_url":"https:\/\/stage3.rnv.gob.ve\/wp\/juicio-politico-contra-el-presidente-de-la-republica-no-va\/","og_site_name":"DEV RNV","article_publisher":"https:\/\/www.facebook.com\/RadioNacionaldeVenezuela","article_published_time":"2016-10-26T20:25:14+00:00","author":"Mariandry Lacl\u00e9","twitter_card":"summary_large_image","twitter_creator":"@RNVinformativa","twitter_site":"@RNVinformativa","twitter_misc":{"Escrito por":"Mariandry Lacl\u00e9","Tiempo estimado de lectura":"3 minutos"},"schema":{"@context":"https:\/\/schema.org","@graph":[{"@type":"Article","@id":"https:\/\/stage3.rnv.gob.ve\/wp\/juicio-politico-contra-el-presidente-de-la-republica-no-va\/#article","isPartOf":{"@id":"https:\/\/stage3.rnv.gob.ve\/wp\/juicio-politico-contra-el-presidente-de-la-republica-no-va\/"},"author":{"name":"Mariandry Lacl\u00e9","@id":"https:\/\/stage3.rnv.gob.ve\/wp\/#\/schema\/person\/33c4fd1879de0b5e68e2f17d1a22b2aa"},"headline":"Juicio pol\u00edtico contra el Presidente de la Rep\u00fablica no va","datePublished":"2016-10-26T20:25:14+00:00","mainEntityOfPage":{"@id":"https:\/\/stage3.rnv.gob.ve\/wp\/juicio-politico-contra-el-presidente-de-la-republica-no-va\/"},"wordCount":607,"publisher":{"@id":"https:\/\/stage3.rnv.gob.ve\/wp\/#organization"},"image":{"@id":"https:\/\/stage3.rnv.gob.ve\/wp\/juicio-politico-contra-el-presidente-de-la-republica-no-va\/#primaryimage"},"thumbnailUrl":"","keywords":["juicio","presidente","rechazo"],"articleSection":["Nacional"],"inLanguage":"es"},{"@type":"WebPage","@id":"https:\/\/stage3.rnv.gob.ve\/wp\/juicio-politico-contra-el-presidente-de-la-republica-no-va\/","url":"https:\/\/stage3.rnv.gob.ve\/wp\/juicio-politico-contra-el-presidente-de-la-republica-no-va\/","name":"Juicio pol\u00edtico contra el Presidente de la Rep\u00fablica no va - DEV RNV","isPartOf":{"@id":"https:\/\/stage3.rnv.gob.ve\/wp\/#website"},"primaryImageOfPage":{"@id":"https:\/\/stage3.rnv.gob.ve\/wp\/juicio-politico-contra-el-presidente-de-la-republica-no-va\/#primaryimage"},"image":{"@id":"https:\/\/stage3.rnv.gob.ve\/wp\/juicio-politico-contra-el-presidente-de-la-republica-no-va\/#primaryimage"},"thumbnailUrl":"","datePublished":"2016-10-26T20:25:14+00:00","breadcrumb":{"@id":"https:\/\/stage3.rnv.gob.ve\/wp\/juicio-politico-contra-el-presidente-de-la-republica-no-va\/#breadcrumb"},"inLanguage":"es","potentialAction":[{"@type":"ReadAction","target":["https:\/\/stage3.rnv.gob.ve\/wp\/juicio-politico-contra-el-presidente-de-la-republica-no-va\/"]}]},{"@type":"ImageObject","inLanguage":"es","@id":"https:\/\/stage3.rnv.gob.ve\/wp\/juicio-politico-contra-el-presidente-de-la-republica-no-va\/#primaryimage","url":"","contentUrl":""},{"@type":"BreadcrumbList","@id":"https:\/\/stage3.rnv.gob.ve\/wp\/juicio-politico-contra-el-presidente-de-la-republica-no-va\/#breadcrumb","itemListElement":[{"@type":"ListItem","position":1,"name":"Portada","item":"https:\/\/stage3.rnv.gob.ve\/wp\/"},{"@type":"ListItem","position":2,"name":"Juicio Pol\u00edtico Contra El Presidente De La Rep\u00fablica No Va"}]},{"@type":"WebSite","@id":"https:\/\/stage3.rnv.gob.ve\/wp\/#website","url":"https:\/\/stage3.rnv.gob.ve\/wp\/","name":"DEV RNV","description":"Radio Nacional de Venezuela C.A.","publisher":{"@id":"https:\/\/stage3.rnv.gob.ve\/wp\/#organization"},"potentialAction":[{"@type":"SearchAction","target":{"@type":"EntryPoint","urlTemplate":"https:\/\/stage3.rnv.gob.ve\/wp\/?s={search_term_string}"},"query-input":{"@type":"PropertyValueSpecification","valueRequired":true,"valueName":"search_term_string"}}],"inLanguage":"es"},{"@type":"Organization","@id":"https:\/\/stage3.rnv.gob.ve\/wp\/#organization","name":"Radio Nacional de Venezuela C.A.","url":"https:\/\/stage3.rnv.gob.ve\/wp\/","logo":{"@type":"ImageObject","inLanguage":"es","@id":"https:\/\/stage3.rnv.gob.ve\/wp\/#\/schema\/logo\/image\/","url":"http:\/\/rnv.ddns.net\/prensa\/wp-content\/uploads\/2022\/04\/rnv-1-300x227-1.jpg","contentUrl":"http:\/\/rnv.ddns.net\/prensa\/wp-content\/uploads\/2022\/04\/rnv-1-300x227-1.jpg","width":800,"height":455,"caption":"Radio Nacional de Venezuela C.A."},"image":{"@id":"https:\/\/stage3.rnv.gob.ve\/wp\/#\/schema\/logo\/image\/"},"sameAs":["https:\/\/www.facebook.com\/RadioNacionaldeVenezuela","https:\/\/x.com\/RNVinformativa","https:\/\/www.instagram.com\/rnvinformativa\/","https:\/\/www.youtube.com\/user\/RNVContigo"]},{"@type":"Person","@id":"https:\/\/stage3.rnv.gob.ve\/wp\/#\/schema\/person\/33c4fd1879de0b5e68e2f17d1a22b2aa","name":"Mariandry Lacl\u00e9","url":"https:\/\/stage3.rnv.gob.ve\/wp\/author\/m_lacle\/"}]}},"jetpack_featured_media_url":"","_links":{"self":[{"href":"https:\/\/stage3.rnv.gob.ve\/wp\/wp-json\/wp\/v2\/posts\/83505","targetHints":{"allow":["GET"]}}],"collection":[{"href":"https:\/\/stage3.rnv.gob.ve\/wp\/wp-json\/wp\/v2\/posts"}],"about":[{"href":"https:\/\/stage3.rnv.gob.ve\/wp\/wp-json\/wp\/v2\/types\/post"}],"author":[{"embeddable":true,"href":"https:\/\/stage3.rnv.gob.ve\/wp\/wp-json\/wp\/v2\/users\/9"}],"replies":[{"embeddable":true,"href":"https:\/\/stage3.rnv.gob.ve\/wp\/wp-json\/wp\/v2\/comments?post=83505"}],"version-history":[{"count":0,"href":"https:\/\/stage3.rnv.gob.ve\/wp\/wp-json\/wp\/v2\/posts\/83505\/revisions"}],"wp:featuredmedia":[{"embeddable":true,"href":"https:\/\/stage3.rnv.gob.ve\/wp\/wp-json\/"}],"wp:attachment":[{"href":"https:\/\/stage3.rnv.gob.ve\/wp\/wp-json\/wp\/v2\/media?parent=83505"}],"wp:term":[{"taxonomy":"category","embeddable":true,"href":"https:\/\/stage3.rnv.gob.ve\/wp\/wp-json\/wp\/v2\/categories?post=83505"},{"taxonomy":"post_tag","embeddable":true,"href":"https:\/\/stage3.rnv.gob.ve\/wp\/wp-json\/wp\/v2\/tags?post=83505"}],"curies":[{"name":"wp","href":"https:\/\/api.w.org\/{rel}","templated":true}]}}