{"id":81734,"date":"2016-10-21T12:00:59","date_gmt":"2016-10-21T16:00:59","guid":{"rendered":"http:\/\/wpeditor.rnv.gob.ve\/?p=81734"},"modified":"2016-10-21T12:00:59","modified_gmt":"2016-10-21T16:00:59","slug":"presidente-maduro-llego-a-azerbaiyan-en-su-gira-por-la-recuperacion-del-petroleo","status":"publish","type":"post","link":"https:\/\/stage3.rnv.gob.ve\/wp\/presidente-maduro-llego-a-azerbaiyan-en-su-gira-por-la-recuperacion-del-petroleo\/","title":{"rendered":"Presidente Maduro lleg\u00f3 a Azerbaiy\u00e1n en su gira por la recuperaci\u00f3n del mercado petrolero"},"content":{"rendered":"<p><img fetchpriority=\"high\" decoding=\"async\" class=\"size-medium wp-image-81736 alignleft\" src=\"http:\/\/wpeditor.rnv.gob.ve\/app\/uploads\/2016\/10\/maduro-6-300x200.jpg\" alt=\"maduro\" width=\"300\" height=\"200\" \/>El presidente de la Rep\u00fablica Bolivariana de Venezuela, Nicol\u00e1s Maduro Moros, arrib\u00f3 este viernes a Bak\u00fa, capital de Azerbaiy\u00e1n, la primera naci\u00f3n de la gira que emprendi\u00f3 por pa\u00edses miembros y no miembros de la Organizaci\u00f3n de Pa\u00edses Exportadores de Petr\u00f3leo (OPEP), para avanzar hacia la recuperaci\u00f3n de los precios del hidrocarburo.<!--more--><br \/>\nA su arribo al Aeropuerto Internacional de Heydar Aliyev, en compa\u00f1\u00eda de la primera combatiente, Cilia Flores, fue recibido con los honores correspondientes a su investidura por el primer viceprimer ministro azerbaiyano, Yagub Eyyubov.<br \/>\nMaduro se reunir\u00e1 con su hom\u00f3logo local, Ilham Aliyev, y se espera que en esta visita los mandatarios suscriban importantes acuerdos.<br \/>\nJunto al Jefe de Estado se encuentran la canciller de la Rep\u00fablica, Delcy Rodr\u00edguez, y los ministros de Petr\u00f3leo y Miner\u00eda, Eulogio del Pino, e Industria y Comercio, Carlos Far\u00eda.<br \/>\nEl Presidente visitar\u00e1 Arabia Saud\u00ed, Ir\u00e1n, Catar, pa\u00edses donde sostendr\u00e1 encuentros bilaterales con miras al establecimientos de alianzas s\u00f3lidas\u00a0en materia energ\u00e9tica que permitan la estabilizaci\u00f3n del mercado petrolero mundial.<\/p>\n","protected":false},"excerpt":{"rendered":"<p>El presidente de la Rep\u00fablica Bolivariana de Venezuela, Nicol\u00e1s Maduro Moros, arrib\u00f3 este viernes a Bak\u00fa, capital de Azerbaiy\u00e1n, la primera naci\u00f3n de la gira que emprendi\u00f3 por pa\u00edses miembros y no miembros de la Organizaci\u00f3n de Pa\u00edses Exportadores de Petr\u00f3leo (OPEP), para avanzar hacia la recuperaci\u00f3n de los precios del hidrocarburo.<\/p>\n","protected":false},"author":3,"featured_media":81736,"comment_status":"closed","ping_status":"open","sticky":false,"template":"","format":"standard","meta":{"_acf_changed":false,"footnotes":""},"categories":[61],"tags":[147,205,158,104],"class_list":["post-81734","post","type-post","status-publish","format-standard","has-post-thumbnail","hentry","category-internacional","tag-maduro","tag-opep","tag-petroleo","tag-venezuela"],"acf":[],"yoast_head":"<!-- This site is optimized with the Yoast SEO plugin v27.4 - https:\/\/yoast.com\/product\/yoast-seo-wordpress\/ -->\n<title>Presidente Maduro lleg\u00f3 a Azerbaiy\u00e1n en su gira por la recuperaci\u00f3n del mercado petrolero - DEV RNV<\/title>\n<meta name=\"robots\" content=\"noindex, follow, max-snippet:-1, max-image-preview:large, max-video-preview:-1\" \/>\n<meta property=\"og:locale\" content=\"es_ES\" \/>\n<meta property=\"og:type\" content=\"article\" \/>\n<meta property=\"og:title\" content=\"Presidente Maduro lleg\u00f3 a Azerbaiy\u00e1n en su gira por la recuperaci\u00f3n del mercado petrolero - DEV RNV\" \/>\n<meta property=\"og:description\" content=\"El presidente de la Rep\u00fablica Bolivariana de Venezuela, Nicol\u00e1s Maduro Moros, arrib\u00f3 este viernes a Bak\u00fa, capital de Azerbaiy\u00e1n, la primera naci\u00f3n de la gira que emprendi\u00f3 por pa\u00edses miembros y no miembros de la Organizaci\u00f3n de Pa\u00edses Exportadores de Petr\u00f3leo (OPEP), para avanzar hacia la recuperaci\u00f3n de los precios del hidrocarburo.\" \/>\n<meta property=\"og:url\" content=\"https:\/\/stage3.rnv.gob.ve\/wp\/presidente-maduro-llego-a-azerbaiyan-en-su-gira-por-la-recuperacion-del-petroleo\/\" \/>\n<meta property=\"og:site_name\" content=\"DEV RNV\" \/>\n<meta property=\"article:publisher\" content=\"https:\/\/www.facebook.com\/RadioNacionaldeVenezuela\" \/>\n<meta property=\"article:published_time\" content=\"2016-10-21T16:00:59+00:00\" \/>\n<meta name=\"author\" content=\"Yaneny Berm\u00fadez\" \/>\n<meta name=\"twitter:card\" content=\"summary_large_image\" \/>\n<meta name=\"twitter:creator\" content=\"@RNVinformativa\" \/>\n<meta name=\"twitter:site\" content=\"@RNVinformativa\" \/>\n<meta name=\"twitter:label1\" content=\"Escrito por\" \/>\n\t<meta name=\"twitter:data1\" content=\"Yaneny Berm\u00fadez\" \/>\n\t<meta name=\"twitter:label2\" content=\"Tiempo estimado de lectura\" \/>\n\t<meta name=\"twitter:data2\" content=\"1 minuto\" \/>\n<script type=\"application\/ld+json\" class=\"yoast-schema-graph\">{\"@context\":\"https:\\\/\\\/schema.org\",\"@graph\":[{\"@type\":\"Article\",\"@id\":\"https:\\\/\\\/stage3.rnv.gob.ve\\\/wp\\\/presidente-maduro-llego-a-azerbaiyan-en-su-gira-por-la-recuperacion-del-petroleo\\\/#article\",\"isPartOf\":{\"@id\":\"https:\\\/\\\/stage3.rnv.gob.ve\\\/wp\\\/presidente-maduro-llego-a-azerbaiyan-en-su-gira-por-la-recuperacion-del-petroleo\\\/\"},\"author\":{\"name\":\"Yaneny Berm\u00fadez\",\"@id\":\"https:\\\/\\\/stage3.rnv.gob.ve\\\/wp\\\/#\\\/schema\\\/person\\\/b18a77cc009f4a5241b81471b5e5e1f2\"},\"headline\":\"Presidente Maduro lleg\u00f3 a Azerbaiy\u00e1n en su gira por la recuperaci\u00f3n del mercado petrolero\",\"datePublished\":\"2016-10-21T16:00:59+00:00\",\"mainEntityOfPage\":{\"@id\":\"https:\\\/\\\/stage3.rnv.gob.ve\\\/wp\\\/presidente-maduro-llego-a-azerbaiyan-en-su-gira-por-la-recuperacion-del-petroleo\\\/\"},\"wordCount\":204,\"publisher\":{\"@id\":\"https:\\\/\\\/stage3.rnv.gob.ve\\\/wp\\\/#organization\"},\"image\":{\"@id\":\"https:\\\/\\\/stage3.rnv.gob.ve\\\/wp\\\/presidente-maduro-llego-a-azerbaiyan-en-su-gira-por-la-recuperacion-del-petroleo\\\/#primaryimage\"},\"thumbnailUrl\":\"\",\"keywords\":[\"maduro\",\"opep\",\"petr\u00f3leo\",\"Venezuela\"],\"articleSection\":[\"Internacional\"],\"inLanguage\":\"es\"},{\"@type\":\"WebPage\",\"@id\":\"https:\\\/\\\/stage3.rnv.gob.ve\\\/wp\\\/presidente-maduro-llego-a-azerbaiyan-en-su-gira-por-la-recuperacion-del-petroleo\\\/\",\"url\":\"https:\\\/\\\/stage3.rnv.gob.ve\\\/wp\\\/presidente-maduro-llego-a-azerbaiyan-en-su-gira-por-la-recuperacion-del-petroleo\\\/\",\"name\":\"Presidente Maduro lleg\u00f3 a Azerbaiy\u00e1n en su gira por la recuperaci\u00f3n del mercado petrolero - DEV RNV\",\"isPartOf\":{\"@id\":\"https:\\\/\\\/stage3.rnv.gob.ve\\\/wp\\\/#website\"},\"primaryImageOfPage\":{\"@id\":\"https:\\\/\\\/stage3.rnv.gob.ve\\\/wp\\\/presidente-maduro-llego-a-azerbaiyan-en-su-gira-por-la-recuperacion-del-petroleo\\\/#primaryimage\"},\"image\":{\"@id\":\"https:\\\/\\\/stage3.rnv.gob.ve\\\/wp\\\/presidente-maduro-llego-a-azerbaiyan-en-su-gira-por-la-recuperacion-del-petroleo\\\/#primaryimage\"},\"thumbnailUrl\":\"\",\"datePublished\":\"2016-10-21T16:00:59+00:00\",\"breadcrumb\":{\"@id\":\"https:\\\/\\\/stage3.rnv.gob.ve\\\/wp\\\/presidente-maduro-llego-a-azerbaiyan-en-su-gira-por-la-recuperacion-del-petroleo\\\/#breadcrumb\"},\"inLanguage\":\"es\",\"potentialAction\":[{\"@type\":\"ReadAction\",\"target\":[\"https:\\\/\\\/stage3.rnv.gob.ve\\\/wp\\\/presidente-maduro-llego-a-azerbaiyan-en-su-gira-por-la-recuperacion-del-petroleo\\\/\"]}]},{\"@type\":\"ImageObject\",\"inLanguage\":\"es\",\"@id\":\"https:\\\/\\\/stage3.rnv.gob.ve\\\/wp\\\/presidente-maduro-llego-a-azerbaiyan-en-su-gira-por-la-recuperacion-del-petroleo\\\/#primaryimage\",\"url\":\"\",\"contentUrl\":\"\"},{\"@type\":\"BreadcrumbList\",\"@id\":\"https:\\\/\\\/stage3.rnv.gob.ve\\\/wp\\\/presidente-maduro-llego-a-azerbaiyan-en-su-gira-por-la-recuperacion-del-petroleo\\\/#breadcrumb\",\"itemListElement\":[{\"@type\":\"ListItem\",\"position\":1,\"name\":\"Portada\",\"item\":\"https:\\\/\\\/stage3.rnv.gob.ve\\\/wp\\\/\"},{\"@type\":\"ListItem\",\"position\":2,\"name\":\"Presidente Maduro Lleg\u00f3 A Azerbaiy\u00e1n En Su Gira Por La Recuperaci\u00f3n Del Mercado Petrolero\"}]},{\"@type\":\"WebSite\",\"@id\":\"https:\\\/\\\/stage3.rnv.gob.ve\\\/wp\\\/#website\",\"url\":\"https:\\\/\\\/stage3.rnv.gob.ve\\\/wp\\\/\",\"name\":\"DEV RNV\",\"description\":\"Radio Nacional de Venezuela C.A.\",\"publisher\":{\"@id\":\"https:\\\/\\\/stage3.rnv.gob.ve\\\/wp\\\/#organization\"},\"potentialAction\":[{\"@type\":\"SearchAction\",\"target\":{\"@type\":\"EntryPoint\",\"urlTemplate\":\"https:\\\/\\\/stage3.rnv.gob.ve\\\/wp\\\/?s={search_term_string}\"},\"query-input\":{\"@type\":\"PropertyValueSpecification\",\"valueRequired\":true,\"valueName\":\"search_term_string\"}}],\"inLanguage\":\"es\"},{\"@type\":\"Organization\",\"@id\":\"https:\\\/\\\/stage3.rnv.gob.ve\\\/wp\\\/#organization\",\"name\":\"Radio Nacional de Venezuela C.A.\",\"url\":\"https:\\\/\\\/stage3.rnv.gob.ve\\\/wp\\\/\",\"logo\":{\"@type\":\"ImageObject\",\"inLanguage\":\"es\",\"@id\":\"https:\\\/\\\/stage3.rnv.gob.ve\\\/wp\\\/#\\\/schema\\\/logo\\\/image\\\/\",\"url\":\"http:\\\/\\\/rnv.ddns.net\\\/prensa\\\/wp-content\\\/uploads\\\/2022\\\/04\\\/rnv-1-300x227-1.jpg\",\"contentUrl\":\"http:\\\/\\\/rnv.ddns.net\\\/prensa\\\/wp-content\\\/uploads\\\/2022\\\/04\\\/rnv-1-300x227-1.jpg\",\"width\":800,\"height\":455,\"caption\":\"Radio Nacional de Venezuela C.A.\"},\"image\":{\"@id\":\"https:\\\/\\\/stage3.rnv.gob.ve\\\/wp\\\/#\\\/schema\\\/logo\\\/image\\\/\"},\"sameAs\":[\"https:\\\/\\\/www.facebook.com\\\/RadioNacionaldeVenezuela\",\"https:\\\/\\\/x.com\\\/RNVinformativa\",\"https:\\\/\\\/www.instagram.com\\\/rnvinformativa\\\/\",\"https:\\\/\\\/www.youtube.com\\\/user\\\/RNVContigo\"]},{\"@type\":\"Person\",\"@id\":\"https:\\\/\\\/stage3.rnv.gob.ve\\\/wp\\\/#\\\/schema\\\/person\\\/b18a77cc009f4a5241b81471b5e5e1f2\",\"name\":\"Yaneny Berm\u00fadez\",\"url\":\"https:\\\/\\\/stage3.rnv.gob.ve\\\/wp\\\/author\\\/yaneny_bermudez\\\/\"}]}<\/script>\n<!-- \/ Yoast SEO plugin. -->","yoast_head_json":{"title":"Presidente Maduro lleg\u00f3 a Azerbaiy\u00e1n en su gira por la recuperaci\u00f3n del mercado petrolero - DEV RNV","robots":{"index":"noindex","follow":"follow","max-snippet":"max-snippet:-1","max-image-preview":"max-image-preview:large","max-video-preview":"max-video-preview:-1"},"og_locale":"es_ES","og_type":"article","og_title":"Presidente Maduro lleg\u00f3 a Azerbaiy\u00e1n en su gira por la recuperaci\u00f3n del mercado petrolero - DEV RNV","og_description":"El presidente de la Rep\u00fablica Bolivariana de Venezuela, Nicol\u00e1s Maduro Moros, arrib\u00f3 este viernes a Bak\u00fa, capital de Azerbaiy\u00e1n, la primera naci\u00f3n de la gira que emprendi\u00f3 por pa\u00edses miembros y no miembros de la Organizaci\u00f3n de Pa\u00edses Exportadores de Petr\u00f3leo (OPEP), para avanzar hacia la recuperaci\u00f3n de los precios del hidrocarburo.","og_url":"https:\/\/stage3.rnv.gob.ve\/wp\/presidente-maduro-llego-a-azerbaiyan-en-su-gira-por-la-recuperacion-del-petroleo\/","og_site_name":"DEV RNV","article_publisher":"https:\/\/www.facebook.com\/RadioNacionaldeVenezuela","article_published_time":"2016-10-21T16:00:59+00:00","author":"Yaneny Berm\u00fadez","twitter_card":"summary_large_image","twitter_creator":"@RNVinformativa","twitter_site":"@RNVinformativa","twitter_misc":{"Escrito por":"Yaneny Berm\u00fadez","Tiempo estimado de lectura":"1 minuto"},"schema":{"@context":"https:\/\/schema.org","@graph":[{"@type":"Article","@id":"https:\/\/stage3.rnv.gob.ve\/wp\/presidente-maduro-llego-a-azerbaiyan-en-su-gira-por-la-recuperacion-del-petroleo\/#article","isPartOf":{"@id":"https:\/\/stage3.rnv.gob.ve\/wp\/presidente-maduro-llego-a-azerbaiyan-en-su-gira-por-la-recuperacion-del-petroleo\/"},"author":{"name":"Yaneny Berm\u00fadez","@id":"https:\/\/stage3.rnv.gob.ve\/wp\/#\/schema\/person\/b18a77cc009f4a5241b81471b5e5e1f2"},"headline":"Presidente Maduro lleg\u00f3 a Azerbaiy\u00e1n en su gira por la recuperaci\u00f3n del mercado petrolero","datePublished":"2016-10-21T16:00:59+00:00","mainEntityOfPage":{"@id":"https:\/\/stage3.rnv.gob.ve\/wp\/presidente-maduro-llego-a-azerbaiyan-en-su-gira-por-la-recuperacion-del-petroleo\/"},"wordCount":204,"publisher":{"@id":"https:\/\/stage3.rnv.gob.ve\/wp\/#organization"},"image":{"@id":"https:\/\/stage3.rnv.gob.ve\/wp\/presidente-maduro-llego-a-azerbaiyan-en-su-gira-por-la-recuperacion-del-petroleo\/#primaryimage"},"thumbnailUrl":"","keywords":["maduro","opep","petr\u00f3leo","Venezuela"],"articleSection":["Internacional"],"inLanguage":"es"},{"@type":"WebPage","@id":"https:\/\/stage3.rnv.gob.ve\/wp\/presidente-maduro-llego-a-azerbaiyan-en-su-gira-por-la-recuperacion-del-petroleo\/","url":"https:\/\/stage3.rnv.gob.ve\/wp\/presidente-maduro-llego-a-azerbaiyan-en-su-gira-por-la-recuperacion-del-petroleo\/","name":"Presidente Maduro lleg\u00f3 a Azerbaiy\u00e1n en su gira por la recuperaci\u00f3n del mercado petrolero - DEV RNV","isPartOf":{"@id":"https:\/\/stage3.rnv.gob.ve\/wp\/#website"},"primaryImageOfPage":{"@id":"https:\/\/stage3.rnv.gob.ve\/wp\/presidente-maduro-llego-a-azerbaiyan-en-su-gira-por-la-recuperacion-del-petroleo\/#primaryimage"},"image":{"@id":"https:\/\/stage3.rnv.gob.ve\/wp\/presidente-maduro-llego-a-azerbaiyan-en-su-gira-por-la-recuperacion-del-petroleo\/#primaryimage"},"thumbnailUrl":"","datePublished":"2016-10-21T16:00:59+00:00","breadcrumb":{"@id":"https:\/\/stage3.rnv.gob.ve\/wp\/presidente-maduro-llego-a-azerbaiyan-en-su-gira-por-la-recuperacion-del-petroleo\/#breadcrumb"},"inLanguage":"es","potentialAction":[{"@type":"ReadAction","target":["https:\/\/stage3.rnv.gob.ve\/wp\/presidente-maduro-llego-a-azerbaiyan-en-su-gira-por-la-recuperacion-del-petroleo\/"]}]},{"@type":"ImageObject","inLanguage":"es","@id":"https:\/\/stage3.rnv.gob.ve\/wp\/presidente-maduro-llego-a-azerbaiyan-en-su-gira-por-la-recuperacion-del-petroleo\/#primaryimage","url":"","contentUrl":""},{"@type":"BreadcrumbList","@id":"https:\/\/stage3.rnv.gob.ve\/wp\/presidente-maduro-llego-a-azerbaiyan-en-su-gira-por-la-recuperacion-del-petroleo\/#breadcrumb","itemListElement":[{"@type":"ListItem","position":1,"name":"Portada","item":"https:\/\/stage3.rnv.gob.ve\/wp\/"},{"@type":"ListItem","position":2,"name":"Presidente Maduro Lleg\u00f3 A Azerbaiy\u00e1n En Su Gira Por La Recuperaci\u00f3n Del Mercado Petrolero"}]},{"@type":"WebSite","@id":"https:\/\/stage3.rnv.gob.ve\/wp\/#website","url":"https:\/\/stage3.rnv.gob.ve\/wp\/","name":"DEV RNV","description":"Radio Nacional de Venezuela C.A.","publisher":{"@id":"https:\/\/stage3.rnv.gob.ve\/wp\/#organization"},"potentialAction":[{"@type":"SearchAction","target":{"@type":"EntryPoint","urlTemplate":"https:\/\/stage3.rnv.gob.ve\/wp\/?s={search_term_string}"},"query-input":{"@type":"PropertyValueSpecification","valueRequired":true,"valueName":"search_term_string"}}],"inLanguage":"es"},{"@type":"Organization","@id":"https:\/\/stage3.rnv.gob.ve\/wp\/#organization","name":"Radio Nacional de Venezuela C.A.","url":"https:\/\/stage3.rnv.gob.ve\/wp\/","logo":{"@type":"ImageObject","inLanguage":"es","@id":"https:\/\/stage3.rnv.gob.ve\/wp\/#\/schema\/logo\/image\/","url":"http:\/\/rnv.ddns.net\/prensa\/wp-content\/uploads\/2022\/04\/rnv-1-300x227-1.jpg","contentUrl":"http:\/\/rnv.ddns.net\/prensa\/wp-content\/uploads\/2022\/04\/rnv-1-300x227-1.jpg","width":800,"height":455,"caption":"Radio Nacional de Venezuela C.A."},"image":{"@id":"https:\/\/stage3.rnv.gob.ve\/wp\/#\/schema\/logo\/image\/"},"sameAs":["https:\/\/www.facebook.com\/RadioNacionaldeVenezuela","https:\/\/x.com\/RNVinformativa","https:\/\/www.instagram.com\/rnvinformativa\/","https:\/\/www.youtube.com\/user\/RNVContigo"]},{"@type":"Person","@id":"https:\/\/stage3.rnv.gob.ve\/wp\/#\/schema\/person\/b18a77cc009f4a5241b81471b5e5e1f2","name":"Yaneny Berm\u00fadez","url":"https:\/\/stage3.rnv.gob.ve\/wp\/author\/yaneny_bermudez\/"}]}},"jetpack_featured_media_url":"","_links":{"self":[{"href":"https:\/\/stage3.rnv.gob.ve\/wp\/wp-json\/wp\/v2\/posts\/81734","targetHints":{"allow":["GET"]}}],"collection":[{"href":"https:\/\/stage3.rnv.gob.ve\/wp\/wp-json\/wp\/v2\/posts"}],"about":[{"href":"https:\/\/stage3.rnv.gob.ve\/wp\/wp-json\/wp\/v2\/types\/post"}],"author":[{"embeddable":true,"href":"https:\/\/stage3.rnv.gob.ve\/wp\/wp-json\/wp\/v2\/users\/3"}],"replies":[{"embeddable":true,"href":"https:\/\/stage3.rnv.gob.ve\/wp\/wp-json\/wp\/v2\/comments?post=81734"}],"version-history":[{"count":0,"href":"https:\/\/stage3.rnv.gob.ve\/wp\/wp-json\/wp\/v2\/posts\/81734\/revisions"}],"wp:featuredmedia":[{"embeddable":true,"href":"https:\/\/stage3.rnv.gob.ve\/wp\/wp-json\/"}],"wp:attachment":[{"href":"https:\/\/stage3.rnv.gob.ve\/wp\/wp-json\/wp\/v2\/media?parent=81734"}],"wp:term":[{"taxonomy":"category","embeddable":true,"href":"https:\/\/stage3.rnv.gob.ve\/wp\/wp-json\/wp\/v2\/categories?post=81734"},{"taxonomy":"post_tag","embeddable":true,"href":"https:\/\/stage3.rnv.gob.ve\/wp\/wp-json\/wp\/v2\/tags?post=81734"}],"curies":[{"name":"wp","href":"https:\/\/api.w.org\/{rel}","templated":true}]}}