{"id":80669,"date":"2016-10-18T17:26:29","date_gmt":"2016-10-18T21:26:29","guid":{"rendered":"http:\/\/wpeditor.rnv.gob.ve\/?p=80669"},"modified":"2016-10-18T17:26:29","modified_gmt":"2016-10-18T21:26:29","slug":"jefe-de-estado-explicara-sobre-el-presupuesto-2017-en-contacto-con-maduro-no-70","status":"publish","type":"post","link":"https:\/\/stage3.rnv.gob.ve\/wp\/jefe-de-estado-explicara-sobre-el-presupuesto-2017-en-contacto-con-maduro-no-70\/","title":{"rendered":"Jefe de Estado explicar\u00e1 sobre el Presupuesto 2017 en Contacto Con Maduro N\u00ba 70"},"content":{"rendered":"<div class=\"arriba\">\n<div class=\"inside\">\n<div class=\"panels_pane panel-pane pane-views pane-nodos\">\n<div class=\"pane-content\">\n<div class=\"views_view view view-Nodos view-id-Nodos view-display-id-block_1 view-dom-id-db9c3aa90377ed02aaf0c018f0a5249a\">\n<div class=\"view-content\">\n<div class=\"views-row views-row-1 views-row-odd views-row-first views-row-last\">\n<div class=\"noticia-encabezado\">\n<div class=\"titulo\" style=\"text-align: justify;\">\n<figure id=\"attachment_80671\" aria-describedby=\"caption-attachment-80671\" style=\"width: 300px\" class=\"wp-caption alignleft\"><img fetchpriority=\"high\" decoding=\"async\" class=\"wp-image-80671 size-medium\" src=\"http:\/\/wpeditor.rnv.gob.ve\/app\/uploads\/2016\/10\/nicolas-maduro_655x438-300x201.jpg\" width=\"300\" height=\"201\" \/><figcaption id=\"caption-attachment-80671\" class=\"wp-caption-text\">Foto: archivo<\/figcaption><\/figure><br \/>\nEl presidente de la Rep\u00fablica, Nicol\u00e1s Maduro, inform\u00f3 que en el programa \u00abContacto con Maduro\u00bb, n\u00famero 70, explicar\u00e1 el Presupuesto de la Naci\u00f3n 2017.<\/div>\n<\/div>\n<\/div>\n<\/div>\n<\/div>\n<\/div>\n<\/div>\n<\/div>\n<\/div>\n<p><!--more--><\/p>\n<div class=\"medio\">\n<div class=\"izquierda\">\n<div class=\"inside\">\n<div class=\"panels_pane panel-pane pane-views pane-nodos\">\n<div class=\"pane-content\">\n<div class=\"views_view view view-Nodos view-id-Nodos view-display-id-block_2 view-dom-id-b1b191875892c0e67a6cbe8bcfd172c7\">\n<div class=\"view-content\">\n<div class=\"views-row views-row-1 views-row-odd views-row-first views-row-last\">\n<div class=\"noticia-cuerpo\">\n<div class=\"contenido\">\n<p style=\"text-align: justify;\">\u00abHoy #ContactoConMaduro70 con la fuerza de Octubre del PoderComunal&#8230;explicando el presupuesto2017 y con temas de mucho inter\u00e9s&#8230;Pendientes\u00bb, public\u00f3 el mandatario nacional a trav\u00e9s de su cuenta en la red social Twitter.<\/p>\n<p style=\"text-align: justify;\">Este espacio, que se transmite los d\u00edas martes por Venezolana de Televisi\u00f3n y el sistema radial del Estado, constituye una plataforma de interacci\u00f3n entre el Presidente y el pueblo venezolano en la que se abordan temas de inter\u00e9s nacional e internacional.<\/p>\n<p style=\"text-align: justify;\">\n<blockquote class=\"twitter-tweet\" data-lang=\"es\">\n<p dir=\"ltr\" lang=\"es\">Hoy <a href=\"https:\/\/twitter.com\/hashtag\/ContactoConMaduro70?src=hash\">#ContactoConMaduro70<\/a> con la fuerza de Octubre del PoderComunal&#8230;explicando el presupuesto2017 y con temas de mucho inter\u00e9s&#8230;Pendientes <a href=\"https:\/\/t.co\/9kz6C2Qb89\">pic.twitter.com\/9kz6C2Qb89<\/a><\/p>\n<p>\u2014 Nicol\u00e1s Maduro (@NicolasMaduro) <a href=\"https:\/\/twitter.com\/NicolasMaduro\/status\/788476458914152453\">18 de octubre de 2016<\/a><\/p><\/blockquote>\n<p><script src=\"\/\/platform.twitter.com\/widgets.js\" async=\"\" charset=\"utf-8\"><\/script>\n<\/div>\n<\/div>\n<\/div>\n<\/div>\n<\/div>\n<\/div>\n<\/div>\n<\/div>\n<\/div>\n<\/div>\n","protected":false},"excerpt":{"rendered":"<p>El presidente de la Rep\u00fablica, Nicol\u00e1s Maduro, inform\u00f3 que en el programa \u00abContacto con Maduro\u00bb, n\u00famero 70, explicar\u00e1 el Presupuesto de la Naci\u00f3n 2017.<\/p>\n","protected":false},"author":14,"featured_media":80671,"comment_status":"closed","ping_status":"open","sticky":false,"template":"","format":"standard","meta":{"_acf_changed":false,"footnotes":""},"categories":[65],"tags":[9244,3643],"class_list":["post-80669","post","type-post","status-publish","format-standard","has-post-thumbnail","hentry","category-nacional","tag-jefe-de-estado-explicara-sobre-el-presupuesto-2017-en-contacto-con-maduro-no-70","tag-rnvm"],"acf":[],"yoast_head":"<!-- This site is optimized with the Yoast SEO plugin v27.4 - https:\/\/yoast.com\/product\/yoast-seo-wordpress\/ -->\n<title>Jefe de Estado explicar\u00e1 sobre el Presupuesto 2017 en Contacto Con Maduro N\u00ba 70 - DEV RNV<\/title>\n<meta name=\"robots\" content=\"noindex, follow, max-snippet:-1, max-image-preview:large, max-video-preview:-1\" \/>\n<meta property=\"og:locale\" content=\"es_ES\" \/>\n<meta property=\"og:type\" content=\"article\" \/>\n<meta property=\"og:title\" content=\"Jefe de Estado explicar\u00e1 sobre el Presupuesto 2017 en Contacto Con Maduro N\u00ba 70 - DEV RNV\" \/>\n<meta property=\"og:description\" content=\"El presidente de la Rep\u00fablica, Nicol\u00e1s Maduro, inform\u00f3 que en el programa \u00abContacto con Maduro\u00bb, n\u00famero 70, explicar\u00e1 el Presupuesto de la Naci\u00f3n 2017.\" \/>\n<meta property=\"og:url\" content=\"https:\/\/stage3.rnv.gob.ve\/wp\/jefe-de-estado-explicara-sobre-el-presupuesto-2017-en-contacto-con-maduro-no-70\/\" \/>\n<meta property=\"og:site_name\" content=\"DEV RNV\" \/>\n<meta property=\"article:publisher\" content=\"https:\/\/www.facebook.com\/RadioNacionaldeVenezuela\" \/>\n<meta property=\"article:published_time\" content=\"2016-10-18T21:26:29+00:00\" \/>\n<meta name=\"author\" content=\"Jos\u00e9 D\u00edaz\" \/>\n<meta name=\"twitter:card\" content=\"summary_large_image\" \/>\n<meta name=\"twitter:creator\" content=\"@RNVinformativa\" \/>\n<meta name=\"twitter:site\" content=\"@RNVinformativa\" \/>\n<meta name=\"twitter:label1\" content=\"Escrito por\" \/>\n\t<meta name=\"twitter:data1\" content=\"Jos\u00e9 D\u00edaz\" \/>\n\t<meta name=\"twitter:label2\" content=\"Tiempo estimado de lectura\" \/>\n\t<meta name=\"twitter:data2\" content=\"1 minuto\" \/>\n<script type=\"application\/ld+json\" class=\"yoast-schema-graph\">{\"@context\":\"https:\\\/\\\/schema.org\",\"@graph\":[{\"@type\":\"Article\",\"@id\":\"https:\\\/\\\/stage3.rnv.gob.ve\\\/wp\\\/jefe-de-estado-explicara-sobre-el-presupuesto-2017-en-contacto-con-maduro-no-70\\\/#article\",\"isPartOf\":{\"@id\":\"https:\\\/\\\/stage3.rnv.gob.ve\\\/wp\\\/jefe-de-estado-explicara-sobre-el-presupuesto-2017-en-contacto-con-maduro-no-70\\\/\"},\"author\":{\"name\":\"Jos\u00e9 D\u00edaz\",\"@id\":\"https:\\\/\\\/stage3.rnv.gob.ve\\\/wp\\\/#\\\/schema\\\/person\\\/29e626e832df673e78806e0074adab4a\"},\"headline\":\"Jefe de Estado explicar\u00e1 sobre el Presupuesto 2017 en Contacto Con Maduro N\u00ba 70\",\"datePublished\":\"2016-10-18T21:26:29+00:00\",\"mainEntityOfPage\":{\"@id\":\"https:\\\/\\\/stage3.rnv.gob.ve\\\/wp\\\/jefe-de-estado-explicara-sobre-el-presupuesto-2017-en-contacto-con-maduro-no-70\\\/\"},\"wordCount\":160,\"publisher\":{\"@id\":\"https:\\\/\\\/stage3.rnv.gob.ve\\\/wp\\\/#organization\"},\"image\":{\"@id\":\"https:\\\/\\\/stage3.rnv.gob.ve\\\/wp\\\/jefe-de-estado-explicara-sobre-el-presupuesto-2017-en-contacto-con-maduro-no-70\\\/#primaryimage\"},\"thumbnailUrl\":\"\",\"keywords\":[\"Jefe de Estado explicar\u00e1 sobre el Presupuesto 2017 en Contacto Con Maduro N\u00ba 70\",\"rnvm\"],\"articleSection\":[\"Nacional\"],\"inLanguage\":\"es\"},{\"@type\":\"WebPage\",\"@id\":\"https:\\\/\\\/stage3.rnv.gob.ve\\\/wp\\\/jefe-de-estado-explicara-sobre-el-presupuesto-2017-en-contacto-con-maduro-no-70\\\/\",\"url\":\"https:\\\/\\\/stage3.rnv.gob.ve\\\/wp\\\/jefe-de-estado-explicara-sobre-el-presupuesto-2017-en-contacto-con-maduro-no-70\\\/\",\"name\":\"Jefe de Estado explicar\u00e1 sobre el Presupuesto 2017 en Contacto Con Maduro N\u00ba 70 - DEV RNV\",\"isPartOf\":{\"@id\":\"https:\\\/\\\/stage3.rnv.gob.ve\\\/wp\\\/#website\"},\"primaryImageOfPage\":{\"@id\":\"https:\\\/\\\/stage3.rnv.gob.ve\\\/wp\\\/jefe-de-estado-explicara-sobre-el-presupuesto-2017-en-contacto-con-maduro-no-70\\\/#primaryimage\"},\"image\":{\"@id\":\"https:\\\/\\\/stage3.rnv.gob.ve\\\/wp\\\/jefe-de-estado-explicara-sobre-el-presupuesto-2017-en-contacto-con-maduro-no-70\\\/#primaryimage\"},\"thumbnailUrl\":\"\",\"datePublished\":\"2016-10-18T21:26:29+00:00\",\"breadcrumb\":{\"@id\":\"https:\\\/\\\/stage3.rnv.gob.ve\\\/wp\\\/jefe-de-estado-explicara-sobre-el-presupuesto-2017-en-contacto-con-maduro-no-70\\\/#breadcrumb\"},\"inLanguage\":\"es\",\"potentialAction\":[{\"@type\":\"ReadAction\",\"target\":[\"https:\\\/\\\/stage3.rnv.gob.ve\\\/wp\\\/jefe-de-estado-explicara-sobre-el-presupuesto-2017-en-contacto-con-maduro-no-70\\\/\"]}]},{\"@type\":\"ImageObject\",\"inLanguage\":\"es\",\"@id\":\"https:\\\/\\\/stage3.rnv.gob.ve\\\/wp\\\/jefe-de-estado-explicara-sobre-el-presupuesto-2017-en-contacto-con-maduro-no-70\\\/#primaryimage\",\"url\":\"\",\"contentUrl\":\"\"},{\"@type\":\"BreadcrumbList\",\"@id\":\"https:\\\/\\\/stage3.rnv.gob.ve\\\/wp\\\/jefe-de-estado-explicara-sobre-el-presupuesto-2017-en-contacto-con-maduro-no-70\\\/#breadcrumb\",\"itemListElement\":[{\"@type\":\"ListItem\",\"position\":1,\"name\":\"Portada\",\"item\":\"https:\\\/\\\/stage3.rnv.gob.ve\\\/wp\\\/\"},{\"@type\":\"ListItem\",\"position\":2,\"name\":\"Jefe De Estado Explicar\u00e1 Sobre El Presupuesto 2017 En Contacto Con Maduro N\u00ba 70\"}]},{\"@type\":\"WebSite\",\"@id\":\"https:\\\/\\\/stage3.rnv.gob.ve\\\/wp\\\/#website\",\"url\":\"https:\\\/\\\/stage3.rnv.gob.ve\\\/wp\\\/\",\"name\":\"DEV RNV\",\"description\":\"Radio Nacional de Venezuela C.A.\",\"publisher\":{\"@id\":\"https:\\\/\\\/stage3.rnv.gob.ve\\\/wp\\\/#organization\"},\"potentialAction\":[{\"@type\":\"SearchAction\",\"target\":{\"@type\":\"EntryPoint\",\"urlTemplate\":\"https:\\\/\\\/stage3.rnv.gob.ve\\\/wp\\\/?s={search_term_string}\"},\"query-input\":{\"@type\":\"PropertyValueSpecification\",\"valueRequired\":true,\"valueName\":\"search_term_string\"}}],\"inLanguage\":\"es\"},{\"@type\":\"Organization\",\"@id\":\"https:\\\/\\\/stage3.rnv.gob.ve\\\/wp\\\/#organization\",\"name\":\"Radio Nacional de Venezuela C.A.\",\"url\":\"https:\\\/\\\/stage3.rnv.gob.ve\\\/wp\\\/\",\"logo\":{\"@type\":\"ImageObject\",\"inLanguage\":\"es\",\"@id\":\"https:\\\/\\\/stage3.rnv.gob.ve\\\/wp\\\/#\\\/schema\\\/logo\\\/image\\\/\",\"url\":\"http:\\\/\\\/rnv.ddns.net\\\/prensa\\\/wp-content\\\/uploads\\\/2022\\\/04\\\/rnv-1-300x227-1.jpg\",\"contentUrl\":\"http:\\\/\\\/rnv.ddns.net\\\/prensa\\\/wp-content\\\/uploads\\\/2022\\\/04\\\/rnv-1-300x227-1.jpg\",\"width\":800,\"height\":455,\"caption\":\"Radio Nacional de Venezuela C.A.\"},\"image\":{\"@id\":\"https:\\\/\\\/stage3.rnv.gob.ve\\\/wp\\\/#\\\/schema\\\/logo\\\/image\\\/\"},\"sameAs\":[\"https:\\\/\\\/www.facebook.com\\\/RadioNacionaldeVenezuela\",\"https:\\\/\\\/x.com\\\/RNVinformativa\",\"https:\\\/\\\/www.instagram.com\\\/rnvinformativa\\\/\",\"https:\\\/\\\/www.youtube.com\\\/user\\\/RNVContigo\"]},{\"@type\":\"Person\",\"@id\":\"https:\\\/\\\/stage3.rnv.gob.ve\\\/wp\\\/#\\\/schema\\\/person\\\/29e626e832df673e78806e0074adab4a\",\"name\":\"Jos\u00e9 D\u00edaz\",\"url\":\"https:\\\/\\\/stage3.rnv.gob.ve\\\/wp\\\/author\\\/jose_diaz\\\/\"}]}<\/script>\n<!-- \/ Yoast SEO plugin. -->","yoast_head_json":{"title":"Jefe de Estado explicar\u00e1 sobre el Presupuesto 2017 en Contacto Con Maduro N\u00ba 70 - DEV RNV","robots":{"index":"noindex","follow":"follow","max-snippet":"max-snippet:-1","max-image-preview":"max-image-preview:large","max-video-preview":"max-video-preview:-1"},"og_locale":"es_ES","og_type":"article","og_title":"Jefe de Estado explicar\u00e1 sobre el Presupuesto 2017 en Contacto Con Maduro N\u00ba 70 - DEV RNV","og_description":"El presidente de la Rep\u00fablica, Nicol\u00e1s Maduro, inform\u00f3 que en el programa \u00abContacto con Maduro\u00bb, n\u00famero 70, explicar\u00e1 el Presupuesto de la Naci\u00f3n 2017.","og_url":"https:\/\/stage3.rnv.gob.ve\/wp\/jefe-de-estado-explicara-sobre-el-presupuesto-2017-en-contacto-con-maduro-no-70\/","og_site_name":"DEV RNV","article_publisher":"https:\/\/www.facebook.com\/RadioNacionaldeVenezuela","article_published_time":"2016-10-18T21:26:29+00:00","author":"Jos\u00e9 D\u00edaz","twitter_card":"summary_large_image","twitter_creator":"@RNVinformativa","twitter_site":"@RNVinformativa","twitter_misc":{"Escrito por":"Jos\u00e9 D\u00edaz","Tiempo estimado de lectura":"1 minuto"},"schema":{"@context":"https:\/\/schema.org","@graph":[{"@type":"Article","@id":"https:\/\/stage3.rnv.gob.ve\/wp\/jefe-de-estado-explicara-sobre-el-presupuesto-2017-en-contacto-con-maduro-no-70\/#article","isPartOf":{"@id":"https:\/\/stage3.rnv.gob.ve\/wp\/jefe-de-estado-explicara-sobre-el-presupuesto-2017-en-contacto-con-maduro-no-70\/"},"author":{"name":"Jos\u00e9 D\u00edaz","@id":"https:\/\/stage3.rnv.gob.ve\/wp\/#\/schema\/person\/29e626e832df673e78806e0074adab4a"},"headline":"Jefe de Estado explicar\u00e1 sobre el Presupuesto 2017 en Contacto Con Maduro N\u00ba 70","datePublished":"2016-10-18T21:26:29+00:00","mainEntityOfPage":{"@id":"https:\/\/stage3.rnv.gob.ve\/wp\/jefe-de-estado-explicara-sobre-el-presupuesto-2017-en-contacto-con-maduro-no-70\/"},"wordCount":160,"publisher":{"@id":"https:\/\/stage3.rnv.gob.ve\/wp\/#organization"},"image":{"@id":"https:\/\/stage3.rnv.gob.ve\/wp\/jefe-de-estado-explicara-sobre-el-presupuesto-2017-en-contacto-con-maduro-no-70\/#primaryimage"},"thumbnailUrl":"","keywords":["Jefe de Estado explicar\u00e1 sobre el Presupuesto 2017 en Contacto Con Maduro N\u00ba 70","rnvm"],"articleSection":["Nacional"],"inLanguage":"es"},{"@type":"WebPage","@id":"https:\/\/stage3.rnv.gob.ve\/wp\/jefe-de-estado-explicara-sobre-el-presupuesto-2017-en-contacto-con-maduro-no-70\/","url":"https:\/\/stage3.rnv.gob.ve\/wp\/jefe-de-estado-explicara-sobre-el-presupuesto-2017-en-contacto-con-maduro-no-70\/","name":"Jefe de Estado explicar\u00e1 sobre el Presupuesto 2017 en Contacto Con Maduro N\u00ba 70 - DEV RNV","isPartOf":{"@id":"https:\/\/stage3.rnv.gob.ve\/wp\/#website"},"primaryImageOfPage":{"@id":"https:\/\/stage3.rnv.gob.ve\/wp\/jefe-de-estado-explicara-sobre-el-presupuesto-2017-en-contacto-con-maduro-no-70\/#primaryimage"},"image":{"@id":"https:\/\/stage3.rnv.gob.ve\/wp\/jefe-de-estado-explicara-sobre-el-presupuesto-2017-en-contacto-con-maduro-no-70\/#primaryimage"},"thumbnailUrl":"","datePublished":"2016-10-18T21:26:29+00:00","breadcrumb":{"@id":"https:\/\/stage3.rnv.gob.ve\/wp\/jefe-de-estado-explicara-sobre-el-presupuesto-2017-en-contacto-con-maduro-no-70\/#breadcrumb"},"inLanguage":"es","potentialAction":[{"@type":"ReadAction","target":["https:\/\/stage3.rnv.gob.ve\/wp\/jefe-de-estado-explicara-sobre-el-presupuesto-2017-en-contacto-con-maduro-no-70\/"]}]},{"@type":"ImageObject","inLanguage":"es","@id":"https:\/\/stage3.rnv.gob.ve\/wp\/jefe-de-estado-explicara-sobre-el-presupuesto-2017-en-contacto-con-maduro-no-70\/#primaryimage","url":"","contentUrl":""},{"@type":"BreadcrumbList","@id":"https:\/\/stage3.rnv.gob.ve\/wp\/jefe-de-estado-explicara-sobre-el-presupuesto-2017-en-contacto-con-maduro-no-70\/#breadcrumb","itemListElement":[{"@type":"ListItem","position":1,"name":"Portada","item":"https:\/\/stage3.rnv.gob.ve\/wp\/"},{"@type":"ListItem","position":2,"name":"Jefe De Estado Explicar\u00e1 Sobre El Presupuesto 2017 En Contacto Con Maduro N\u00ba 70"}]},{"@type":"WebSite","@id":"https:\/\/stage3.rnv.gob.ve\/wp\/#website","url":"https:\/\/stage3.rnv.gob.ve\/wp\/","name":"DEV RNV","description":"Radio Nacional de Venezuela C.A.","publisher":{"@id":"https:\/\/stage3.rnv.gob.ve\/wp\/#organization"},"potentialAction":[{"@type":"SearchAction","target":{"@type":"EntryPoint","urlTemplate":"https:\/\/stage3.rnv.gob.ve\/wp\/?s={search_term_string}"},"query-input":{"@type":"PropertyValueSpecification","valueRequired":true,"valueName":"search_term_string"}}],"inLanguage":"es"},{"@type":"Organization","@id":"https:\/\/stage3.rnv.gob.ve\/wp\/#organization","name":"Radio Nacional de Venezuela C.A.","url":"https:\/\/stage3.rnv.gob.ve\/wp\/","logo":{"@type":"ImageObject","inLanguage":"es","@id":"https:\/\/stage3.rnv.gob.ve\/wp\/#\/schema\/logo\/image\/","url":"http:\/\/rnv.ddns.net\/prensa\/wp-content\/uploads\/2022\/04\/rnv-1-300x227-1.jpg","contentUrl":"http:\/\/rnv.ddns.net\/prensa\/wp-content\/uploads\/2022\/04\/rnv-1-300x227-1.jpg","width":800,"height":455,"caption":"Radio Nacional de Venezuela C.A."},"image":{"@id":"https:\/\/stage3.rnv.gob.ve\/wp\/#\/schema\/logo\/image\/"},"sameAs":["https:\/\/www.facebook.com\/RadioNacionaldeVenezuela","https:\/\/x.com\/RNVinformativa","https:\/\/www.instagram.com\/rnvinformativa\/","https:\/\/www.youtube.com\/user\/RNVContigo"]},{"@type":"Person","@id":"https:\/\/stage3.rnv.gob.ve\/wp\/#\/schema\/person\/29e626e832df673e78806e0074adab4a","name":"Jos\u00e9 D\u00edaz","url":"https:\/\/stage3.rnv.gob.ve\/wp\/author\/jose_diaz\/"}]}},"jetpack_featured_media_url":"","_links":{"self":[{"href":"https:\/\/stage3.rnv.gob.ve\/wp\/wp-json\/wp\/v2\/posts\/80669","targetHints":{"allow":["GET"]}}],"collection":[{"href":"https:\/\/stage3.rnv.gob.ve\/wp\/wp-json\/wp\/v2\/posts"}],"about":[{"href":"https:\/\/stage3.rnv.gob.ve\/wp\/wp-json\/wp\/v2\/types\/post"}],"author":[{"embeddable":true,"href":"https:\/\/stage3.rnv.gob.ve\/wp\/wp-json\/wp\/v2\/users\/14"}],"replies":[{"embeddable":true,"href":"https:\/\/stage3.rnv.gob.ve\/wp\/wp-json\/wp\/v2\/comments?post=80669"}],"version-history":[{"count":0,"href":"https:\/\/stage3.rnv.gob.ve\/wp\/wp-json\/wp\/v2\/posts\/80669\/revisions"}],"wp:featuredmedia":[{"embeddable":true,"href":"https:\/\/stage3.rnv.gob.ve\/wp\/wp-json\/"}],"wp:attachment":[{"href":"https:\/\/stage3.rnv.gob.ve\/wp\/wp-json\/wp\/v2\/media?parent=80669"}],"wp:term":[{"taxonomy":"category","embeddable":true,"href":"https:\/\/stage3.rnv.gob.ve\/wp\/wp-json\/wp\/v2\/categories?post=80669"},{"taxonomy":"post_tag","embeddable":true,"href":"https:\/\/stage3.rnv.gob.ve\/wp\/wp-json\/wp\/v2\/tags?post=80669"}],"curies":[{"name":"wp","href":"https:\/\/api.w.org\/{rel}","templated":true}]}}