{"id":7627,"date":"2016-03-19T15:10:09","date_gmt":"2016-03-19T19:40:09","guid":{"rendered":"http:\/\/wpeditor.rnv.gob.ve\/?p=7627"},"modified":"2016-03-19T15:10:09","modified_gmt":"2016-03-19T19:40:09","slug":"dia-del-artesano-conozca-las-actividades-de-la-expoferia-artesanal-gastronomica","status":"publish","type":"post","link":"https:\/\/stage3.rnv.gob.ve\/wp\/dia-del-artesano-conozca-las-actividades-de-la-expoferia-artesanal-gastronomica\/","title":{"rendered":"\u00a1D\u00eda del artesano! Estas son las actividades de la expoferia artesanal-gastron\u00f3mica"},"content":{"rendered":"<figure id=\"attachment_7649\" aria-describedby=\"caption-attachment-7649\" style=\"width: 300px\" class=\"wp-caption alignleft\"><img fetchpriority=\"high\" decoding=\"async\" class=\"wp-image-7649 size-medium\" src=\"http:\/\/wpeditor.rnv.gob.ve\/app\/uploads\/2016\/03\/mg_0910_rh1458414625-300x200.jpg\" alt=\"_mg_0910_rh1458414625\" width=\"300\" height=\"200\" \/><figcaption id=\"caption-attachment-7649\" class=\"wp-caption-text\">Foto: AVN<\/figcaption><\/figure>\n<p style=\"text-align: justify;\">Con la intenci\u00f3n de honrar el trabajo de artesanas y artesanos, desde el 18 hasta el 20 de marzo, en la Plaza de los Museos de Bellas Artes, se realizar\u00e1 una expoferia artesanal-gastron\u00f3mica acompa\u00f1ada de actividades formativas, organizadas por movimientos populares, cultores y creadores nacionales, junto al ministro del Poder Popular para la Cultura, Freddy \u00d1\u00e1\u00f1ez, y el presidente del Centro Nacional de Artesan\u00eda, Joel Hiram Arellano, inform\u00f3 un bolet\u00edn de prensa.<\/p>\n<p style=\"text-align: justify;\">En nueve estados del pa\u00eds, en las Tiendas de la Red de Arte, de forma simult\u00e1nea, se realizar\u00e1n exposiciones, demostraciones t\u00e9cnicas, conversatorios y encuentros donde estar\u00e1 presente la gastronom\u00eda local, con el objetivo de acercar y sensibilizar a todo el pueblo venezolano sobre la actividad artesanal. Los estados que tienen programaci\u00f3n son: Barinas, Miranda, Falc\u00f3n, T\u00e1chira, Yaracuy, Anzo\u00e1tegui, Nueva Esparta, Zulia, Gu\u00e1rico, Carabobo y Amazonas.<\/p>\n<p style=\"text-align: justify;\">Entre las novedades de este celebraci\u00f3n, se dar\u00e1 a conocer el desodorante ecol\u00f3gico, realizado a partir de insumos naturales que son una respuesta de la econom\u00eda ecosocialista a la guerra econ\u00f3mica actual. Asimismo, habr\u00e1 otras actividades demostrativas como serigraf\u00eda, bonsai, origami, junto a la m\u00e1s diversa presentaci\u00f3n de la gastronom\u00eda vern\u00e1cula, el cocuy y la m\u00fasica de todos los estados del pa\u00eds.<\/p>\n<p style=\"text-align: justify;\">T\/WEB RNV\/CO<\/p>\n<p>Estas son las actividades de la\u00a0expoferia artesanal-gastron\u00f3mica:<\/p>\n<blockquote class=\"twitter-tweet\" data-lang=\"es\">\n<p dir=\"ltr\" lang=\"es\"><a href=\"https:\/\/twitter.com\/hashtag\/AHORA?src=hash\">#AHORA<\/a> | Ac\u00e9rcate a Plaza Los Museos y celebra el &#8216;D\u00eda del Artesano&#8217; compartiendo diversas actividades. <a href=\"https:\/\/t.co\/Bm2MZIq9MX\">pic.twitter.com\/Bm2MZIq9MX<\/a><\/p>\n<p>\u2014 Alcald\u00eda de Caracas (@AlcaldiadeCcs) <a href=\"https:\/\/twitter.com\/AlcaldiadeCcs\/status\/711258923018428420\">19 de marzo de 2016<\/a><\/p><\/blockquote>\n<p>&nbsp;<br \/>\n&nbsp;<br \/>\n<script src=\"\/\/platform.twitter.com\/widgets.js\" async=\"\" charset=\"utf-8\"><\/script><\/p>\n","protected":false},"excerpt":{"rendered":"<p>Con la intenci\u00f3n de honrar el trabajo de artesanas y artesanos, desde el 18 hasta el 20 de marzo, en la Plaza de los Museos de Bellas Artes, se realizar\u00e1 una expoferia artesanal-gastron\u00f3mica acompa\u00f1ada de actividades formativas, organizadas por movimientos populares, cultores y creadores nacionales, junto al ministro del Poder Popular para la Cultura, Freddy [&hellip;]<\/p>\n","protected":false},"author":10,"featured_media":7649,"comment_status":"closed","ping_status":"open","sticky":false,"template":"","format":"standard","meta":{"_acf_changed":false,"footnotes":""},"categories":[65],"tags":[257,1586,1587],"class_list":["post-7627","post","type-post","status-publish","format-standard","has-post-thumbnail","hentry","category-nacional","tag-actividades","tag-dia-del-artesano","tag-plaza-los-museos"],"acf":[],"yoast_head":"<!-- This site is optimized with the Yoast SEO plugin v27.4 - https:\/\/yoast.com\/product\/yoast-seo-wordpress\/ -->\n<title>\u00a1D\u00eda del artesano! Estas son las actividades de la expoferia artesanal-gastron\u00f3mica - DEV RNV<\/title>\n<meta name=\"robots\" content=\"noindex, follow, max-snippet:-1, max-image-preview:large, max-video-preview:-1\" \/>\n<meta property=\"og:locale\" content=\"es_ES\" \/>\n<meta property=\"og:type\" content=\"article\" \/>\n<meta property=\"og:title\" content=\"\u00a1D\u00eda del artesano! Estas son las actividades de la expoferia artesanal-gastron\u00f3mica - DEV RNV\" \/>\n<meta property=\"og:description\" content=\"Con la intenci\u00f3n de honrar el trabajo de artesanas y artesanos, desde el 18 hasta el 20 de marzo, en la Plaza de los Museos de Bellas Artes, se realizar\u00e1 una expoferia artesanal-gastron\u00f3mica acompa\u00f1ada de actividades formativas, organizadas por movimientos populares, cultores y creadores nacionales, junto al ministro del Poder Popular para la Cultura, Freddy [&hellip;]\" \/>\n<meta property=\"og:url\" content=\"https:\/\/stage3.rnv.gob.ve\/wp\/dia-del-artesano-conozca-las-actividades-de-la-expoferia-artesanal-gastronomica\/\" \/>\n<meta property=\"og:site_name\" content=\"DEV RNV\" \/>\n<meta property=\"article:publisher\" content=\"https:\/\/www.facebook.com\/RadioNacionaldeVenezuela\" \/>\n<meta property=\"article:published_time\" content=\"2016-03-19T19:40:09+00:00\" \/>\n<meta name=\"author\" content=\"Dayana Nunes\" \/>\n<meta name=\"twitter:card\" content=\"summary_large_image\" \/>\n<meta name=\"twitter:creator\" content=\"@RNVinformativa\" \/>\n<meta name=\"twitter:site\" content=\"@RNVinformativa\" \/>\n<meta name=\"twitter:label1\" content=\"Escrito por\" \/>\n\t<meta name=\"twitter:data1\" content=\"Dayana Nunes\" \/>\n\t<meta name=\"twitter:label2\" content=\"Tiempo estimado de lectura\" \/>\n\t<meta name=\"twitter:data2\" content=\"1 minuto\" \/>\n<script type=\"application\/ld+json\" class=\"yoast-schema-graph\">{\"@context\":\"https:\\\/\\\/schema.org\",\"@graph\":[{\"@type\":\"Article\",\"@id\":\"https:\\\/\\\/stage3.rnv.gob.ve\\\/wp\\\/dia-del-artesano-conozca-las-actividades-de-la-expoferia-artesanal-gastronomica\\\/#article\",\"isPartOf\":{\"@id\":\"https:\\\/\\\/stage3.rnv.gob.ve\\\/wp\\\/dia-del-artesano-conozca-las-actividades-de-la-expoferia-artesanal-gastronomica\\\/\"},\"author\":{\"name\":\"Dayana Nunes\",\"@id\":\"https:\\\/\\\/stage3.rnv.gob.ve\\\/wp\\\/#\\\/schema\\\/person\\\/a85503dba8c37ca28ae29ba2db5caf55\"},\"headline\":\"\u00a1D\u00eda del artesano! Estas son las actividades de la expoferia artesanal-gastron\u00f3mica\",\"datePublished\":\"2016-03-19T19:40:09+00:00\",\"mainEntityOfPage\":{\"@id\":\"https:\\\/\\\/stage3.rnv.gob.ve\\\/wp\\\/dia-del-artesano-conozca-las-actividades-de-la-expoferia-artesanal-gastronomica\\\/\"},\"wordCount\":291,\"publisher\":{\"@id\":\"https:\\\/\\\/stage3.rnv.gob.ve\\\/wp\\\/#organization\"},\"image\":{\"@id\":\"https:\\\/\\\/stage3.rnv.gob.ve\\\/wp\\\/dia-del-artesano-conozca-las-actividades-de-la-expoferia-artesanal-gastronomica\\\/#primaryimage\"},\"thumbnailUrl\":\"\",\"keywords\":[\"actividades\",\"dia del artesano\",\"plaza los museos\"],\"articleSection\":[\"Nacional\"],\"inLanguage\":\"es\"},{\"@type\":\"WebPage\",\"@id\":\"https:\\\/\\\/stage3.rnv.gob.ve\\\/wp\\\/dia-del-artesano-conozca-las-actividades-de-la-expoferia-artesanal-gastronomica\\\/\",\"url\":\"https:\\\/\\\/stage3.rnv.gob.ve\\\/wp\\\/dia-del-artesano-conozca-las-actividades-de-la-expoferia-artesanal-gastronomica\\\/\",\"name\":\"\u00a1D\u00eda del artesano! Estas son las actividades de la expoferia artesanal-gastron\u00f3mica - DEV RNV\",\"isPartOf\":{\"@id\":\"https:\\\/\\\/stage3.rnv.gob.ve\\\/wp\\\/#website\"},\"primaryImageOfPage\":{\"@id\":\"https:\\\/\\\/stage3.rnv.gob.ve\\\/wp\\\/dia-del-artesano-conozca-las-actividades-de-la-expoferia-artesanal-gastronomica\\\/#primaryimage\"},\"image\":{\"@id\":\"https:\\\/\\\/stage3.rnv.gob.ve\\\/wp\\\/dia-del-artesano-conozca-las-actividades-de-la-expoferia-artesanal-gastronomica\\\/#primaryimage\"},\"thumbnailUrl\":\"\",\"datePublished\":\"2016-03-19T19:40:09+00:00\",\"breadcrumb\":{\"@id\":\"https:\\\/\\\/stage3.rnv.gob.ve\\\/wp\\\/dia-del-artesano-conozca-las-actividades-de-la-expoferia-artesanal-gastronomica\\\/#breadcrumb\"},\"inLanguage\":\"es\",\"potentialAction\":[{\"@type\":\"ReadAction\",\"target\":[\"https:\\\/\\\/stage3.rnv.gob.ve\\\/wp\\\/dia-del-artesano-conozca-las-actividades-de-la-expoferia-artesanal-gastronomica\\\/\"]}]},{\"@type\":\"ImageObject\",\"inLanguage\":\"es\",\"@id\":\"https:\\\/\\\/stage3.rnv.gob.ve\\\/wp\\\/dia-del-artesano-conozca-las-actividades-de-la-expoferia-artesanal-gastronomica\\\/#primaryimage\",\"url\":\"\",\"contentUrl\":\"\"},{\"@type\":\"BreadcrumbList\",\"@id\":\"https:\\\/\\\/stage3.rnv.gob.ve\\\/wp\\\/dia-del-artesano-conozca-las-actividades-de-la-expoferia-artesanal-gastronomica\\\/#breadcrumb\",\"itemListElement\":[{\"@type\":\"ListItem\",\"position\":1,\"name\":\"Portada\",\"item\":\"https:\\\/\\\/stage3.rnv.gob.ve\\\/wp\\\/\"},{\"@type\":\"ListItem\",\"position\":2,\"name\":\"\u00a1D\u00eda Del Artesano! Estas Son Las Actividades De La Expoferia Artesanal-Gastron\u00f3mica\"}]},{\"@type\":\"WebSite\",\"@id\":\"https:\\\/\\\/stage3.rnv.gob.ve\\\/wp\\\/#website\",\"url\":\"https:\\\/\\\/stage3.rnv.gob.ve\\\/wp\\\/\",\"name\":\"DEV RNV\",\"description\":\"Radio Nacional de Venezuela C.A.\",\"publisher\":{\"@id\":\"https:\\\/\\\/stage3.rnv.gob.ve\\\/wp\\\/#organization\"},\"potentialAction\":[{\"@type\":\"SearchAction\",\"target\":{\"@type\":\"EntryPoint\",\"urlTemplate\":\"https:\\\/\\\/stage3.rnv.gob.ve\\\/wp\\\/?s={search_term_string}\"},\"query-input\":{\"@type\":\"PropertyValueSpecification\",\"valueRequired\":true,\"valueName\":\"search_term_string\"}}],\"inLanguage\":\"es\"},{\"@type\":\"Organization\",\"@id\":\"https:\\\/\\\/stage3.rnv.gob.ve\\\/wp\\\/#organization\",\"name\":\"Radio Nacional de Venezuela C.A.\",\"url\":\"https:\\\/\\\/stage3.rnv.gob.ve\\\/wp\\\/\",\"logo\":{\"@type\":\"ImageObject\",\"inLanguage\":\"es\",\"@id\":\"https:\\\/\\\/stage3.rnv.gob.ve\\\/wp\\\/#\\\/schema\\\/logo\\\/image\\\/\",\"url\":\"http:\\\/\\\/rnv.ddns.net\\\/prensa\\\/wp-content\\\/uploads\\\/2022\\\/04\\\/rnv-1-300x227-1.jpg\",\"contentUrl\":\"http:\\\/\\\/rnv.ddns.net\\\/prensa\\\/wp-content\\\/uploads\\\/2022\\\/04\\\/rnv-1-300x227-1.jpg\",\"width\":800,\"height\":455,\"caption\":\"Radio Nacional de Venezuela C.A.\"},\"image\":{\"@id\":\"https:\\\/\\\/stage3.rnv.gob.ve\\\/wp\\\/#\\\/schema\\\/logo\\\/image\\\/\"},\"sameAs\":[\"https:\\\/\\\/www.facebook.com\\\/RadioNacionaldeVenezuela\",\"https:\\\/\\\/x.com\\\/RNVinformativa\",\"https:\\\/\\\/www.instagram.com\\\/rnvinformativa\\\/\",\"https:\\\/\\\/www.youtube.com\\\/user\\\/RNVContigo\"]},{\"@type\":\"Person\",\"@id\":\"https:\\\/\\\/stage3.rnv.gob.ve\\\/wp\\\/#\\\/schema\\\/person\\\/a85503dba8c37ca28ae29ba2db5caf55\",\"name\":\"Dayana Nunes\",\"url\":\"https:\\\/\\\/stage3.rnv.gob.ve\\\/wp\\\/author\\\/dayana_nunes\\\/\"}]}<\/script>\n<!-- \/ Yoast SEO plugin. -->","yoast_head_json":{"title":"\u00a1D\u00eda del artesano! Estas son las actividades de la expoferia artesanal-gastron\u00f3mica - DEV RNV","robots":{"index":"noindex","follow":"follow","max-snippet":"max-snippet:-1","max-image-preview":"max-image-preview:large","max-video-preview":"max-video-preview:-1"},"og_locale":"es_ES","og_type":"article","og_title":"\u00a1D\u00eda del artesano! Estas son las actividades de la expoferia artesanal-gastron\u00f3mica - DEV RNV","og_description":"Con la intenci\u00f3n de honrar el trabajo de artesanas y artesanos, desde el 18 hasta el 20 de marzo, en la Plaza de los Museos de Bellas Artes, se realizar\u00e1 una expoferia artesanal-gastron\u00f3mica acompa\u00f1ada de actividades formativas, organizadas por movimientos populares, cultores y creadores nacionales, junto al ministro del Poder Popular para la Cultura, Freddy [&hellip;]","og_url":"https:\/\/stage3.rnv.gob.ve\/wp\/dia-del-artesano-conozca-las-actividades-de-la-expoferia-artesanal-gastronomica\/","og_site_name":"DEV RNV","article_publisher":"https:\/\/www.facebook.com\/RadioNacionaldeVenezuela","article_published_time":"2016-03-19T19:40:09+00:00","author":"Dayana Nunes","twitter_card":"summary_large_image","twitter_creator":"@RNVinformativa","twitter_site":"@RNVinformativa","twitter_misc":{"Escrito por":"Dayana Nunes","Tiempo estimado de lectura":"1 minuto"},"schema":{"@context":"https:\/\/schema.org","@graph":[{"@type":"Article","@id":"https:\/\/stage3.rnv.gob.ve\/wp\/dia-del-artesano-conozca-las-actividades-de-la-expoferia-artesanal-gastronomica\/#article","isPartOf":{"@id":"https:\/\/stage3.rnv.gob.ve\/wp\/dia-del-artesano-conozca-las-actividades-de-la-expoferia-artesanal-gastronomica\/"},"author":{"name":"Dayana Nunes","@id":"https:\/\/stage3.rnv.gob.ve\/wp\/#\/schema\/person\/a85503dba8c37ca28ae29ba2db5caf55"},"headline":"\u00a1D\u00eda del artesano! Estas son las actividades de la expoferia artesanal-gastron\u00f3mica","datePublished":"2016-03-19T19:40:09+00:00","mainEntityOfPage":{"@id":"https:\/\/stage3.rnv.gob.ve\/wp\/dia-del-artesano-conozca-las-actividades-de-la-expoferia-artesanal-gastronomica\/"},"wordCount":291,"publisher":{"@id":"https:\/\/stage3.rnv.gob.ve\/wp\/#organization"},"image":{"@id":"https:\/\/stage3.rnv.gob.ve\/wp\/dia-del-artesano-conozca-las-actividades-de-la-expoferia-artesanal-gastronomica\/#primaryimage"},"thumbnailUrl":"","keywords":["actividades","dia del artesano","plaza los museos"],"articleSection":["Nacional"],"inLanguage":"es"},{"@type":"WebPage","@id":"https:\/\/stage3.rnv.gob.ve\/wp\/dia-del-artesano-conozca-las-actividades-de-la-expoferia-artesanal-gastronomica\/","url":"https:\/\/stage3.rnv.gob.ve\/wp\/dia-del-artesano-conozca-las-actividades-de-la-expoferia-artesanal-gastronomica\/","name":"\u00a1D\u00eda del artesano! Estas son las actividades de la expoferia artesanal-gastron\u00f3mica - DEV RNV","isPartOf":{"@id":"https:\/\/stage3.rnv.gob.ve\/wp\/#website"},"primaryImageOfPage":{"@id":"https:\/\/stage3.rnv.gob.ve\/wp\/dia-del-artesano-conozca-las-actividades-de-la-expoferia-artesanal-gastronomica\/#primaryimage"},"image":{"@id":"https:\/\/stage3.rnv.gob.ve\/wp\/dia-del-artesano-conozca-las-actividades-de-la-expoferia-artesanal-gastronomica\/#primaryimage"},"thumbnailUrl":"","datePublished":"2016-03-19T19:40:09+00:00","breadcrumb":{"@id":"https:\/\/stage3.rnv.gob.ve\/wp\/dia-del-artesano-conozca-las-actividades-de-la-expoferia-artesanal-gastronomica\/#breadcrumb"},"inLanguage":"es","potentialAction":[{"@type":"ReadAction","target":["https:\/\/stage3.rnv.gob.ve\/wp\/dia-del-artesano-conozca-las-actividades-de-la-expoferia-artesanal-gastronomica\/"]}]},{"@type":"ImageObject","inLanguage":"es","@id":"https:\/\/stage3.rnv.gob.ve\/wp\/dia-del-artesano-conozca-las-actividades-de-la-expoferia-artesanal-gastronomica\/#primaryimage","url":"","contentUrl":""},{"@type":"BreadcrumbList","@id":"https:\/\/stage3.rnv.gob.ve\/wp\/dia-del-artesano-conozca-las-actividades-de-la-expoferia-artesanal-gastronomica\/#breadcrumb","itemListElement":[{"@type":"ListItem","position":1,"name":"Portada","item":"https:\/\/stage3.rnv.gob.ve\/wp\/"},{"@type":"ListItem","position":2,"name":"\u00a1D\u00eda Del Artesano! Estas Son Las Actividades De La Expoferia Artesanal-Gastron\u00f3mica"}]},{"@type":"WebSite","@id":"https:\/\/stage3.rnv.gob.ve\/wp\/#website","url":"https:\/\/stage3.rnv.gob.ve\/wp\/","name":"DEV RNV","description":"Radio Nacional de Venezuela C.A.","publisher":{"@id":"https:\/\/stage3.rnv.gob.ve\/wp\/#organization"},"potentialAction":[{"@type":"SearchAction","target":{"@type":"EntryPoint","urlTemplate":"https:\/\/stage3.rnv.gob.ve\/wp\/?s={search_term_string}"},"query-input":{"@type":"PropertyValueSpecification","valueRequired":true,"valueName":"search_term_string"}}],"inLanguage":"es"},{"@type":"Organization","@id":"https:\/\/stage3.rnv.gob.ve\/wp\/#organization","name":"Radio Nacional de Venezuela C.A.","url":"https:\/\/stage3.rnv.gob.ve\/wp\/","logo":{"@type":"ImageObject","inLanguage":"es","@id":"https:\/\/stage3.rnv.gob.ve\/wp\/#\/schema\/logo\/image\/","url":"http:\/\/rnv.ddns.net\/prensa\/wp-content\/uploads\/2022\/04\/rnv-1-300x227-1.jpg","contentUrl":"http:\/\/rnv.ddns.net\/prensa\/wp-content\/uploads\/2022\/04\/rnv-1-300x227-1.jpg","width":800,"height":455,"caption":"Radio Nacional de Venezuela C.A."},"image":{"@id":"https:\/\/stage3.rnv.gob.ve\/wp\/#\/schema\/logo\/image\/"},"sameAs":["https:\/\/www.facebook.com\/RadioNacionaldeVenezuela","https:\/\/x.com\/RNVinformativa","https:\/\/www.instagram.com\/rnvinformativa\/","https:\/\/www.youtube.com\/user\/RNVContigo"]},{"@type":"Person","@id":"https:\/\/stage3.rnv.gob.ve\/wp\/#\/schema\/person\/a85503dba8c37ca28ae29ba2db5caf55","name":"Dayana Nunes","url":"https:\/\/stage3.rnv.gob.ve\/wp\/author\/dayana_nunes\/"}]}},"jetpack_featured_media_url":"","_links":{"self":[{"href":"https:\/\/stage3.rnv.gob.ve\/wp\/wp-json\/wp\/v2\/posts\/7627","targetHints":{"allow":["GET"]}}],"collection":[{"href":"https:\/\/stage3.rnv.gob.ve\/wp\/wp-json\/wp\/v2\/posts"}],"about":[{"href":"https:\/\/stage3.rnv.gob.ve\/wp\/wp-json\/wp\/v2\/types\/post"}],"author":[{"embeddable":true,"href":"https:\/\/stage3.rnv.gob.ve\/wp\/wp-json\/wp\/v2\/users\/10"}],"replies":[{"embeddable":true,"href":"https:\/\/stage3.rnv.gob.ve\/wp\/wp-json\/wp\/v2\/comments?post=7627"}],"version-history":[{"count":0,"href":"https:\/\/stage3.rnv.gob.ve\/wp\/wp-json\/wp\/v2\/posts\/7627\/revisions"}],"wp:featuredmedia":[{"embeddable":true,"href":"https:\/\/stage3.rnv.gob.ve\/wp\/wp-json\/"}],"wp:attachment":[{"href":"https:\/\/stage3.rnv.gob.ve\/wp\/wp-json\/wp\/v2\/media?parent=7627"}],"wp:term":[{"taxonomy":"category","embeddable":true,"href":"https:\/\/stage3.rnv.gob.ve\/wp\/wp-json\/wp\/v2\/categories?post=7627"},{"taxonomy":"post_tag","embeddable":true,"href":"https:\/\/stage3.rnv.gob.ve\/wp\/wp-json\/wp\/v2\/tags?post=7627"}],"curies":[{"name":"wp","href":"https:\/\/api.w.org\/{rel}","templated":true}]}}