{"id":74341,"date":"2016-09-27T21:19:37","date_gmt":"2016-09-28T01:19:37","guid":{"rendered":"http:\/\/wpeditor.rnv.gob.ve\/?p=74341"},"modified":"2026-04-14T21:11:09","modified_gmt":"2026-04-15T01:11:09","slug":"inaugurada-oficina-de-la-comision-nacional-de-atletas","status":"publish","type":"post","link":"https:\/\/stage3.rnv.gob.ve\/wp\/inaugurada-oficina-de-la-comision-nacional-de-atletas\/","title":{"rendered":"Inaugurada oficina de la Comisi\u00f3n Nacional de Atletas"},"content":{"rendered":"<p><img fetchpriority=\"high\" decoding=\"async\" class=\"aligncenter size-full wp-image-74365\" src=\"http:\/\/wpeditor.rnv.gob.ve\/app\/uploads\/2016\/09\/Rub\u00e9n-Limardo.jpg\" alt=\"Rub\u00e9n Limardo\" width=\"640\" height=\"401\" \/>Este martes fue inaugurada la oficina de la Comisi\u00f3n Nacional de Atletas que estar\u00e1 presidida por el medallista ol\u00edmpico, Rub\u00e9n Limardo, y cuyas instalaciones estar\u00e1n ubicadas en la sede del Comit\u00e9 Ol\u00edmpico Venezolano en el Para\u00edso, Caracas.<br \/>\nRub\u00e9n Limardo Gasc\u00f3n, fue elegido por sus compa\u00f1eros y colegas de actividad el pasado 29 de marzo para estar al frente del ente que se encargar\u00e1 de dar participaci\u00f3n a los deportistas en las decisiones que toma la m\u00e1xima entidad del alto rendimiento en Venezuela.<br \/>\n\u201cVamos a integrar al equipo de trabajo a atletas de la talla de Stefany Hern\u00e1ndez, Leydis Brito y Daniel Flores, para que conformemos un grupo que se preocupe y aporte ideas para el alto rendimiento. Son deportistas que est\u00e1n activos y tienen una visi\u00f3n muy vanguardista de las necesidades y hacia d\u00f3nde debemos apuntar en el deporte en la actualidad. Estoy seguro de que con mucha organizaci\u00f3n podemos hacer un buen trabajo\u201d, expres\u00f3 Limardo.<br \/>\nRNVDeportes\/CC<\/p>\n","protected":false},"excerpt":{"rendered":"<p>Este martes fue inaugurada la oficina de la Comisi\u00f3n Nacional de Atletas que estar\u00e1 presidida por el medallista ol\u00edmpico, Rub\u00e9n Limardo, y cuyas instalaciones estar\u00e1n ubicadas en la sede del Comit\u00e9 Ol\u00edmpico Venezolano en el Para\u00edso, Caracas. Rub\u00e9n Limardo Gasc\u00f3n, fue elegido por sus compa\u00f1eros y colegas de actividad el pasado 29 de marzo para [&hellip;]<\/p>\n","protected":false},"author":11,"featured_media":74365,"comment_status":"closed","ping_status":"open","sticky":false,"template":"","format":"standard","meta":{"_acf_changed":false,"footnotes":""},"categories":[56],"tags":[115,82,104,476],"class_list":["post-74341","post","type-post","status-publish","format-standard","has-post-thumbnail","hentry","category-deporte","tag-deportes","tag-rnv","tag-venezuela","tag-venezuela-deportiva"],"acf":[],"yoast_head":"<!-- This site is optimized with the Yoast SEO plugin v27.4 - https:\/\/yoast.com\/product\/yoast-seo-wordpress\/ -->\n<title>Inaugurada oficina de la Comisi\u00f3n Nacional de Atletas - DEV RNV<\/title>\n<meta name=\"robots\" content=\"noindex, follow, max-snippet:-1, max-image-preview:large, max-video-preview:-1\" \/>\n<meta property=\"og:locale\" content=\"es_ES\" \/>\n<meta property=\"og:type\" content=\"article\" \/>\n<meta property=\"og:title\" content=\"Inaugurada oficina de la Comisi\u00f3n Nacional de Atletas - DEV RNV\" \/>\n<meta property=\"og:description\" content=\"Este martes fue inaugurada la oficina de la Comisi\u00f3n Nacional de Atletas que estar\u00e1 presidida por el medallista ol\u00edmpico, Rub\u00e9n Limardo, y cuyas instalaciones estar\u00e1n ubicadas en la sede del Comit\u00e9 Ol\u00edmpico Venezolano en el Para\u00edso, Caracas. Rub\u00e9n Limardo Gasc\u00f3n, fue elegido por sus compa\u00f1eros y colegas de actividad el pasado 29 de marzo para [&hellip;]\" \/>\n<meta property=\"og:url\" content=\"https:\/\/stage3.rnv.gob.ve\/wp\/inaugurada-oficina-de-la-comision-nacional-de-atletas\/\" \/>\n<meta property=\"og:site_name\" content=\"DEV RNV\" \/>\n<meta property=\"article:publisher\" content=\"https:\/\/www.facebook.com\/RadioNacionaldeVenezuela\" \/>\n<meta property=\"article:published_time\" content=\"2016-09-28T01:19:37+00:00\" \/>\n<meta property=\"article:modified_time\" content=\"2026-04-15T01:11:09+00:00\" \/>\n<meta name=\"author\" content=\"Cesar Castillo\" \/>\n<meta name=\"twitter:card\" content=\"summary_large_image\" \/>\n<meta name=\"twitter:creator\" content=\"@RNVinformativa\" \/>\n<meta name=\"twitter:site\" content=\"@RNVinformativa\" \/>\n<meta name=\"twitter:label1\" content=\"Escrito por\" \/>\n\t<meta name=\"twitter:data1\" content=\"Cesar Castillo\" \/>\n\t<meta name=\"twitter:label2\" content=\"Tiempo estimado de lectura\" \/>\n\t<meta name=\"twitter:data2\" content=\"1 minuto\" \/>\n<script type=\"application\/ld+json\" class=\"yoast-schema-graph\">{\"@context\":\"https:\\\/\\\/schema.org\",\"@graph\":[{\"@type\":\"Article\",\"@id\":\"https:\\\/\\\/stage3.rnv.gob.ve\\\/wp\\\/inaugurada-oficina-de-la-comision-nacional-de-atletas\\\/#article\",\"isPartOf\":{\"@id\":\"https:\\\/\\\/stage3.rnv.gob.ve\\\/wp\\\/inaugurada-oficina-de-la-comision-nacional-de-atletas\\\/\"},\"author\":{\"name\":\"Cesar Castillo\",\"@id\":\"https:\\\/\\\/stage3.rnv.gob.ve\\\/wp\\\/#\\\/schema\\\/person\\\/4abbb50ef87769624df1e9e3b3ca99f6\"},\"headline\":\"Inaugurada oficina de la Comisi\u00f3n Nacional de Atletas\",\"datePublished\":\"2016-09-28T01:19:37+00:00\",\"dateModified\":\"2026-04-15T01:11:09+00:00\",\"mainEntityOfPage\":{\"@id\":\"https:\\\/\\\/stage3.rnv.gob.ve\\\/wp\\\/inaugurada-oficina-de-la-comision-nacional-de-atletas\\\/\"},\"wordCount\":182,\"publisher\":{\"@id\":\"https:\\\/\\\/stage3.rnv.gob.ve\\\/wp\\\/#organization\"},\"image\":{\"@id\":\"https:\\\/\\\/stage3.rnv.gob.ve\\\/wp\\\/inaugurada-oficina-de-la-comision-nacional-de-atletas\\\/#primaryimage\"},\"thumbnailUrl\":\"\",\"keywords\":[\"deportes\",\"RNV\",\"Venezuela\",\"Venezuela Deportiva\"],\"articleSection\":[\"Deporte\"],\"inLanguage\":\"es\"},{\"@type\":\"WebPage\",\"@id\":\"https:\\\/\\\/stage3.rnv.gob.ve\\\/wp\\\/inaugurada-oficina-de-la-comision-nacional-de-atletas\\\/\",\"url\":\"https:\\\/\\\/stage3.rnv.gob.ve\\\/wp\\\/inaugurada-oficina-de-la-comision-nacional-de-atletas\\\/\",\"name\":\"Inaugurada oficina de la Comisi\u00f3n Nacional de Atletas - DEV RNV\",\"isPartOf\":{\"@id\":\"https:\\\/\\\/stage3.rnv.gob.ve\\\/wp\\\/#website\"},\"primaryImageOfPage\":{\"@id\":\"https:\\\/\\\/stage3.rnv.gob.ve\\\/wp\\\/inaugurada-oficina-de-la-comision-nacional-de-atletas\\\/#primaryimage\"},\"image\":{\"@id\":\"https:\\\/\\\/stage3.rnv.gob.ve\\\/wp\\\/inaugurada-oficina-de-la-comision-nacional-de-atletas\\\/#primaryimage\"},\"thumbnailUrl\":\"\",\"datePublished\":\"2016-09-28T01:19:37+00:00\",\"dateModified\":\"2026-04-15T01:11:09+00:00\",\"breadcrumb\":{\"@id\":\"https:\\\/\\\/stage3.rnv.gob.ve\\\/wp\\\/inaugurada-oficina-de-la-comision-nacional-de-atletas\\\/#breadcrumb\"},\"inLanguage\":\"es\",\"potentialAction\":[{\"@type\":\"ReadAction\",\"target\":[\"https:\\\/\\\/stage3.rnv.gob.ve\\\/wp\\\/inaugurada-oficina-de-la-comision-nacional-de-atletas\\\/\"]}]},{\"@type\":\"ImageObject\",\"inLanguage\":\"es\",\"@id\":\"https:\\\/\\\/stage3.rnv.gob.ve\\\/wp\\\/inaugurada-oficina-de-la-comision-nacional-de-atletas\\\/#primaryimage\",\"url\":\"\",\"contentUrl\":\"\"},{\"@type\":\"BreadcrumbList\",\"@id\":\"https:\\\/\\\/stage3.rnv.gob.ve\\\/wp\\\/inaugurada-oficina-de-la-comision-nacional-de-atletas\\\/#breadcrumb\",\"itemListElement\":[{\"@type\":\"ListItem\",\"position\":1,\"name\":\"Portada\",\"item\":\"https:\\\/\\\/stage3.rnv.gob.ve\\\/wp\\\/\"},{\"@type\":\"ListItem\",\"position\":2,\"name\":\"Inaugurada Oficina De La Comisi\u00f3n Nacional De Atletas\"}]},{\"@type\":\"WebSite\",\"@id\":\"https:\\\/\\\/stage3.rnv.gob.ve\\\/wp\\\/#website\",\"url\":\"https:\\\/\\\/stage3.rnv.gob.ve\\\/wp\\\/\",\"name\":\"DEV RNV\",\"description\":\"Radio Nacional de Venezuela C.A.\",\"publisher\":{\"@id\":\"https:\\\/\\\/stage3.rnv.gob.ve\\\/wp\\\/#organization\"},\"potentialAction\":[{\"@type\":\"SearchAction\",\"target\":{\"@type\":\"EntryPoint\",\"urlTemplate\":\"https:\\\/\\\/stage3.rnv.gob.ve\\\/wp\\\/?s={search_term_string}\"},\"query-input\":{\"@type\":\"PropertyValueSpecification\",\"valueRequired\":true,\"valueName\":\"search_term_string\"}}],\"inLanguage\":\"es\"},{\"@type\":\"Organization\",\"@id\":\"https:\\\/\\\/stage3.rnv.gob.ve\\\/wp\\\/#organization\",\"name\":\"Radio Nacional de Venezuela C.A.\",\"url\":\"https:\\\/\\\/stage3.rnv.gob.ve\\\/wp\\\/\",\"logo\":{\"@type\":\"ImageObject\",\"inLanguage\":\"es\",\"@id\":\"https:\\\/\\\/stage3.rnv.gob.ve\\\/wp\\\/#\\\/schema\\\/logo\\\/image\\\/\",\"url\":\"http:\\\/\\\/rnv.ddns.net\\\/prensa\\\/wp-content\\\/uploads\\\/2022\\\/04\\\/rnv-1-300x227-1.jpg\",\"contentUrl\":\"http:\\\/\\\/rnv.ddns.net\\\/prensa\\\/wp-content\\\/uploads\\\/2022\\\/04\\\/rnv-1-300x227-1.jpg\",\"width\":800,\"height\":455,\"caption\":\"Radio Nacional de Venezuela C.A.\"},\"image\":{\"@id\":\"https:\\\/\\\/stage3.rnv.gob.ve\\\/wp\\\/#\\\/schema\\\/logo\\\/image\\\/\"},\"sameAs\":[\"https:\\\/\\\/www.facebook.com\\\/RadioNacionaldeVenezuela\",\"https:\\\/\\\/x.com\\\/RNVinformativa\",\"https:\\\/\\\/www.instagram.com\\\/rnvinformativa\\\/\",\"https:\\\/\\\/www.youtube.com\\\/user\\\/RNVContigo\"]},{\"@type\":\"Person\",\"@id\":\"https:\\\/\\\/stage3.rnv.gob.ve\\\/wp\\\/#\\\/schema\\\/person\\\/4abbb50ef87769624df1e9e3b3ca99f6\",\"name\":\"Cesar Castillo\",\"url\":\"https:\\\/\\\/stage3.rnv.gob.ve\\\/wp\\\/author\\\/cesar_castillo\\\/\"}]}<\/script>\n<!-- \/ Yoast SEO plugin. -->","yoast_head_json":{"title":"Inaugurada oficina de la Comisi\u00f3n Nacional de Atletas - DEV RNV","robots":{"index":"noindex","follow":"follow","max-snippet":"max-snippet:-1","max-image-preview":"max-image-preview:large","max-video-preview":"max-video-preview:-1"},"og_locale":"es_ES","og_type":"article","og_title":"Inaugurada oficina de la Comisi\u00f3n Nacional de Atletas - DEV RNV","og_description":"Este martes fue inaugurada la oficina de la Comisi\u00f3n Nacional de Atletas que estar\u00e1 presidida por el medallista ol\u00edmpico, Rub\u00e9n Limardo, y cuyas instalaciones estar\u00e1n ubicadas en la sede del Comit\u00e9 Ol\u00edmpico Venezolano en el Para\u00edso, Caracas. Rub\u00e9n Limardo Gasc\u00f3n, fue elegido por sus compa\u00f1eros y colegas de actividad el pasado 29 de marzo para [&hellip;]","og_url":"https:\/\/stage3.rnv.gob.ve\/wp\/inaugurada-oficina-de-la-comision-nacional-de-atletas\/","og_site_name":"DEV RNV","article_publisher":"https:\/\/www.facebook.com\/RadioNacionaldeVenezuela","article_published_time":"2016-09-28T01:19:37+00:00","article_modified_time":"2026-04-15T01:11:09+00:00","author":"Cesar Castillo","twitter_card":"summary_large_image","twitter_creator":"@RNVinformativa","twitter_site":"@RNVinformativa","twitter_misc":{"Escrito por":"Cesar Castillo","Tiempo estimado de lectura":"1 minuto"},"schema":{"@context":"https:\/\/schema.org","@graph":[{"@type":"Article","@id":"https:\/\/stage3.rnv.gob.ve\/wp\/inaugurada-oficina-de-la-comision-nacional-de-atletas\/#article","isPartOf":{"@id":"https:\/\/stage3.rnv.gob.ve\/wp\/inaugurada-oficina-de-la-comision-nacional-de-atletas\/"},"author":{"name":"Cesar Castillo","@id":"https:\/\/stage3.rnv.gob.ve\/wp\/#\/schema\/person\/4abbb50ef87769624df1e9e3b3ca99f6"},"headline":"Inaugurada oficina de la Comisi\u00f3n Nacional de Atletas","datePublished":"2016-09-28T01:19:37+00:00","dateModified":"2026-04-15T01:11:09+00:00","mainEntityOfPage":{"@id":"https:\/\/stage3.rnv.gob.ve\/wp\/inaugurada-oficina-de-la-comision-nacional-de-atletas\/"},"wordCount":182,"publisher":{"@id":"https:\/\/stage3.rnv.gob.ve\/wp\/#organization"},"image":{"@id":"https:\/\/stage3.rnv.gob.ve\/wp\/inaugurada-oficina-de-la-comision-nacional-de-atletas\/#primaryimage"},"thumbnailUrl":"","keywords":["deportes","RNV","Venezuela","Venezuela Deportiva"],"articleSection":["Deporte"],"inLanguage":"es"},{"@type":"WebPage","@id":"https:\/\/stage3.rnv.gob.ve\/wp\/inaugurada-oficina-de-la-comision-nacional-de-atletas\/","url":"https:\/\/stage3.rnv.gob.ve\/wp\/inaugurada-oficina-de-la-comision-nacional-de-atletas\/","name":"Inaugurada oficina de la Comisi\u00f3n Nacional de Atletas - DEV RNV","isPartOf":{"@id":"https:\/\/stage3.rnv.gob.ve\/wp\/#website"},"primaryImageOfPage":{"@id":"https:\/\/stage3.rnv.gob.ve\/wp\/inaugurada-oficina-de-la-comision-nacional-de-atletas\/#primaryimage"},"image":{"@id":"https:\/\/stage3.rnv.gob.ve\/wp\/inaugurada-oficina-de-la-comision-nacional-de-atletas\/#primaryimage"},"thumbnailUrl":"","datePublished":"2016-09-28T01:19:37+00:00","dateModified":"2026-04-15T01:11:09+00:00","breadcrumb":{"@id":"https:\/\/stage3.rnv.gob.ve\/wp\/inaugurada-oficina-de-la-comision-nacional-de-atletas\/#breadcrumb"},"inLanguage":"es","potentialAction":[{"@type":"ReadAction","target":["https:\/\/stage3.rnv.gob.ve\/wp\/inaugurada-oficina-de-la-comision-nacional-de-atletas\/"]}]},{"@type":"ImageObject","inLanguage":"es","@id":"https:\/\/stage3.rnv.gob.ve\/wp\/inaugurada-oficina-de-la-comision-nacional-de-atletas\/#primaryimage","url":"","contentUrl":""},{"@type":"BreadcrumbList","@id":"https:\/\/stage3.rnv.gob.ve\/wp\/inaugurada-oficina-de-la-comision-nacional-de-atletas\/#breadcrumb","itemListElement":[{"@type":"ListItem","position":1,"name":"Portada","item":"https:\/\/stage3.rnv.gob.ve\/wp\/"},{"@type":"ListItem","position":2,"name":"Inaugurada Oficina De La Comisi\u00f3n Nacional De Atletas"}]},{"@type":"WebSite","@id":"https:\/\/stage3.rnv.gob.ve\/wp\/#website","url":"https:\/\/stage3.rnv.gob.ve\/wp\/","name":"DEV RNV","description":"Radio Nacional de Venezuela C.A.","publisher":{"@id":"https:\/\/stage3.rnv.gob.ve\/wp\/#organization"},"potentialAction":[{"@type":"SearchAction","target":{"@type":"EntryPoint","urlTemplate":"https:\/\/stage3.rnv.gob.ve\/wp\/?s={search_term_string}"},"query-input":{"@type":"PropertyValueSpecification","valueRequired":true,"valueName":"search_term_string"}}],"inLanguage":"es"},{"@type":"Organization","@id":"https:\/\/stage3.rnv.gob.ve\/wp\/#organization","name":"Radio Nacional de Venezuela C.A.","url":"https:\/\/stage3.rnv.gob.ve\/wp\/","logo":{"@type":"ImageObject","inLanguage":"es","@id":"https:\/\/stage3.rnv.gob.ve\/wp\/#\/schema\/logo\/image\/","url":"http:\/\/rnv.ddns.net\/prensa\/wp-content\/uploads\/2022\/04\/rnv-1-300x227-1.jpg","contentUrl":"http:\/\/rnv.ddns.net\/prensa\/wp-content\/uploads\/2022\/04\/rnv-1-300x227-1.jpg","width":800,"height":455,"caption":"Radio Nacional de Venezuela C.A."},"image":{"@id":"https:\/\/stage3.rnv.gob.ve\/wp\/#\/schema\/logo\/image\/"},"sameAs":["https:\/\/www.facebook.com\/RadioNacionaldeVenezuela","https:\/\/x.com\/RNVinformativa","https:\/\/www.instagram.com\/rnvinformativa\/","https:\/\/www.youtube.com\/user\/RNVContigo"]},{"@type":"Person","@id":"https:\/\/stage3.rnv.gob.ve\/wp\/#\/schema\/person\/4abbb50ef87769624df1e9e3b3ca99f6","name":"Cesar Castillo","url":"https:\/\/stage3.rnv.gob.ve\/wp\/author\/cesar_castillo\/"}]}},"jetpack_featured_media_url":"","_links":{"self":[{"href":"https:\/\/stage3.rnv.gob.ve\/wp\/wp-json\/wp\/v2\/posts\/74341","targetHints":{"allow":["GET"]}}],"collection":[{"href":"https:\/\/stage3.rnv.gob.ve\/wp\/wp-json\/wp\/v2\/posts"}],"about":[{"href":"https:\/\/stage3.rnv.gob.ve\/wp\/wp-json\/wp\/v2\/types\/post"}],"author":[{"embeddable":true,"href":"https:\/\/stage3.rnv.gob.ve\/wp\/wp-json\/wp\/v2\/users\/11"}],"replies":[{"embeddable":true,"href":"https:\/\/stage3.rnv.gob.ve\/wp\/wp-json\/wp\/v2\/comments?post=74341"}],"version-history":[{"count":0,"href":"https:\/\/stage3.rnv.gob.ve\/wp\/wp-json\/wp\/v2\/posts\/74341\/revisions"}],"wp:featuredmedia":[{"embeddable":true,"href":"https:\/\/stage3.rnv.gob.ve\/wp\/wp-json\/"}],"wp:attachment":[{"href":"https:\/\/stage3.rnv.gob.ve\/wp\/wp-json\/wp\/v2\/media?parent=74341"}],"wp:term":[{"taxonomy":"category","embeddable":true,"href":"https:\/\/stage3.rnv.gob.ve\/wp\/wp-json\/wp\/v2\/categories?post=74341"},{"taxonomy":"post_tag","embeddable":true,"href":"https:\/\/stage3.rnv.gob.ve\/wp\/wp-json\/wp\/v2\/tags?post=74341"}],"curies":[{"name":"wp","href":"https:\/\/api.w.org\/{rel}","templated":true}]}}