{"id":7296,"date":"2016-03-18T19:43:23","date_gmt":"2016-03-19T00:13:23","guid":{"rendered":"http:\/\/wpeditor.rnv.gob.ve\/?p=7296"},"modified":"2026-04-14T21:17:09","modified_gmt":"2026-04-15T01:17:09","slug":"federaciones-apoyaron-por-unanimidad-memoria-y-cuenta-del-cov","status":"publish","type":"post","link":"https:\/\/stage3.rnv.gob.ve\/wp\/federaciones-apoyaron-por-unanimidad-memoria-y-cuenta-del-cov\/","title":{"rendered":"Federaciones apoyaron por unanimidad Memoria y Cuenta del COV"},"content":{"rendered":"<p><img fetchpriority=\"high\" decoding=\"async\" class=\"aligncenter wp-image-7298 size-full\" src=\"http:\/\/wpeditor.rnv.gob.ve\/app\/uploads\/2016\/03\/Presentacion-a-probacion-de-la-memoria-y-cuanta-2015-del-COV-foto-JOSE-AVELINO-RODRIGUES-8.jpg\" alt=\"\" width=\"640\" height=\"424\" \/><br \/>\nPor unanimidad de 39 Federaciones Deportivas Nacionales este viernes fue aprobada la Memoria y Cuenta del Comit\u00e9 Ol\u00edmpico Venezolano gesti\u00f3n 2015, presentado por la junta directiva y presidencia del COV, profesor Eduardo \u00c1lvarez Camacho.<br \/>\nDestac\u00f3 el presidente del COV que en el 2015, entre otros logros, se realizaron 19 cursos a nivel nacional, fortaleciendo los programas de formaci\u00f3n de formadores, encaminados a la preparaci\u00f3n t\u00e9cnica, cient\u00edfica y educativa de los entrenadores y dirigentes del pa\u00eds.<br \/>\n\u00abCumplimos en los Juegos Panamericanos de Toronto, con 50 medallas, entregamos aportes a los atletas para su preparaci\u00f3n, como a los de m\u00e1xima por un monto de 31 mil 500 d\u00f3lares, adem\u00e1s de invertir m\u00e1s de 300 mil en los programas de solidaridad ol\u00edmpica y Panamericanos, entregamos recursos a veinticuatro Federaciones Deportiva. Adem\u00e1s se promovieron iniciativas como el Olimpismo va a las Escuelas, el Museo itinerante, la Formaci\u00f3n y la entrega de materiales. Asimismo, se fortific\u00f3 el proyecto Punto Ol\u00edmpico, como plataforma comunicacional nacional\u00bb, finaliz\u00f3.<br \/>\nEn el cierre de su presentaci\u00f3n se enfoc\u00f3 en los proyectos como la consolidaci\u00f3n de una gran asociaci\u00f3n de deportes de playa, dado el gran auge internacional de estos, asimismo anunci\u00f3 los pr\u00f3ximos proyectos como los Juegos Centroamericanos Universitarios 2017 y los World Games 2018, ambos en Puerto La Cruz.<br \/>\nRNVDeportes\/PO\/CC<\/p>\n","protected":false},"excerpt":{"rendered":"<p>Por unanimidad de 39 Federaciones Deportivas Nacionales este viernes fue aprobada la Memoria y Cuenta del Comit\u00e9 Ol\u00edmpico Venezolano gesti\u00f3n 2015, presentado por la junta directiva y presidencia del COV, profesor Eduardo \u00c1lvarez Camacho. Destac\u00f3 el presidente del COV que en el 2015, entre otros logros, se realizaron 19 cursos a nivel nacional, fortaleciendo los [&hellip;]<\/p>\n","protected":false},"author":11,"featured_media":7298,"comment_status":"closed","ping_status":"open","sticky":false,"template":"","format":"standard","meta":{"_acf_changed":false,"footnotes":""},"categories":[56],"tags":[115,82,104,476],"class_list":["post-7296","post","type-post","status-publish","format-standard","has-post-thumbnail","hentry","category-deporte","tag-deportes","tag-rnv","tag-venezuela","tag-venezuela-deportiva"],"acf":[],"yoast_head":"<!-- This site is optimized with the Yoast SEO plugin v27.4 - https:\/\/yoast.com\/product\/yoast-seo-wordpress\/ -->\n<title>Federaciones apoyaron por unanimidad Memoria y Cuenta del COV - DEV RNV<\/title>\n<meta name=\"robots\" content=\"noindex, follow, max-snippet:-1, max-image-preview:large, max-video-preview:-1\" \/>\n<meta property=\"og:locale\" content=\"es_ES\" \/>\n<meta property=\"og:type\" content=\"article\" \/>\n<meta property=\"og:title\" content=\"Federaciones apoyaron por unanimidad Memoria y Cuenta del COV - DEV RNV\" \/>\n<meta property=\"og:description\" content=\"Por unanimidad de 39 Federaciones Deportivas Nacionales este viernes fue aprobada la Memoria y Cuenta del Comit\u00e9 Ol\u00edmpico Venezolano gesti\u00f3n 2015, presentado por la junta directiva y presidencia del COV, profesor Eduardo \u00c1lvarez Camacho. Destac\u00f3 el presidente del COV que en el 2015, entre otros logros, se realizaron 19 cursos a nivel nacional, fortaleciendo los [&hellip;]\" \/>\n<meta property=\"og:url\" content=\"https:\/\/stage3.rnv.gob.ve\/wp\/federaciones-apoyaron-por-unanimidad-memoria-y-cuenta-del-cov\/\" \/>\n<meta property=\"og:site_name\" content=\"DEV RNV\" \/>\n<meta property=\"article:publisher\" content=\"https:\/\/www.facebook.com\/RadioNacionaldeVenezuela\" \/>\n<meta property=\"article:published_time\" content=\"2016-03-19T00:13:23+00:00\" \/>\n<meta property=\"article:modified_time\" content=\"2026-04-15T01:17:09+00:00\" \/>\n<meta name=\"author\" content=\"Cesar Castillo\" \/>\n<meta name=\"twitter:card\" content=\"summary_large_image\" \/>\n<meta name=\"twitter:creator\" content=\"@RNVinformativa\" \/>\n<meta name=\"twitter:site\" content=\"@RNVinformativa\" \/>\n<meta name=\"twitter:label1\" content=\"Escrito por\" \/>\n\t<meta name=\"twitter:data1\" content=\"Cesar Castillo\" \/>\n\t<meta name=\"twitter:label2\" content=\"Tiempo estimado de lectura\" \/>\n\t<meta name=\"twitter:data2\" content=\"1 minuto\" \/>\n<script type=\"application\/ld+json\" class=\"yoast-schema-graph\">{\"@context\":\"https:\\\/\\\/schema.org\",\"@graph\":[{\"@type\":\"Article\",\"@id\":\"https:\\\/\\\/stage3.rnv.gob.ve\\\/wp\\\/federaciones-apoyaron-por-unanimidad-memoria-y-cuenta-del-cov\\\/#article\",\"isPartOf\":{\"@id\":\"https:\\\/\\\/stage3.rnv.gob.ve\\\/wp\\\/federaciones-apoyaron-por-unanimidad-memoria-y-cuenta-del-cov\\\/\"},\"author\":{\"name\":\"Cesar Castillo\",\"@id\":\"https:\\\/\\\/stage3.rnv.gob.ve\\\/wp\\\/#\\\/schema\\\/person\\\/4abbb50ef87769624df1e9e3b3ca99f6\"},\"headline\":\"Federaciones apoyaron por unanimidad Memoria y Cuenta del COV\",\"datePublished\":\"2016-03-19T00:13:23+00:00\",\"dateModified\":\"2026-04-15T01:17:09+00:00\",\"mainEntityOfPage\":{\"@id\":\"https:\\\/\\\/stage3.rnv.gob.ve\\\/wp\\\/federaciones-apoyaron-por-unanimidad-memoria-y-cuenta-del-cov\\\/\"},\"wordCount\":232,\"publisher\":{\"@id\":\"https:\\\/\\\/stage3.rnv.gob.ve\\\/wp\\\/#organization\"},\"image\":{\"@id\":\"https:\\\/\\\/stage3.rnv.gob.ve\\\/wp\\\/federaciones-apoyaron-por-unanimidad-memoria-y-cuenta-del-cov\\\/#primaryimage\"},\"thumbnailUrl\":\"\",\"keywords\":[\"deportes\",\"RNV\",\"Venezuela\",\"Venezuela Deportiva\"],\"articleSection\":[\"Deporte\"],\"inLanguage\":\"es\"},{\"@type\":\"WebPage\",\"@id\":\"https:\\\/\\\/stage3.rnv.gob.ve\\\/wp\\\/federaciones-apoyaron-por-unanimidad-memoria-y-cuenta-del-cov\\\/\",\"url\":\"https:\\\/\\\/stage3.rnv.gob.ve\\\/wp\\\/federaciones-apoyaron-por-unanimidad-memoria-y-cuenta-del-cov\\\/\",\"name\":\"Federaciones apoyaron por unanimidad Memoria y Cuenta del COV - DEV RNV\",\"isPartOf\":{\"@id\":\"https:\\\/\\\/stage3.rnv.gob.ve\\\/wp\\\/#website\"},\"primaryImageOfPage\":{\"@id\":\"https:\\\/\\\/stage3.rnv.gob.ve\\\/wp\\\/federaciones-apoyaron-por-unanimidad-memoria-y-cuenta-del-cov\\\/#primaryimage\"},\"image\":{\"@id\":\"https:\\\/\\\/stage3.rnv.gob.ve\\\/wp\\\/federaciones-apoyaron-por-unanimidad-memoria-y-cuenta-del-cov\\\/#primaryimage\"},\"thumbnailUrl\":\"\",\"datePublished\":\"2016-03-19T00:13:23+00:00\",\"dateModified\":\"2026-04-15T01:17:09+00:00\",\"breadcrumb\":{\"@id\":\"https:\\\/\\\/stage3.rnv.gob.ve\\\/wp\\\/federaciones-apoyaron-por-unanimidad-memoria-y-cuenta-del-cov\\\/#breadcrumb\"},\"inLanguage\":\"es\",\"potentialAction\":[{\"@type\":\"ReadAction\",\"target\":[\"https:\\\/\\\/stage3.rnv.gob.ve\\\/wp\\\/federaciones-apoyaron-por-unanimidad-memoria-y-cuenta-del-cov\\\/\"]}]},{\"@type\":\"ImageObject\",\"inLanguage\":\"es\",\"@id\":\"https:\\\/\\\/stage3.rnv.gob.ve\\\/wp\\\/federaciones-apoyaron-por-unanimidad-memoria-y-cuenta-del-cov\\\/#primaryimage\",\"url\":\"\",\"contentUrl\":\"\"},{\"@type\":\"BreadcrumbList\",\"@id\":\"https:\\\/\\\/stage3.rnv.gob.ve\\\/wp\\\/federaciones-apoyaron-por-unanimidad-memoria-y-cuenta-del-cov\\\/#breadcrumb\",\"itemListElement\":[{\"@type\":\"ListItem\",\"position\":1,\"name\":\"Portada\",\"item\":\"https:\\\/\\\/stage3.rnv.gob.ve\\\/wp\\\/\"},{\"@type\":\"ListItem\",\"position\":2,\"name\":\"Federaciones Apoyaron Por Unanimidad Memoria Y Cuenta Del Cov\"}]},{\"@type\":\"WebSite\",\"@id\":\"https:\\\/\\\/stage3.rnv.gob.ve\\\/wp\\\/#website\",\"url\":\"https:\\\/\\\/stage3.rnv.gob.ve\\\/wp\\\/\",\"name\":\"DEV RNV\",\"description\":\"Radio Nacional de Venezuela C.A.\",\"publisher\":{\"@id\":\"https:\\\/\\\/stage3.rnv.gob.ve\\\/wp\\\/#organization\"},\"potentialAction\":[{\"@type\":\"SearchAction\",\"target\":{\"@type\":\"EntryPoint\",\"urlTemplate\":\"https:\\\/\\\/stage3.rnv.gob.ve\\\/wp\\\/?s={search_term_string}\"},\"query-input\":{\"@type\":\"PropertyValueSpecification\",\"valueRequired\":true,\"valueName\":\"search_term_string\"}}],\"inLanguage\":\"es\"},{\"@type\":\"Organization\",\"@id\":\"https:\\\/\\\/stage3.rnv.gob.ve\\\/wp\\\/#organization\",\"name\":\"Radio Nacional de Venezuela C.A.\",\"url\":\"https:\\\/\\\/stage3.rnv.gob.ve\\\/wp\\\/\",\"logo\":{\"@type\":\"ImageObject\",\"inLanguage\":\"es\",\"@id\":\"https:\\\/\\\/stage3.rnv.gob.ve\\\/wp\\\/#\\\/schema\\\/logo\\\/image\\\/\",\"url\":\"http:\\\/\\\/rnv.ddns.net\\\/prensa\\\/wp-content\\\/uploads\\\/2022\\\/04\\\/rnv-1-300x227-1.jpg\",\"contentUrl\":\"http:\\\/\\\/rnv.ddns.net\\\/prensa\\\/wp-content\\\/uploads\\\/2022\\\/04\\\/rnv-1-300x227-1.jpg\",\"width\":800,\"height\":455,\"caption\":\"Radio Nacional de Venezuela C.A.\"},\"image\":{\"@id\":\"https:\\\/\\\/stage3.rnv.gob.ve\\\/wp\\\/#\\\/schema\\\/logo\\\/image\\\/\"},\"sameAs\":[\"https:\\\/\\\/www.facebook.com\\\/RadioNacionaldeVenezuela\",\"https:\\\/\\\/x.com\\\/RNVinformativa\",\"https:\\\/\\\/www.instagram.com\\\/rnvinformativa\\\/\",\"https:\\\/\\\/www.youtube.com\\\/user\\\/RNVContigo\"]},{\"@type\":\"Person\",\"@id\":\"https:\\\/\\\/stage3.rnv.gob.ve\\\/wp\\\/#\\\/schema\\\/person\\\/4abbb50ef87769624df1e9e3b3ca99f6\",\"name\":\"Cesar Castillo\",\"url\":\"https:\\\/\\\/stage3.rnv.gob.ve\\\/wp\\\/author\\\/cesar_castillo\\\/\"}]}<\/script>\n<!-- \/ Yoast SEO plugin. -->","yoast_head_json":{"title":"Federaciones apoyaron por unanimidad Memoria y Cuenta del COV - DEV RNV","robots":{"index":"noindex","follow":"follow","max-snippet":"max-snippet:-1","max-image-preview":"max-image-preview:large","max-video-preview":"max-video-preview:-1"},"og_locale":"es_ES","og_type":"article","og_title":"Federaciones apoyaron por unanimidad Memoria y Cuenta del COV - DEV RNV","og_description":"Por unanimidad de 39 Federaciones Deportivas Nacionales este viernes fue aprobada la Memoria y Cuenta del Comit\u00e9 Ol\u00edmpico Venezolano gesti\u00f3n 2015, presentado por la junta directiva y presidencia del COV, profesor Eduardo \u00c1lvarez Camacho. Destac\u00f3 el presidente del COV que en el 2015, entre otros logros, se realizaron 19 cursos a nivel nacional, fortaleciendo los [&hellip;]","og_url":"https:\/\/stage3.rnv.gob.ve\/wp\/federaciones-apoyaron-por-unanimidad-memoria-y-cuenta-del-cov\/","og_site_name":"DEV RNV","article_publisher":"https:\/\/www.facebook.com\/RadioNacionaldeVenezuela","article_published_time":"2016-03-19T00:13:23+00:00","article_modified_time":"2026-04-15T01:17:09+00:00","author":"Cesar Castillo","twitter_card":"summary_large_image","twitter_creator":"@RNVinformativa","twitter_site":"@RNVinformativa","twitter_misc":{"Escrito por":"Cesar Castillo","Tiempo estimado de lectura":"1 minuto"},"schema":{"@context":"https:\/\/schema.org","@graph":[{"@type":"Article","@id":"https:\/\/stage3.rnv.gob.ve\/wp\/federaciones-apoyaron-por-unanimidad-memoria-y-cuenta-del-cov\/#article","isPartOf":{"@id":"https:\/\/stage3.rnv.gob.ve\/wp\/federaciones-apoyaron-por-unanimidad-memoria-y-cuenta-del-cov\/"},"author":{"name":"Cesar Castillo","@id":"https:\/\/stage3.rnv.gob.ve\/wp\/#\/schema\/person\/4abbb50ef87769624df1e9e3b3ca99f6"},"headline":"Federaciones apoyaron por unanimidad Memoria y Cuenta del COV","datePublished":"2016-03-19T00:13:23+00:00","dateModified":"2026-04-15T01:17:09+00:00","mainEntityOfPage":{"@id":"https:\/\/stage3.rnv.gob.ve\/wp\/federaciones-apoyaron-por-unanimidad-memoria-y-cuenta-del-cov\/"},"wordCount":232,"publisher":{"@id":"https:\/\/stage3.rnv.gob.ve\/wp\/#organization"},"image":{"@id":"https:\/\/stage3.rnv.gob.ve\/wp\/federaciones-apoyaron-por-unanimidad-memoria-y-cuenta-del-cov\/#primaryimage"},"thumbnailUrl":"","keywords":["deportes","RNV","Venezuela","Venezuela Deportiva"],"articleSection":["Deporte"],"inLanguage":"es"},{"@type":"WebPage","@id":"https:\/\/stage3.rnv.gob.ve\/wp\/federaciones-apoyaron-por-unanimidad-memoria-y-cuenta-del-cov\/","url":"https:\/\/stage3.rnv.gob.ve\/wp\/federaciones-apoyaron-por-unanimidad-memoria-y-cuenta-del-cov\/","name":"Federaciones apoyaron por unanimidad Memoria y Cuenta del COV - DEV RNV","isPartOf":{"@id":"https:\/\/stage3.rnv.gob.ve\/wp\/#website"},"primaryImageOfPage":{"@id":"https:\/\/stage3.rnv.gob.ve\/wp\/federaciones-apoyaron-por-unanimidad-memoria-y-cuenta-del-cov\/#primaryimage"},"image":{"@id":"https:\/\/stage3.rnv.gob.ve\/wp\/federaciones-apoyaron-por-unanimidad-memoria-y-cuenta-del-cov\/#primaryimage"},"thumbnailUrl":"","datePublished":"2016-03-19T00:13:23+00:00","dateModified":"2026-04-15T01:17:09+00:00","breadcrumb":{"@id":"https:\/\/stage3.rnv.gob.ve\/wp\/federaciones-apoyaron-por-unanimidad-memoria-y-cuenta-del-cov\/#breadcrumb"},"inLanguage":"es","potentialAction":[{"@type":"ReadAction","target":["https:\/\/stage3.rnv.gob.ve\/wp\/federaciones-apoyaron-por-unanimidad-memoria-y-cuenta-del-cov\/"]}]},{"@type":"ImageObject","inLanguage":"es","@id":"https:\/\/stage3.rnv.gob.ve\/wp\/federaciones-apoyaron-por-unanimidad-memoria-y-cuenta-del-cov\/#primaryimage","url":"","contentUrl":""},{"@type":"BreadcrumbList","@id":"https:\/\/stage3.rnv.gob.ve\/wp\/federaciones-apoyaron-por-unanimidad-memoria-y-cuenta-del-cov\/#breadcrumb","itemListElement":[{"@type":"ListItem","position":1,"name":"Portada","item":"https:\/\/stage3.rnv.gob.ve\/wp\/"},{"@type":"ListItem","position":2,"name":"Federaciones Apoyaron Por Unanimidad Memoria Y Cuenta Del Cov"}]},{"@type":"WebSite","@id":"https:\/\/stage3.rnv.gob.ve\/wp\/#website","url":"https:\/\/stage3.rnv.gob.ve\/wp\/","name":"DEV RNV","description":"Radio Nacional de Venezuela C.A.","publisher":{"@id":"https:\/\/stage3.rnv.gob.ve\/wp\/#organization"},"potentialAction":[{"@type":"SearchAction","target":{"@type":"EntryPoint","urlTemplate":"https:\/\/stage3.rnv.gob.ve\/wp\/?s={search_term_string}"},"query-input":{"@type":"PropertyValueSpecification","valueRequired":true,"valueName":"search_term_string"}}],"inLanguage":"es"},{"@type":"Organization","@id":"https:\/\/stage3.rnv.gob.ve\/wp\/#organization","name":"Radio Nacional de Venezuela C.A.","url":"https:\/\/stage3.rnv.gob.ve\/wp\/","logo":{"@type":"ImageObject","inLanguage":"es","@id":"https:\/\/stage3.rnv.gob.ve\/wp\/#\/schema\/logo\/image\/","url":"http:\/\/rnv.ddns.net\/prensa\/wp-content\/uploads\/2022\/04\/rnv-1-300x227-1.jpg","contentUrl":"http:\/\/rnv.ddns.net\/prensa\/wp-content\/uploads\/2022\/04\/rnv-1-300x227-1.jpg","width":800,"height":455,"caption":"Radio Nacional de Venezuela C.A."},"image":{"@id":"https:\/\/stage3.rnv.gob.ve\/wp\/#\/schema\/logo\/image\/"},"sameAs":["https:\/\/www.facebook.com\/RadioNacionaldeVenezuela","https:\/\/x.com\/RNVinformativa","https:\/\/www.instagram.com\/rnvinformativa\/","https:\/\/www.youtube.com\/user\/RNVContigo"]},{"@type":"Person","@id":"https:\/\/stage3.rnv.gob.ve\/wp\/#\/schema\/person\/4abbb50ef87769624df1e9e3b3ca99f6","name":"Cesar Castillo","url":"https:\/\/stage3.rnv.gob.ve\/wp\/author\/cesar_castillo\/"}]}},"jetpack_featured_media_url":"","_links":{"self":[{"href":"https:\/\/stage3.rnv.gob.ve\/wp\/wp-json\/wp\/v2\/posts\/7296","targetHints":{"allow":["GET"]}}],"collection":[{"href":"https:\/\/stage3.rnv.gob.ve\/wp\/wp-json\/wp\/v2\/posts"}],"about":[{"href":"https:\/\/stage3.rnv.gob.ve\/wp\/wp-json\/wp\/v2\/types\/post"}],"author":[{"embeddable":true,"href":"https:\/\/stage3.rnv.gob.ve\/wp\/wp-json\/wp\/v2\/users\/11"}],"replies":[{"embeddable":true,"href":"https:\/\/stage3.rnv.gob.ve\/wp\/wp-json\/wp\/v2\/comments?post=7296"}],"version-history":[{"count":0,"href":"https:\/\/stage3.rnv.gob.ve\/wp\/wp-json\/wp\/v2\/posts\/7296\/revisions"}],"wp:featuredmedia":[{"embeddable":true,"href":"https:\/\/stage3.rnv.gob.ve\/wp\/wp-json\/"}],"wp:attachment":[{"href":"https:\/\/stage3.rnv.gob.ve\/wp\/wp-json\/wp\/v2\/media?parent=7296"}],"wp:term":[{"taxonomy":"category","embeddable":true,"href":"https:\/\/stage3.rnv.gob.ve\/wp\/wp-json\/wp\/v2\/categories?post=7296"},{"taxonomy":"post_tag","embeddable":true,"href":"https:\/\/stage3.rnv.gob.ve\/wp\/wp-json\/wp\/v2\/tags?post=7296"}],"curies":[{"name":"wp","href":"https:\/\/api.w.org\/{rel}","templated":true}]}}