{"id":67113,"date":"2016-09-07T11:54:38","date_gmt":"2016-09-07T15:54:38","guid":{"rendered":"http:\/\/wpeditor.rnv.gob.ve\/?p=67113"},"modified":"2016-09-07T11:54:38","modified_gmt":"2016-09-07T15:54:38","slug":"plan-vacacional-comunitario-recrea-a-ninos-y-ninas-de-anzoategui","status":"publish","type":"post","link":"https:\/\/stage3.rnv.gob.ve\/wp\/plan-vacacional-comunitario-recrea-a-ninos-y-ninas-de-anzoategui\/","title":{"rendered":"Plan Vacacional Comunitario recrea a ni\u00f1os y ni\u00f1as de Anzo\u00e1tegui"},"content":{"rendered":"<p><figure id=\"attachment_67117\" aria-describedby=\"caption-attachment-67117\" style=\"width: 300px\" class=\"wp-caption alignleft\"><img decoding=\"async\" class=\"size-medium wp-image-67117\" src=\"http:\/\/wpeditor.rnv.gob.ve\/app\/uploads\/2016\/09\/unnamed-3-300x165.jpg\" alt=\"Foto Corresponsal\u00eda RNV\" width=\"300\" height=\"165\" \/><figcaption id=\"caption-attachment-67117\" class=\"wp-caption-text\">Foto Corresponsal\u00eda RNV<\/figcaption><\/figure><br \/>\nLa alegr\u00eda de la mano con el sentido de pertenencia, acompa\u00f1a el Plan Vacacional Comunitario 2016, en todas las comunidades del pa\u00eds. Sectores rurales e ind\u00edgenas del municipio Pe\u00f1alver fueron espacios de sana recreaci\u00f3n.<br \/>\nPedro Calcurian, coordinador municipal, indic\u00f3 que con actividades culturales y deportivas promovieron el intercambio de habilidades y destrezas de los peque\u00f1os de la casa.<br \/>\nAdem\u00e1s, enfatiz\u00f3 que con estas pol\u00edticas de atenci\u00f3n al semillero de la Patria, se fortalecen los principios de paz, sostenidos por el Gobierno Bolivariano, contando con un equipo multidisciplinario, manteniendo a los ni\u00f1os y ni\u00f1as con un desarrollo psicol\u00f3gico y emocional de acuerdo a su edad.<br \/>\nCon estas jornadas, los padres y representantes tambi\u00e9n se integran con el criterio de favorecer el bienestar familiar al poder participar con sus hijos e hijas en su \u00edntegro esparcimiento.<br \/>\n&nbsp;<br \/>\n<strong>Escuche el reporte de Alfer Unamo<\/strong><br \/>\n<audio class=\"wp-audio-shortcode\" id=\"audio-67113-1\" preload=\"none\" style=\"width: 100%;\" controls=\"controls\"><source type=\"audio\/mpeg\" src=\"http:\/\/wpeditor.rnv.gob.ve\/app\/uploads\/2016\/09\/Reporte-Plan-Vacacional-Anzoategui.mp3?_=1\" \/><a href=\"http:\/\/wpeditor.rnv.gob.ve\/app\/uploads\/2016\/09\/Reporte-Plan-Vacacional-Anzoategui.mp3\">http:\/\/wpeditor.rnv.gob.ve\/app\/uploads\/2016\/09\/Reporte-Plan-Vacacional-Anzoategui.mp3<\/a><\/audio><br \/>\n<strong>T\/Prensa RNV Corresponsal\u00eda\u00a0\u00a0<\/strong><br \/>\n&nbsp;<\/p>\n","protected":false},"excerpt":{"rendered":"<p>La alegr\u00eda de la mano con el sentido de pertenencia, acompa\u00f1a el Plan Vacacional Comunitario 2016, en todas las comunidades del pa\u00eds. Sectores rurales e ind\u00edgenas del municipio Pe\u00f1alver fueron espacios de sana recreaci\u00f3n. Pedro Calcurian, coordinador municipal, indic\u00f3 que con actividades culturales y deportivas promovieron el intercambio de habilidades y destrezas de los peque\u00f1os [&hellip;]<\/p>\n","protected":false},"author":4,"featured_media":67117,"comment_status":"closed","ping_status":"open","sticky":false,"template":"","format":"standard","meta":{"_acf_changed":false,"footnotes":""},"categories":[69],"tags":[546,1225,8027,148,82],"class_list":["post-67113","post","type-post","status-publish","format-standard","has-post-thumbnail","hentry","category-regional","tag-anzoategui","tag-ninos","tag-plan-vacacional-comunitario","tag-pueblo","tag-rnv"],"acf":[],"yoast_head":"<!-- This site is optimized with the Yoast SEO plugin v27.4 - https:\/\/yoast.com\/product\/yoast-seo-wordpress\/ -->\n<title>Plan Vacacional Comunitario recrea a ni\u00f1os y ni\u00f1as de Anzo\u00e1tegui - DEV RNV<\/title>\n<meta name=\"robots\" content=\"noindex, follow, max-snippet:-1, max-image-preview:large, max-video-preview:-1\" \/>\n<meta property=\"og:locale\" content=\"es_ES\" \/>\n<meta property=\"og:type\" content=\"article\" \/>\n<meta property=\"og:title\" content=\"Plan Vacacional Comunitario recrea a ni\u00f1os y ni\u00f1as de Anzo\u00e1tegui - DEV RNV\" \/>\n<meta property=\"og:description\" content=\"La alegr\u00eda de la mano con el sentido de pertenencia, acompa\u00f1a el Plan Vacacional Comunitario 2016, en todas las comunidades del pa\u00eds. Sectores rurales e ind\u00edgenas del municipio Pe\u00f1alver fueron espacios de sana recreaci\u00f3n. Pedro Calcurian, coordinador municipal, indic\u00f3 que con actividades culturales y deportivas promovieron el intercambio de habilidades y destrezas de los peque\u00f1os [&hellip;]\" \/>\n<meta property=\"og:url\" content=\"https:\/\/stage3.rnv.gob.ve\/wp\/plan-vacacional-comunitario-recrea-a-ninos-y-ninas-de-anzoategui\/\" \/>\n<meta property=\"og:site_name\" content=\"DEV RNV\" \/>\n<meta property=\"article:publisher\" content=\"https:\/\/www.facebook.com\/RadioNacionaldeVenezuela\" \/>\n<meta property=\"article:published_time\" content=\"2016-09-07T15:54:38+00:00\" \/>\n<meta name=\"author\" content=\"Glennys M\u00e1rquez\" \/>\n<meta name=\"twitter:card\" content=\"summary_large_image\" \/>\n<meta name=\"twitter:creator\" content=\"@RNVinformativa\" \/>\n<meta name=\"twitter:site\" content=\"@RNVinformativa\" \/>\n<meta name=\"twitter:label1\" content=\"Escrito por\" \/>\n\t<meta name=\"twitter:data1\" content=\"Glennys M\u00e1rquez\" \/>\n\t<meta name=\"twitter:label2\" content=\"Tiempo estimado de lectura\" \/>\n\t<meta name=\"twitter:data2\" content=\"1 minuto\" \/>\n<script type=\"application\/ld+json\" class=\"yoast-schema-graph\">{\"@context\":\"https:\\\/\\\/schema.org\",\"@graph\":[{\"@type\":\"Article\",\"@id\":\"https:\\\/\\\/stage3.rnv.gob.ve\\\/wp\\\/plan-vacacional-comunitario-recrea-a-ninos-y-ninas-de-anzoategui\\\/#article\",\"isPartOf\":{\"@id\":\"https:\\\/\\\/stage3.rnv.gob.ve\\\/wp\\\/plan-vacacional-comunitario-recrea-a-ninos-y-ninas-de-anzoategui\\\/\"},\"author\":{\"name\":\"Glennys M\u00e1rquez\",\"@id\":\"https:\\\/\\\/stage3.rnv.gob.ve\\\/wp\\\/#\\\/schema\\\/person\\\/7505d93214015d204833408af0177917\"},\"headline\":\"Plan Vacacional Comunitario recrea a ni\u00f1os y ni\u00f1as de Anzo\u00e1tegui\",\"datePublished\":\"2016-09-07T15:54:38+00:00\",\"mainEntityOfPage\":{\"@id\":\"https:\\\/\\\/stage3.rnv.gob.ve\\\/wp\\\/plan-vacacional-comunitario-recrea-a-ninos-y-ninas-de-anzoategui\\\/\"},\"wordCount\":196,\"publisher\":{\"@id\":\"https:\\\/\\\/stage3.rnv.gob.ve\\\/wp\\\/#organization\"},\"image\":{\"@id\":\"https:\\\/\\\/stage3.rnv.gob.ve\\\/wp\\\/plan-vacacional-comunitario-recrea-a-ninos-y-ninas-de-anzoategui\\\/#primaryimage\"},\"thumbnailUrl\":\"\",\"keywords\":[\"anzo\u00e1tegui\",\"ni\u00f1os\",\"Plan Vacacional Comunitario\",\"pueblo\",\"RNV\"],\"articleSection\":[\"Regional\"],\"inLanguage\":\"es\"},{\"@type\":\"WebPage\",\"@id\":\"https:\\\/\\\/stage3.rnv.gob.ve\\\/wp\\\/plan-vacacional-comunitario-recrea-a-ninos-y-ninas-de-anzoategui\\\/\",\"url\":\"https:\\\/\\\/stage3.rnv.gob.ve\\\/wp\\\/plan-vacacional-comunitario-recrea-a-ninos-y-ninas-de-anzoategui\\\/\",\"name\":\"Plan Vacacional Comunitario recrea a ni\u00f1os y ni\u00f1as de Anzo\u00e1tegui - DEV RNV\",\"isPartOf\":{\"@id\":\"https:\\\/\\\/stage3.rnv.gob.ve\\\/wp\\\/#website\"},\"primaryImageOfPage\":{\"@id\":\"https:\\\/\\\/stage3.rnv.gob.ve\\\/wp\\\/plan-vacacional-comunitario-recrea-a-ninos-y-ninas-de-anzoategui\\\/#primaryimage\"},\"image\":{\"@id\":\"https:\\\/\\\/stage3.rnv.gob.ve\\\/wp\\\/plan-vacacional-comunitario-recrea-a-ninos-y-ninas-de-anzoategui\\\/#primaryimage\"},\"thumbnailUrl\":\"\",\"datePublished\":\"2016-09-07T15:54:38+00:00\",\"breadcrumb\":{\"@id\":\"https:\\\/\\\/stage3.rnv.gob.ve\\\/wp\\\/plan-vacacional-comunitario-recrea-a-ninos-y-ninas-de-anzoategui\\\/#breadcrumb\"},\"inLanguage\":\"es\",\"potentialAction\":[{\"@type\":\"ReadAction\",\"target\":[\"https:\\\/\\\/stage3.rnv.gob.ve\\\/wp\\\/plan-vacacional-comunitario-recrea-a-ninos-y-ninas-de-anzoategui\\\/\"]}]},{\"@type\":\"ImageObject\",\"inLanguage\":\"es\",\"@id\":\"https:\\\/\\\/stage3.rnv.gob.ve\\\/wp\\\/plan-vacacional-comunitario-recrea-a-ninos-y-ninas-de-anzoategui\\\/#primaryimage\",\"url\":\"\",\"contentUrl\":\"\"},{\"@type\":\"BreadcrumbList\",\"@id\":\"https:\\\/\\\/stage3.rnv.gob.ve\\\/wp\\\/plan-vacacional-comunitario-recrea-a-ninos-y-ninas-de-anzoategui\\\/#breadcrumb\",\"itemListElement\":[{\"@type\":\"ListItem\",\"position\":1,\"name\":\"Portada\",\"item\":\"https:\\\/\\\/stage3.rnv.gob.ve\\\/wp\\\/\"},{\"@type\":\"ListItem\",\"position\":2,\"name\":\"Plan Vacacional Comunitario Recrea A Ni\u00f1os Y Ni\u00f1as De Anzo\u00e1tegui\"}]},{\"@type\":\"WebSite\",\"@id\":\"https:\\\/\\\/stage3.rnv.gob.ve\\\/wp\\\/#website\",\"url\":\"https:\\\/\\\/stage3.rnv.gob.ve\\\/wp\\\/\",\"name\":\"DEV RNV\",\"description\":\"Radio Nacional de Venezuela C.A.\",\"publisher\":{\"@id\":\"https:\\\/\\\/stage3.rnv.gob.ve\\\/wp\\\/#organization\"},\"potentialAction\":[{\"@type\":\"SearchAction\",\"target\":{\"@type\":\"EntryPoint\",\"urlTemplate\":\"https:\\\/\\\/stage3.rnv.gob.ve\\\/wp\\\/?s={search_term_string}\"},\"query-input\":{\"@type\":\"PropertyValueSpecification\",\"valueRequired\":true,\"valueName\":\"search_term_string\"}}],\"inLanguage\":\"es\"},{\"@type\":\"Organization\",\"@id\":\"https:\\\/\\\/stage3.rnv.gob.ve\\\/wp\\\/#organization\",\"name\":\"Radio Nacional de Venezuela C.A.\",\"url\":\"https:\\\/\\\/stage3.rnv.gob.ve\\\/wp\\\/\",\"logo\":{\"@type\":\"ImageObject\",\"inLanguage\":\"es\",\"@id\":\"https:\\\/\\\/stage3.rnv.gob.ve\\\/wp\\\/#\\\/schema\\\/logo\\\/image\\\/\",\"url\":\"http:\\\/\\\/rnv.ddns.net\\\/prensa\\\/wp-content\\\/uploads\\\/2022\\\/04\\\/rnv-1-300x227-1.jpg\",\"contentUrl\":\"http:\\\/\\\/rnv.ddns.net\\\/prensa\\\/wp-content\\\/uploads\\\/2022\\\/04\\\/rnv-1-300x227-1.jpg\",\"width\":800,\"height\":455,\"caption\":\"Radio Nacional de Venezuela C.A.\"},\"image\":{\"@id\":\"https:\\\/\\\/stage3.rnv.gob.ve\\\/wp\\\/#\\\/schema\\\/logo\\\/image\\\/\"},\"sameAs\":[\"https:\\\/\\\/www.facebook.com\\\/RadioNacionaldeVenezuela\",\"https:\\\/\\\/x.com\\\/RNVinformativa\",\"https:\\\/\\\/www.instagram.com\\\/rnvinformativa\\\/\",\"https:\\\/\\\/www.youtube.com\\\/user\\\/RNVContigo\"]},{\"@type\":\"Person\",\"@id\":\"https:\\\/\\\/stage3.rnv.gob.ve\\\/wp\\\/#\\\/schema\\\/person\\\/7505d93214015d204833408af0177917\",\"name\":\"Glennys M\u00e1rquez\",\"url\":\"https:\\\/\\\/stage3.rnv.gob.ve\\\/wp\\\/author\\\/glennys_marquez\\\/\"}]}<\/script>\n<!-- \/ Yoast SEO plugin. -->","yoast_head_json":{"title":"Plan Vacacional Comunitario recrea a ni\u00f1os y ni\u00f1as de Anzo\u00e1tegui - DEV RNV","robots":{"index":"noindex","follow":"follow","max-snippet":"max-snippet:-1","max-image-preview":"max-image-preview:large","max-video-preview":"max-video-preview:-1"},"og_locale":"es_ES","og_type":"article","og_title":"Plan Vacacional Comunitario recrea a ni\u00f1os y ni\u00f1as de Anzo\u00e1tegui - DEV RNV","og_description":"La alegr\u00eda de la mano con el sentido de pertenencia, acompa\u00f1a el Plan Vacacional Comunitario 2016, en todas las comunidades del pa\u00eds. Sectores rurales e ind\u00edgenas del municipio Pe\u00f1alver fueron espacios de sana recreaci\u00f3n. Pedro Calcurian, coordinador municipal, indic\u00f3 que con actividades culturales y deportivas promovieron el intercambio de habilidades y destrezas de los peque\u00f1os [&hellip;]","og_url":"https:\/\/stage3.rnv.gob.ve\/wp\/plan-vacacional-comunitario-recrea-a-ninos-y-ninas-de-anzoategui\/","og_site_name":"DEV RNV","article_publisher":"https:\/\/www.facebook.com\/RadioNacionaldeVenezuela","article_published_time":"2016-09-07T15:54:38+00:00","author":"Glennys M\u00e1rquez","twitter_card":"summary_large_image","twitter_creator":"@RNVinformativa","twitter_site":"@RNVinformativa","twitter_misc":{"Escrito por":"Glennys M\u00e1rquez","Tiempo estimado de lectura":"1 minuto"},"schema":{"@context":"https:\/\/schema.org","@graph":[{"@type":"Article","@id":"https:\/\/stage3.rnv.gob.ve\/wp\/plan-vacacional-comunitario-recrea-a-ninos-y-ninas-de-anzoategui\/#article","isPartOf":{"@id":"https:\/\/stage3.rnv.gob.ve\/wp\/plan-vacacional-comunitario-recrea-a-ninos-y-ninas-de-anzoategui\/"},"author":{"name":"Glennys M\u00e1rquez","@id":"https:\/\/stage3.rnv.gob.ve\/wp\/#\/schema\/person\/7505d93214015d204833408af0177917"},"headline":"Plan Vacacional Comunitario recrea a ni\u00f1os y ni\u00f1as de Anzo\u00e1tegui","datePublished":"2016-09-07T15:54:38+00:00","mainEntityOfPage":{"@id":"https:\/\/stage3.rnv.gob.ve\/wp\/plan-vacacional-comunitario-recrea-a-ninos-y-ninas-de-anzoategui\/"},"wordCount":196,"publisher":{"@id":"https:\/\/stage3.rnv.gob.ve\/wp\/#organization"},"image":{"@id":"https:\/\/stage3.rnv.gob.ve\/wp\/plan-vacacional-comunitario-recrea-a-ninos-y-ninas-de-anzoategui\/#primaryimage"},"thumbnailUrl":"","keywords":["anzo\u00e1tegui","ni\u00f1os","Plan Vacacional Comunitario","pueblo","RNV"],"articleSection":["Regional"],"inLanguage":"es"},{"@type":"WebPage","@id":"https:\/\/stage3.rnv.gob.ve\/wp\/plan-vacacional-comunitario-recrea-a-ninos-y-ninas-de-anzoategui\/","url":"https:\/\/stage3.rnv.gob.ve\/wp\/plan-vacacional-comunitario-recrea-a-ninos-y-ninas-de-anzoategui\/","name":"Plan Vacacional Comunitario recrea a ni\u00f1os y ni\u00f1as de Anzo\u00e1tegui - DEV RNV","isPartOf":{"@id":"https:\/\/stage3.rnv.gob.ve\/wp\/#website"},"primaryImageOfPage":{"@id":"https:\/\/stage3.rnv.gob.ve\/wp\/plan-vacacional-comunitario-recrea-a-ninos-y-ninas-de-anzoategui\/#primaryimage"},"image":{"@id":"https:\/\/stage3.rnv.gob.ve\/wp\/plan-vacacional-comunitario-recrea-a-ninos-y-ninas-de-anzoategui\/#primaryimage"},"thumbnailUrl":"","datePublished":"2016-09-07T15:54:38+00:00","breadcrumb":{"@id":"https:\/\/stage3.rnv.gob.ve\/wp\/plan-vacacional-comunitario-recrea-a-ninos-y-ninas-de-anzoategui\/#breadcrumb"},"inLanguage":"es","potentialAction":[{"@type":"ReadAction","target":["https:\/\/stage3.rnv.gob.ve\/wp\/plan-vacacional-comunitario-recrea-a-ninos-y-ninas-de-anzoategui\/"]}]},{"@type":"ImageObject","inLanguage":"es","@id":"https:\/\/stage3.rnv.gob.ve\/wp\/plan-vacacional-comunitario-recrea-a-ninos-y-ninas-de-anzoategui\/#primaryimage","url":"","contentUrl":""},{"@type":"BreadcrumbList","@id":"https:\/\/stage3.rnv.gob.ve\/wp\/plan-vacacional-comunitario-recrea-a-ninos-y-ninas-de-anzoategui\/#breadcrumb","itemListElement":[{"@type":"ListItem","position":1,"name":"Portada","item":"https:\/\/stage3.rnv.gob.ve\/wp\/"},{"@type":"ListItem","position":2,"name":"Plan Vacacional Comunitario Recrea A Ni\u00f1os Y Ni\u00f1as De Anzo\u00e1tegui"}]},{"@type":"WebSite","@id":"https:\/\/stage3.rnv.gob.ve\/wp\/#website","url":"https:\/\/stage3.rnv.gob.ve\/wp\/","name":"DEV RNV","description":"Radio Nacional de Venezuela C.A.","publisher":{"@id":"https:\/\/stage3.rnv.gob.ve\/wp\/#organization"},"potentialAction":[{"@type":"SearchAction","target":{"@type":"EntryPoint","urlTemplate":"https:\/\/stage3.rnv.gob.ve\/wp\/?s={search_term_string}"},"query-input":{"@type":"PropertyValueSpecification","valueRequired":true,"valueName":"search_term_string"}}],"inLanguage":"es"},{"@type":"Organization","@id":"https:\/\/stage3.rnv.gob.ve\/wp\/#organization","name":"Radio Nacional de Venezuela C.A.","url":"https:\/\/stage3.rnv.gob.ve\/wp\/","logo":{"@type":"ImageObject","inLanguage":"es","@id":"https:\/\/stage3.rnv.gob.ve\/wp\/#\/schema\/logo\/image\/","url":"http:\/\/rnv.ddns.net\/prensa\/wp-content\/uploads\/2022\/04\/rnv-1-300x227-1.jpg","contentUrl":"http:\/\/rnv.ddns.net\/prensa\/wp-content\/uploads\/2022\/04\/rnv-1-300x227-1.jpg","width":800,"height":455,"caption":"Radio Nacional de Venezuela C.A."},"image":{"@id":"https:\/\/stage3.rnv.gob.ve\/wp\/#\/schema\/logo\/image\/"},"sameAs":["https:\/\/www.facebook.com\/RadioNacionaldeVenezuela","https:\/\/x.com\/RNVinformativa","https:\/\/www.instagram.com\/rnvinformativa\/","https:\/\/www.youtube.com\/user\/RNVContigo"]},{"@type":"Person","@id":"https:\/\/stage3.rnv.gob.ve\/wp\/#\/schema\/person\/7505d93214015d204833408af0177917","name":"Glennys M\u00e1rquez","url":"https:\/\/stage3.rnv.gob.ve\/wp\/author\/glennys_marquez\/"}]}},"jetpack_featured_media_url":"","_links":{"self":[{"href":"https:\/\/stage3.rnv.gob.ve\/wp\/wp-json\/wp\/v2\/posts\/67113","targetHints":{"allow":["GET"]}}],"collection":[{"href":"https:\/\/stage3.rnv.gob.ve\/wp\/wp-json\/wp\/v2\/posts"}],"about":[{"href":"https:\/\/stage3.rnv.gob.ve\/wp\/wp-json\/wp\/v2\/types\/post"}],"author":[{"embeddable":true,"href":"https:\/\/stage3.rnv.gob.ve\/wp\/wp-json\/wp\/v2\/users\/4"}],"replies":[{"embeddable":true,"href":"https:\/\/stage3.rnv.gob.ve\/wp\/wp-json\/wp\/v2\/comments?post=67113"}],"version-history":[{"count":0,"href":"https:\/\/stage3.rnv.gob.ve\/wp\/wp-json\/wp\/v2\/posts\/67113\/revisions"}],"wp:featuredmedia":[{"embeddable":true,"href":"https:\/\/stage3.rnv.gob.ve\/wp\/wp-json\/"}],"wp:attachment":[{"href":"https:\/\/stage3.rnv.gob.ve\/wp\/wp-json\/wp\/v2\/media?parent=67113"}],"wp:term":[{"taxonomy":"category","embeddable":true,"href":"https:\/\/stage3.rnv.gob.ve\/wp\/wp-json\/wp\/v2\/categories?post=67113"},{"taxonomy":"post_tag","embeddable":true,"href":"https:\/\/stage3.rnv.gob.ve\/wp\/wp-json\/wp\/v2\/tags?post=67113"}],"curies":[{"name":"wp","href":"https:\/\/api.w.org\/{rel}","templated":true}]}}