{"id":66741,"date":"2016-09-06T13:57:02","date_gmt":"2016-09-06T17:57:02","guid":{"rendered":"http:\/\/wpeditor.rnv.gob.ve\/?p=66741"},"modified":"2016-09-06T13:57:02","modified_gmt":"2016-09-06T17:57:02","slug":"sundde-inspecciono-147-panaderias-en-distrito-capital","status":"publish","type":"post","link":"https:\/\/stage3.rnv.gob.ve\/wp\/sundde-inspecciono-147-panaderias-en-distrito-capital\/","title":{"rendered":"Sundde inspeccion\u00f3 147 panader\u00edas en Distrito Capital"},"content":{"rendered":"<p><img fetchpriority=\"high\" decoding=\"async\" class=\"size-medium wp-image-66763 alignleft\" src=\"http:\/\/wpeditor.rnv.gob.ve\/app\/uploads\/2016\/09\/SUNDDE-9999-300x200.jpg\" alt=\"SUNDDE---9999\" width=\"300\" height=\"200\" \/>La Superintendencia Nacional para la Defensa de los Derechos Socioecon\u00f3micos (Sundde) supervis\u00f3 este mi\u00e9rcoles 147 panader\u00edas en Distrito Capital, ubicadas en los sectores Ant\u00edmano, Macarao, Para\u00edso, Montalb\u00e1n y El Junquito.<!--more--><br \/>\nLa informaci\u00f3n la dio a conocer el Superintendente Nacional para la Defensa de los Derechos Socioecon\u00f3micos, William Contreras, quien especific\u00f3 que dicha inspecci\u00f3n se encarg\u00f3 de revisar \u00bb la l\u00ednea de trigo panadero, distribuci\u00f3n de mayoristas y venta al detal\u00bb, adem\u00e1s de tomar las acciones pertinentes para combatir la especulaci\u00f3n, el acaparamiento y el llamado \u00b4bachaqueo\u00b4, flagelos que afectan a las comunidades que hacen vida en estos sectores.<br \/>\nAgreg\u00f3 que m\u00e1s de mil funcionarios han participado en las actividades de inspecci\u00f3n, adem\u00e1s de contar con el acompa\u00f1amiento de organizaciones de mujeres.<br \/>\nDesminti\u00f3 que la materia prima siga siendo el problema, como argumentan algunos locales, ya que, seg\u00fan detall\u00f3, \u00abla panader\u00eda que menos tiene, posee unos 200 sacos de harina, de manera que no es posible que condicionen el punto de venta y generen colas (&#8230;) algunos no quieren aceptar el cesta ticket\u00bb, indic\u00f3.<br \/>\nLlam\u00f3 a la comunidad a que haga valer sus derechos y notifiquen a trav\u00e9s del 0-800 Lo Justo (0800 5658786) cualquier irregularidad.<br \/>\n<strong>Escuche al Superintendente Nacional para la Defensa de los Derechos Socioecon\u00f3micos, William Contreras<\/strong><br \/>\n<audio class=\"wp-audio-shortcode\" id=\"audio-66741-1\" preload=\"none\" style=\"width: 100%;\" controls=\"controls\"><source type=\"audio\/mpeg\" src=\"http:\/\/wpeditor.rnv.gob.ve\/app\/uploads\/2016\/09\/SUNDDE-CONTRETAS-CARACAS.mp3?_=1\" \/><a href=\"http:\/\/wpeditor.rnv.gob.ve\/app\/uploads\/2016\/09\/SUNDDE-CONTRETAS-CARACAS.mp3\">http:\/\/wpeditor.rnv.gob.ve\/app\/uploads\/2016\/09\/SUNDDE-CONTRETAS-CARACAS.mp3<\/a><\/audio><\/p>\n","protected":false},"excerpt":{"rendered":"<p>La Superintendencia Nacional para la Defensa de los Derechos Socioecon\u00f3micos (Sundde) supervis\u00f3 este mi\u00e9rcoles 147 panader\u00edas en Distrito Capital, ubicadas en los sectores Ant\u00edmano, Macarao, Para\u00edso, Montalb\u00e1n y El Junquito.<\/p>\n","protected":false},"author":9,"featured_media":66763,"comment_status":"closed","ping_status":"open","sticky":false,"template":"","format":"standard","meta":{"_acf_changed":false,"footnotes":""},"categories":[52],"tags":[],"class_list":["post-66741","post","type-post","status-publish","format-standard","has-post-thumbnail","hentry","category-ciudad"],"acf":[],"yoast_head":"<!-- This site is optimized with the Yoast SEO plugin v27.4 - https:\/\/yoast.com\/product\/yoast-seo-wordpress\/ -->\n<title>Sundde inspeccion\u00f3 147 panader\u00edas en Distrito Capital - DEV RNV<\/title>\n<meta name=\"robots\" content=\"noindex, follow, max-snippet:-1, max-image-preview:large, max-video-preview:-1\" \/>\n<meta property=\"og:locale\" content=\"es_ES\" \/>\n<meta property=\"og:type\" content=\"article\" \/>\n<meta property=\"og:title\" content=\"Sundde inspeccion\u00f3 147 panader\u00edas en Distrito Capital - DEV RNV\" \/>\n<meta property=\"og:description\" content=\"La Superintendencia Nacional para la Defensa de los Derechos Socioecon\u00f3micos (Sundde) supervis\u00f3 este mi\u00e9rcoles 147 panader\u00edas en Distrito Capital, ubicadas en los sectores Ant\u00edmano, Macarao, Para\u00edso, Montalb\u00e1n y El Junquito.\" \/>\n<meta property=\"og:url\" content=\"https:\/\/stage3.rnv.gob.ve\/wp\/sundde-inspecciono-147-panaderias-en-distrito-capital\/\" \/>\n<meta property=\"og:site_name\" content=\"DEV RNV\" \/>\n<meta property=\"article:publisher\" content=\"https:\/\/www.facebook.com\/RadioNacionaldeVenezuela\" \/>\n<meta property=\"article:published_time\" content=\"2016-09-06T17:57:02+00:00\" \/>\n<meta name=\"author\" content=\"Mariandry Lacl\u00e9\" \/>\n<meta name=\"twitter:card\" content=\"summary_large_image\" \/>\n<meta name=\"twitter:creator\" content=\"@RNVinformativa\" \/>\n<meta name=\"twitter:site\" content=\"@RNVinformativa\" \/>\n<meta name=\"twitter:label1\" content=\"Escrito por\" \/>\n\t<meta name=\"twitter:data1\" content=\"Mariandry Lacl\u00e9\" \/>\n\t<meta name=\"twitter:label2\" content=\"Tiempo estimado de lectura\" \/>\n\t<meta name=\"twitter:data2\" content=\"1 minuto\" \/>\n<script type=\"application\/ld+json\" class=\"yoast-schema-graph\">{\"@context\":\"https:\\\/\\\/schema.org\",\"@graph\":[{\"@type\":\"Article\",\"@id\":\"https:\\\/\\\/stage3.rnv.gob.ve\\\/wp\\\/sundde-inspecciono-147-panaderias-en-distrito-capital\\\/#article\",\"isPartOf\":{\"@id\":\"https:\\\/\\\/stage3.rnv.gob.ve\\\/wp\\\/sundde-inspecciono-147-panaderias-en-distrito-capital\\\/\"},\"author\":{\"name\":\"Mariandry Lacl\u00e9\",\"@id\":\"https:\\\/\\\/stage3.rnv.gob.ve\\\/wp\\\/#\\\/schema\\\/person\\\/33c4fd1879de0b5e68e2f17d1a22b2aa\"},\"headline\":\"Sundde inspeccion\u00f3 147 panader\u00edas en Distrito Capital\",\"datePublished\":\"2016-09-06T17:57:02+00:00\",\"mainEntityOfPage\":{\"@id\":\"https:\\\/\\\/stage3.rnv.gob.ve\\\/wp\\\/sundde-inspecciono-147-panaderias-en-distrito-capital\\\/\"},\"wordCount\":242,\"publisher\":{\"@id\":\"https:\\\/\\\/stage3.rnv.gob.ve\\\/wp\\\/#organization\"},\"image\":{\"@id\":\"https:\\\/\\\/stage3.rnv.gob.ve\\\/wp\\\/sundde-inspecciono-147-panaderias-en-distrito-capital\\\/#primaryimage\"},\"thumbnailUrl\":\"\",\"articleSection\":[\"Ciudad\"],\"inLanguage\":\"es\"},{\"@type\":\"WebPage\",\"@id\":\"https:\\\/\\\/stage3.rnv.gob.ve\\\/wp\\\/sundde-inspecciono-147-panaderias-en-distrito-capital\\\/\",\"url\":\"https:\\\/\\\/stage3.rnv.gob.ve\\\/wp\\\/sundde-inspecciono-147-panaderias-en-distrito-capital\\\/\",\"name\":\"Sundde inspeccion\u00f3 147 panader\u00edas en Distrito Capital - DEV RNV\",\"isPartOf\":{\"@id\":\"https:\\\/\\\/stage3.rnv.gob.ve\\\/wp\\\/#website\"},\"primaryImageOfPage\":{\"@id\":\"https:\\\/\\\/stage3.rnv.gob.ve\\\/wp\\\/sundde-inspecciono-147-panaderias-en-distrito-capital\\\/#primaryimage\"},\"image\":{\"@id\":\"https:\\\/\\\/stage3.rnv.gob.ve\\\/wp\\\/sundde-inspecciono-147-panaderias-en-distrito-capital\\\/#primaryimage\"},\"thumbnailUrl\":\"\",\"datePublished\":\"2016-09-06T17:57:02+00:00\",\"breadcrumb\":{\"@id\":\"https:\\\/\\\/stage3.rnv.gob.ve\\\/wp\\\/sundde-inspecciono-147-panaderias-en-distrito-capital\\\/#breadcrumb\"},\"inLanguage\":\"es\",\"potentialAction\":[{\"@type\":\"ReadAction\",\"target\":[\"https:\\\/\\\/stage3.rnv.gob.ve\\\/wp\\\/sundde-inspecciono-147-panaderias-en-distrito-capital\\\/\"]}]},{\"@type\":\"ImageObject\",\"inLanguage\":\"es\",\"@id\":\"https:\\\/\\\/stage3.rnv.gob.ve\\\/wp\\\/sundde-inspecciono-147-panaderias-en-distrito-capital\\\/#primaryimage\",\"url\":\"\",\"contentUrl\":\"\"},{\"@type\":\"BreadcrumbList\",\"@id\":\"https:\\\/\\\/stage3.rnv.gob.ve\\\/wp\\\/sundde-inspecciono-147-panaderias-en-distrito-capital\\\/#breadcrumb\",\"itemListElement\":[{\"@type\":\"ListItem\",\"position\":1,\"name\":\"Portada\",\"item\":\"https:\\\/\\\/stage3.rnv.gob.ve\\\/wp\\\/\"},{\"@type\":\"ListItem\",\"position\":2,\"name\":\"Sundde Inspeccion\u00f3 147 Panader\u00edas En Distrito Capital\"}]},{\"@type\":\"WebSite\",\"@id\":\"https:\\\/\\\/stage3.rnv.gob.ve\\\/wp\\\/#website\",\"url\":\"https:\\\/\\\/stage3.rnv.gob.ve\\\/wp\\\/\",\"name\":\"DEV RNV\",\"description\":\"Radio Nacional de Venezuela C.A.\",\"publisher\":{\"@id\":\"https:\\\/\\\/stage3.rnv.gob.ve\\\/wp\\\/#organization\"},\"potentialAction\":[{\"@type\":\"SearchAction\",\"target\":{\"@type\":\"EntryPoint\",\"urlTemplate\":\"https:\\\/\\\/stage3.rnv.gob.ve\\\/wp\\\/?s={search_term_string}\"},\"query-input\":{\"@type\":\"PropertyValueSpecification\",\"valueRequired\":true,\"valueName\":\"search_term_string\"}}],\"inLanguage\":\"es\"},{\"@type\":\"Organization\",\"@id\":\"https:\\\/\\\/stage3.rnv.gob.ve\\\/wp\\\/#organization\",\"name\":\"Radio Nacional de Venezuela C.A.\",\"url\":\"https:\\\/\\\/stage3.rnv.gob.ve\\\/wp\\\/\",\"logo\":{\"@type\":\"ImageObject\",\"inLanguage\":\"es\",\"@id\":\"https:\\\/\\\/stage3.rnv.gob.ve\\\/wp\\\/#\\\/schema\\\/logo\\\/image\\\/\",\"url\":\"http:\\\/\\\/rnv.ddns.net\\\/prensa\\\/wp-content\\\/uploads\\\/2022\\\/04\\\/rnv-1-300x227-1.jpg\",\"contentUrl\":\"http:\\\/\\\/rnv.ddns.net\\\/prensa\\\/wp-content\\\/uploads\\\/2022\\\/04\\\/rnv-1-300x227-1.jpg\",\"width\":800,\"height\":455,\"caption\":\"Radio Nacional de Venezuela C.A.\"},\"image\":{\"@id\":\"https:\\\/\\\/stage3.rnv.gob.ve\\\/wp\\\/#\\\/schema\\\/logo\\\/image\\\/\"},\"sameAs\":[\"https:\\\/\\\/www.facebook.com\\\/RadioNacionaldeVenezuela\",\"https:\\\/\\\/x.com\\\/RNVinformativa\",\"https:\\\/\\\/www.instagram.com\\\/rnvinformativa\\\/\",\"https:\\\/\\\/www.youtube.com\\\/user\\\/RNVContigo\"]},{\"@type\":\"Person\",\"@id\":\"https:\\\/\\\/stage3.rnv.gob.ve\\\/wp\\\/#\\\/schema\\\/person\\\/33c4fd1879de0b5e68e2f17d1a22b2aa\",\"name\":\"Mariandry Lacl\u00e9\",\"url\":\"https:\\\/\\\/stage3.rnv.gob.ve\\\/wp\\\/author\\\/m_lacle\\\/\"}]}<\/script>\n<!-- \/ Yoast SEO plugin. -->","yoast_head_json":{"title":"Sundde inspeccion\u00f3 147 panader\u00edas en Distrito Capital - DEV RNV","robots":{"index":"noindex","follow":"follow","max-snippet":"max-snippet:-1","max-image-preview":"max-image-preview:large","max-video-preview":"max-video-preview:-1"},"og_locale":"es_ES","og_type":"article","og_title":"Sundde inspeccion\u00f3 147 panader\u00edas en Distrito Capital - DEV RNV","og_description":"La Superintendencia Nacional para la Defensa de los Derechos Socioecon\u00f3micos (Sundde) supervis\u00f3 este mi\u00e9rcoles 147 panader\u00edas en Distrito Capital, ubicadas en los sectores Ant\u00edmano, Macarao, Para\u00edso, Montalb\u00e1n y El Junquito.","og_url":"https:\/\/stage3.rnv.gob.ve\/wp\/sundde-inspecciono-147-panaderias-en-distrito-capital\/","og_site_name":"DEV RNV","article_publisher":"https:\/\/www.facebook.com\/RadioNacionaldeVenezuela","article_published_time":"2016-09-06T17:57:02+00:00","author":"Mariandry Lacl\u00e9","twitter_card":"summary_large_image","twitter_creator":"@RNVinformativa","twitter_site":"@RNVinformativa","twitter_misc":{"Escrito por":"Mariandry Lacl\u00e9","Tiempo estimado de lectura":"1 minuto"},"schema":{"@context":"https:\/\/schema.org","@graph":[{"@type":"Article","@id":"https:\/\/stage3.rnv.gob.ve\/wp\/sundde-inspecciono-147-panaderias-en-distrito-capital\/#article","isPartOf":{"@id":"https:\/\/stage3.rnv.gob.ve\/wp\/sundde-inspecciono-147-panaderias-en-distrito-capital\/"},"author":{"name":"Mariandry Lacl\u00e9","@id":"https:\/\/stage3.rnv.gob.ve\/wp\/#\/schema\/person\/33c4fd1879de0b5e68e2f17d1a22b2aa"},"headline":"Sundde inspeccion\u00f3 147 panader\u00edas en Distrito Capital","datePublished":"2016-09-06T17:57:02+00:00","mainEntityOfPage":{"@id":"https:\/\/stage3.rnv.gob.ve\/wp\/sundde-inspecciono-147-panaderias-en-distrito-capital\/"},"wordCount":242,"publisher":{"@id":"https:\/\/stage3.rnv.gob.ve\/wp\/#organization"},"image":{"@id":"https:\/\/stage3.rnv.gob.ve\/wp\/sundde-inspecciono-147-panaderias-en-distrito-capital\/#primaryimage"},"thumbnailUrl":"","articleSection":["Ciudad"],"inLanguage":"es"},{"@type":"WebPage","@id":"https:\/\/stage3.rnv.gob.ve\/wp\/sundde-inspecciono-147-panaderias-en-distrito-capital\/","url":"https:\/\/stage3.rnv.gob.ve\/wp\/sundde-inspecciono-147-panaderias-en-distrito-capital\/","name":"Sundde inspeccion\u00f3 147 panader\u00edas en Distrito Capital - DEV RNV","isPartOf":{"@id":"https:\/\/stage3.rnv.gob.ve\/wp\/#website"},"primaryImageOfPage":{"@id":"https:\/\/stage3.rnv.gob.ve\/wp\/sundde-inspecciono-147-panaderias-en-distrito-capital\/#primaryimage"},"image":{"@id":"https:\/\/stage3.rnv.gob.ve\/wp\/sundde-inspecciono-147-panaderias-en-distrito-capital\/#primaryimage"},"thumbnailUrl":"","datePublished":"2016-09-06T17:57:02+00:00","breadcrumb":{"@id":"https:\/\/stage3.rnv.gob.ve\/wp\/sundde-inspecciono-147-panaderias-en-distrito-capital\/#breadcrumb"},"inLanguage":"es","potentialAction":[{"@type":"ReadAction","target":["https:\/\/stage3.rnv.gob.ve\/wp\/sundde-inspecciono-147-panaderias-en-distrito-capital\/"]}]},{"@type":"ImageObject","inLanguage":"es","@id":"https:\/\/stage3.rnv.gob.ve\/wp\/sundde-inspecciono-147-panaderias-en-distrito-capital\/#primaryimage","url":"","contentUrl":""},{"@type":"BreadcrumbList","@id":"https:\/\/stage3.rnv.gob.ve\/wp\/sundde-inspecciono-147-panaderias-en-distrito-capital\/#breadcrumb","itemListElement":[{"@type":"ListItem","position":1,"name":"Portada","item":"https:\/\/stage3.rnv.gob.ve\/wp\/"},{"@type":"ListItem","position":2,"name":"Sundde Inspeccion\u00f3 147 Panader\u00edas En Distrito Capital"}]},{"@type":"WebSite","@id":"https:\/\/stage3.rnv.gob.ve\/wp\/#website","url":"https:\/\/stage3.rnv.gob.ve\/wp\/","name":"DEV RNV","description":"Radio Nacional de Venezuela C.A.","publisher":{"@id":"https:\/\/stage3.rnv.gob.ve\/wp\/#organization"},"potentialAction":[{"@type":"SearchAction","target":{"@type":"EntryPoint","urlTemplate":"https:\/\/stage3.rnv.gob.ve\/wp\/?s={search_term_string}"},"query-input":{"@type":"PropertyValueSpecification","valueRequired":true,"valueName":"search_term_string"}}],"inLanguage":"es"},{"@type":"Organization","@id":"https:\/\/stage3.rnv.gob.ve\/wp\/#organization","name":"Radio Nacional de Venezuela C.A.","url":"https:\/\/stage3.rnv.gob.ve\/wp\/","logo":{"@type":"ImageObject","inLanguage":"es","@id":"https:\/\/stage3.rnv.gob.ve\/wp\/#\/schema\/logo\/image\/","url":"http:\/\/rnv.ddns.net\/prensa\/wp-content\/uploads\/2022\/04\/rnv-1-300x227-1.jpg","contentUrl":"http:\/\/rnv.ddns.net\/prensa\/wp-content\/uploads\/2022\/04\/rnv-1-300x227-1.jpg","width":800,"height":455,"caption":"Radio Nacional de Venezuela C.A."},"image":{"@id":"https:\/\/stage3.rnv.gob.ve\/wp\/#\/schema\/logo\/image\/"},"sameAs":["https:\/\/www.facebook.com\/RadioNacionaldeVenezuela","https:\/\/x.com\/RNVinformativa","https:\/\/www.instagram.com\/rnvinformativa\/","https:\/\/www.youtube.com\/user\/RNVContigo"]},{"@type":"Person","@id":"https:\/\/stage3.rnv.gob.ve\/wp\/#\/schema\/person\/33c4fd1879de0b5e68e2f17d1a22b2aa","name":"Mariandry Lacl\u00e9","url":"https:\/\/stage3.rnv.gob.ve\/wp\/author\/m_lacle\/"}]}},"jetpack_featured_media_url":"","_links":{"self":[{"href":"https:\/\/stage3.rnv.gob.ve\/wp\/wp-json\/wp\/v2\/posts\/66741","targetHints":{"allow":["GET"]}}],"collection":[{"href":"https:\/\/stage3.rnv.gob.ve\/wp\/wp-json\/wp\/v2\/posts"}],"about":[{"href":"https:\/\/stage3.rnv.gob.ve\/wp\/wp-json\/wp\/v2\/types\/post"}],"author":[{"embeddable":true,"href":"https:\/\/stage3.rnv.gob.ve\/wp\/wp-json\/wp\/v2\/users\/9"}],"replies":[{"embeddable":true,"href":"https:\/\/stage3.rnv.gob.ve\/wp\/wp-json\/wp\/v2\/comments?post=66741"}],"version-history":[{"count":0,"href":"https:\/\/stage3.rnv.gob.ve\/wp\/wp-json\/wp\/v2\/posts\/66741\/revisions"}],"wp:featuredmedia":[{"embeddable":true,"href":"https:\/\/stage3.rnv.gob.ve\/wp\/wp-json\/"}],"wp:attachment":[{"href":"https:\/\/stage3.rnv.gob.ve\/wp\/wp-json\/wp\/v2\/media?parent=66741"}],"wp:term":[{"taxonomy":"category","embeddable":true,"href":"https:\/\/stage3.rnv.gob.ve\/wp\/wp-json\/wp\/v2\/categories?post=66741"},{"taxonomy":"post_tag","embeddable":true,"href":"https:\/\/stage3.rnv.gob.ve\/wp\/wp-json\/wp\/v2\/tags?post=66741"}],"curies":[{"name":"wp","href":"https:\/\/api.w.org\/{rel}","templated":true}]}}