{"id":66089,"date":"2016-09-04T14:39:15","date_gmt":"2016-09-04T18:39:15","guid":{"rendered":"http:\/\/wpeditor.rnv.gob.ve\/?p=66089"},"modified":"2016-09-04T14:39:15","modified_gmt":"2016-09-04T18:39:15","slug":"en-dos-ruedas-temporadistas-disfrutaron-atractivos-de-caracas","status":"publish","type":"post","link":"https:\/\/stage3.rnv.gob.ve\/wp\/en-dos-ruedas-temporadistas-disfrutaron-atractivos-de-caracas\/","title":{"rendered":"En dos ruedas temporadistas disfrutaron atractivos de Caracas"},"content":{"rendered":"<p style=\"text-align: justify;\">Este s\u00e1bado, 3 de septiembre, temporadistas disfrutaron de \u201cTurismo en 2 Ruedas\u201d, a trav\u00e9s de un recorrido guiado por el circuito 2 de la ciclov\u00eda que se extiende por la ciudad de Caracas. De esta manera, el Gobierno Bolivariano contin\u00faa ejecutando las actividades planificadas en pro del sano esparcimiento del pueblo venezolano en estas Vacaciones 2016.<!--more--><\/p>\n<p style=\"text-align: justify;\">El trayecto, que se inserta en el Plan Caracas Rueda Libre, cont\u00f3 con tres gu\u00edas tur\u00edsticos, quienes en ocho paradas brindaron informaci\u00f3n sobre los atractivos circundantes. Los participantes, provenientes de diferentes comunidades, conocieron acerca del Teatro Teresa Carre\u00f1o, plaza Los Museos, parque Los Caobos, El Elefante Dorado, Fuente Venezuela, Puente de la Ciclov\u00eda, El Abra Solar y Plaza Venezuela.<\/p>\n<p style=\"text-align: justify;\">La actividad fue articulada entre el Ministerio del Poder Popular para el Turismo (Mintur), a trav\u00e9s de la Unidad Estadal del Instituto Nacional de Turismo (Inatur) Distrito Capital, y la Alcald\u00eda de Caracas, mediante el Instituto Municipal de Deporte y Recreaci\u00f3n (Imdere). Cont\u00f3 con el apoyo de estudiantes del Colegio Universitario de Caracas (CUC), quienes desarrollan su servicio comunitario. El objetivo es promover el turismo en bicicleta por el territorio nacional.<\/p>\n<p><strong>Sensibilizaci\u00f3n tur\u00edstica<\/strong><br \/>\nEl equipo de trabajo de Mintur, a trav\u00e9s de Inatur, contin\u00faa desplegado en los 91 Puntos de Informaci\u00f3n Tur\u00edstica (PIT) a nivel nacional, garantizando la atenci\u00f3n a todos los vacacionistas. As\u00ed se constat\u00f3 en el Zool\u00f3gico de Caricuao, un espacio recreativo emblem\u00e1tico de la capital venezolana.<\/p>\n<p style=\"text-align: justify;\">Igualmente, en el PIT ubicado en la plaza El Venezolano se ofreci\u00f3 sensibilizaci\u00f3n tur\u00edstica a los ni\u00f1os y ni\u00f1as que disfrutan del Plan Vacacional Comunitario 2016. Esta atenci\u00f3n se complement\u00f3 con las actividades desplegadas por el Instituto Nacional de Nutrici\u00f3n (INN), en las que se promovi\u00f3 la alimentaci\u00f3n balanceada y soberana.<\/p>\n<p><strong>Recreaci\u00f3n en la playa<\/strong><\/p>\n<p style=\"text-align: justify;\">Con el prop\u00f3sito de enaltecer la identidad nacional, este s\u00e1bado tambi\u00e9n se desarroll\u00f3 una jornada recreativa playera bautizada: \u201cGincana, recuperando nuestras tradiciones\u201d. Con mucha alegr\u00eda participaron ni\u00f1os, ni\u00f1as y adultos, tanto propios como visitantes, del balneario Camuri Chico, en el estado Vargas.<\/p>\n<p style=\"text-align: justify;\">El circuito de seis estaciones incluy\u00f3 actividades l\u00fadicas tradicionales de Venezuela. La cucharilla y la pelota, carreras de sacos y con ligas, palito mantequillero y prueba de fuerza, fueron algunas de ellas. Adem\u00e1s, los competidores recibieron sensibilizaci\u00f3n tur\u00edstica ambiental, por parte del equipo de la Unidad Estadal de Inatur Vargas.<\/p>\n\n<p style=\"text-align: justify;\"><strong>T\/Prensa Mintur<\/strong><\/p>\n","protected":false},"excerpt":{"rendered":"<p>Este s\u00e1bado, 3 de septiembre, temporadistas disfrutaron de \u201cTurismo en 2 Ruedas\u201d, a trav\u00e9s de un recorrido guiado por el circuito 2 de la ciclov\u00eda que se extiende por la ciudad de Caracas. De esta manera, el Gobierno Bolivariano contin\u00faa ejecutando las actividades planificadas en pro del sano esparcimiento del pueblo venezolano en estas Vacaciones [&hellip;]<\/p>\n","protected":false},"author":20,"featured_media":66090,"comment_status":"closed","ping_status":"open","sticky":false,"template":"","format":"standard","meta":{"_acf_changed":false,"footnotes":""},"categories":[52],"tags":[88,82,7202,83],"class_list":["post-66089","post","type-post","status-publish","format-standard","has-post-thumbnail","hentry","category-ciudad","tag-caracas","tag-rnv","tag-ruedas","tag-turismo"],"acf":[],"yoast_head":"<!-- This site is optimized with the Yoast SEO plugin v27.4 - https:\/\/yoast.com\/product\/yoast-seo-wordpress\/ -->\n<title>En dos ruedas temporadistas disfrutaron atractivos de Caracas - DEV RNV<\/title>\n<meta name=\"robots\" content=\"noindex, follow, max-snippet:-1, max-image-preview:large, max-video-preview:-1\" \/>\n<meta property=\"og:locale\" content=\"es_ES\" \/>\n<meta property=\"og:type\" content=\"article\" \/>\n<meta property=\"og:title\" content=\"En dos ruedas temporadistas disfrutaron atractivos de Caracas - DEV RNV\" \/>\n<meta property=\"og:description\" content=\"Este s\u00e1bado, 3 de septiembre, temporadistas disfrutaron de \u201cTurismo en 2 Ruedas\u201d, a trav\u00e9s de un recorrido guiado por el circuito 2 de la ciclov\u00eda que se extiende por la ciudad de Caracas. De esta manera, el Gobierno Bolivariano contin\u00faa ejecutando las actividades planificadas en pro del sano esparcimiento del pueblo venezolano en estas Vacaciones [&hellip;]\" \/>\n<meta property=\"og:url\" content=\"https:\/\/stage3.rnv.gob.ve\/wp\/en-dos-ruedas-temporadistas-disfrutaron-atractivos-de-caracas\/\" \/>\n<meta property=\"og:site_name\" content=\"DEV RNV\" \/>\n<meta property=\"article:publisher\" content=\"https:\/\/www.facebook.com\/RadioNacionaldeVenezuela\" \/>\n<meta property=\"article:published_time\" content=\"2016-09-04T18:39:15+00:00\" \/>\n<meta name=\"author\" content=\"Freddy Hern\u00e1ndez\" \/>\n<meta name=\"twitter:card\" content=\"summary_large_image\" \/>\n<meta name=\"twitter:creator\" content=\"@RNVinformativa\" \/>\n<meta name=\"twitter:site\" content=\"@RNVinformativa\" \/>\n<meta name=\"twitter:label1\" content=\"Escrito por\" \/>\n\t<meta name=\"twitter:data1\" content=\"Freddy Hern\u00e1ndez\" \/>\n\t<meta name=\"twitter:label2\" content=\"Tiempo estimado de lectura\" \/>\n\t<meta name=\"twitter:data2\" content=\"2 minutos\" \/>\n<script type=\"application\/ld+json\" class=\"yoast-schema-graph\">{\"@context\":\"https:\\\/\\\/schema.org\",\"@graph\":[{\"@type\":\"Article\",\"@id\":\"https:\\\/\\\/stage3.rnv.gob.ve\\\/wp\\\/en-dos-ruedas-temporadistas-disfrutaron-atractivos-de-caracas\\\/#article\",\"isPartOf\":{\"@id\":\"https:\\\/\\\/stage3.rnv.gob.ve\\\/wp\\\/en-dos-ruedas-temporadistas-disfrutaron-atractivos-de-caracas\\\/\"},\"author\":{\"name\":\"Freddy Hern\u00e1ndez\",\"@id\":\"https:\\\/\\\/stage3.rnv.gob.ve\\\/wp\\\/#\\\/schema\\\/person\\\/4bc7a35468448183cef8b950a38aed12\"},\"headline\":\"En dos ruedas temporadistas disfrutaron atractivos de Caracas\",\"datePublished\":\"2016-09-04T18:39:15+00:00\",\"mainEntityOfPage\":{\"@id\":\"https:\\\/\\\/stage3.rnv.gob.ve\\\/wp\\\/en-dos-ruedas-temporadistas-disfrutaron-atractivos-de-caracas\\\/\"},\"wordCount\":429,\"publisher\":{\"@id\":\"https:\\\/\\\/stage3.rnv.gob.ve\\\/wp\\\/#organization\"},\"image\":{\"@id\":\"https:\\\/\\\/stage3.rnv.gob.ve\\\/wp\\\/en-dos-ruedas-temporadistas-disfrutaron-atractivos-de-caracas\\\/#primaryimage\"},\"thumbnailUrl\":\"\",\"keywords\":[\"caracas\",\"RNV\",\"ruedas\",\"turismo\"],\"articleSection\":[\"Ciudad\"],\"inLanguage\":\"es\"},{\"@type\":\"WebPage\",\"@id\":\"https:\\\/\\\/stage3.rnv.gob.ve\\\/wp\\\/en-dos-ruedas-temporadistas-disfrutaron-atractivos-de-caracas\\\/\",\"url\":\"https:\\\/\\\/stage3.rnv.gob.ve\\\/wp\\\/en-dos-ruedas-temporadistas-disfrutaron-atractivos-de-caracas\\\/\",\"name\":\"En dos ruedas temporadistas disfrutaron atractivos de Caracas - DEV RNV\",\"isPartOf\":{\"@id\":\"https:\\\/\\\/stage3.rnv.gob.ve\\\/wp\\\/#website\"},\"primaryImageOfPage\":{\"@id\":\"https:\\\/\\\/stage3.rnv.gob.ve\\\/wp\\\/en-dos-ruedas-temporadistas-disfrutaron-atractivos-de-caracas\\\/#primaryimage\"},\"image\":{\"@id\":\"https:\\\/\\\/stage3.rnv.gob.ve\\\/wp\\\/en-dos-ruedas-temporadistas-disfrutaron-atractivos-de-caracas\\\/#primaryimage\"},\"thumbnailUrl\":\"\",\"datePublished\":\"2016-09-04T18:39:15+00:00\",\"breadcrumb\":{\"@id\":\"https:\\\/\\\/stage3.rnv.gob.ve\\\/wp\\\/en-dos-ruedas-temporadistas-disfrutaron-atractivos-de-caracas\\\/#breadcrumb\"},\"inLanguage\":\"es\",\"potentialAction\":[{\"@type\":\"ReadAction\",\"target\":[\"https:\\\/\\\/stage3.rnv.gob.ve\\\/wp\\\/en-dos-ruedas-temporadistas-disfrutaron-atractivos-de-caracas\\\/\"]}]},{\"@type\":\"ImageObject\",\"inLanguage\":\"es\",\"@id\":\"https:\\\/\\\/stage3.rnv.gob.ve\\\/wp\\\/en-dos-ruedas-temporadistas-disfrutaron-atractivos-de-caracas\\\/#primaryimage\",\"url\":\"\",\"contentUrl\":\"\"},{\"@type\":\"BreadcrumbList\",\"@id\":\"https:\\\/\\\/stage3.rnv.gob.ve\\\/wp\\\/en-dos-ruedas-temporadistas-disfrutaron-atractivos-de-caracas\\\/#breadcrumb\",\"itemListElement\":[{\"@type\":\"ListItem\",\"position\":1,\"name\":\"Portada\",\"item\":\"https:\\\/\\\/stage3.rnv.gob.ve\\\/wp\\\/\"},{\"@type\":\"ListItem\",\"position\":2,\"name\":\"En Dos Ruedas Temporadistas Disfrutaron Atractivos De Caracas\"}]},{\"@type\":\"WebSite\",\"@id\":\"https:\\\/\\\/stage3.rnv.gob.ve\\\/wp\\\/#website\",\"url\":\"https:\\\/\\\/stage3.rnv.gob.ve\\\/wp\\\/\",\"name\":\"DEV RNV\",\"description\":\"Radio Nacional de Venezuela C.A.\",\"publisher\":{\"@id\":\"https:\\\/\\\/stage3.rnv.gob.ve\\\/wp\\\/#organization\"},\"potentialAction\":[{\"@type\":\"SearchAction\",\"target\":{\"@type\":\"EntryPoint\",\"urlTemplate\":\"https:\\\/\\\/stage3.rnv.gob.ve\\\/wp\\\/?s={search_term_string}\"},\"query-input\":{\"@type\":\"PropertyValueSpecification\",\"valueRequired\":true,\"valueName\":\"search_term_string\"}}],\"inLanguage\":\"es\"},{\"@type\":\"Organization\",\"@id\":\"https:\\\/\\\/stage3.rnv.gob.ve\\\/wp\\\/#organization\",\"name\":\"Radio Nacional de Venezuela C.A.\",\"url\":\"https:\\\/\\\/stage3.rnv.gob.ve\\\/wp\\\/\",\"logo\":{\"@type\":\"ImageObject\",\"inLanguage\":\"es\",\"@id\":\"https:\\\/\\\/stage3.rnv.gob.ve\\\/wp\\\/#\\\/schema\\\/logo\\\/image\\\/\",\"url\":\"http:\\\/\\\/rnv.ddns.net\\\/prensa\\\/wp-content\\\/uploads\\\/2022\\\/04\\\/rnv-1-300x227-1.jpg\",\"contentUrl\":\"http:\\\/\\\/rnv.ddns.net\\\/prensa\\\/wp-content\\\/uploads\\\/2022\\\/04\\\/rnv-1-300x227-1.jpg\",\"width\":800,\"height\":455,\"caption\":\"Radio Nacional de Venezuela C.A.\"},\"image\":{\"@id\":\"https:\\\/\\\/stage3.rnv.gob.ve\\\/wp\\\/#\\\/schema\\\/logo\\\/image\\\/\"},\"sameAs\":[\"https:\\\/\\\/www.facebook.com\\\/RadioNacionaldeVenezuela\",\"https:\\\/\\\/x.com\\\/RNVinformativa\",\"https:\\\/\\\/www.instagram.com\\\/rnvinformativa\\\/\",\"https:\\\/\\\/www.youtube.com\\\/user\\\/RNVContigo\"]},{\"@type\":\"Person\",\"@id\":\"https:\\\/\\\/stage3.rnv.gob.ve\\\/wp\\\/#\\\/schema\\\/person\\\/4bc7a35468448183cef8b950a38aed12\",\"name\":\"Freddy Hern\u00e1ndez\",\"url\":\"https:\\\/\\\/stage3.rnv.gob.ve\\\/wp\\\/author\\\/freddy_h\\\/\"}]}<\/script>\n<!-- \/ Yoast SEO plugin. -->","yoast_head_json":{"title":"En dos ruedas temporadistas disfrutaron atractivos de Caracas - DEV RNV","robots":{"index":"noindex","follow":"follow","max-snippet":"max-snippet:-1","max-image-preview":"max-image-preview:large","max-video-preview":"max-video-preview:-1"},"og_locale":"es_ES","og_type":"article","og_title":"En dos ruedas temporadistas disfrutaron atractivos de Caracas - DEV RNV","og_description":"Este s\u00e1bado, 3 de septiembre, temporadistas disfrutaron de \u201cTurismo en 2 Ruedas\u201d, a trav\u00e9s de un recorrido guiado por el circuito 2 de la ciclov\u00eda que se extiende por la ciudad de Caracas. De esta manera, el Gobierno Bolivariano contin\u00faa ejecutando las actividades planificadas en pro del sano esparcimiento del pueblo venezolano en estas Vacaciones [&hellip;]","og_url":"https:\/\/stage3.rnv.gob.ve\/wp\/en-dos-ruedas-temporadistas-disfrutaron-atractivos-de-caracas\/","og_site_name":"DEV RNV","article_publisher":"https:\/\/www.facebook.com\/RadioNacionaldeVenezuela","article_published_time":"2016-09-04T18:39:15+00:00","author":"Freddy Hern\u00e1ndez","twitter_card":"summary_large_image","twitter_creator":"@RNVinformativa","twitter_site":"@RNVinformativa","twitter_misc":{"Escrito por":"Freddy Hern\u00e1ndez","Tiempo estimado de lectura":"2 minutos"},"schema":{"@context":"https:\/\/schema.org","@graph":[{"@type":"Article","@id":"https:\/\/stage3.rnv.gob.ve\/wp\/en-dos-ruedas-temporadistas-disfrutaron-atractivos-de-caracas\/#article","isPartOf":{"@id":"https:\/\/stage3.rnv.gob.ve\/wp\/en-dos-ruedas-temporadistas-disfrutaron-atractivos-de-caracas\/"},"author":{"name":"Freddy Hern\u00e1ndez","@id":"https:\/\/stage3.rnv.gob.ve\/wp\/#\/schema\/person\/4bc7a35468448183cef8b950a38aed12"},"headline":"En dos ruedas temporadistas disfrutaron atractivos de Caracas","datePublished":"2016-09-04T18:39:15+00:00","mainEntityOfPage":{"@id":"https:\/\/stage3.rnv.gob.ve\/wp\/en-dos-ruedas-temporadistas-disfrutaron-atractivos-de-caracas\/"},"wordCount":429,"publisher":{"@id":"https:\/\/stage3.rnv.gob.ve\/wp\/#organization"},"image":{"@id":"https:\/\/stage3.rnv.gob.ve\/wp\/en-dos-ruedas-temporadistas-disfrutaron-atractivos-de-caracas\/#primaryimage"},"thumbnailUrl":"","keywords":["caracas","RNV","ruedas","turismo"],"articleSection":["Ciudad"],"inLanguage":"es"},{"@type":"WebPage","@id":"https:\/\/stage3.rnv.gob.ve\/wp\/en-dos-ruedas-temporadistas-disfrutaron-atractivos-de-caracas\/","url":"https:\/\/stage3.rnv.gob.ve\/wp\/en-dos-ruedas-temporadistas-disfrutaron-atractivos-de-caracas\/","name":"En dos ruedas temporadistas disfrutaron atractivos de Caracas - DEV RNV","isPartOf":{"@id":"https:\/\/stage3.rnv.gob.ve\/wp\/#website"},"primaryImageOfPage":{"@id":"https:\/\/stage3.rnv.gob.ve\/wp\/en-dos-ruedas-temporadistas-disfrutaron-atractivos-de-caracas\/#primaryimage"},"image":{"@id":"https:\/\/stage3.rnv.gob.ve\/wp\/en-dos-ruedas-temporadistas-disfrutaron-atractivos-de-caracas\/#primaryimage"},"thumbnailUrl":"","datePublished":"2016-09-04T18:39:15+00:00","breadcrumb":{"@id":"https:\/\/stage3.rnv.gob.ve\/wp\/en-dos-ruedas-temporadistas-disfrutaron-atractivos-de-caracas\/#breadcrumb"},"inLanguage":"es","potentialAction":[{"@type":"ReadAction","target":["https:\/\/stage3.rnv.gob.ve\/wp\/en-dos-ruedas-temporadistas-disfrutaron-atractivos-de-caracas\/"]}]},{"@type":"ImageObject","inLanguage":"es","@id":"https:\/\/stage3.rnv.gob.ve\/wp\/en-dos-ruedas-temporadistas-disfrutaron-atractivos-de-caracas\/#primaryimage","url":"","contentUrl":""},{"@type":"BreadcrumbList","@id":"https:\/\/stage3.rnv.gob.ve\/wp\/en-dos-ruedas-temporadistas-disfrutaron-atractivos-de-caracas\/#breadcrumb","itemListElement":[{"@type":"ListItem","position":1,"name":"Portada","item":"https:\/\/stage3.rnv.gob.ve\/wp\/"},{"@type":"ListItem","position":2,"name":"En Dos Ruedas Temporadistas Disfrutaron Atractivos De Caracas"}]},{"@type":"WebSite","@id":"https:\/\/stage3.rnv.gob.ve\/wp\/#website","url":"https:\/\/stage3.rnv.gob.ve\/wp\/","name":"DEV RNV","description":"Radio Nacional de Venezuela C.A.","publisher":{"@id":"https:\/\/stage3.rnv.gob.ve\/wp\/#organization"},"potentialAction":[{"@type":"SearchAction","target":{"@type":"EntryPoint","urlTemplate":"https:\/\/stage3.rnv.gob.ve\/wp\/?s={search_term_string}"},"query-input":{"@type":"PropertyValueSpecification","valueRequired":true,"valueName":"search_term_string"}}],"inLanguage":"es"},{"@type":"Organization","@id":"https:\/\/stage3.rnv.gob.ve\/wp\/#organization","name":"Radio Nacional de Venezuela C.A.","url":"https:\/\/stage3.rnv.gob.ve\/wp\/","logo":{"@type":"ImageObject","inLanguage":"es","@id":"https:\/\/stage3.rnv.gob.ve\/wp\/#\/schema\/logo\/image\/","url":"http:\/\/rnv.ddns.net\/prensa\/wp-content\/uploads\/2022\/04\/rnv-1-300x227-1.jpg","contentUrl":"http:\/\/rnv.ddns.net\/prensa\/wp-content\/uploads\/2022\/04\/rnv-1-300x227-1.jpg","width":800,"height":455,"caption":"Radio Nacional de Venezuela C.A."},"image":{"@id":"https:\/\/stage3.rnv.gob.ve\/wp\/#\/schema\/logo\/image\/"},"sameAs":["https:\/\/www.facebook.com\/RadioNacionaldeVenezuela","https:\/\/x.com\/RNVinformativa","https:\/\/www.instagram.com\/rnvinformativa\/","https:\/\/www.youtube.com\/user\/RNVContigo"]},{"@type":"Person","@id":"https:\/\/stage3.rnv.gob.ve\/wp\/#\/schema\/person\/4bc7a35468448183cef8b950a38aed12","name":"Freddy Hern\u00e1ndez","url":"https:\/\/stage3.rnv.gob.ve\/wp\/author\/freddy_h\/"}]}},"jetpack_featured_media_url":"","_links":{"self":[{"href":"https:\/\/stage3.rnv.gob.ve\/wp\/wp-json\/wp\/v2\/posts\/66089","targetHints":{"allow":["GET"]}}],"collection":[{"href":"https:\/\/stage3.rnv.gob.ve\/wp\/wp-json\/wp\/v2\/posts"}],"about":[{"href":"https:\/\/stage3.rnv.gob.ve\/wp\/wp-json\/wp\/v2\/types\/post"}],"author":[{"embeddable":true,"href":"https:\/\/stage3.rnv.gob.ve\/wp\/wp-json\/wp\/v2\/users\/20"}],"replies":[{"embeddable":true,"href":"https:\/\/stage3.rnv.gob.ve\/wp\/wp-json\/wp\/v2\/comments?post=66089"}],"version-history":[{"count":0,"href":"https:\/\/stage3.rnv.gob.ve\/wp\/wp-json\/wp\/v2\/posts\/66089\/revisions"}],"wp:featuredmedia":[{"embeddable":true,"href":"https:\/\/stage3.rnv.gob.ve\/wp\/wp-json\/"}],"wp:attachment":[{"href":"https:\/\/stage3.rnv.gob.ve\/wp\/wp-json\/wp\/v2\/media?parent=66089"}],"wp:term":[{"taxonomy":"category","embeddable":true,"href":"https:\/\/stage3.rnv.gob.ve\/wp\/wp-json\/wp\/v2\/categories?post=66089"},{"taxonomy":"post_tag","embeddable":true,"href":"https:\/\/stage3.rnv.gob.ve\/wp\/wp-json\/wp\/v2\/tags?post=66089"}],"curies":[{"name":"wp","href":"https:\/\/api.w.org\/{rel}","templated":true}]}}