{"id":65759,"date":"2016-09-03T10:44:39","date_gmt":"2016-09-03T14:44:39","guid":{"rendered":"http:\/\/wpeditor.rnv.gob.ve\/?p=65759"},"modified":"2026-04-14T21:12:00","modified_gmt":"2026-04-15T01:12:00","slug":"apure-arranco-rally-nuestros-rios-son-navegables","status":"publish","type":"post","link":"https:\/\/stage3.rnv.gob.ve\/wp\/apure-arranco-rally-nuestros-rios-son-navegables\/","title":{"rendered":"Apure arranc\u00f3 Rally Nuestros R\u00edos Son Navegables"},"content":{"rendered":"<p><img fetchpriority=\"high\" decoding=\"async\" class=\"size-full wp-image-65763 aligncenter\" src=\"http:\/\/wpeditor.rnv.gob.ve\/app\/uploads\/2016\/09\/rally-1.jpg\" alt=\"rally\" width=\"580\" height=\"300\" \/><br \/>\nEn el estado Apure se dio inicio a la competencia fluvial m\u00e1s larga del mundo, la edici\u00f3n 43\u00ba del Rally N\u00e1utico Nuestros R\u00edos Son Navegables, donde se competir\u00e1 por las corrientes del Orinoco-Apure.<br \/>\nLa inauguraci\u00f3n estuvo encabezada por la ministra del Poder Popular para el Turismo, Marleny Contreras y por el gobernador de la entidad, Ramon Carrizales, desde el punto de partida el Puente Mar\u00eda Nieves, ubicado en San Fernando.<br \/>\nContreras destac\u00f3 la importancia de la competencia internacional al tener r\u00e9cord Guinnes, siendo una carrera de alta exigencia para los atletas, adem\u00e1s de ser parte de la pol\u00edtica del Gobierno Nacional para el sano esparcimiento, la recreaci\u00f3n deportiva, cuidado y disfrute de la naturaleza venezolana.<br \/>\nEn esta edici\u00f3n del rally n\u00e1utico compiten 100 embarcaciones de 14 estados del pa\u00eds, para recorrer 800 millas de r\u00edos en 5 entidades, siendo el punto final el estado Bol\u00edvar, cuando lleguen al r\u00edo Caron\u00ed el 10 de septiembre.<br \/>\n<strong>Escuche las palabras de Marleny Contreras Ministra de Turismo:<\/strong><br \/>\n<audio class=\"wp-audio-shortcode\" id=\"audio-65759-1\" preload=\"none\" style=\"width: 100%;\" controls=\"controls\"><source type=\"audio\/wav\" src=\"http:\/\/wpeditor.rnv.gob.ve\/app\/uploads\/2016\/09\/MARLENY-CONTRERAS.wav?_=1\" \/><a href=\"http:\/\/wpeditor.rnv.gob.ve\/app\/uploads\/2016\/09\/MARLENY-CONTRERAS.wav\">http:\/\/wpeditor.rnv.gob.ve\/app\/uploads\/2016\/09\/MARLENY-CONTRERAS.wav<\/a><\/audio><br \/>\n<strong><em>RNVDeportes\/WCA<\/em><\/strong><\/p>\n","protected":false},"excerpt":{"rendered":"<p>En el estado Apure se dio inicio a la competencia fluvial m\u00e1s larga del mundo, la edici\u00f3n 43\u00ba del Rally N\u00e1utico Nuestros R\u00edos Son Navegables, donde se competir\u00e1 por las corrientes del Orinoco-Apure. La inauguraci\u00f3n estuvo encabezada por la ministra del Poder Popular para el Turismo, Marleny Contreras y por el gobernador de la entidad, [&hellip;]<\/p>\n","protected":false},"author":13,"featured_media":65763,"comment_status":"closed","ping_status":"open","sticky":false,"template":"","format":"standard","meta":{"_acf_changed":false,"footnotes":""},"categories":[56],"tags":[656,115,82,104,476],"class_list":["post-65759","post","type-post","status-publish","format-standard","has-post-thumbnail","hentry","category-deporte","tag-apure","tag-deportes","tag-rnv","tag-venezuela","tag-venezuela-deportiva"],"acf":[],"yoast_head":"<!-- This site is optimized with the Yoast SEO plugin v27.4 - https:\/\/yoast.com\/product\/yoast-seo-wordpress\/ -->\n<title>Apure arranc\u00f3 Rally Nuestros R\u00edos Son Navegables - DEV RNV<\/title>\n<meta name=\"robots\" content=\"noindex, follow, max-snippet:-1, max-image-preview:large, max-video-preview:-1\" \/>\n<meta property=\"og:locale\" content=\"es_ES\" \/>\n<meta property=\"og:type\" content=\"article\" \/>\n<meta property=\"og:title\" content=\"Apure arranc\u00f3 Rally Nuestros R\u00edos Son Navegables - DEV RNV\" \/>\n<meta property=\"og:description\" content=\"En el estado Apure se dio inicio a la competencia fluvial m\u00e1s larga del mundo, la edici\u00f3n 43\u00ba del Rally N\u00e1utico Nuestros R\u00edos Son Navegables, donde se competir\u00e1 por las corrientes del Orinoco-Apure. La inauguraci\u00f3n estuvo encabezada por la ministra del Poder Popular para el Turismo, Marleny Contreras y por el gobernador de la entidad, [&hellip;]\" \/>\n<meta property=\"og:url\" content=\"https:\/\/stage3.rnv.gob.ve\/wp\/apure-arranco-rally-nuestros-rios-son-navegables\/\" \/>\n<meta property=\"og:site_name\" content=\"DEV RNV\" \/>\n<meta property=\"article:publisher\" content=\"https:\/\/www.facebook.com\/RadioNacionaldeVenezuela\" \/>\n<meta property=\"article:published_time\" content=\"2016-09-03T14:44:39+00:00\" \/>\n<meta property=\"article:modified_time\" content=\"2026-04-15T01:12:00+00:00\" \/>\n<meta name=\"author\" content=\"Wilson Amaya\" \/>\n<meta name=\"twitter:card\" content=\"summary_large_image\" \/>\n<meta name=\"twitter:creator\" content=\"@RNVinformativa\" \/>\n<meta name=\"twitter:site\" content=\"@RNVinformativa\" \/>\n<meta name=\"twitter:label1\" content=\"Escrito por\" \/>\n\t<meta name=\"twitter:data1\" content=\"Wilson Amaya\" \/>\n\t<meta name=\"twitter:label2\" content=\"Tiempo estimado de lectura\" \/>\n\t<meta name=\"twitter:data2\" content=\"1 minuto\" \/>\n<script type=\"application\/ld+json\" class=\"yoast-schema-graph\">{\"@context\":\"https:\\\/\\\/schema.org\",\"@graph\":[{\"@type\":\"Article\",\"@id\":\"https:\\\/\\\/stage3.rnv.gob.ve\\\/wp\\\/apure-arranco-rally-nuestros-rios-son-navegables\\\/#article\",\"isPartOf\":{\"@id\":\"https:\\\/\\\/stage3.rnv.gob.ve\\\/wp\\\/apure-arranco-rally-nuestros-rios-son-navegables\\\/\"},\"author\":{\"name\":\"Wilson Amaya\",\"@id\":\"https:\\\/\\\/stage3.rnv.gob.ve\\\/wp\\\/#\\\/schema\\\/person\\\/124233c84ba1c70ab1c4c0fe0724d812\"},\"headline\":\"Apure arranc\u00f3 Rally Nuestros R\u00edos Son Navegables\",\"datePublished\":\"2016-09-03T14:44:39+00:00\",\"dateModified\":\"2026-04-15T01:12:00+00:00\",\"mainEntityOfPage\":{\"@id\":\"https:\\\/\\\/stage3.rnv.gob.ve\\\/wp\\\/apure-arranco-rally-nuestros-rios-son-navegables\\\/\"},\"wordCount\":195,\"publisher\":{\"@id\":\"https:\\\/\\\/stage3.rnv.gob.ve\\\/wp\\\/#organization\"},\"image\":{\"@id\":\"https:\\\/\\\/stage3.rnv.gob.ve\\\/wp\\\/apure-arranco-rally-nuestros-rios-son-navegables\\\/#primaryimage\"},\"thumbnailUrl\":\"\",\"keywords\":[\"apure\",\"deportes\",\"RNV\",\"Venezuela\",\"Venezuela Deportiva\"],\"articleSection\":[\"Deporte\"],\"inLanguage\":\"es\"},{\"@type\":\"WebPage\",\"@id\":\"https:\\\/\\\/stage3.rnv.gob.ve\\\/wp\\\/apure-arranco-rally-nuestros-rios-son-navegables\\\/\",\"url\":\"https:\\\/\\\/stage3.rnv.gob.ve\\\/wp\\\/apure-arranco-rally-nuestros-rios-son-navegables\\\/\",\"name\":\"Apure arranc\u00f3 Rally Nuestros R\u00edos Son Navegables - DEV RNV\",\"isPartOf\":{\"@id\":\"https:\\\/\\\/stage3.rnv.gob.ve\\\/wp\\\/#website\"},\"primaryImageOfPage\":{\"@id\":\"https:\\\/\\\/stage3.rnv.gob.ve\\\/wp\\\/apure-arranco-rally-nuestros-rios-son-navegables\\\/#primaryimage\"},\"image\":{\"@id\":\"https:\\\/\\\/stage3.rnv.gob.ve\\\/wp\\\/apure-arranco-rally-nuestros-rios-son-navegables\\\/#primaryimage\"},\"thumbnailUrl\":\"\",\"datePublished\":\"2016-09-03T14:44:39+00:00\",\"dateModified\":\"2026-04-15T01:12:00+00:00\",\"breadcrumb\":{\"@id\":\"https:\\\/\\\/stage3.rnv.gob.ve\\\/wp\\\/apure-arranco-rally-nuestros-rios-son-navegables\\\/#breadcrumb\"},\"inLanguage\":\"es\",\"potentialAction\":[{\"@type\":\"ReadAction\",\"target\":[\"https:\\\/\\\/stage3.rnv.gob.ve\\\/wp\\\/apure-arranco-rally-nuestros-rios-son-navegables\\\/\"]}]},{\"@type\":\"ImageObject\",\"inLanguage\":\"es\",\"@id\":\"https:\\\/\\\/stage3.rnv.gob.ve\\\/wp\\\/apure-arranco-rally-nuestros-rios-son-navegables\\\/#primaryimage\",\"url\":\"\",\"contentUrl\":\"\"},{\"@type\":\"BreadcrumbList\",\"@id\":\"https:\\\/\\\/stage3.rnv.gob.ve\\\/wp\\\/apure-arranco-rally-nuestros-rios-son-navegables\\\/#breadcrumb\",\"itemListElement\":[{\"@type\":\"ListItem\",\"position\":1,\"name\":\"Portada\",\"item\":\"https:\\\/\\\/stage3.rnv.gob.ve\\\/wp\\\/\"},{\"@type\":\"ListItem\",\"position\":2,\"name\":\"Apure Arranc\u00f3 Rally Nuestros R\u00edos Son Navegables\"}]},{\"@type\":\"WebSite\",\"@id\":\"https:\\\/\\\/stage3.rnv.gob.ve\\\/wp\\\/#website\",\"url\":\"https:\\\/\\\/stage3.rnv.gob.ve\\\/wp\\\/\",\"name\":\"DEV RNV\",\"description\":\"Radio Nacional de Venezuela C.A.\",\"publisher\":{\"@id\":\"https:\\\/\\\/stage3.rnv.gob.ve\\\/wp\\\/#organization\"},\"potentialAction\":[{\"@type\":\"SearchAction\",\"target\":{\"@type\":\"EntryPoint\",\"urlTemplate\":\"https:\\\/\\\/stage3.rnv.gob.ve\\\/wp\\\/?s={search_term_string}\"},\"query-input\":{\"@type\":\"PropertyValueSpecification\",\"valueRequired\":true,\"valueName\":\"search_term_string\"}}],\"inLanguage\":\"es\"},{\"@type\":\"Organization\",\"@id\":\"https:\\\/\\\/stage3.rnv.gob.ve\\\/wp\\\/#organization\",\"name\":\"Radio Nacional de Venezuela C.A.\",\"url\":\"https:\\\/\\\/stage3.rnv.gob.ve\\\/wp\\\/\",\"logo\":{\"@type\":\"ImageObject\",\"inLanguage\":\"es\",\"@id\":\"https:\\\/\\\/stage3.rnv.gob.ve\\\/wp\\\/#\\\/schema\\\/logo\\\/image\\\/\",\"url\":\"http:\\\/\\\/rnv.ddns.net\\\/prensa\\\/wp-content\\\/uploads\\\/2022\\\/04\\\/rnv-1-300x227-1.jpg\",\"contentUrl\":\"http:\\\/\\\/rnv.ddns.net\\\/prensa\\\/wp-content\\\/uploads\\\/2022\\\/04\\\/rnv-1-300x227-1.jpg\",\"width\":800,\"height\":455,\"caption\":\"Radio Nacional de Venezuela C.A.\"},\"image\":{\"@id\":\"https:\\\/\\\/stage3.rnv.gob.ve\\\/wp\\\/#\\\/schema\\\/logo\\\/image\\\/\"},\"sameAs\":[\"https:\\\/\\\/www.facebook.com\\\/RadioNacionaldeVenezuela\",\"https:\\\/\\\/x.com\\\/RNVinformativa\",\"https:\\\/\\\/www.instagram.com\\\/rnvinformativa\\\/\",\"https:\\\/\\\/www.youtube.com\\\/user\\\/RNVContigo\"]},{\"@type\":\"Person\",\"@id\":\"https:\\\/\\\/stage3.rnv.gob.ve\\\/wp\\\/#\\\/schema\\\/person\\\/124233c84ba1c70ab1c4c0fe0724d812\",\"name\":\"Wilson Amaya\",\"url\":\"https:\\\/\\\/stage3.rnv.gob.ve\\\/wp\\\/author\\\/wilson_amaya\\\/\"}]}<\/script>\n<!-- \/ Yoast SEO plugin. -->","yoast_head_json":{"title":"Apure arranc\u00f3 Rally Nuestros R\u00edos Son Navegables - DEV RNV","robots":{"index":"noindex","follow":"follow","max-snippet":"max-snippet:-1","max-image-preview":"max-image-preview:large","max-video-preview":"max-video-preview:-1"},"og_locale":"es_ES","og_type":"article","og_title":"Apure arranc\u00f3 Rally Nuestros R\u00edos Son Navegables - DEV RNV","og_description":"En el estado Apure se dio inicio a la competencia fluvial m\u00e1s larga del mundo, la edici\u00f3n 43\u00ba del Rally N\u00e1utico Nuestros R\u00edos Son Navegables, donde se competir\u00e1 por las corrientes del Orinoco-Apure. La inauguraci\u00f3n estuvo encabezada por la ministra del Poder Popular para el Turismo, Marleny Contreras y por el gobernador de la entidad, [&hellip;]","og_url":"https:\/\/stage3.rnv.gob.ve\/wp\/apure-arranco-rally-nuestros-rios-son-navegables\/","og_site_name":"DEV RNV","article_publisher":"https:\/\/www.facebook.com\/RadioNacionaldeVenezuela","article_published_time":"2016-09-03T14:44:39+00:00","article_modified_time":"2026-04-15T01:12:00+00:00","author":"Wilson Amaya","twitter_card":"summary_large_image","twitter_creator":"@RNVinformativa","twitter_site":"@RNVinformativa","twitter_misc":{"Escrito por":"Wilson Amaya","Tiempo estimado de lectura":"1 minuto"},"schema":{"@context":"https:\/\/schema.org","@graph":[{"@type":"Article","@id":"https:\/\/stage3.rnv.gob.ve\/wp\/apure-arranco-rally-nuestros-rios-son-navegables\/#article","isPartOf":{"@id":"https:\/\/stage3.rnv.gob.ve\/wp\/apure-arranco-rally-nuestros-rios-son-navegables\/"},"author":{"name":"Wilson Amaya","@id":"https:\/\/stage3.rnv.gob.ve\/wp\/#\/schema\/person\/124233c84ba1c70ab1c4c0fe0724d812"},"headline":"Apure arranc\u00f3 Rally Nuestros R\u00edos Son Navegables","datePublished":"2016-09-03T14:44:39+00:00","dateModified":"2026-04-15T01:12:00+00:00","mainEntityOfPage":{"@id":"https:\/\/stage3.rnv.gob.ve\/wp\/apure-arranco-rally-nuestros-rios-son-navegables\/"},"wordCount":195,"publisher":{"@id":"https:\/\/stage3.rnv.gob.ve\/wp\/#organization"},"image":{"@id":"https:\/\/stage3.rnv.gob.ve\/wp\/apure-arranco-rally-nuestros-rios-son-navegables\/#primaryimage"},"thumbnailUrl":"","keywords":["apure","deportes","RNV","Venezuela","Venezuela Deportiva"],"articleSection":["Deporte"],"inLanguage":"es"},{"@type":"WebPage","@id":"https:\/\/stage3.rnv.gob.ve\/wp\/apure-arranco-rally-nuestros-rios-son-navegables\/","url":"https:\/\/stage3.rnv.gob.ve\/wp\/apure-arranco-rally-nuestros-rios-son-navegables\/","name":"Apure arranc\u00f3 Rally Nuestros R\u00edos Son Navegables - DEV RNV","isPartOf":{"@id":"https:\/\/stage3.rnv.gob.ve\/wp\/#website"},"primaryImageOfPage":{"@id":"https:\/\/stage3.rnv.gob.ve\/wp\/apure-arranco-rally-nuestros-rios-son-navegables\/#primaryimage"},"image":{"@id":"https:\/\/stage3.rnv.gob.ve\/wp\/apure-arranco-rally-nuestros-rios-son-navegables\/#primaryimage"},"thumbnailUrl":"","datePublished":"2016-09-03T14:44:39+00:00","dateModified":"2026-04-15T01:12:00+00:00","breadcrumb":{"@id":"https:\/\/stage3.rnv.gob.ve\/wp\/apure-arranco-rally-nuestros-rios-son-navegables\/#breadcrumb"},"inLanguage":"es","potentialAction":[{"@type":"ReadAction","target":["https:\/\/stage3.rnv.gob.ve\/wp\/apure-arranco-rally-nuestros-rios-son-navegables\/"]}]},{"@type":"ImageObject","inLanguage":"es","@id":"https:\/\/stage3.rnv.gob.ve\/wp\/apure-arranco-rally-nuestros-rios-son-navegables\/#primaryimage","url":"","contentUrl":""},{"@type":"BreadcrumbList","@id":"https:\/\/stage3.rnv.gob.ve\/wp\/apure-arranco-rally-nuestros-rios-son-navegables\/#breadcrumb","itemListElement":[{"@type":"ListItem","position":1,"name":"Portada","item":"https:\/\/stage3.rnv.gob.ve\/wp\/"},{"@type":"ListItem","position":2,"name":"Apure Arranc\u00f3 Rally Nuestros R\u00edos Son Navegables"}]},{"@type":"WebSite","@id":"https:\/\/stage3.rnv.gob.ve\/wp\/#website","url":"https:\/\/stage3.rnv.gob.ve\/wp\/","name":"DEV RNV","description":"Radio Nacional de Venezuela C.A.","publisher":{"@id":"https:\/\/stage3.rnv.gob.ve\/wp\/#organization"},"potentialAction":[{"@type":"SearchAction","target":{"@type":"EntryPoint","urlTemplate":"https:\/\/stage3.rnv.gob.ve\/wp\/?s={search_term_string}"},"query-input":{"@type":"PropertyValueSpecification","valueRequired":true,"valueName":"search_term_string"}}],"inLanguage":"es"},{"@type":"Organization","@id":"https:\/\/stage3.rnv.gob.ve\/wp\/#organization","name":"Radio Nacional de Venezuela C.A.","url":"https:\/\/stage3.rnv.gob.ve\/wp\/","logo":{"@type":"ImageObject","inLanguage":"es","@id":"https:\/\/stage3.rnv.gob.ve\/wp\/#\/schema\/logo\/image\/","url":"http:\/\/rnv.ddns.net\/prensa\/wp-content\/uploads\/2022\/04\/rnv-1-300x227-1.jpg","contentUrl":"http:\/\/rnv.ddns.net\/prensa\/wp-content\/uploads\/2022\/04\/rnv-1-300x227-1.jpg","width":800,"height":455,"caption":"Radio Nacional de Venezuela C.A."},"image":{"@id":"https:\/\/stage3.rnv.gob.ve\/wp\/#\/schema\/logo\/image\/"},"sameAs":["https:\/\/www.facebook.com\/RadioNacionaldeVenezuela","https:\/\/x.com\/RNVinformativa","https:\/\/www.instagram.com\/rnvinformativa\/","https:\/\/www.youtube.com\/user\/RNVContigo"]},{"@type":"Person","@id":"https:\/\/stage3.rnv.gob.ve\/wp\/#\/schema\/person\/124233c84ba1c70ab1c4c0fe0724d812","name":"Wilson Amaya","url":"https:\/\/stage3.rnv.gob.ve\/wp\/author\/wilson_amaya\/"}]}},"jetpack_featured_media_url":"","_links":{"self":[{"href":"https:\/\/stage3.rnv.gob.ve\/wp\/wp-json\/wp\/v2\/posts\/65759","targetHints":{"allow":["GET"]}}],"collection":[{"href":"https:\/\/stage3.rnv.gob.ve\/wp\/wp-json\/wp\/v2\/posts"}],"about":[{"href":"https:\/\/stage3.rnv.gob.ve\/wp\/wp-json\/wp\/v2\/types\/post"}],"author":[{"embeddable":true,"href":"https:\/\/stage3.rnv.gob.ve\/wp\/wp-json\/wp\/v2\/users\/13"}],"replies":[{"embeddable":true,"href":"https:\/\/stage3.rnv.gob.ve\/wp\/wp-json\/wp\/v2\/comments?post=65759"}],"version-history":[{"count":0,"href":"https:\/\/stage3.rnv.gob.ve\/wp\/wp-json\/wp\/v2\/posts\/65759\/revisions"}],"wp:featuredmedia":[{"embeddable":true,"href":"https:\/\/stage3.rnv.gob.ve\/wp\/wp-json\/"}],"wp:attachment":[{"href":"https:\/\/stage3.rnv.gob.ve\/wp\/wp-json\/wp\/v2\/media?parent=65759"}],"wp:term":[{"taxonomy":"category","embeddable":true,"href":"https:\/\/stage3.rnv.gob.ve\/wp\/wp-json\/wp\/v2\/categories?post=65759"},{"taxonomy":"post_tag","embeddable":true,"href":"https:\/\/stage3.rnv.gob.ve\/wp\/wp-json\/wp\/v2\/tags?post=65759"}],"curies":[{"name":"wp","href":"https:\/\/api.w.org\/{rel}","templated":true}]}}