{"id":65190,"date":"2016-09-01T20:19:54","date_gmt":"2016-09-02T00:19:54","guid":{"rendered":"http:\/\/wpeditor.rnv.gob.ve\/?p=65190"},"modified":"2016-09-01T20:19:54","modified_gmt":"2016-09-02T00:19:54","slug":"autoridades-venezolanas-mostraran-al-pais-pruebas-de-la-reedicion-del-plan-golpista","status":"publish","type":"post","link":"https:\/\/stage3.rnv.gob.ve\/wp\/autoridades-venezolanas-mostraran-al-pais-pruebas-de-la-reedicion-del-plan-golpista\/","title":{"rendered":"Autoridades venezolanas mostrar\u00e1n pruebas de la reedici\u00f3n del plan golpista"},"content":{"rendered":"<figure id=\"attachment_65191\" aria-describedby=\"caption-attachment-65191\" style=\"width: 300px\" class=\"wp-caption alignleft\"><img fetchpriority=\"high\" decoding=\"async\" class=\"wp-image-65191 size-medium\" src=\"http:\/\/wpeditor.rnv.gob.ve\/app\/uploads\/2016\/09\/oposicionvenezuela.jpg_1849413107-300x168.jpg\" alt=\"oposicionvenezuela.jpg_1849413107\" width=\"300\" height=\"168\" \/><figcaption id=\"caption-attachment-65191\" class=\"wp-caption-text\">Foto: TeleSUR<\/figcaption><\/figure>\n<p style=\"text-align: justify;\">Delcy Rodr\u00edguez, Canciller de la Rep\u00fablica Bolivariana de Venezuela, inform\u00f3 que este viernes el ministro para Relaciones Interiores Justicia y Paz, N\u00e9stor Reverol, va a mostrar las pruebas de la<strong> reedici\u00f3n del plan golpista que la derecha pretend\u00eda llevar a cabo este 1\u00b0 de septiembre.<\/strong><\/p>\n<p style=\"text-align: justify;\">\u00abMa\u00f1ana en una rueda de prensa, el ministro va a mostrar los videos, las fotos y tambi\u00e9n como la acci\u00f3n responsable de nuestros organismos de seguridad y de inteligencia vinieron <strong>desmantelando un plan violento que buscaba la masacre de venezolanos y venezolanas<\/strong> como pas\u00f3 en el 2002 y en el 2014&#8243;, destac\u00f3 Rodr\u00edguez durante una entrevista concedida a TeleSUR.<\/p>\n<p style=\"text-align: justify;\">En este sentido, explic\u00f3 que cuando la oposici\u00f3n convoc\u00f3 a la marcha en Caracas, \u00abempez\u00f3 una campa\u00f1a de guerra, avisando que habr\u00eda una toma que acabar\u00eda con el Gobierno de Venezuela, y despu\u00e9s cuando culmin\u00f3 la marcha convocada por la MUD a las 2 de la tarde, grupos violentos crearon focos de desestabilizaci\u00f3n en la autopista Francisco Fajardo generando disturbios y colocando artefactos en la v\u00eda que estuvieron cerca de ocasionar la muerte a motorizados\u00bb.<\/p>\n<p><strong>T\/WEB RNV<\/strong><br \/>\n<strong>Escuche aqu\u00ed a la Canciller Delcy Rodr\u00edguez<\/strong><br \/>\n<audio class=\"wp-audio-shortcode\" id=\"audio-65190-1\" preload=\"none\" style=\"width: 100%;\" controls=\"controls\"><source type=\"audio\/mpeg\" src=\"http:\/\/wpeditor.rnv.gob.ve\/app\/uploads\/2016\/09\/RUEDA-DE-PRENSA-EDITADO.mp3?_=1\" \/><a href=\"http:\/\/wpeditor.rnv.gob.ve\/app\/uploads\/2016\/09\/RUEDA-DE-PRENSA-EDITADO.mp3\">http:\/\/wpeditor.rnv.gob.ve\/app\/uploads\/2016\/09\/RUEDA-DE-PRENSA-EDITADO.mp3<\/a><\/audio><\/p>\n","protected":false},"excerpt":{"rendered":"<p>Delcy Rodr\u00edguez, Canciller de la Rep\u00fablica Bolivariana de Venezuela, inform\u00f3 que este viernes el ministro para Relaciones Interiores Justicia y Paz, N\u00e9stor Reverol, va a mostrar las pruebas de la reedici\u00f3n del plan golpista que la derecha pretend\u00eda llevar a cabo este 1\u00b0 de septiembre. \u00abMa\u00f1ana en una rueda de prensa, el ministro va a [&hellip;]<\/p>\n","protected":false},"author":10,"featured_media":65206,"comment_status":"closed","ping_status":"open","sticky":false,"template":"","format":"standard","meta":{"_acf_changed":false,"footnotes":""},"categories":[65],"tags":[7954,3480,7813],"class_list":["post-65190","post","type-post","status-publish","format-standard","has-post-thumbnail","hentry","category-nacional","tag-plan-golpista","tag-pruebas","tag-rueda-de-prensa"],"acf":[],"yoast_head":"<!-- This site is optimized with the Yoast SEO plugin v27.4 - https:\/\/yoast.com\/product\/yoast-seo-wordpress\/ -->\n<title>Autoridades venezolanas mostrar\u00e1n pruebas de la reedici\u00f3n del plan golpista - DEV RNV<\/title>\n<meta name=\"robots\" content=\"noindex, follow, max-snippet:-1, max-image-preview:large, max-video-preview:-1\" \/>\n<meta property=\"og:locale\" content=\"es_ES\" \/>\n<meta property=\"og:type\" content=\"article\" \/>\n<meta property=\"og:title\" content=\"Autoridades venezolanas mostrar\u00e1n pruebas de la reedici\u00f3n del plan golpista - DEV RNV\" \/>\n<meta property=\"og:description\" content=\"Delcy Rodr\u00edguez, Canciller de la Rep\u00fablica Bolivariana de Venezuela, inform\u00f3 que este viernes el ministro para Relaciones Interiores Justicia y Paz, N\u00e9stor Reverol, va a mostrar las pruebas de la reedici\u00f3n del plan golpista que la derecha pretend\u00eda llevar a cabo este 1\u00b0 de septiembre. \u00abMa\u00f1ana en una rueda de prensa, el ministro va a [&hellip;]\" \/>\n<meta property=\"og:url\" content=\"https:\/\/stage3.rnv.gob.ve\/wp\/autoridades-venezolanas-mostraran-al-pais-pruebas-de-la-reedicion-del-plan-golpista\/\" \/>\n<meta property=\"og:site_name\" content=\"DEV RNV\" \/>\n<meta property=\"article:publisher\" content=\"https:\/\/www.facebook.com\/RadioNacionaldeVenezuela\" \/>\n<meta property=\"article:published_time\" content=\"2016-09-02T00:19:54+00:00\" \/>\n<meta name=\"author\" content=\"Dayana Nunes\" \/>\n<meta name=\"twitter:card\" content=\"summary_large_image\" \/>\n<meta name=\"twitter:creator\" content=\"@RNVinformativa\" \/>\n<meta name=\"twitter:site\" content=\"@RNVinformativa\" \/>\n<meta name=\"twitter:label1\" content=\"Escrito por\" \/>\n\t<meta name=\"twitter:data1\" content=\"Dayana Nunes\" \/>\n\t<meta name=\"twitter:label2\" content=\"Tiempo estimado de lectura\" \/>\n\t<meta name=\"twitter:data2\" content=\"1 minuto\" \/>\n<script type=\"application\/ld+json\" class=\"yoast-schema-graph\">{\"@context\":\"https:\\\/\\\/schema.org\",\"@graph\":[{\"@type\":\"Article\",\"@id\":\"https:\\\/\\\/stage3.rnv.gob.ve\\\/wp\\\/autoridades-venezolanas-mostraran-al-pais-pruebas-de-la-reedicion-del-plan-golpista\\\/#article\",\"isPartOf\":{\"@id\":\"https:\\\/\\\/stage3.rnv.gob.ve\\\/wp\\\/autoridades-venezolanas-mostraran-al-pais-pruebas-de-la-reedicion-del-plan-golpista\\\/\"},\"author\":{\"name\":\"Dayana Nunes\",\"@id\":\"https:\\\/\\\/stage3.rnv.gob.ve\\\/wp\\\/#\\\/schema\\\/person\\\/a85503dba8c37ca28ae29ba2db5caf55\"},\"headline\":\"Autoridades venezolanas mostrar\u00e1n pruebas de la reedici\u00f3n del plan golpista\",\"datePublished\":\"2016-09-02T00:19:54+00:00\",\"mainEntityOfPage\":{\"@id\":\"https:\\\/\\\/stage3.rnv.gob.ve\\\/wp\\\/autoridades-venezolanas-mostraran-al-pais-pruebas-de-la-reedicion-del-plan-golpista\\\/\"},\"wordCount\":235,\"publisher\":{\"@id\":\"https:\\\/\\\/stage3.rnv.gob.ve\\\/wp\\\/#organization\"},\"image\":{\"@id\":\"https:\\\/\\\/stage3.rnv.gob.ve\\\/wp\\\/autoridades-venezolanas-mostraran-al-pais-pruebas-de-la-reedicion-del-plan-golpista\\\/#primaryimage\"},\"thumbnailUrl\":\"\",\"keywords\":[\"plan golpista\",\"Pruebas\",\"rueda de prensa\"],\"articleSection\":[\"Nacional\"],\"inLanguage\":\"es\"},{\"@type\":\"WebPage\",\"@id\":\"https:\\\/\\\/stage3.rnv.gob.ve\\\/wp\\\/autoridades-venezolanas-mostraran-al-pais-pruebas-de-la-reedicion-del-plan-golpista\\\/\",\"url\":\"https:\\\/\\\/stage3.rnv.gob.ve\\\/wp\\\/autoridades-venezolanas-mostraran-al-pais-pruebas-de-la-reedicion-del-plan-golpista\\\/\",\"name\":\"Autoridades venezolanas mostrar\u00e1n pruebas de la reedici\u00f3n del plan golpista - DEV RNV\",\"isPartOf\":{\"@id\":\"https:\\\/\\\/stage3.rnv.gob.ve\\\/wp\\\/#website\"},\"primaryImageOfPage\":{\"@id\":\"https:\\\/\\\/stage3.rnv.gob.ve\\\/wp\\\/autoridades-venezolanas-mostraran-al-pais-pruebas-de-la-reedicion-del-plan-golpista\\\/#primaryimage\"},\"image\":{\"@id\":\"https:\\\/\\\/stage3.rnv.gob.ve\\\/wp\\\/autoridades-venezolanas-mostraran-al-pais-pruebas-de-la-reedicion-del-plan-golpista\\\/#primaryimage\"},\"thumbnailUrl\":\"\",\"datePublished\":\"2016-09-02T00:19:54+00:00\",\"breadcrumb\":{\"@id\":\"https:\\\/\\\/stage3.rnv.gob.ve\\\/wp\\\/autoridades-venezolanas-mostraran-al-pais-pruebas-de-la-reedicion-del-plan-golpista\\\/#breadcrumb\"},\"inLanguage\":\"es\",\"potentialAction\":[{\"@type\":\"ReadAction\",\"target\":[\"https:\\\/\\\/stage3.rnv.gob.ve\\\/wp\\\/autoridades-venezolanas-mostraran-al-pais-pruebas-de-la-reedicion-del-plan-golpista\\\/\"]}]},{\"@type\":\"ImageObject\",\"inLanguage\":\"es\",\"@id\":\"https:\\\/\\\/stage3.rnv.gob.ve\\\/wp\\\/autoridades-venezolanas-mostraran-al-pais-pruebas-de-la-reedicion-del-plan-golpista\\\/#primaryimage\",\"url\":\"\",\"contentUrl\":\"\"},{\"@type\":\"BreadcrumbList\",\"@id\":\"https:\\\/\\\/stage3.rnv.gob.ve\\\/wp\\\/autoridades-venezolanas-mostraran-al-pais-pruebas-de-la-reedicion-del-plan-golpista\\\/#breadcrumb\",\"itemListElement\":[{\"@type\":\"ListItem\",\"position\":1,\"name\":\"Portada\",\"item\":\"https:\\\/\\\/stage3.rnv.gob.ve\\\/wp\\\/\"},{\"@type\":\"ListItem\",\"position\":2,\"name\":\"Autoridades Venezolanas Mostrar\u00e1n Pruebas De La Reedici\u00f3n Del Plan Golpista\"}]},{\"@type\":\"WebSite\",\"@id\":\"https:\\\/\\\/stage3.rnv.gob.ve\\\/wp\\\/#website\",\"url\":\"https:\\\/\\\/stage3.rnv.gob.ve\\\/wp\\\/\",\"name\":\"DEV RNV\",\"description\":\"Radio Nacional de Venezuela C.A.\",\"publisher\":{\"@id\":\"https:\\\/\\\/stage3.rnv.gob.ve\\\/wp\\\/#organization\"},\"potentialAction\":[{\"@type\":\"SearchAction\",\"target\":{\"@type\":\"EntryPoint\",\"urlTemplate\":\"https:\\\/\\\/stage3.rnv.gob.ve\\\/wp\\\/?s={search_term_string}\"},\"query-input\":{\"@type\":\"PropertyValueSpecification\",\"valueRequired\":true,\"valueName\":\"search_term_string\"}}],\"inLanguage\":\"es\"},{\"@type\":\"Organization\",\"@id\":\"https:\\\/\\\/stage3.rnv.gob.ve\\\/wp\\\/#organization\",\"name\":\"Radio Nacional de Venezuela C.A.\",\"url\":\"https:\\\/\\\/stage3.rnv.gob.ve\\\/wp\\\/\",\"logo\":{\"@type\":\"ImageObject\",\"inLanguage\":\"es\",\"@id\":\"https:\\\/\\\/stage3.rnv.gob.ve\\\/wp\\\/#\\\/schema\\\/logo\\\/image\\\/\",\"url\":\"http:\\\/\\\/rnv.ddns.net\\\/prensa\\\/wp-content\\\/uploads\\\/2022\\\/04\\\/rnv-1-300x227-1.jpg\",\"contentUrl\":\"http:\\\/\\\/rnv.ddns.net\\\/prensa\\\/wp-content\\\/uploads\\\/2022\\\/04\\\/rnv-1-300x227-1.jpg\",\"width\":800,\"height\":455,\"caption\":\"Radio Nacional de Venezuela C.A.\"},\"image\":{\"@id\":\"https:\\\/\\\/stage3.rnv.gob.ve\\\/wp\\\/#\\\/schema\\\/logo\\\/image\\\/\"},\"sameAs\":[\"https:\\\/\\\/www.facebook.com\\\/RadioNacionaldeVenezuela\",\"https:\\\/\\\/x.com\\\/RNVinformativa\",\"https:\\\/\\\/www.instagram.com\\\/rnvinformativa\\\/\",\"https:\\\/\\\/www.youtube.com\\\/user\\\/RNVContigo\"]},{\"@type\":\"Person\",\"@id\":\"https:\\\/\\\/stage3.rnv.gob.ve\\\/wp\\\/#\\\/schema\\\/person\\\/a85503dba8c37ca28ae29ba2db5caf55\",\"name\":\"Dayana Nunes\",\"url\":\"https:\\\/\\\/stage3.rnv.gob.ve\\\/wp\\\/author\\\/dayana_nunes\\\/\"}]}<\/script>\n<!-- \/ Yoast SEO plugin. -->","yoast_head_json":{"title":"Autoridades venezolanas mostrar\u00e1n pruebas de la reedici\u00f3n del plan golpista - DEV RNV","robots":{"index":"noindex","follow":"follow","max-snippet":"max-snippet:-1","max-image-preview":"max-image-preview:large","max-video-preview":"max-video-preview:-1"},"og_locale":"es_ES","og_type":"article","og_title":"Autoridades venezolanas mostrar\u00e1n pruebas de la reedici\u00f3n del plan golpista - DEV RNV","og_description":"Delcy Rodr\u00edguez, Canciller de la Rep\u00fablica Bolivariana de Venezuela, inform\u00f3 que este viernes el ministro para Relaciones Interiores Justicia y Paz, N\u00e9stor Reverol, va a mostrar las pruebas de la reedici\u00f3n del plan golpista que la derecha pretend\u00eda llevar a cabo este 1\u00b0 de septiembre. \u00abMa\u00f1ana en una rueda de prensa, el ministro va a [&hellip;]","og_url":"https:\/\/stage3.rnv.gob.ve\/wp\/autoridades-venezolanas-mostraran-al-pais-pruebas-de-la-reedicion-del-plan-golpista\/","og_site_name":"DEV RNV","article_publisher":"https:\/\/www.facebook.com\/RadioNacionaldeVenezuela","article_published_time":"2016-09-02T00:19:54+00:00","author":"Dayana Nunes","twitter_card":"summary_large_image","twitter_creator":"@RNVinformativa","twitter_site":"@RNVinformativa","twitter_misc":{"Escrito por":"Dayana Nunes","Tiempo estimado de lectura":"1 minuto"},"schema":{"@context":"https:\/\/schema.org","@graph":[{"@type":"Article","@id":"https:\/\/stage3.rnv.gob.ve\/wp\/autoridades-venezolanas-mostraran-al-pais-pruebas-de-la-reedicion-del-plan-golpista\/#article","isPartOf":{"@id":"https:\/\/stage3.rnv.gob.ve\/wp\/autoridades-venezolanas-mostraran-al-pais-pruebas-de-la-reedicion-del-plan-golpista\/"},"author":{"name":"Dayana Nunes","@id":"https:\/\/stage3.rnv.gob.ve\/wp\/#\/schema\/person\/a85503dba8c37ca28ae29ba2db5caf55"},"headline":"Autoridades venezolanas mostrar\u00e1n pruebas de la reedici\u00f3n del plan golpista","datePublished":"2016-09-02T00:19:54+00:00","mainEntityOfPage":{"@id":"https:\/\/stage3.rnv.gob.ve\/wp\/autoridades-venezolanas-mostraran-al-pais-pruebas-de-la-reedicion-del-plan-golpista\/"},"wordCount":235,"publisher":{"@id":"https:\/\/stage3.rnv.gob.ve\/wp\/#organization"},"image":{"@id":"https:\/\/stage3.rnv.gob.ve\/wp\/autoridades-venezolanas-mostraran-al-pais-pruebas-de-la-reedicion-del-plan-golpista\/#primaryimage"},"thumbnailUrl":"","keywords":["plan golpista","Pruebas","rueda de prensa"],"articleSection":["Nacional"],"inLanguage":"es"},{"@type":"WebPage","@id":"https:\/\/stage3.rnv.gob.ve\/wp\/autoridades-venezolanas-mostraran-al-pais-pruebas-de-la-reedicion-del-plan-golpista\/","url":"https:\/\/stage3.rnv.gob.ve\/wp\/autoridades-venezolanas-mostraran-al-pais-pruebas-de-la-reedicion-del-plan-golpista\/","name":"Autoridades venezolanas mostrar\u00e1n pruebas de la reedici\u00f3n del plan golpista - DEV RNV","isPartOf":{"@id":"https:\/\/stage3.rnv.gob.ve\/wp\/#website"},"primaryImageOfPage":{"@id":"https:\/\/stage3.rnv.gob.ve\/wp\/autoridades-venezolanas-mostraran-al-pais-pruebas-de-la-reedicion-del-plan-golpista\/#primaryimage"},"image":{"@id":"https:\/\/stage3.rnv.gob.ve\/wp\/autoridades-venezolanas-mostraran-al-pais-pruebas-de-la-reedicion-del-plan-golpista\/#primaryimage"},"thumbnailUrl":"","datePublished":"2016-09-02T00:19:54+00:00","breadcrumb":{"@id":"https:\/\/stage3.rnv.gob.ve\/wp\/autoridades-venezolanas-mostraran-al-pais-pruebas-de-la-reedicion-del-plan-golpista\/#breadcrumb"},"inLanguage":"es","potentialAction":[{"@type":"ReadAction","target":["https:\/\/stage3.rnv.gob.ve\/wp\/autoridades-venezolanas-mostraran-al-pais-pruebas-de-la-reedicion-del-plan-golpista\/"]}]},{"@type":"ImageObject","inLanguage":"es","@id":"https:\/\/stage3.rnv.gob.ve\/wp\/autoridades-venezolanas-mostraran-al-pais-pruebas-de-la-reedicion-del-plan-golpista\/#primaryimage","url":"","contentUrl":""},{"@type":"BreadcrumbList","@id":"https:\/\/stage3.rnv.gob.ve\/wp\/autoridades-venezolanas-mostraran-al-pais-pruebas-de-la-reedicion-del-plan-golpista\/#breadcrumb","itemListElement":[{"@type":"ListItem","position":1,"name":"Portada","item":"https:\/\/stage3.rnv.gob.ve\/wp\/"},{"@type":"ListItem","position":2,"name":"Autoridades Venezolanas Mostrar\u00e1n Pruebas De La Reedici\u00f3n Del Plan Golpista"}]},{"@type":"WebSite","@id":"https:\/\/stage3.rnv.gob.ve\/wp\/#website","url":"https:\/\/stage3.rnv.gob.ve\/wp\/","name":"DEV RNV","description":"Radio Nacional de Venezuela C.A.","publisher":{"@id":"https:\/\/stage3.rnv.gob.ve\/wp\/#organization"},"potentialAction":[{"@type":"SearchAction","target":{"@type":"EntryPoint","urlTemplate":"https:\/\/stage3.rnv.gob.ve\/wp\/?s={search_term_string}"},"query-input":{"@type":"PropertyValueSpecification","valueRequired":true,"valueName":"search_term_string"}}],"inLanguage":"es"},{"@type":"Organization","@id":"https:\/\/stage3.rnv.gob.ve\/wp\/#organization","name":"Radio Nacional de Venezuela C.A.","url":"https:\/\/stage3.rnv.gob.ve\/wp\/","logo":{"@type":"ImageObject","inLanguage":"es","@id":"https:\/\/stage3.rnv.gob.ve\/wp\/#\/schema\/logo\/image\/","url":"http:\/\/rnv.ddns.net\/prensa\/wp-content\/uploads\/2022\/04\/rnv-1-300x227-1.jpg","contentUrl":"http:\/\/rnv.ddns.net\/prensa\/wp-content\/uploads\/2022\/04\/rnv-1-300x227-1.jpg","width":800,"height":455,"caption":"Radio Nacional de Venezuela C.A."},"image":{"@id":"https:\/\/stage3.rnv.gob.ve\/wp\/#\/schema\/logo\/image\/"},"sameAs":["https:\/\/www.facebook.com\/RadioNacionaldeVenezuela","https:\/\/x.com\/RNVinformativa","https:\/\/www.instagram.com\/rnvinformativa\/","https:\/\/www.youtube.com\/user\/RNVContigo"]},{"@type":"Person","@id":"https:\/\/stage3.rnv.gob.ve\/wp\/#\/schema\/person\/a85503dba8c37ca28ae29ba2db5caf55","name":"Dayana Nunes","url":"https:\/\/stage3.rnv.gob.ve\/wp\/author\/dayana_nunes\/"}]}},"jetpack_featured_media_url":"","_links":{"self":[{"href":"https:\/\/stage3.rnv.gob.ve\/wp\/wp-json\/wp\/v2\/posts\/65190","targetHints":{"allow":["GET"]}}],"collection":[{"href":"https:\/\/stage3.rnv.gob.ve\/wp\/wp-json\/wp\/v2\/posts"}],"about":[{"href":"https:\/\/stage3.rnv.gob.ve\/wp\/wp-json\/wp\/v2\/types\/post"}],"author":[{"embeddable":true,"href":"https:\/\/stage3.rnv.gob.ve\/wp\/wp-json\/wp\/v2\/users\/10"}],"replies":[{"embeddable":true,"href":"https:\/\/stage3.rnv.gob.ve\/wp\/wp-json\/wp\/v2\/comments?post=65190"}],"version-history":[{"count":0,"href":"https:\/\/stage3.rnv.gob.ve\/wp\/wp-json\/wp\/v2\/posts\/65190\/revisions"}],"wp:featuredmedia":[{"embeddable":true,"href":"https:\/\/stage3.rnv.gob.ve\/wp\/wp-json\/"}],"wp:attachment":[{"href":"https:\/\/stage3.rnv.gob.ve\/wp\/wp-json\/wp\/v2\/media?parent=65190"}],"wp:term":[{"taxonomy":"category","embeddable":true,"href":"https:\/\/stage3.rnv.gob.ve\/wp\/wp-json\/wp\/v2\/categories?post=65190"},{"taxonomy":"post_tag","embeddable":true,"href":"https:\/\/stage3.rnv.gob.ve\/wp\/wp-json\/wp\/v2\/tags?post=65190"}],"curies":[{"name":"wp","href":"https:\/\/api.w.org\/{rel}","templated":true}]}}