{"id":63522,"date":"2016-08-29T16:34:39","date_gmt":"2016-08-29T20:34:39","guid":{"rendered":"http:\/\/wpeditor.rnv.gob.ve\/?p=63522"},"modified":"2016-08-29T16:34:39","modified_gmt":"2016-08-29T20:34:39","slug":"iran-instala-los-sistemas-s-300-rusos","status":"publish","type":"post","link":"https:\/\/stage3.rnv.gob.ve\/wp\/iran-instala-los-sistemas-s-300-rusos\/","title":{"rendered":"Ir\u00e1n instala los sistemas S-300 rusos"},"content":{"rendered":"<p style=\"text-align: justify;\"><img fetchpriority=\"high\" decoding=\"async\" class=\"size-medium wp-image-63523 alignleft\" src=\"http:\/\/wpeditor.rnv.gob.ve\/app\/uploads\/2016\/08\/sistema-300x169.jpg\" alt=\"Foto: Agencias\" width=\"300\" height=\"169\" \/>Ir\u00e1n instal\u00f3 los sistemas de defensa antia\u00e9rea S-300 rusos en el complejo nuclear de Fordow, situado a unos 130 kil\u00f3metros al suroeste de la Teher\u00e1n, informa la agencia de noticias iran\u00ed FNA. El comandante de las Fuerzas de Defensa Antia\u00e9rea de Ir\u00e1n, general Farzad Esmail\u00ed, ha declarado que en estos momentos el complejo de enriquecimiento de uranio se encuentra protegido de \u00abcualquier amenaza\u00bb.<!--more--><\/p>\n<p style=\"text-align: justify;\">Rusia e Ir\u00e1n suscribieron en 2007 un contrato para la entrega de los sistemas de defensa antia\u00e9rea S-300. Sin embargo, su cumplimiento fue suspendido luego de que Rusia acatara la resoluci\u00f3n 1.929 del Consejo de Seguridad de las Naciones Unidas, que establec\u00eda la prohibici\u00f3n de suministrar a Ir\u00e1n armamento moderno, incluyendo sistemas de misiles.<br \/>\nEn abril del a\u00f1o pasado, el presidente de Rusia, Vlad\u00edmir Putin, revoc\u00f3 dicha prohibici\u00f3n, por lo que ambos pa\u00edses suscribieron un nuevo contrato en noviembre de 2015.<\/p>\n<p style=\"text-align: justify;\"><strong>Las tecnolog\u00edas de Ir\u00e1n<\/strong><\/p>\n<p style=\"text-align: justify;\">Ir\u00e1n comenz\u00f3 el desarrollo de un sistema antia\u00e9reo propio durante el per\u00edodo en que la resoluci\u00f3n 1.929 del Consejo de Seguridad de la ONU prohib\u00eda a Rusia y otros vendedores potenciales colaborar con Teher\u00e1n en materia de armas pesadas.<\/p>\n<p style=\"text-align: justify;\">El Ministerio de Defensa iran\u00ed present\u00f3 el 21 de agosto al presidente del pa\u00eds, Has\u00e1n Rohan\u00ed, una lanzadera de misiles tierra-aire y un radar que permiten juntos controlar el espacio a\u00e9reo y derribar aviones invasores.<\/p>\n<p style=\"text-align: justify;\">La agencia de noticias Fars asegura que se trata de una \u00abversi\u00f3n propia del sofisticado sistema ruso de defensa antimisiles S-300\u00bb. A su vez, el sitio web Al-Alam a\u00f1ade que el radar que forma parte del conjunto defensivo se asemeja al ruso 96L6, es capaz de seguir objetivos aerodin\u00e1micos y misiles bal\u00edsticos y cuenta con un alcance \u00abentre medio y largo\u00bb. Es montado sobre el cami\u00f3n pesado Zafar.<\/p>\n<p style=\"text-align: justify;\"><strong>EE.UU. y el derecho a defenderse<\/strong><\/p>\n<p style=\"text-align: justify;\">Estados Unidos intent\u00f3 impedirle a Ir\u00e1n la adquisici\u00f3n sistemas rusos de lanzamiento de misiles S-300. As\u00ed lo considera el l\u00edder de la Rep\u00fablica Isl\u00e1mica de Ir\u00e1n, el ayatol\u00e1 Jamene\u00ed.<\/p>\n<p style=\"text-align: justify;\">\u00abEl S-300 es un medio defensivo m\u00e1s que de ataque. Sin embargo, EE.UU. hizo todo lo posible para privar a Ir\u00e1n del sistema de misiles antia\u00e9reos\u00bb, declar\u00f3 Jamene\u00ed a la agencia Trend.<\/p>\n<p style=\"text-align: justify;\">Adem\u00e1s, el l\u00edder supremo iran\u00ed afirm\u00f3 que \u00abEstamos enfrentando a un enemigo que ni siquiera reconoce el derecho de nuestra naci\u00f3n a defenderse y de hecho dice: &#8216;Deber\u00edan quedarse indefensos para que podamos atacarlos cuando queramos'\u00bb, sostuvo.<\/p>\n<p style=\"text-align: justify;\"><img decoding=\"async\" class=\"size-medium wp-image-63524 aligncenter\" src=\"http:\/\/wpeditor.rnv.gob.ve\/app\/uploads\/2016\/08\/SISTEMA2-279x300.jpg\" alt=\"\" width=\"279\" height=\"300\" \/><\/p>\n<p style=\"text-align: justify;\"><strong>T\/RT<\/strong><\/p>\n","protected":false},"excerpt":{"rendered":"<p>Ir\u00e1n instal\u00f3 los sistemas de defensa antia\u00e9rea S-300 rusos en el complejo nuclear de Fordow, situado a unos 130 kil\u00f3metros al suroeste de la Teher\u00e1n, informa la agencia de noticias iran\u00ed FNA. El comandante de las Fuerzas de Defensa Antia\u00e9rea de Ir\u00e1n, general Farzad Esmail\u00ed, ha declarado que en estos momentos el complejo de enriquecimiento [&hellip;]<\/p>\n","protected":false},"author":20,"featured_media":63523,"comment_status":"closed","ping_status":"open","sticky":false,"template":"","format":"standard","meta":{"_acf_changed":false,"footnotes":""},"categories":[61],"tags":[1016,82,4158,7814],"class_list":["post-63522","post","type-post","status-publish","format-standard","has-post-thumbnail","hentry","category-internacional","tag-iran","tag-rnv","tag-ruso","tag-sistemas"],"acf":[],"yoast_head":"<!-- This site is optimized with the Yoast SEO plugin v27.4 - https:\/\/yoast.com\/product\/yoast-seo-wordpress\/ -->\n<title>Ir\u00e1n instala los sistemas S-300 rusos - DEV RNV<\/title>\n<meta name=\"robots\" content=\"noindex, follow, max-snippet:-1, max-image-preview:large, max-video-preview:-1\" \/>\n<meta property=\"og:locale\" content=\"es_ES\" \/>\n<meta property=\"og:type\" content=\"article\" \/>\n<meta property=\"og:title\" content=\"Ir\u00e1n instala los sistemas S-300 rusos - DEV RNV\" \/>\n<meta property=\"og:description\" content=\"Ir\u00e1n instal\u00f3 los sistemas de defensa antia\u00e9rea S-300 rusos en el complejo nuclear de Fordow, situado a unos 130 kil\u00f3metros al suroeste de la Teher\u00e1n, informa la agencia de noticias iran\u00ed FNA. El comandante de las Fuerzas de Defensa Antia\u00e9rea de Ir\u00e1n, general Farzad Esmail\u00ed, ha declarado que en estos momentos el complejo de enriquecimiento [&hellip;]\" \/>\n<meta property=\"og:url\" content=\"https:\/\/stage3.rnv.gob.ve\/wp\/iran-instala-los-sistemas-s-300-rusos\/\" \/>\n<meta property=\"og:site_name\" content=\"DEV RNV\" \/>\n<meta property=\"article:publisher\" content=\"https:\/\/www.facebook.com\/RadioNacionaldeVenezuela\" \/>\n<meta property=\"article:published_time\" content=\"2016-08-29T20:34:39+00:00\" \/>\n<meta name=\"author\" content=\"Freddy Hern\u00e1ndez\" \/>\n<meta name=\"twitter:card\" content=\"summary_large_image\" \/>\n<meta name=\"twitter:creator\" content=\"@RNVinformativa\" \/>\n<meta name=\"twitter:site\" content=\"@RNVinformativa\" \/>\n<meta name=\"twitter:label1\" content=\"Escrito por\" \/>\n\t<meta name=\"twitter:data1\" content=\"Freddy Hern\u00e1ndez\" \/>\n\t<meta name=\"twitter:label2\" content=\"Tiempo estimado de lectura\" \/>\n\t<meta name=\"twitter:data2\" content=\"2 minutos\" \/>\n<script type=\"application\/ld+json\" class=\"yoast-schema-graph\">{\"@context\":\"https:\\\/\\\/schema.org\",\"@graph\":[{\"@type\":\"Article\",\"@id\":\"https:\\\/\\\/stage3.rnv.gob.ve\\\/wp\\\/iran-instala-los-sistemas-s-300-rusos\\\/#article\",\"isPartOf\":{\"@id\":\"https:\\\/\\\/stage3.rnv.gob.ve\\\/wp\\\/iran-instala-los-sistemas-s-300-rusos\\\/\"},\"author\":{\"name\":\"Freddy Hern\u00e1ndez\",\"@id\":\"https:\\\/\\\/stage3.rnv.gob.ve\\\/wp\\\/#\\\/schema\\\/person\\\/4bc7a35468448183cef8b950a38aed12\"},\"headline\":\"Ir\u00e1n instala los sistemas S-300 rusos\",\"datePublished\":\"2016-08-29T20:34:39+00:00\",\"mainEntityOfPage\":{\"@id\":\"https:\\\/\\\/stage3.rnv.gob.ve\\\/wp\\\/iran-instala-los-sistemas-s-300-rusos\\\/\"},\"wordCount\":444,\"publisher\":{\"@id\":\"https:\\\/\\\/stage3.rnv.gob.ve\\\/wp\\\/#organization\"},\"image\":{\"@id\":\"https:\\\/\\\/stage3.rnv.gob.ve\\\/wp\\\/iran-instala-los-sistemas-s-300-rusos\\\/#primaryimage\"},\"thumbnailUrl\":\"\",\"keywords\":[\"iran\",\"RNV\",\"ruso\",\"sistemas\"],\"articleSection\":[\"Internacional\"],\"inLanguage\":\"es\"},{\"@type\":\"WebPage\",\"@id\":\"https:\\\/\\\/stage3.rnv.gob.ve\\\/wp\\\/iran-instala-los-sistemas-s-300-rusos\\\/\",\"url\":\"https:\\\/\\\/stage3.rnv.gob.ve\\\/wp\\\/iran-instala-los-sistemas-s-300-rusos\\\/\",\"name\":\"Ir\u00e1n instala los sistemas S-300 rusos - DEV RNV\",\"isPartOf\":{\"@id\":\"https:\\\/\\\/stage3.rnv.gob.ve\\\/wp\\\/#website\"},\"primaryImageOfPage\":{\"@id\":\"https:\\\/\\\/stage3.rnv.gob.ve\\\/wp\\\/iran-instala-los-sistemas-s-300-rusos\\\/#primaryimage\"},\"image\":{\"@id\":\"https:\\\/\\\/stage3.rnv.gob.ve\\\/wp\\\/iran-instala-los-sistemas-s-300-rusos\\\/#primaryimage\"},\"thumbnailUrl\":\"\",\"datePublished\":\"2016-08-29T20:34:39+00:00\",\"breadcrumb\":{\"@id\":\"https:\\\/\\\/stage3.rnv.gob.ve\\\/wp\\\/iran-instala-los-sistemas-s-300-rusos\\\/#breadcrumb\"},\"inLanguage\":\"es\",\"potentialAction\":[{\"@type\":\"ReadAction\",\"target\":[\"https:\\\/\\\/stage3.rnv.gob.ve\\\/wp\\\/iran-instala-los-sistemas-s-300-rusos\\\/\"]}]},{\"@type\":\"ImageObject\",\"inLanguage\":\"es\",\"@id\":\"https:\\\/\\\/stage3.rnv.gob.ve\\\/wp\\\/iran-instala-los-sistemas-s-300-rusos\\\/#primaryimage\",\"url\":\"\",\"contentUrl\":\"\"},{\"@type\":\"BreadcrumbList\",\"@id\":\"https:\\\/\\\/stage3.rnv.gob.ve\\\/wp\\\/iran-instala-los-sistemas-s-300-rusos\\\/#breadcrumb\",\"itemListElement\":[{\"@type\":\"ListItem\",\"position\":1,\"name\":\"Portada\",\"item\":\"https:\\\/\\\/stage3.rnv.gob.ve\\\/wp\\\/\"},{\"@type\":\"ListItem\",\"position\":2,\"name\":\"Ir\u00e1n Instala Los Sistemas S-300 Rusos\"}]},{\"@type\":\"WebSite\",\"@id\":\"https:\\\/\\\/stage3.rnv.gob.ve\\\/wp\\\/#website\",\"url\":\"https:\\\/\\\/stage3.rnv.gob.ve\\\/wp\\\/\",\"name\":\"DEV RNV\",\"description\":\"Radio Nacional de Venezuela C.A.\",\"publisher\":{\"@id\":\"https:\\\/\\\/stage3.rnv.gob.ve\\\/wp\\\/#organization\"},\"potentialAction\":[{\"@type\":\"SearchAction\",\"target\":{\"@type\":\"EntryPoint\",\"urlTemplate\":\"https:\\\/\\\/stage3.rnv.gob.ve\\\/wp\\\/?s={search_term_string}\"},\"query-input\":{\"@type\":\"PropertyValueSpecification\",\"valueRequired\":true,\"valueName\":\"search_term_string\"}}],\"inLanguage\":\"es\"},{\"@type\":\"Organization\",\"@id\":\"https:\\\/\\\/stage3.rnv.gob.ve\\\/wp\\\/#organization\",\"name\":\"Radio Nacional de Venezuela C.A.\",\"url\":\"https:\\\/\\\/stage3.rnv.gob.ve\\\/wp\\\/\",\"logo\":{\"@type\":\"ImageObject\",\"inLanguage\":\"es\",\"@id\":\"https:\\\/\\\/stage3.rnv.gob.ve\\\/wp\\\/#\\\/schema\\\/logo\\\/image\\\/\",\"url\":\"http:\\\/\\\/rnv.ddns.net\\\/prensa\\\/wp-content\\\/uploads\\\/2022\\\/04\\\/rnv-1-300x227-1.jpg\",\"contentUrl\":\"http:\\\/\\\/rnv.ddns.net\\\/prensa\\\/wp-content\\\/uploads\\\/2022\\\/04\\\/rnv-1-300x227-1.jpg\",\"width\":800,\"height\":455,\"caption\":\"Radio Nacional de Venezuela C.A.\"},\"image\":{\"@id\":\"https:\\\/\\\/stage3.rnv.gob.ve\\\/wp\\\/#\\\/schema\\\/logo\\\/image\\\/\"},\"sameAs\":[\"https:\\\/\\\/www.facebook.com\\\/RadioNacionaldeVenezuela\",\"https:\\\/\\\/x.com\\\/RNVinformativa\",\"https:\\\/\\\/www.instagram.com\\\/rnvinformativa\\\/\",\"https:\\\/\\\/www.youtube.com\\\/user\\\/RNVContigo\"]},{\"@type\":\"Person\",\"@id\":\"https:\\\/\\\/stage3.rnv.gob.ve\\\/wp\\\/#\\\/schema\\\/person\\\/4bc7a35468448183cef8b950a38aed12\",\"name\":\"Freddy Hern\u00e1ndez\",\"url\":\"https:\\\/\\\/stage3.rnv.gob.ve\\\/wp\\\/author\\\/freddy_h\\\/\"}]}<\/script>\n<!-- \/ Yoast SEO plugin. -->","yoast_head_json":{"title":"Ir\u00e1n instala los sistemas S-300 rusos - DEV RNV","robots":{"index":"noindex","follow":"follow","max-snippet":"max-snippet:-1","max-image-preview":"max-image-preview:large","max-video-preview":"max-video-preview:-1"},"og_locale":"es_ES","og_type":"article","og_title":"Ir\u00e1n instala los sistemas S-300 rusos - DEV RNV","og_description":"Ir\u00e1n instal\u00f3 los sistemas de defensa antia\u00e9rea S-300 rusos en el complejo nuclear de Fordow, situado a unos 130 kil\u00f3metros al suroeste de la Teher\u00e1n, informa la agencia de noticias iran\u00ed FNA. El comandante de las Fuerzas de Defensa Antia\u00e9rea de Ir\u00e1n, general Farzad Esmail\u00ed, ha declarado que en estos momentos el complejo de enriquecimiento [&hellip;]","og_url":"https:\/\/stage3.rnv.gob.ve\/wp\/iran-instala-los-sistemas-s-300-rusos\/","og_site_name":"DEV RNV","article_publisher":"https:\/\/www.facebook.com\/RadioNacionaldeVenezuela","article_published_time":"2016-08-29T20:34:39+00:00","author":"Freddy Hern\u00e1ndez","twitter_card":"summary_large_image","twitter_creator":"@RNVinformativa","twitter_site":"@RNVinformativa","twitter_misc":{"Escrito por":"Freddy Hern\u00e1ndez","Tiempo estimado de lectura":"2 minutos"},"schema":{"@context":"https:\/\/schema.org","@graph":[{"@type":"Article","@id":"https:\/\/stage3.rnv.gob.ve\/wp\/iran-instala-los-sistemas-s-300-rusos\/#article","isPartOf":{"@id":"https:\/\/stage3.rnv.gob.ve\/wp\/iran-instala-los-sistemas-s-300-rusos\/"},"author":{"name":"Freddy Hern\u00e1ndez","@id":"https:\/\/stage3.rnv.gob.ve\/wp\/#\/schema\/person\/4bc7a35468448183cef8b950a38aed12"},"headline":"Ir\u00e1n instala los sistemas S-300 rusos","datePublished":"2016-08-29T20:34:39+00:00","mainEntityOfPage":{"@id":"https:\/\/stage3.rnv.gob.ve\/wp\/iran-instala-los-sistemas-s-300-rusos\/"},"wordCount":444,"publisher":{"@id":"https:\/\/stage3.rnv.gob.ve\/wp\/#organization"},"image":{"@id":"https:\/\/stage3.rnv.gob.ve\/wp\/iran-instala-los-sistemas-s-300-rusos\/#primaryimage"},"thumbnailUrl":"","keywords":["iran","RNV","ruso","sistemas"],"articleSection":["Internacional"],"inLanguage":"es"},{"@type":"WebPage","@id":"https:\/\/stage3.rnv.gob.ve\/wp\/iran-instala-los-sistemas-s-300-rusos\/","url":"https:\/\/stage3.rnv.gob.ve\/wp\/iran-instala-los-sistemas-s-300-rusos\/","name":"Ir\u00e1n instala los sistemas S-300 rusos - DEV RNV","isPartOf":{"@id":"https:\/\/stage3.rnv.gob.ve\/wp\/#website"},"primaryImageOfPage":{"@id":"https:\/\/stage3.rnv.gob.ve\/wp\/iran-instala-los-sistemas-s-300-rusos\/#primaryimage"},"image":{"@id":"https:\/\/stage3.rnv.gob.ve\/wp\/iran-instala-los-sistemas-s-300-rusos\/#primaryimage"},"thumbnailUrl":"","datePublished":"2016-08-29T20:34:39+00:00","breadcrumb":{"@id":"https:\/\/stage3.rnv.gob.ve\/wp\/iran-instala-los-sistemas-s-300-rusos\/#breadcrumb"},"inLanguage":"es","potentialAction":[{"@type":"ReadAction","target":["https:\/\/stage3.rnv.gob.ve\/wp\/iran-instala-los-sistemas-s-300-rusos\/"]}]},{"@type":"ImageObject","inLanguage":"es","@id":"https:\/\/stage3.rnv.gob.ve\/wp\/iran-instala-los-sistemas-s-300-rusos\/#primaryimage","url":"","contentUrl":""},{"@type":"BreadcrumbList","@id":"https:\/\/stage3.rnv.gob.ve\/wp\/iran-instala-los-sistemas-s-300-rusos\/#breadcrumb","itemListElement":[{"@type":"ListItem","position":1,"name":"Portada","item":"https:\/\/stage3.rnv.gob.ve\/wp\/"},{"@type":"ListItem","position":2,"name":"Ir\u00e1n Instala Los Sistemas S-300 Rusos"}]},{"@type":"WebSite","@id":"https:\/\/stage3.rnv.gob.ve\/wp\/#website","url":"https:\/\/stage3.rnv.gob.ve\/wp\/","name":"DEV RNV","description":"Radio Nacional de Venezuela C.A.","publisher":{"@id":"https:\/\/stage3.rnv.gob.ve\/wp\/#organization"},"potentialAction":[{"@type":"SearchAction","target":{"@type":"EntryPoint","urlTemplate":"https:\/\/stage3.rnv.gob.ve\/wp\/?s={search_term_string}"},"query-input":{"@type":"PropertyValueSpecification","valueRequired":true,"valueName":"search_term_string"}}],"inLanguage":"es"},{"@type":"Organization","@id":"https:\/\/stage3.rnv.gob.ve\/wp\/#organization","name":"Radio Nacional de Venezuela C.A.","url":"https:\/\/stage3.rnv.gob.ve\/wp\/","logo":{"@type":"ImageObject","inLanguage":"es","@id":"https:\/\/stage3.rnv.gob.ve\/wp\/#\/schema\/logo\/image\/","url":"http:\/\/rnv.ddns.net\/prensa\/wp-content\/uploads\/2022\/04\/rnv-1-300x227-1.jpg","contentUrl":"http:\/\/rnv.ddns.net\/prensa\/wp-content\/uploads\/2022\/04\/rnv-1-300x227-1.jpg","width":800,"height":455,"caption":"Radio Nacional de Venezuela C.A."},"image":{"@id":"https:\/\/stage3.rnv.gob.ve\/wp\/#\/schema\/logo\/image\/"},"sameAs":["https:\/\/www.facebook.com\/RadioNacionaldeVenezuela","https:\/\/x.com\/RNVinformativa","https:\/\/www.instagram.com\/rnvinformativa\/","https:\/\/www.youtube.com\/user\/RNVContigo"]},{"@type":"Person","@id":"https:\/\/stage3.rnv.gob.ve\/wp\/#\/schema\/person\/4bc7a35468448183cef8b950a38aed12","name":"Freddy Hern\u00e1ndez","url":"https:\/\/stage3.rnv.gob.ve\/wp\/author\/freddy_h\/"}]}},"jetpack_featured_media_url":"","_links":{"self":[{"href":"https:\/\/stage3.rnv.gob.ve\/wp\/wp-json\/wp\/v2\/posts\/63522","targetHints":{"allow":["GET"]}}],"collection":[{"href":"https:\/\/stage3.rnv.gob.ve\/wp\/wp-json\/wp\/v2\/posts"}],"about":[{"href":"https:\/\/stage3.rnv.gob.ve\/wp\/wp-json\/wp\/v2\/types\/post"}],"author":[{"embeddable":true,"href":"https:\/\/stage3.rnv.gob.ve\/wp\/wp-json\/wp\/v2\/users\/20"}],"replies":[{"embeddable":true,"href":"https:\/\/stage3.rnv.gob.ve\/wp\/wp-json\/wp\/v2\/comments?post=63522"}],"version-history":[{"count":0,"href":"https:\/\/stage3.rnv.gob.ve\/wp\/wp-json\/wp\/v2\/posts\/63522\/revisions"}],"wp:featuredmedia":[{"embeddable":true,"href":"https:\/\/stage3.rnv.gob.ve\/wp\/wp-json\/"}],"wp:attachment":[{"href":"https:\/\/stage3.rnv.gob.ve\/wp\/wp-json\/wp\/v2\/media?parent=63522"}],"wp:term":[{"taxonomy":"category","embeddable":true,"href":"https:\/\/stage3.rnv.gob.ve\/wp\/wp-json\/wp\/v2\/categories?post=63522"},{"taxonomy":"post_tag","embeddable":true,"href":"https:\/\/stage3.rnv.gob.ve\/wp\/wp-json\/wp\/v2\/tags?post=63522"}],"curies":[{"name":"wp","href":"https:\/\/api.w.org\/{rel}","templated":true}]}}