{"id":52778,"date":"2016-07-25T22:17:03","date_gmt":"2016-07-26T02:17:03","guid":{"rendered":"http:\/\/wpeditor.rnv.gob.ve\/?p=52778"},"modified":"2016-07-25T22:17:03","modified_gmt":"2016-07-26T02:17:03","slug":"impactante-asi-fue-la-lucha-del-americano-mas-prominente-del-siglo-xix","status":"publish","type":"post","link":"https:\/\/stage3.rnv.gob.ve\/wp\/impactante-asi-fue-la-lucha-del-americano-mas-prominente-del-siglo-xix\/","title":{"rendered":"\u00a1Impactante! As\u00ed fue la lucha del Americano m\u00e1s prominente del siglo XIX"},"content":{"rendered":"<p style=\"text-align: justify;\"><img fetchpriority=\"high\" decoding=\"async\" class=\"size-medium wp-image-52779 alignleft\" src=\"http:\/\/wpeditor.rnv.gob.ve\/app\/uploads\/2016\/07\/WPBolivar1444x990-300x206.jpg\" alt=\"WPBolivar1444x990\" width=\"300\" height=\"206\" \/><br \/>\nLa BBC elogia y elige a Sim\u00f3n Bol\u00edvar como el Hombre m\u00e1s importante del siglo XIX. \u201cCon s\u00f3lo 47 a\u00f1os de edad pele\u00f3 472 batallas, siendo derrotado s\u00f3lo 6 veces.<\/p>\n<p style=\"text-align: justify;\">Destaca adem\u00e1s el medio de comunicaci\u00f3n europeo, que El Libertador particip\u00f3 en 79 grandes batallas, con el gran riesgo de morir en 25 de ellas.<!--more--><\/p>\n<p>&nbsp;<br \/>\n&nbsp;<br \/>\n<strong>A continuaci\u00f3n conozca m\u00e1s datos interesantes sobre su lucha independentista:<\/strong><br \/>\n&nbsp;<\/p>\n<ul>\n<li>Liber\u00f3 6 naciones, cabalg\u00f3 123 mil kil\u00f3metros, m\u00e1s de lo navegado por Col\u00f3n y Vasco de Gama unidos.<\/li>\n<li>Fue Jefe de Estado de 5 naciones.<\/li>\n<li>Cabalg\u00f3 con la antorcha de la libertad la distancia lineal de 6.500 kil\u00f3metros, que es aproximadamente media vuelta a la Tierra.<\/li>\n<li>Recorri\u00f3 10 veces m\u00e1s que An\u00edbal, 3 veces m\u00e1s que Napole\u00f3n, y el doble de Alejandro Magno.<\/li>\n<li>An\u00edbal Barca fue un general y estadista cartagin\u00e9s, considerado uno de los m\u00e1s grandes estrategas militares de la historia (247 a.C 183 a.C).<\/li>\n<li>Sus ideas de Libertad fueron escritas en 92 proclamas y 2.632 cartas.<\/li>\n<li>Lo mas incre\u00edble es que muchas de ellas fueron dictadas de forma simult\u00e1nea y en diferentes idiomas a distintos secretarios.<\/li>\n<li>El ej\u00e9rcito que comand\u00f3 NUNCA CONQUIST\u00d3, s\u00f3lo LIBER\u00d3\u2026\u201d<\/li>\n<\/ul>\n<p><strong>T\/WEB RNV\/CO<\/strong><\/p>\n","protected":false},"excerpt":{"rendered":"<p>La BBC elogia y elige a Sim\u00f3n Bol\u00edvar como el Hombre m\u00e1s importante del siglo XIX. \u201cCon s\u00f3lo 47 a\u00f1os de edad pele\u00f3 472 batallas, siendo derrotado s\u00f3lo 6 veces. Destaca adem\u00e1s el medio de comunicaci\u00f3n europeo, que El Libertador particip\u00f3 en 79 grandes batallas, con el gran riesgo de morir en 25 de ellas.<\/p>\n","protected":false},"author":10,"featured_media":52779,"comment_status":"closed","ping_status":"open","sticky":false,"template":"","format":"standard","meta":{"_acf_changed":false,"footnotes":""},"categories":[55],"tags":[82,2295],"class_list":["post-52778","post","type-post","status-publish","format-standard","has-post-thumbnail","hentry","category-cultura","tag-rnv","tag-simon-bolivar"],"acf":[],"yoast_head":"<!-- This site is optimized with the Yoast SEO plugin v27.4 - https:\/\/yoast.com\/product\/yoast-seo-wordpress\/ -->\n<title>\u00a1Impactante! As\u00ed fue la lucha del Americano m\u00e1s prominente del siglo XIX - DEV RNV<\/title>\n<meta name=\"robots\" content=\"noindex, follow, max-snippet:-1, max-image-preview:large, max-video-preview:-1\" \/>\n<meta property=\"og:locale\" content=\"es_ES\" \/>\n<meta property=\"og:type\" content=\"article\" \/>\n<meta property=\"og:title\" content=\"\u00a1Impactante! As\u00ed fue la lucha del Americano m\u00e1s prominente del siglo XIX - DEV RNV\" \/>\n<meta property=\"og:description\" content=\"La BBC elogia y elige a Sim\u00f3n Bol\u00edvar como el Hombre m\u00e1s importante del siglo XIX. \u201cCon s\u00f3lo 47 a\u00f1os de edad pele\u00f3 472 batallas, siendo derrotado s\u00f3lo 6 veces. Destaca adem\u00e1s el medio de comunicaci\u00f3n europeo, que El Libertador particip\u00f3 en 79 grandes batallas, con el gran riesgo de morir en 25 de ellas.\" \/>\n<meta property=\"og:url\" content=\"https:\/\/stage3.rnv.gob.ve\/wp\/impactante-asi-fue-la-lucha-del-americano-mas-prominente-del-siglo-xix\/\" \/>\n<meta property=\"og:site_name\" content=\"DEV RNV\" \/>\n<meta property=\"article:publisher\" content=\"https:\/\/www.facebook.com\/RadioNacionaldeVenezuela\" \/>\n<meta property=\"article:published_time\" content=\"2016-07-26T02:17:03+00:00\" \/>\n<meta name=\"author\" content=\"Dayana Nunes\" \/>\n<meta name=\"twitter:card\" content=\"summary_large_image\" \/>\n<meta name=\"twitter:creator\" content=\"@RNVinformativa\" \/>\n<meta name=\"twitter:site\" content=\"@RNVinformativa\" \/>\n<meta name=\"twitter:label1\" content=\"Escrito por\" \/>\n\t<meta name=\"twitter:data1\" content=\"Dayana Nunes\" \/>\n\t<meta name=\"twitter:label2\" content=\"Tiempo estimado de lectura\" \/>\n\t<meta name=\"twitter:data2\" content=\"1 minuto\" \/>\n<script type=\"application\/ld+json\" class=\"yoast-schema-graph\">{\"@context\":\"https:\\\/\\\/schema.org\",\"@graph\":[{\"@type\":\"Article\",\"@id\":\"https:\\\/\\\/stage3.rnv.gob.ve\\\/wp\\\/impactante-asi-fue-la-lucha-del-americano-mas-prominente-del-siglo-xix\\\/#article\",\"isPartOf\":{\"@id\":\"https:\\\/\\\/stage3.rnv.gob.ve\\\/wp\\\/impactante-asi-fue-la-lucha-del-americano-mas-prominente-del-siglo-xix\\\/\"},\"author\":{\"name\":\"Dayana Nunes\",\"@id\":\"https:\\\/\\\/stage3.rnv.gob.ve\\\/wp\\\/#\\\/schema\\\/person\\\/a85503dba8c37ca28ae29ba2db5caf55\"},\"headline\":\"\u00a1Impactante! As\u00ed fue la lucha del Americano m\u00e1s prominente del siglo XIX\",\"datePublished\":\"2016-07-26T02:17:03+00:00\",\"mainEntityOfPage\":{\"@id\":\"https:\\\/\\\/stage3.rnv.gob.ve\\\/wp\\\/impactante-asi-fue-la-lucha-del-americano-mas-prominente-del-siglo-xix\\\/\"},\"wordCount\":223,\"publisher\":{\"@id\":\"https:\\\/\\\/stage3.rnv.gob.ve\\\/wp\\\/#organization\"},\"image\":{\"@id\":\"https:\\\/\\\/stage3.rnv.gob.ve\\\/wp\\\/impactante-asi-fue-la-lucha-del-americano-mas-prominente-del-siglo-xix\\\/#primaryimage\"},\"thumbnailUrl\":\"\",\"keywords\":[\"RNV\",\"Simon Bolivar\"],\"articleSection\":[\"Cultura\"],\"inLanguage\":\"es\"},{\"@type\":\"WebPage\",\"@id\":\"https:\\\/\\\/stage3.rnv.gob.ve\\\/wp\\\/impactante-asi-fue-la-lucha-del-americano-mas-prominente-del-siglo-xix\\\/\",\"url\":\"https:\\\/\\\/stage3.rnv.gob.ve\\\/wp\\\/impactante-asi-fue-la-lucha-del-americano-mas-prominente-del-siglo-xix\\\/\",\"name\":\"\u00a1Impactante! As\u00ed fue la lucha del Americano m\u00e1s prominente del siglo XIX - DEV RNV\",\"isPartOf\":{\"@id\":\"https:\\\/\\\/stage3.rnv.gob.ve\\\/wp\\\/#website\"},\"primaryImageOfPage\":{\"@id\":\"https:\\\/\\\/stage3.rnv.gob.ve\\\/wp\\\/impactante-asi-fue-la-lucha-del-americano-mas-prominente-del-siglo-xix\\\/#primaryimage\"},\"image\":{\"@id\":\"https:\\\/\\\/stage3.rnv.gob.ve\\\/wp\\\/impactante-asi-fue-la-lucha-del-americano-mas-prominente-del-siglo-xix\\\/#primaryimage\"},\"thumbnailUrl\":\"\",\"datePublished\":\"2016-07-26T02:17:03+00:00\",\"breadcrumb\":{\"@id\":\"https:\\\/\\\/stage3.rnv.gob.ve\\\/wp\\\/impactante-asi-fue-la-lucha-del-americano-mas-prominente-del-siglo-xix\\\/#breadcrumb\"},\"inLanguage\":\"es\",\"potentialAction\":[{\"@type\":\"ReadAction\",\"target\":[\"https:\\\/\\\/stage3.rnv.gob.ve\\\/wp\\\/impactante-asi-fue-la-lucha-del-americano-mas-prominente-del-siglo-xix\\\/\"]}]},{\"@type\":\"ImageObject\",\"inLanguage\":\"es\",\"@id\":\"https:\\\/\\\/stage3.rnv.gob.ve\\\/wp\\\/impactante-asi-fue-la-lucha-del-americano-mas-prominente-del-siglo-xix\\\/#primaryimage\",\"url\":\"\",\"contentUrl\":\"\"},{\"@type\":\"BreadcrumbList\",\"@id\":\"https:\\\/\\\/stage3.rnv.gob.ve\\\/wp\\\/impactante-asi-fue-la-lucha-del-americano-mas-prominente-del-siglo-xix\\\/#breadcrumb\",\"itemListElement\":[{\"@type\":\"ListItem\",\"position\":1,\"name\":\"Portada\",\"item\":\"https:\\\/\\\/stage3.rnv.gob.ve\\\/wp\\\/\"},{\"@type\":\"ListItem\",\"position\":2,\"name\":\"\u00a1Impactante! As\u00ed Fue La Lucha Del Americano M\u00e1s Prominente Del Siglo Xix\"}]},{\"@type\":\"WebSite\",\"@id\":\"https:\\\/\\\/stage3.rnv.gob.ve\\\/wp\\\/#website\",\"url\":\"https:\\\/\\\/stage3.rnv.gob.ve\\\/wp\\\/\",\"name\":\"DEV RNV\",\"description\":\"Radio Nacional de Venezuela C.A.\",\"publisher\":{\"@id\":\"https:\\\/\\\/stage3.rnv.gob.ve\\\/wp\\\/#organization\"},\"potentialAction\":[{\"@type\":\"SearchAction\",\"target\":{\"@type\":\"EntryPoint\",\"urlTemplate\":\"https:\\\/\\\/stage3.rnv.gob.ve\\\/wp\\\/?s={search_term_string}\"},\"query-input\":{\"@type\":\"PropertyValueSpecification\",\"valueRequired\":true,\"valueName\":\"search_term_string\"}}],\"inLanguage\":\"es\"},{\"@type\":\"Organization\",\"@id\":\"https:\\\/\\\/stage3.rnv.gob.ve\\\/wp\\\/#organization\",\"name\":\"Radio Nacional de Venezuela C.A.\",\"url\":\"https:\\\/\\\/stage3.rnv.gob.ve\\\/wp\\\/\",\"logo\":{\"@type\":\"ImageObject\",\"inLanguage\":\"es\",\"@id\":\"https:\\\/\\\/stage3.rnv.gob.ve\\\/wp\\\/#\\\/schema\\\/logo\\\/image\\\/\",\"url\":\"http:\\\/\\\/rnv.ddns.net\\\/prensa\\\/wp-content\\\/uploads\\\/2022\\\/04\\\/rnv-1-300x227-1.jpg\",\"contentUrl\":\"http:\\\/\\\/rnv.ddns.net\\\/prensa\\\/wp-content\\\/uploads\\\/2022\\\/04\\\/rnv-1-300x227-1.jpg\",\"width\":800,\"height\":455,\"caption\":\"Radio Nacional de Venezuela C.A.\"},\"image\":{\"@id\":\"https:\\\/\\\/stage3.rnv.gob.ve\\\/wp\\\/#\\\/schema\\\/logo\\\/image\\\/\"},\"sameAs\":[\"https:\\\/\\\/www.facebook.com\\\/RadioNacionaldeVenezuela\",\"https:\\\/\\\/x.com\\\/RNVinformativa\",\"https:\\\/\\\/www.instagram.com\\\/rnvinformativa\\\/\",\"https:\\\/\\\/www.youtube.com\\\/user\\\/RNVContigo\"]},{\"@type\":\"Person\",\"@id\":\"https:\\\/\\\/stage3.rnv.gob.ve\\\/wp\\\/#\\\/schema\\\/person\\\/a85503dba8c37ca28ae29ba2db5caf55\",\"name\":\"Dayana Nunes\",\"url\":\"https:\\\/\\\/stage3.rnv.gob.ve\\\/wp\\\/author\\\/dayana_nunes\\\/\"}]}<\/script>\n<!-- \/ Yoast SEO plugin. -->","yoast_head_json":{"title":"\u00a1Impactante! As\u00ed fue la lucha del Americano m\u00e1s prominente del siglo XIX - DEV RNV","robots":{"index":"noindex","follow":"follow","max-snippet":"max-snippet:-1","max-image-preview":"max-image-preview:large","max-video-preview":"max-video-preview:-1"},"og_locale":"es_ES","og_type":"article","og_title":"\u00a1Impactante! As\u00ed fue la lucha del Americano m\u00e1s prominente del siglo XIX - DEV RNV","og_description":"La BBC elogia y elige a Sim\u00f3n Bol\u00edvar como el Hombre m\u00e1s importante del siglo XIX. \u201cCon s\u00f3lo 47 a\u00f1os de edad pele\u00f3 472 batallas, siendo derrotado s\u00f3lo 6 veces. Destaca adem\u00e1s el medio de comunicaci\u00f3n europeo, que El Libertador particip\u00f3 en 79 grandes batallas, con el gran riesgo de morir en 25 de ellas.","og_url":"https:\/\/stage3.rnv.gob.ve\/wp\/impactante-asi-fue-la-lucha-del-americano-mas-prominente-del-siglo-xix\/","og_site_name":"DEV RNV","article_publisher":"https:\/\/www.facebook.com\/RadioNacionaldeVenezuela","article_published_time":"2016-07-26T02:17:03+00:00","author":"Dayana Nunes","twitter_card":"summary_large_image","twitter_creator":"@RNVinformativa","twitter_site":"@RNVinformativa","twitter_misc":{"Escrito por":"Dayana Nunes","Tiempo estimado de lectura":"1 minuto"},"schema":{"@context":"https:\/\/schema.org","@graph":[{"@type":"Article","@id":"https:\/\/stage3.rnv.gob.ve\/wp\/impactante-asi-fue-la-lucha-del-americano-mas-prominente-del-siglo-xix\/#article","isPartOf":{"@id":"https:\/\/stage3.rnv.gob.ve\/wp\/impactante-asi-fue-la-lucha-del-americano-mas-prominente-del-siglo-xix\/"},"author":{"name":"Dayana Nunes","@id":"https:\/\/stage3.rnv.gob.ve\/wp\/#\/schema\/person\/a85503dba8c37ca28ae29ba2db5caf55"},"headline":"\u00a1Impactante! As\u00ed fue la lucha del Americano m\u00e1s prominente del siglo XIX","datePublished":"2016-07-26T02:17:03+00:00","mainEntityOfPage":{"@id":"https:\/\/stage3.rnv.gob.ve\/wp\/impactante-asi-fue-la-lucha-del-americano-mas-prominente-del-siglo-xix\/"},"wordCount":223,"publisher":{"@id":"https:\/\/stage3.rnv.gob.ve\/wp\/#organization"},"image":{"@id":"https:\/\/stage3.rnv.gob.ve\/wp\/impactante-asi-fue-la-lucha-del-americano-mas-prominente-del-siglo-xix\/#primaryimage"},"thumbnailUrl":"","keywords":["RNV","Simon Bolivar"],"articleSection":["Cultura"],"inLanguage":"es"},{"@type":"WebPage","@id":"https:\/\/stage3.rnv.gob.ve\/wp\/impactante-asi-fue-la-lucha-del-americano-mas-prominente-del-siglo-xix\/","url":"https:\/\/stage3.rnv.gob.ve\/wp\/impactante-asi-fue-la-lucha-del-americano-mas-prominente-del-siglo-xix\/","name":"\u00a1Impactante! As\u00ed fue la lucha del Americano m\u00e1s prominente del siglo XIX - DEV RNV","isPartOf":{"@id":"https:\/\/stage3.rnv.gob.ve\/wp\/#website"},"primaryImageOfPage":{"@id":"https:\/\/stage3.rnv.gob.ve\/wp\/impactante-asi-fue-la-lucha-del-americano-mas-prominente-del-siglo-xix\/#primaryimage"},"image":{"@id":"https:\/\/stage3.rnv.gob.ve\/wp\/impactante-asi-fue-la-lucha-del-americano-mas-prominente-del-siglo-xix\/#primaryimage"},"thumbnailUrl":"","datePublished":"2016-07-26T02:17:03+00:00","breadcrumb":{"@id":"https:\/\/stage3.rnv.gob.ve\/wp\/impactante-asi-fue-la-lucha-del-americano-mas-prominente-del-siglo-xix\/#breadcrumb"},"inLanguage":"es","potentialAction":[{"@type":"ReadAction","target":["https:\/\/stage3.rnv.gob.ve\/wp\/impactante-asi-fue-la-lucha-del-americano-mas-prominente-del-siglo-xix\/"]}]},{"@type":"ImageObject","inLanguage":"es","@id":"https:\/\/stage3.rnv.gob.ve\/wp\/impactante-asi-fue-la-lucha-del-americano-mas-prominente-del-siglo-xix\/#primaryimage","url":"","contentUrl":""},{"@type":"BreadcrumbList","@id":"https:\/\/stage3.rnv.gob.ve\/wp\/impactante-asi-fue-la-lucha-del-americano-mas-prominente-del-siglo-xix\/#breadcrumb","itemListElement":[{"@type":"ListItem","position":1,"name":"Portada","item":"https:\/\/stage3.rnv.gob.ve\/wp\/"},{"@type":"ListItem","position":2,"name":"\u00a1Impactante! As\u00ed Fue La Lucha Del Americano M\u00e1s Prominente Del Siglo Xix"}]},{"@type":"WebSite","@id":"https:\/\/stage3.rnv.gob.ve\/wp\/#website","url":"https:\/\/stage3.rnv.gob.ve\/wp\/","name":"DEV RNV","description":"Radio Nacional de Venezuela C.A.","publisher":{"@id":"https:\/\/stage3.rnv.gob.ve\/wp\/#organization"},"potentialAction":[{"@type":"SearchAction","target":{"@type":"EntryPoint","urlTemplate":"https:\/\/stage3.rnv.gob.ve\/wp\/?s={search_term_string}"},"query-input":{"@type":"PropertyValueSpecification","valueRequired":true,"valueName":"search_term_string"}}],"inLanguage":"es"},{"@type":"Organization","@id":"https:\/\/stage3.rnv.gob.ve\/wp\/#organization","name":"Radio Nacional de Venezuela C.A.","url":"https:\/\/stage3.rnv.gob.ve\/wp\/","logo":{"@type":"ImageObject","inLanguage":"es","@id":"https:\/\/stage3.rnv.gob.ve\/wp\/#\/schema\/logo\/image\/","url":"http:\/\/rnv.ddns.net\/prensa\/wp-content\/uploads\/2022\/04\/rnv-1-300x227-1.jpg","contentUrl":"http:\/\/rnv.ddns.net\/prensa\/wp-content\/uploads\/2022\/04\/rnv-1-300x227-1.jpg","width":800,"height":455,"caption":"Radio Nacional de Venezuela C.A."},"image":{"@id":"https:\/\/stage3.rnv.gob.ve\/wp\/#\/schema\/logo\/image\/"},"sameAs":["https:\/\/www.facebook.com\/RadioNacionaldeVenezuela","https:\/\/x.com\/RNVinformativa","https:\/\/www.instagram.com\/rnvinformativa\/","https:\/\/www.youtube.com\/user\/RNVContigo"]},{"@type":"Person","@id":"https:\/\/stage3.rnv.gob.ve\/wp\/#\/schema\/person\/a85503dba8c37ca28ae29ba2db5caf55","name":"Dayana Nunes","url":"https:\/\/stage3.rnv.gob.ve\/wp\/author\/dayana_nunes\/"}]}},"jetpack_featured_media_url":"","_links":{"self":[{"href":"https:\/\/stage3.rnv.gob.ve\/wp\/wp-json\/wp\/v2\/posts\/52778","targetHints":{"allow":["GET"]}}],"collection":[{"href":"https:\/\/stage3.rnv.gob.ve\/wp\/wp-json\/wp\/v2\/posts"}],"about":[{"href":"https:\/\/stage3.rnv.gob.ve\/wp\/wp-json\/wp\/v2\/types\/post"}],"author":[{"embeddable":true,"href":"https:\/\/stage3.rnv.gob.ve\/wp\/wp-json\/wp\/v2\/users\/10"}],"replies":[{"embeddable":true,"href":"https:\/\/stage3.rnv.gob.ve\/wp\/wp-json\/wp\/v2\/comments?post=52778"}],"version-history":[{"count":0,"href":"https:\/\/stage3.rnv.gob.ve\/wp\/wp-json\/wp\/v2\/posts\/52778\/revisions"}],"wp:featuredmedia":[{"embeddable":true,"href":"https:\/\/stage3.rnv.gob.ve\/wp\/wp-json\/"}],"wp:attachment":[{"href":"https:\/\/stage3.rnv.gob.ve\/wp\/wp-json\/wp\/v2\/media?parent=52778"}],"wp:term":[{"taxonomy":"category","embeddable":true,"href":"https:\/\/stage3.rnv.gob.ve\/wp\/wp-json\/wp\/v2\/categories?post=52778"},{"taxonomy":"post_tag","embeddable":true,"href":"https:\/\/stage3.rnv.gob.ve\/wp\/wp-json\/wp\/v2\/tags?post=52778"}],"curies":[{"name":"wp","href":"https:\/\/api.w.org\/{rel}","templated":true}]}}