{"id":51560,"date":"2016-07-21T23:07:36","date_gmt":"2016-07-22T03:07:36","guid":{"rendered":"http:\/\/wpeditor.rnv.gob.ve\/?p=51560"},"modified":"2016-07-21T23:07:36","modified_gmt":"2016-07-22T03:07:36","slug":"franceses-continuan-protestas-en-las-calles-contra-la-reforma-laboral","status":"publish","type":"post","link":"https:\/\/stage3.rnv.gob.ve\/wp\/franceses-continuan-protestas-en-las-calles-contra-la-reforma-laboral\/","title":{"rendered":"Franceses contin\u00faan protestas en las calles contra la reforma laboral"},"content":{"rendered":"<figure id=\"attachment_51561\" aria-describedby=\"caption-attachment-51561\" style=\"width: 300px\" class=\"wp-caption alignleft\"><img fetchpriority=\"high\" decoding=\"async\" class=\"wp-image-51561 size-medium\" src=\"http:\/\/wpeditor.rnv.gob.ve\/app\/uploads\/2016\/07\/protestasfrancia.jpg_1718483346-300x170.jpg\" alt=\"protestasfrancia.jpg_1718483346\" width=\"300\" height=\"170\" \/><figcaption id=\"caption-attachment-51561\" class=\"wp-caption-text\">Foto: TeleSUR<\/figcaption><\/figure>\n<p style=\"text-align: justify;\">Desde el 9 de marzo los franceses se han volcado a las calles para protestar en contra de la reforma laboral impulsada por el Ejecutivo para \u00abafrontar la crisis de desempleo\u00bb que actualmente vive el pa\u00eds, cuya tasa de paro se sit\u00faa en un 10 por ciento.<\/p>\n<p style=\"text-align: justify;\">Cientos de miles de personas han salido a las calles de Par\u00eds, la capital y otras 200 ciudades, para denunciar la reforma apoyada por el Gobierno.<\/p>\n<p style=\"text-align: justify;\">Los manifestantes consideran la reforma como una medida liberal que perjudica a la clase obrera. En varias ciudades, las marchas acabaron en choques entre manifestantes y fuerzas de seguridad, que recurrieron a gases lacrim\u00f3genos. Es la tercera jornada de protestas contra la reforma en un mes.<\/p>\n<p style=\"text-align: justify;\">\u00bfDe qu\u00e9 se trata la reforma laboral?<\/p>\n<p style=\"text-align: justify;\">La reforma laboral pretende hacer \u00abajustes\u00bb a la jornada laboral de 35 horas por semana, pol\u00edtica introducida en el pa\u00eds en el a\u00f1o 2000 por los socialistas y que se convirti\u00f3 en una estrategia emblem\u00e1tica para el movimiento de izquierda, con el fin de reducir el 10 por ciento de desempleo.<\/p>\n<p style=\"text-align: justify;\">La propuesta para transformar la Ley del Trabajo, entre otras cosas, plantea que se mantenga la jornada de 35 horas laborales a la semana, pero que las empresas organicen calendarios alternativos en temporada alta, para ampliar los turnos a 48 horas semanales y 12 horas al d\u00eda, sin el pago de horas extras, sino que se otorguen m\u00e1s horas de descanso al trabajador.<\/p>\n<p style=\"text-align: justify;\">La principal concesi\u00f3n del Gobierno, luego de ver el alto rechazo del proyecto, fue renunciar a establecer un tope a las indemnizaciones por despido improcedente, sustituido por \u00abun baremo indicativo\u00bb que servir\u00e1 de referencia para los jueces de lo social.<\/p>\n<p style=\"text-align: justify;\">La opini\u00f3n general entre los analistas, los sindicatos y los ciudadanos es que este proyecto provocar\u00e1 m\u00e1s precariedad para los trabajadores.<\/p>\n<p><strong>T\/TeleSur<\/strong><\/p>\n","protected":false},"excerpt":{"rendered":"<p>Desde el 9 de marzo los franceses se han volcado a las calles para protestar en contra de la reforma laboral impulsada por el Ejecutivo para \u00abafrontar la crisis de desempleo\u00bb que actualmente vive el pa\u00eds, cuya tasa de paro se sit\u00faa en un 10 por ciento. Cientos de miles de personas han salido a [&hellip;]<\/p>\n","protected":false},"author":10,"featured_media":51561,"comment_status":"closed","ping_status":"open","sticky":false,"template":"","format":"standard","meta":{"_acf_changed":false,"footnotes":""},"categories":[61],"tags":[1922,2051,82,1989,1618],"class_list":["post-51560","post","type-post","status-publish","format-standard","has-post-thumbnail","hentry","category-internacional","tag-francia","tag-reforma","tag-rnv","tag-telesur","tag-trabajo"],"acf":[],"yoast_head":"<!-- This site is optimized with the Yoast SEO plugin v27.4 - https:\/\/yoast.com\/product\/yoast-seo-wordpress\/ -->\n<title>Franceses contin\u00faan protestas en las calles contra la reforma laboral - DEV RNV<\/title>\n<meta name=\"robots\" content=\"noindex, follow, max-snippet:-1, max-image-preview:large, max-video-preview:-1\" \/>\n<meta property=\"og:locale\" content=\"es_ES\" \/>\n<meta property=\"og:type\" content=\"article\" \/>\n<meta property=\"og:title\" content=\"Franceses contin\u00faan protestas en las calles contra la reforma laboral - DEV RNV\" \/>\n<meta property=\"og:description\" content=\"Desde el 9 de marzo los franceses se han volcado a las calles para protestar en contra de la reforma laboral impulsada por el Ejecutivo para \u00abafrontar la crisis de desempleo\u00bb que actualmente vive el pa\u00eds, cuya tasa de paro se sit\u00faa en un 10 por ciento. Cientos de miles de personas han salido a [&hellip;]\" \/>\n<meta property=\"og:url\" content=\"https:\/\/stage3.rnv.gob.ve\/wp\/franceses-continuan-protestas-en-las-calles-contra-la-reforma-laboral\/\" \/>\n<meta property=\"og:site_name\" content=\"DEV RNV\" \/>\n<meta property=\"article:publisher\" content=\"https:\/\/www.facebook.com\/RadioNacionaldeVenezuela\" \/>\n<meta property=\"article:published_time\" content=\"2016-07-22T03:07:36+00:00\" \/>\n<meta name=\"author\" content=\"Dayana Nunes\" \/>\n<meta name=\"twitter:card\" content=\"summary_large_image\" \/>\n<meta name=\"twitter:creator\" content=\"@RNVinformativa\" \/>\n<meta name=\"twitter:site\" content=\"@RNVinformativa\" \/>\n<meta name=\"twitter:label1\" content=\"Escrito por\" \/>\n\t<meta name=\"twitter:data1\" content=\"Dayana Nunes\" \/>\n\t<meta name=\"twitter:label2\" content=\"Tiempo estimado de lectura\" \/>\n\t<meta name=\"twitter:data2\" content=\"2 minutos\" \/>\n<script type=\"application\/ld+json\" class=\"yoast-schema-graph\">{\"@context\":\"https:\\\/\\\/schema.org\",\"@graph\":[{\"@type\":\"Article\",\"@id\":\"https:\\\/\\\/stage3.rnv.gob.ve\\\/wp\\\/franceses-continuan-protestas-en-las-calles-contra-la-reforma-laboral\\\/#article\",\"isPartOf\":{\"@id\":\"https:\\\/\\\/stage3.rnv.gob.ve\\\/wp\\\/franceses-continuan-protestas-en-las-calles-contra-la-reforma-laboral\\\/\"},\"author\":{\"name\":\"Dayana Nunes\",\"@id\":\"https:\\\/\\\/stage3.rnv.gob.ve\\\/wp\\\/#\\\/schema\\\/person\\\/a85503dba8c37ca28ae29ba2db5caf55\"},\"headline\":\"Franceses contin\u00faan protestas en las calles contra la reforma laboral\",\"datePublished\":\"2016-07-22T03:07:36+00:00\",\"mainEntityOfPage\":{\"@id\":\"https:\\\/\\\/stage3.rnv.gob.ve\\\/wp\\\/franceses-continuan-protestas-en-las-calles-contra-la-reforma-laboral\\\/\"},\"wordCount\":327,\"publisher\":{\"@id\":\"https:\\\/\\\/stage3.rnv.gob.ve\\\/wp\\\/#organization\"},\"image\":{\"@id\":\"https:\\\/\\\/stage3.rnv.gob.ve\\\/wp\\\/franceses-continuan-protestas-en-las-calles-contra-la-reforma-laboral\\\/#primaryimage\"},\"thumbnailUrl\":\"\",\"keywords\":[\"francia\",\"reforma\",\"RNV\",\"telesur\",\"trabajo\"],\"articleSection\":[\"Internacional\"],\"inLanguage\":\"es\"},{\"@type\":\"WebPage\",\"@id\":\"https:\\\/\\\/stage3.rnv.gob.ve\\\/wp\\\/franceses-continuan-protestas-en-las-calles-contra-la-reforma-laboral\\\/\",\"url\":\"https:\\\/\\\/stage3.rnv.gob.ve\\\/wp\\\/franceses-continuan-protestas-en-las-calles-contra-la-reforma-laboral\\\/\",\"name\":\"Franceses contin\u00faan protestas en las calles contra la reforma laboral - DEV RNV\",\"isPartOf\":{\"@id\":\"https:\\\/\\\/stage3.rnv.gob.ve\\\/wp\\\/#website\"},\"primaryImageOfPage\":{\"@id\":\"https:\\\/\\\/stage3.rnv.gob.ve\\\/wp\\\/franceses-continuan-protestas-en-las-calles-contra-la-reforma-laboral\\\/#primaryimage\"},\"image\":{\"@id\":\"https:\\\/\\\/stage3.rnv.gob.ve\\\/wp\\\/franceses-continuan-protestas-en-las-calles-contra-la-reforma-laboral\\\/#primaryimage\"},\"thumbnailUrl\":\"\",\"datePublished\":\"2016-07-22T03:07:36+00:00\",\"breadcrumb\":{\"@id\":\"https:\\\/\\\/stage3.rnv.gob.ve\\\/wp\\\/franceses-continuan-protestas-en-las-calles-contra-la-reforma-laboral\\\/#breadcrumb\"},\"inLanguage\":\"es\",\"potentialAction\":[{\"@type\":\"ReadAction\",\"target\":[\"https:\\\/\\\/stage3.rnv.gob.ve\\\/wp\\\/franceses-continuan-protestas-en-las-calles-contra-la-reforma-laboral\\\/\"]}]},{\"@type\":\"ImageObject\",\"inLanguage\":\"es\",\"@id\":\"https:\\\/\\\/stage3.rnv.gob.ve\\\/wp\\\/franceses-continuan-protestas-en-las-calles-contra-la-reforma-laboral\\\/#primaryimage\",\"url\":\"\",\"contentUrl\":\"\"},{\"@type\":\"BreadcrumbList\",\"@id\":\"https:\\\/\\\/stage3.rnv.gob.ve\\\/wp\\\/franceses-continuan-protestas-en-las-calles-contra-la-reforma-laboral\\\/#breadcrumb\",\"itemListElement\":[{\"@type\":\"ListItem\",\"position\":1,\"name\":\"Portada\",\"item\":\"https:\\\/\\\/stage3.rnv.gob.ve\\\/wp\\\/\"},{\"@type\":\"ListItem\",\"position\":2,\"name\":\"Franceses Contin\u00faan Protestas En Las Calles Contra La Reforma Laboral\"}]},{\"@type\":\"WebSite\",\"@id\":\"https:\\\/\\\/stage3.rnv.gob.ve\\\/wp\\\/#website\",\"url\":\"https:\\\/\\\/stage3.rnv.gob.ve\\\/wp\\\/\",\"name\":\"DEV RNV\",\"description\":\"Radio Nacional de Venezuela C.A.\",\"publisher\":{\"@id\":\"https:\\\/\\\/stage3.rnv.gob.ve\\\/wp\\\/#organization\"},\"potentialAction\":[{\"@type\":\"SearchAction\",\"target\":{\"@type\":\"EntryPoint\",\"urlTemplate\":\"https:\\\/\\\/stage3.rnv.gob.ve\\\/wp\\\/?s={search_term_string}\"},\"query-input\":{\"@type\":\"PropertyValueSpecification\",\"valueRequired\":true,\"valueName\":\"search_term_string\"}}],\"inLanguage\":\"es\"},{\"@type\":\"Organization\",\"@id\":\"https:\\\/\\\/stage3.rnv.gob.ve\\\/wp\\\/#organization\",\"name\":\"Radio Nacional de Venezuela C.A.\",\"url\":\"https:\\\/\\\/stage3.rnv.gob.ve\\\/wp\\\/\",\"logo\":{\"@type\":\"ImageObject\",\"inLanguage\":\"es\",\"@id\":\"https:\\\/\\\/stage3.rnv.gob.ve\\\/wp\\\/#\\\/schema\\\/logo\\\/image\\\/\",\"url\":\"http:\\\/\\\/rnv.ddns.net\\\/prensa\\\/wp-content\\\/uploads\\\/2022\\\/04\\\/rnv-1-300x227-1.jpg\",\"contentUrl\":\"http:\\\/\\\/rnv.ddns.net\\\/prensa\\\/wp-content\\\/uploads\\\/2022\\\/04\\\/rnv-1-300x227-1.jpg\",\"width\":800,\"height\":455,\"caption\":\"Radio Nacional de Venezuela C.A.\"},\"image\":{\"@id\":\"https:\\\/\\\/stage3.rnv.gob.ve\\\/wp\\\/#\\\/schema\\\/logo\\\/image\\\/\"},\"sameAs\":[\"https:\\\/\\\/www.facebook.com\\\/RadioNacionaldeVenezuela\",\"https:\\\/\\\/x.com\\\/RNVinformativa\",\"https:\\\/\\\/www.instagram.com\\\/rnvinformativa\\\/\",\"https:\\\/\\\/www.youtube.com\\\/user\\\/RNVContigo\"]},{\"@type\":\"Person\",\"@id\":\"https:\\\/\\\/stage3.rnv.gob.ve\\\/wp\\\/#\\\/schema\\\/person\\\/a85503dba8c37ca28ae29ba2db5caf55\",\"name\":\"Dayana Nunes\",\"url\":\"https:\\\/\\\/stage3.rnv.gob.ve\\\/wp\\\/author\\\/dayana_nunes\\\/\"}]}<\/script>\n<!-- \/ Yoast SEO plugin. -->","yoast_head_json":{"title":"Franceses contin\u00faan protestas en las calles contra la reforma laboral - DEV RNV","robots":{"index":"noindex","follow":"follow","max-snippet":"max-snippet:-1","max-image-preview":"max-image-preview:large","max-video-preview":"max-video-preview:-1"},"og_locale":"es_ES","og_type":"article","og_title":"Franceses contin\u00faan protestas en las calles contra la reforma laboral - DEV RNV","og_description":"Desde el 9 de marzo los franceses se han volcado a las calles para protestar en contra de la reforma laboral impulsada por el Ejecutivo para \u00abafrontar la crisis de desempleo\u00bb que actualmente vive el pa\u00eds, cuya tasa de paro se sit\u00faa en un 10 por ciento. Cientos de miles de personas han salido a [&hellip;]","og_url":"https:\/\/stage3.rnv.gob.ve\/wp\/franceses-continuan-protestas-en-las-calles-contra-la-reforma-laboral\/","og_site_name":"DEV RNV","article_publisher":"https:\/\/www.facebook.com\/RadioNacionaldeVenezuela","article_published_time":"2016-07-22T03:07:36+00:00","author":"Dayana Nunes","twitter_card":"summary_large_image","twitter_creator":"@RNVinformativa","twitter_site":"@RNVinformativa","twitter_misc":{"Escrito por":"Dayana Nunes","Tiempo estimado de lectura":"2 minutos"},"schema":{"@context":"https:\/\/schema.org","@graph":[{"@type":"Article","@id":"https:\/\/stage3.rnv.gob.ve\/wp\/franceses-continuan-protestas-en-las-calles-contra-la-reforma-laboral\/#article","isPartOf":{"@id":"https:\/\/stage3.rnv.gob.ve\/wp\/franceses-continuan-protestas-en-las-calles-contra-la-reforma-laboral\/"},"author":{"name":"Dayana Nunes","@id":"https:\/\/stage3.rnv.gob.ve\/wp\/#\/schema\/person\/a85503dba8c37ca28ae29ba2db5caf55"},"headline":"Franceses contin\u00faan protestas en las calles contra la reforma laboral","datePublished":"2016-07-22T03:07:36+00:00","mainEntityOfPage":{"@id":"https:\/\/stage3.rnv.gob.ve\/wp\/franceses-continuan-protestas-en-las-calles-contra-la-reforma-laboral\/"},"wordCount":327,"publisher":{"@id":"https:\/\/stage3.rnv.gob.ve\/wp\/#organization"},"image":{"@id":"https:\/\/stage3.rnv.gob.ve\/wp\/franceses-continuan-protestas-en-las-calles-contra-la-reforma-laboral\/#primaryimage"},"thumbnailUrl":"","keywords":["francia","reforma","RNV","telesur","trabajo"],"articleSection":["Internacional"],"inLanguage":"es"},{"@type":"WebPage","@id":"https:\/\/stage3.rnv.gob.ve\/wp\/franceses-continuan-protestas-en-las-calles-contra-la-reforma-laboral\/","url":"https:\/\/stage3.rnv.gob.ve\/wp\/franceses-continuan-protestas-en-las-calles-contra-la-reforma-laboral\/","name":"Franceses contin\u00faan protestas en las calles contra la reforma laboral - DEV RNV","isPartOf":{"@id":"https:\/\/stage3.rnv.gob.ve\/wp\/#website"},"primaryImageOfPage":{"@id":"https:\/\/stage3.rnv.gob.ve\/wp\/franceses-continuan-protestas-en-las-calles-contra-la-reforma-laboral\/#primaryimage"},"image":{"@id":"https:\/\/stage3.rnv.gob.ve\/wp\/franceses-continuan-protestas-en-las-calles-contra-la-reforma-laboral\/#primaryimage"},"thumbnailUrl":"","datePublished":"2016-07-22T03:07:36+00:00","breadcrumb":{"@id":"https:\/\/stage3.rnv.gob.ve\/wp\/franceses-continuan-protestas-en-las-calles-contra-la-reforma-laboral\/#breadcrumb"},"inLanguage":"es","potentialAction":[{"@type":"ReadAction","target":["https:\/\/stage3.rnv.gob.ve\/wp\/franceses-continuan-protestas-en-las-calles-contra-la-reforma-laboral\/"]}]},{"@type":"ImageObject","inLanguage":"es","@id":"https:\/\/stage3.rnv.gob.ve\/wp\/franceses-continuan-protestas-en-las-calles-contra-la-reforma-laboral\/#primaryimage","url":"","contentUrl":""},{"@type":"BreadcrumbList","@id":"https:\/\/stage3.rnv.gob.ve\/wp\/franceses-continuan-protestas-en-las-calles-contra-la-reforma-laboral\/#breadcrumb","itemListElement":[{"@type":"ListItem","position":1,"name":"Portada","item":"https:\/\/stage3.rnv.gob.ve\/wp\/"},{"@type":"ListItem","position":2,"name":"Franceses Contin\u00faan Protestas En Las Calles Contra La Reforma Laboral"}]},{"@type":"WebSite","@id":"https:\/\/stage3.rnv.gob.ve\/wp\/#website","url":"https:\/\/stage3.rnv.gob.ve\/wp\/","name":"DEV RNV","description":"Radio Nacional de Venezuela C.A.","publisher":{"@id":"https:\/\/stage3.rnv.gob.ve\/wp\/#organization"},"potentialAction":[{"@type":"SearchAction","target":{"@type":"EntryPoint","urlTemplate":"https:\/\/stage3.rnv.gob.ve\/wp\/?s={search_term_string}"},"query-input":{"@type":"PropertyValueSpecification","valueRequired":true,"valueName":"search_term_string"}}],"inLanguage":"es"},{"@type":"Organization","@id":"https:\/\/stage3.rnv.gob.ve\/wp\/#organization","name":"Radio Nacional de Venezuela C.A.","url":"https:\/\/stage3.rnv.gob.ve\/wp\/","logo":{"@type":"ImageObject","inLanguage":"es","@id":"https:\/\/stage3.rnv.gob.ve\/wp\/#\/schema\/logo\/image\/","url":"http:\/\/rnv.ddns.net\/prensa\/wp-content\/uploads\/2022\/04\/rnv-1-300x227-1.jpg","contentUrl":"http:\/\/rnv.ddns.net\/prensa\/wp-content\/uploads\/2022\/04\/rnv-1-300x227-1.jpg","width":800,"height":455,"caption":"Radio Nacional de Venezuela C.A."},"image":{"@id":"https:\/\/stage3.rnv.gob.ve\/wp\/#\/schema\/logo\/image\/"},"sameAs":["https:\/\/www.facebook.com\/RadioNacionaldeVenezuela","https:\/\/x.com\/RNVinformativa","https:\/\/www.instagram.com\/rnvinformativa\/","https:\/\/www.youtube.com\/user\/RNVContigo"]},{"@type":"Person","@id":"https:\/\/stage3.rnv.gob.ve\/wp\/#\/schema\/person\/a85503dba8c37ca28ae29ba2db5caf55","name":"Dayana Nunes","url":"https:\/\/stage3.rnv.gob.ve\/wp\/author\/dayana_nunes\/"}]}},"jetpack_featured_media_url":"","_links":{"self":[{"href":"https:\/\/stage3.rnv.gob.ve\/wp\/wp-json\/wp\/v2\/posts\/51560","targetHints":{"allow":["GET"]}}],"collection":[{"href":"https:\/\/stage3.rnv.gob.ve\/wp\/wp-json\/wp\/v2\/posts"}],"about":[{"href":"https:\/\/stage3.rnv.gob.ve\/wp\/wp-json\/wp\/v2\/types\/post"}],"author":[{"embeddable":true,"href":"https:\/\/stage3.rnv.gob.ve\/wp\/wp-json\/wp\/v2\/users\/10"}],"replies":[{"embeddable":true,"href":"https:\/\/stage3.rnv.gob.ve\/wp\/wp-json\/wp\/v2\/comments?post=51560"}],"version-history":[{"count":0,"href":"https:\/\/stage3.rnv.gob.ve\/wp\/wp-json\/wp\/v2\/posts\/51560\/revisions"}],"wp:featuredmedia":[{"embeddable":true,"href":"https:\/\/stage3.rnv.gob.ve\/wp\/wp-json\/"}],"wp:attachment":[{"href":"https:\/\/stage3.rnv.gob.ve\/wp\/wp-json\/wp\/v2\/media?parent=51560"}],"wp:term":[{"taxonomy":"category","embeddable":true,"href":"https:\/\/stage3.rnv.gob.ve\/wp\/wp-json\/wp\/v2\/categories?post=51560"},{"taxonomy":"post_tag","embeddable":true,"href":"https:\/\/stage3.rnv.gob.ve\/wp\/wp-json\/wp\/v2\/tags?post=51560"}],"curies":[{"name":"wp","href":"https:\/\/api.w.org\/{rel}","templated":true}]}}