{"id":49361,"date":"2016-07-15T17:00:04","date_gmt":"2016-07-15T21:00:04","guid":{"rendered":"http:\/\/wpeditor.rnv.gob.ve\/?p=49361"},"modified":"2016-07-15T17:00:04","modified_gmt":"2016-07-15T21:00:04","slug":"nelson-canache-presente-en-campeonato-mexicano-de-la-sv8","status":"publish","type":"post","link":"https:\/\/stage3.rnv.gob.ve\/wp\/nelson-canache-presente-en-campeonato-mexicano-de-la-sv8\/","title":{"rendered":"Nelson Canache presente en Campeonato Mexicano de la SV8"},"content":{"rendered":"<p><img fetchpriority=\"high\" decoding=\"async\" class=\"aligncenter size-full wp-image-49371\" src=\"http:\/\/wpeditor.rnv.gob.ve\/app\/uploads\/2016\/07\/Nelson-Canache.jpg\" alt=\"Nelson Canache\" width=\"577\" height=\"301\" \/><br \/>\nEl criollo Nelson Canache ya est\u00e1 listo para asumir un nuevo reto y lo har\u00e1 este fin de semana cuando corra en el circuito de Pachuca, en el campeonato mexicano de la SV8 de la S\u00faper Copa.<br \/>\nEl venezolano, quien maneja un monoplaza de la escuder\u00eda Canel\u2019s\/Venezuela, ya es considerado uno de los favoritos para llevarse en esta ciudad azteca.<br \/>\n\u201c<em><strong>El de Pachuca es un trazado que conozco y en el que me ha ido muy bien y que me gusta mucho. Es un circuito que me trae muchos recuerdos y en el que he logrado victorias importantes<\/strong><\/em>\u201d, dijo Canache sobre la sexta prueba de la temporada 2016.<br \/>\n<em><strong>Triunfador<\/strong><\/em><br \/>\nCaneche, quien se convirti\u00f3 en el primer campe\u00f3n extranjero en la categor\u00eda m\u00e1s importante de M\u00e9xico, suma este a\u00f1o 291 puntos.<br \/>\n\u201c<em><strong>Estoy muy feliz de los resultados logrados por el equipo Canel\u2019s\/HDI Seguros, sobre todo ese \u00faltimo triunfo en la competencia pasada, ha sido un trabajo de desarrollo y esos podios son gratificante para todos<\/strong><\/em>\u201d, explic\u00f3 Canache.<br \/>\nAl hacer referencia a lo que \u00e9l espera de esta temporada, destac\u00f3 que con orgullo asume el compromiso de llevar los colores de Venezuela en las pistas aztecas.<br \/>\n\u201c<em><strong>Vamos por buen camino soy perseverantes en mis metas para con la SV8 representando los colores de Canel\u2019s\/Venezuela. Esperamos hacer algo positivo en Pachuca<\/strong><\/em>\u201d, se\u00f1al\u00f3 el volante.<br \/>\n<em><strong>Programa<\/strong><\/em><br \/>\nPara este viernes est\u00e1 previsto se lleve a cabo la primera sesi\u00f3n libre de entrenamientos, donde todos los pilotos tendr\u00e1n la oportunidad de conducir sus monoplazas e ir ajust\u00e1ndolos con miras a la carrera.<br \/>\nAl respecto dijo Canache: \u201c<em><strong>Hemos tenido un test en los pasados d\u00edas precisamente en el Aut\u00f3dromo de Pachuca el cual fue muy fruct\u00edfero y de mucho desarrollo para terminar de descifrar y desarrollar el auto, fue grandiosa la comunicaci\u00f3n con Ramiro Fidalgo, mis compa\u00f1eros de Equipo Fredy Tame Jr y Rub\u00e9n Garc\u00eda Jr. as\u00ed como con todos los integrantes de la escuadra Canel\u2019s\/Venezuela hicimos avances y pruebas que me dejaron una gran expectativa y optimismo para esta competencia en Pachuca y el resto del campeonato 2016<\/strong><\/em>\u201d.<br \/>\nContinu\u00f3: \u201c<em><strong>En Pachuca en el 2014 logre r\u00e9cord de pista y Pole Position en la MTCC que era la categor\u00eda estelar De la s\u00faper copa Telcel; detr\u00e1s de eso o m\u00e1s iremos este fin de semana as\u00ed como por el resto de las fechas del presente a\u00f1o<\/strong><\/em>\u201d.<br \/>\nNelson Canache se prepara para el triunfo en Pachuca y volver a colocar el tricolor nacional en lo m\u00e1s alto del podio del automovilismo azteca.<br \/>\n<em><strong>RnvDeporte\/Prensa Nelson Canache\/JEC<\/strong><\/em><\/p>\n","protected":false},"excerpt":{"rendered":"<p>El criollo Nelson Canache ya est\u00e1 listo para asumir un nuevo reto y lo har\u00e1 este fin de semana cuando corra en el circuito de Pachuca, en el campeonato mexicano de la SV8 de la S\u00faper Copa. El venezolano, quien maneja un monoplaza de la escuder\u00eda Canel\u2019s\/Venezuela, ya es considerado uno de los favoritos para [&hellip;]<\/p>\n","protected":false},"author":16,"featured_media":49371,"comment_status":"closed","ping_status":"open","sticky":false,"template":"","format":"standard","meta":{"_acf_changed":false,"footnotes":""},"categories":[56],"tags":[4882,6515,120,82],"class_list":["post-49361","post","type-post","status-publish","format-standard","has-post-thumbnail","hentry","category-deporte","tag-automovilismo","tag-canache","tag-deporte","tag-rnv"],"acf":[],"yoast_head":"<!-- This site is optimized with the Yoast SEO plugin v27.4 - https:\/\/yoast.com\/product\/yoast-seo-wordpress\/ -->\n<title>Nelson Canache presente en Campeonato Mexicano de la SV8 - DEV RNV<\/title>\n<meta name=\"robots\" content=\"noindex, follow, max-snippet:-1, max-image-preview:large, max-video-preview:-1\" \/>\n<meta property=\"og:locale\" content=\"es_ES\" \/>\n<meta property=\"og:type\" content=\"article\" \/>\n<meta property=\"og:title\" content=\"Nelson Canache presente en Campeonato Mexicano de la SV8 - DEV RNV\" \/>\n<meta property=\"og:description\" content=\"El criollo Nelson Canache ya est\u00e1 listo para asumir un nuevo reto y lo har\u00e1 este fin de semana cuando corra en el circuito de Pachuca, en el campeonato mexicano de la SV8 de la S\u00faper Copa. El venezolano, quien maneja un monoplaza de la escuder\u00eda Canel\u2019s\/Venezuela, ya es considerado uno de los favoritos para [&hellip;]\" \/>\n<meta property=\"og:url\" content=\"https:\/\/stage3.rnv.gob.ve\/wp\/nelson-canache-presente-en-campeonato-mexicano-de-la-sv8\/\" \/>\n<meta property=\"og:site_name\" content=\"DEV RNV\" \/>\n<meta property=\"article:publisher\" content=\"https:\/\/www.facebook.com\/RadioNacionaldeVenezuela\" \/>\n<meta property=\"article:published_time\" content=\"2016-07-15T21:00:04+00:00\" \/>\n<meta name=\"author\" content=\"Jonatha Escalante\" \/>\n<meta name=\"twitter:card\" content=\"summary_large_image\" \/>\n<meta name=\"twitter:creator\" content=\"@RNVinformativa\" \/>\n<meta name=\"twitter:site\" content=\"@RNVinformativa\" \/>\n<meta name=\"twitter:label1\" content=\"Escrito por\" \/>\n\t<meta name=\"twitter:data1\" content=\"Jonatha Escalante\" \/>\n\t<meta name=\"twitter:label2\" content=\"Tiempo estimado de lectura\" \/>\n\t<meta name=\"twitter:data2\" content=\"2 minutos\" \/>\n<script type=\"application\/ld+json\" class=\"yoast-schema-graph\">{\"@context\":\"https:\\\/\\\/schema.org\",\"@graph\":[{\"@type\":\"Article\",\"@id\":\"https:\\\/\\\/stage3.rnv.gob.ve\\\/wp\\\/nelson-canache-presente-en-campeonato-mexicano-de-la-sv8\\\/#article\",\"isPartOf\":{\"@id\":\"https:\\\/\\\/stage3.rnv.gob.ve\\\/wp\\\/nelson-canache-presente-en-campeonato-mexicano-de-la-sv8\\\/\"},\"author\":{\"name\":\"Jonatha Escalante\",\"@id\":\"https:\\\/\\\/stage3.rnv.gob.ve\\\/wp\\\/#\\\/schema\\\/person\\\/348f72b27bc2b4f1b1da5e4f9e553e00\"},\"headline\":\"Nelson Canache presente en Campeonato Mexicano de la SV8\",\"datePublished\":\"2016-07-15T21:00:04+00:00\",\"mainEntityOfPage\":{\"@id\":\"https:\\\/\\\/stage3.rnv.gob.ve\\\/wp\\\/nelson-canache-presente-en-campeonato-mexicano-de-la-sv8\\\/\"},\"wordCount\":457,\"publisher\":{\"@id\":\"https:\\\/\\\/stage3.rnv.gob.ve\\\/wp\\\/#organization\"},\"image\":{\"@id\":\"https:\\\/\\\/stage3.rnv.gob.ve\\\/wp\\\/nelson-canache-presente-en-campeonato-mexicano-de-la-sv8\\\/#primaryimage\"},\"thumbnailUrl\":\"\",\"keywords\":[\"automovilismo\",\"canache\",\"deporte\",\"RNV\"],\"articleSection\":[\"Deporte\"],\"inLanguage\":\"es\"},{\"@type\":\"WebPage\",\"@id\":\"https:\\\/\\\/stage3.rnv.gob.ve\\\/wp\\\/nelson-canache-presente-en-campeonato-mexicano-de-la-sv8\\\/\",\"url\":\"https:\\\/\\\/stage3.rnv.gob.ve\\\/wp\\\/nelson-canache-presente-en-campeonato-mexicano-de-la-sv8\\\/\",\"name\":\"Nelson Canache presente en Campeonato Mexicano de la SV8 - DEV RNV\",\"isPartOf\":{\"@id\":\"https:\\\/\\\/stage3.rnv.gob.ve\\\/wp\\\/#website\"},\"primaryImageOfPage\":{\"@id\":\"https:\\\/\\\/stage3.rnv.gob.ve\\\/wp\\\/nelson-canache-presente-en-campeonato-mexicano-de-la-sv8\\\/#primaryimage\"},\"image\":{\"@id\":\"https:\\\/\\\/stage3.rnv.gob.ve\\\/wp\\\/nelson-canache-presente-en-campeonato-mexicano-de-la-sv8\\\/#primaryimage\"},\"thumbnailUrl\":\"\",\"datePublished\":\"2016-07-15T21:00:04+00:00\",\"breadcrumb\":{\"@id\":\"https:\\\/\\\/stage3.rnv.gob.ve\\\/wp\\\/nelson-canache-presente-en-campeonato-mexicano-de-la-sv8\\\/#breadcrumb\"},\"inLanguage\":\"es\",\"potentialAction\":[{\"@type\":\"ReadAction\",\"target\":[\"https:\\\/\\\/stage3.rnv.gob.ve\\\/wp\\\/nelson-canache-presente-en-campeonato-mexicano-de-la-sv8\\\/\"]}]},{\"@type\":\"ImageObject\",\"inLanguage\":\"es\",\"@id\":\"https:\\\/\\\/stage3.rnv.gob.ve\\\/wp\\\/nelson-canache-presente-en-campeonato-mexicano-de-la-sv8\\\/#primaryimage\",\"url\":\"\",\"contentUrl\":\"\"},{\"@type\":\"BreadcrumbList\",\"@id\":\"https:\\\/\\\/stage3.rnv.gob.ve\\\/wp\\\/nelson-canache-presente-en-campeonato-mexicano-de-la-sv8\\\/#breadcrumb\",\"itemListElement\":[{\"@type\":\"ListItem\",\"position\":1,\"name\":\"Portada\",\"item\":\"https:\\\/\\\/stage3.rnv.gob.ve\\\/wp\\\/\"},{\"@type\":\"ListItem\",\"position\":2,\"name\":\"Nelson Canache Presente En Campeonato Mexicano De La Sv8\"}]},{\"@type\":\"WebSite\",\"@id\":\"https:\\\/\\\/stage3.rnv.gob.ve\\\/wp\\\/#website\",\"url\":\"https:\\\/\\\/stage3.rnv.gob.ve\\\/wp\\\/\",\"name\":\"DEV RNV\",\"description\":\"Radio Nacional de Venezuela C.A.\",\"publisher\":{\"@id\":\"https:\\\/\\\/stage3.rnv.gob.ve\\\/wp\\\/#organization\"},\"potentialAction\":[{\"@type\":\"SearchAction\",\"target\":{\"@type\":\"EntryPoint\",\"urlTemplate\":\"https:\\\/\\\/stage3.rnv.gob.ve\\\/wp\\\/?s={search_term_string}\"},\"query-input\":{\"@type\":\"PropertyValueSpecification\",\"valueRequired\":true,\"valueName\":\"search_term_string\"}}],\"inLanguage\":\"es\"},{\"@type\":\"Organization\",\"@id\":\"https:\\\/\\\/stage3.rnv.gob.ve\\\/wp\\\/#organization\",\"name\":\"Radio Nacional de Venezuela C.A.\",\"url\":\"https:\\\/\\\/stage3.rnv.gob.ve\\\/wp\\\/\",\"logo\":{\"@type\":\"ImageObject\",\"inLanguage\":\"es\",\"@id\":\"https:\\\/\\\/stage3.rnv.gob.ve\\\/wp\\\/#\\\/schema\\\/logo\\\/image\\\/\",\"url\":\"http:\\\/\\\/rnv.ddns.net\\\/prensa\\\/wp-content\\\/uploads\\\/2022\\\/04\\\/rnv-1-300x227-1.jpg\",\"contentUrl\":\"http:\\\/\\\/rnv.ddns.net\\\/prensa\\\/wp-content\\\/uploads\\\/2022\\\/04\\\/rnv-1-300x227-1.jpg\",\"width\":800,\"height\":455,\"caption\":\"Radio Nacional de Venezuela C.A.\"},\"image\":{\"@id\":\"https:\\\/\\\/stage3.rnv.gob.ve\\\/wp\\\/#\\\/schema\\\/logo\\\/image\\\/\"},\"sameAs\":[\"https:\\\/\\\/www.facebook.com\\\/RadioNacionaldeVenezuela\",\"https:\\\/\\\/x.com\\\/RNVinformativa\",\"https:\\\/\\\/www.instagram.com\\\/rnvinformativa\\\/\",\"https:\\\/\\\/www.youtube.com\\\/user\\\/RNVContigo\"]},{\"@type\":\"Person\",\"@id\":\"https:\\\/\\\/stage3.rnv.gob.ve\\\/wp\\\/#\\\/schema\\\/person\\\/348f72b27bc2b4f1b1da5e4f9e553e00\",\"name\":\"Jonatha Escalante\",\"url\":\"https:\\\/\\\/stage3.rnv.gob.ve\\\/wp\\\/author\\\/jhonatha_escalante\\\/\"}]}<\/script>\n<!-- \/ Yoast SEO plugin. -->","yoast_head_json":{"title":"Nelson Canache presente en Campeonato Mexicano de la SV8 - DEV RNV","robots":{"index":"noindex","follow":"follow","max-snippet":"max-snippet:-1","max-image-preview":"max-image-preview:large","max-video-preview":"max-video-preview:-1"},"og_locale":"es_ES","og_type":"article","og_title":"Nelson Canache presente en Campeonato Mexicano de la SV8 - DEV RNV","og_description":"El criollo Nelson Canache ya est\u00e1 listo para asumir un nuevo reto y lo har\u00e1 este fin de semana cuando corra en el circuito de Pachuca, en el campeonato mexicano de la SV8 de la S\u00faper Copa. El venezolano, quien maneja un monoplaza de la escuder\u00eda Canel\u2019s\/Venezuela, ya es considerado uno de los favoritos para [&hellip;]","og_url":"https:\/\/stage3.rnv.gob.ve\/wp\/nelson-canache-presente-en-campeonato-mexicano-de-la-sv8\/","og_site_name":"DEV RNV","article_publisher":"https:\/\/www.facebook.com\/RadioNacionaldeVenezuela","article_published_time":"2016-07-15T21:00:04+00:00","author":"Jonatha Escalante","twitter_card":"summary_large_image","twitter_creator":"@RNVinformativa","twitter_site":"@RNVinformativa","twitter_misc":{"Escrito por":"Jonatha Escalante","Tiempo estimado de lectura":"2 minutos"},"schema":{"@context":"https:\/\/schema.org","@graph":[{"@type":"Article","@id":"https:\/\/stage3.rnv.gob.ve\/wp\/nelson-canache-presente-en-campeonato-mexicano-de-la-sv8\/#article","isPartOf":{"@id":"https:\/\/stage3.rnv.gob.ve\/wp\/nelson-canache-presente-en-campeonato-mexicano-de-la-sv8\/"},"author":{"name":"Jonatha Escalante","@id":"https:\/\/stage3.rnv.gob.ve\/wp\/#\/schema\/person\/348f72b27bc2b4f1b1da5e4f9e553e00"},"headline":"Nelson Canache presente en Campeonato Mexicano de la SV8","datePublished":"2016-07-15T21:00:04+00:00","mainEntityOfPage":{"@id":"https:\/\/stage3.rnv.gob.ve\/wp\/nelson-canache-presente-en-campeonato-mexicano-de-la-sv8\/"},"wordCount":457,"publisher":{"@id":"https:\/\/stage3.rnv.gob.ve\/wp\/#organization"},"image":{"@id":"https:\/\/stage3.rnv.gob.ve\/wp\/nelson-canache-presente-en-campeonato-mexicano-de-la-sv8\/#primaryimage"},"thumbnailUrl":"","keywords":["automovilismo","canache","deporte","RNV"],"articleSection":["Deporte"],"inLanguage":"es"},{"@type":"WebPage","@id":"https:\/\/stage3.rnv.gob.ve\/wp\/nelson-canache-presente-en-campeonato-mexicano-de-la-sv8\/","url":"https:\/\/stage3.rnv.gob.ve\/wp\/nelson-canache-presente-en-campeonato-mexicano-de-la-sv8\/","name":"Nelson Canache presente en Campeonato Mexicano de la SV8 - DEV RNV","isPartOf":{"@id":"https:\/\/stage3.rnv.gob.ve\/wp\/#website"},"primaryImageOfPage":{"@id":"https:\/\/stage3.rnv.gob.ve\/wp\/nelson-canache-presente-en-campeonato-mexicano-de-la-sv8\/#primaryimage"},"image":{"@id":"https:\/\/stage3.rnv.gob.ve\/wp\/nelson-canache-presente-en-campeonato-mexicano-de-la-sv8\/#primaryimage"},"thumbnailUrl":"","datePublished":"2016-07-15T21:00:04+00:00","breadcrumb":{"@id":"https:\/\/stage3.rnv.gob.ve\/wp\/nelson-canache-presente-en-campeonato-mexicano-de-la-sv8\/#breadcrumb"},"inLanguage":"es","potentialAction":[{"@type":"ReadAction","target":["https:\/\/stage3.rnv.gob.ve\/wp\/nelson-canache-presente-en-campeonato-mexicano-de-la-sv8\/"]}]},{"@type":"ImageObject","inLanguage":"es","@id":"https:\/\/stage3.rnv.gob.ve\/wp\/nelson-canache-presente-en-campeonato-mexicano-de-la-sv8\/#primaryimage","url":"","contentUrl":""},{"@type":"BreadcrumbList","@id":"https:\/\/stage3.rnv.gob.ve\/wp\/nelson-canache-presente-en-campeonato-mexicano-de-la-sv8\/#breadcrumb","itemListElement":[{"@type":"ListItem","position":1,"name":"Portada","item":"https:\/\/stage3.rnv.gob.ve\/wp\/"},{"@type":"ListItem","position":2,"name":"Nelson Canache Presente En Campeonato Mexicano De La Sv8"}]},{"@type":"WebSite","@id":"https:\/\/stage3.rnv.gob.ve\/wp\/#website","url":"https:\/\/stage3.rnv.gob.ve\/wp\/","name":"DEV RNV","description":"Radio Nacional de Venezuela C.A.","publisher":{"@id":"https:\/\/stage3.rnv.gob.ve\/wp\/#organization"},"potentialAction":[{"@type":"SearchAction","target":{"@type":"EntryPoint","urlTemplate":"https:\/\/stage3.rnv.gob.ve\/wp\/?s={search_term_string}"},"query-input":{"@type":"PropertyValueSpecification","valueRequired":true,"valueName":"search_term_string"}}],"inLanguage":"es"},{"@type":"Organization","@id":"https:\/\/stage3.rnv.gob.ve\/wp\/#organization","name":"Radio Nacional de Venezuela C.A.","url":"https:\/\/stage3.rnv.gob.ve\/wp\/","logo":{"@type":"ImageObject","inLanguage":"es","@id":"https:\/\/stage3.rnv.gob.ve\/wp\/#\/schema\/logo\/image\/","url":"http:\/\/rnv.ddns.net\/prensa\/wp-content\/uploads\/2022\/04\/rnv-1-300x227-1.jpg","contentUrl":"http:\/\/rnv.ddns.net\/prensa\/wp-content\/uploads\/2022\/04\/rnv-1-300x227-1.jpg","width":800,"height":455,"caption":"Radio Nacional de Venezuela C.A."},"image":{"@id":"https:\/\/stage3.rnv.gob.ve\/wp\/#\/schema\/logo\/image\/"},"sameAs":["https:\/\/www.facebook.com\/RadioNacionaldeVenezuela","https:\/\/x.com\/RNVinformativa","https:\/\/www.instagram.com\/rnvinformativa\/","https:\/\/www.youtube.com\/user\/RNVContigo"]},{"@type":"Person","@id":"https:\/\/stage3.rnv.gob.ve\/wp\/#\/schema\/person\/348f72b27bc2b4f1b1da5e4f9e553e00","name":"Jonatha Escalante","url":"https:\/\/stage3.rnv.gob.ve\/wp\/author\/jhonatha_escalante\/"}]}},"jetpack_featured_media_url":"","_links":{"self":[{"href":"https:\/\/stage3.rnv.gob.ve\/wp\/wp-json\/wp\/v2\/posts\/49361","targetHints":{"allow":["GET"]}}],"collection":[{"href":"https:\/\/stage3.rnv.gob.ve\/wp\/wp-json\/wp\/v2\/posts"}],"about":[{"href":"https:\/\/stage3.rnv.gob.ve\/wp\/wp-json\/wp\/v2\/types\/post"}],"author":[{"embeddable":true,"href":"https:\/\/stage3.rnv.gob.ve\/wp\/wp-json\/wp\/v2\/users\/16"}],"replies":[{"embeddable":true,"href":"https:\/\/stage3.rnv.gob.ve\/wp\/wp-json\/wp\/v2\/comments?post=49361"}],"version-history":[{"count":0,"href":"https:\/\/stage3.rnv.gob.ve\/wp\/wp-json\/wp\/v2\/posts\/49361\/revisions"}],"wp:featuredmedia":[{"embeddable":true,"href":"https:\/\/stage3.rnv.gob.ve\/wp\/wp-json\/"}],"wp:attachment":[{"href":"https:\/\/stage3.rnv.gob.ve\/wp\/wp-json\/wp\/v2\/media?parent=49361"}],"wp:term":[{"taxonomy":"category","embeddable":true,"href":"https:\/\/stage3.rnv.gob.ve\/wp\/wp-json\/wp\/v2\/categories?post=49361"},{"taxonomy":"post_tag","embeddable":true,"href":"https:\/\/stage3.rnv.gob.ve\/wp\/wp-json\/wp\/v2\/tags?post=49361"}],"curies":[{"name":"wp","href":"https:\/\/api.w.org\/{rel}","templated":true}]}}