{"id":49314,"date":"2016-07-15T15:51:24","date_gmt":"2016-07-15T19:51:24","guid":{"rendered":"http:\/\/wpeditor.rnv.gob.ve\/?p=49314"},"modified":"2016-07-15T15:51:24","modified_gmt":"2016-07-15T19:51:24","slug":"conozca-que-paso-con-los-medicamentos-que-recolecto-tintori-en-espana","status":"publish","type":"post","link":"https:\/\/stage3.rnv.gob.ve\/wp\/conozca-que-paso-con-los-medicamentos-que-recolecto-tintori-en-espana\/","title":{"rendered":"Conozca qu\u00e9 pas\u00f3 con los medicamentos que recolect\u00f3 Tintori en Espa\u00f1a"},"content":{"rendered":"<p><figure id=\"attachment_49315\" aria-describedby=\"caption-attachment-49315\" style=\"width: 300px\" class=\"wp-caption alignleft\"><img fetchpriority=\"high\" decoding=\"async\" class=\"size-medium wp-image-49315\" src=\"http:\/\/wpeditor.rnv.gob.ve\/app\/uploads\/2016\/07\/Tintori-300x227.jpg\" alt=\"Foto: Archivo\" width=\"300\" height=\"227\" \/><figcaption id=\"caption-attachment-49315\" class=\"wp-caption-text\">Foto: Archivo<\/figcaption><\/figure><br \/>\nLa voluntad de ayuda y solidaridad del pueblo espa\u00f1ol se ha visto vilmente ofendida, luego de que el show de Lilian Tintori en Madrid para la recolecci\u00f3n de insumos y medicamentos que presuntamente traer\u00eda a Venezuela a trav\u00e9s del \u201ccanal humanitario\u201d que lleva semanas exigiendo abrir a trav\u00e9s de su gira \u201cRescate Venezuela\u201d (que ha aperturado la violencia, en lugar de la ayuda humanitaria\u201d, contin\u00faan en la ciudad espa\u00f1ola, tras haber pasado por un gran conflicto entre las partes involucradas de la recolecci\u00f3n y el almacenamiento.<!--more--><br \/>\nEn la convocatoria los responsables del evento que se llev\u00f3 a cabo en la madrile\u00f1a Puerta del Sol el pasado 7 de junio, contaron con la presencia de pol\u00edticos espa\u00f1oles que se encontraban en plena campa\u00f1a buscando publicidad y artistas que quer\u00edan exactamente lo mismo, tal comoAlbert Rivera, presidente de Podemos y el cantante Carlos Baute.<br \/>\nEn el evento llovieron las fotos que luego se divulgaron a trav\u00e9s de las redes sociales, abrazados, con el tricolor patrio, con las medicinas donadas, etc, sin embargo, cuando la magia acab\u00f3, comenz\u00f3 el problema, ya que resulta que ninguno de los organizadores previ\u00f3 que alguien creer\u00eda en su farsa y se acercar\u00edan miles de ciudadanos madrile\u00f1os y de venezolanos que hacen vida en esa ciudad a aportar lo que consideraban su grano de arena para ayudar a Venezuela. Asimismo, la Fundaci\u00f3n Cofares, que entrega de manera directa medicamentos, se hizo presente y colabor\u00f3.<br \/>\nPor tal motivo, les llovieron cajas y cajas de insumos m\u00e9dicos como jeringas, gasas y bolsas de colostom\u00edas, as\u00ed como de medicamentos para cualquier cantidad de patolog\u00edas, entre las que se incluyen tratamientos oncol\u00f3gicos, antihipertensivos y para diab\u00e9ticos, considerados los m\u00e1s urgentes para enviar. Del mismo modo, se recolectaron cantidades de pa\u00f1ales para ni\u00f1os y adultos, empapadores (protectores impermeables de cama) y f\u00f3rmulas l\u00e1cteas para beb\u00e9s.<br \/>\nLa log\u00edstica debi\u00f3 estar organizada por los miembros de la Asociaci\u00f3n Espa\u00f1ola Venezolana por la Democracia (Aseved), antes conocidos por Movimiento Antipodemos, yVenezolanos por Espa\u00f1a (Venesp), quienes estaban al frente de la convocatoria, pero como no consiguieron una respuesta efectiva para almacenar todo lo conseguido, entr\u00f3 en la escena Pedro Aparicio, due\u00f1o de un diario opositor espa\u00f1ol llamado Correo del Orinoco, que nada tiene que ver con su tocayo venezolano, ni por su l\u00ednea editorial, ni por el financiamiento.<br \/>\nEn un acto que en principio se calific\u00f3 de buena fe, Aparicio ofreci\u00f3 un espacio en la sede de su medio para resguardar los medicamentos, en un plazo que se supon\u00eda no exceder\u00eda las 24 horas, puesto que ese fue el tiempo acordado en principio por la condici\u00f3n urgente del env\u00edo a Venezuela antes de que caducaran los insumos.<br \/>\nDebido a la cantidad de cajas y el volumen que estas ocupaban, tuvieron que habilitar una sala exclusivamente para este almacenamiento, un espacio que seg\u00fan cuenta Aparicio es utilizado para la solidaridad en ocasiones, pero que tambi\u00e9n se alquila para producirle ingresos a su familia, por lo que estuvo m\u00e1s de un mes sin poderse utilizar.<br \/>\nPor este mismo tiempo que tuvieron los medicamentos en espera, muchos de ellos comenzaron a vencerse, pues la mayor\u00eda no eran medicinas nuevas compradas en una farmacia, sino que ven\u00edan donadas con buena voluntad por alguna familia que culmin\u00f3 un tratamiento y le qued\u00f3 un sobrante<br \/>\n\u201cUn porcentaje de los medicamentos que estaban preparados para que hubiesen salido esa misma semana no nos dejaron enviarlos, se quedaron ac\u00e1 y caducaron. Eran insumos, papillas y preparados para neonatos y de la misma manera que eso se qued\u00f3 aqu\u00ed, se fueron quedando los medicamentos atrasados\u201d, explica Aparicio.<br \/>\nLo cumbre de esta situaci\u00f3n, fue que el mismo se\u00f1or Pedro Aparicio, seg\u00fan declaraciones que ofreci\u00f3 en su propio diario, se puso a la orden para realizar el env\u00edo a Venezuela asumiendo de su bolsillo el costo, pues el fin de tener esta cantidad de medicamentos, era enviar ayuda, no que se pudrieran en un dep\u00f3sito, o se comenzaran a distribuir en Espa\u00f1a, como tuvo que hacer con algunos insumos, para que luego lo acusaran de robo.<br \/>\nSeg\u00fan la versi\u00f3n que publica el portal La Marea, junto con Luis Manresa, presidente de laMesa de Unidad Democr\u00e1tica (MUD) en Madrid, Aparicio dispuso utilizar varios de los materiales recogidos, sobre todo pa\u00f1ales, para entregarlos a alguien que los distribuyera por Madrid entre los venezolanos residentes all\u00ed. Y aparece en la historia Alberto Casillas, a quien se le entregaron los pa\u00f1ales para que los repartiera entre venezolanos desde el restaurante que ahora regenta en el barrio de Arg\u00fcelles.<br \/>\nEl propio Casillas as\u00ed lo reconoci\u00f3 en su perfil de Facebook, donde hac\u00eda publicidad de todas las entregas que iba haciendo, luego de que lo responsabilizaran del robo de estos materiales: \u201cEl 21 de junio yo publiqu\u00e9 en mi muro el agradecimiento por el donativo de pa\u00f1ales que me hab\u00edan otorgado los organizadores de la recolecci\u00f3n de medicinas para ser distribuidos en Madrid\u201d.<br \/>\nA partir de all\u00ed, se teji\u00f3 una red de dimes y diretes, donde se acusaba a Aparicio de ladr\u00f3n y de chantajista, por haber utilizado los insumos para pedir una entrevista con Tintori para su diario, mientras que Aparicio hac\u00eda referencia a la ineficiencia de los activistas de culminar la operaci\u00f3n que llamaron humanitaria porque todo lo que ten\u00edan en mente era el show y la publicidad y una vez que esto pas\u00f3, se olvidaron de todo lo dem\u00e1s.<br \/>\nEl final del conflicto se dio, luego de que Vanessa Pineda (Aseved) consigui\u00f3 un local de 450 m2 que les cedi\u00f3 la Consejer\u00eda de Pol\u00edticas Sociales de la Comunidad de Madrid junto al Estadio Vicente Calder\u00f3n en el Paseo Quince de Mayo, para trasladar todo el material hasta all\u00e1, donde aun permanece. Supuestamente este martes 12 de julio se har\u00eda el traslado de los primeros 300 kilogramos, pero a la fecha no se conoce cu\u00e1l fue el destino de los medicamentos.<br \/>\nAsimismo, se conoci\u00f3 que la verdadera cifra de insumos recolectados, no fue de 7 ni de 9 toneladas como difundieron algunos medios, pues en declaraciones de Aparicio, quien tuvo acceso a las cajas y a su clasificaci\u00f3n, el contenido total no pasaba de 1 tonelada.<br \/>\n\u00bfSer\u00e1 entonces que la excusa del canal humanitario de Tintori era para no pagar el flete hasta Venezuela, que cotiza alrededor de los siete euros por kilo? \u00bfO por armar el show de que elGobierno Nacional no quiere la ayuda porque viola los derechos humanos? Porque recordemos que el mismo Aparicio se ofreci\u00f3 a pagar por el env\u00edo, lo que se traduce en 7 mil euros.<br \/>\n<strong>T\/ConElMazoDando\/La Radio del Sur<\/strong><\/p>\n","protected":false},"excerpt":{"rendered":"<p>La voluntad de ayuda y solidaridad del pueblo espa\u00f1ol se ha visto vilmente ofendida, luego de que el show de Lilian Tintori en Madrid para la recolecci\u00f3n de insumos y medicamentos que presuntamente traer\u00eda a Venezuela a trav\u00e9s del \u201ccanal humanitario\u201d que lleva semanas exigiendo abrir a trav\u00e9s de su gira \u201cRescate Venezuela\u201d (que ha [&hellip;]<\/p>\n","protected":false},"author":20,"featured_media":49315,"comment_status":"closed","ping_status":"open","sticky":false,"template":"","format":"standard","meta":{"_acf_changed":false,"footnotes":""},"categories":[65],"tags":[272,1279,82,6509],"class_list":["post-49314","post","type-post","status-publish","format-standard","has-post-thumbnail","hentry","category-nacional","tag-espana","tag-medicamentos","tag-rnv","tag-tintori"],"acf":[],"yoast_head":"<!-- This site is optimized with the Yoast SEO plugin v27.4 - https:\/\/yoast.com\/product\/yoast-seo-wordpress\/ -->\n<title>Conozca qu\u00e9 pas\u00f3 con los medicamentos que recolect\u00f3 Tintori en Espa\u00f1a - DEV RNV<\/title>\n<meta name=\"robots\" content=\"noindex, follow, max-snippet:-1, max-image-preview:large, max-video-preview:-1\" \/>\n<meta property=\"og:locale\" content=\"es_ES\" \/>\n<meta property=\"og:type\" content=\"article\" \/>\n<meta property=\"og:title\" content=\"Conozca qu\u00e9 pas\u00f3 con los medicamentos que recolect\u00f3 Tintori en Espa\u00f1a - DEV RNV\" \/>\n<meta property=\"og:description\" content=\"La voluntad de ayuda y solidaridad del pueblo espa\u00f1ol se ha visto vilmente ofendida, luego de que el show de Lilian Tintori en Madrid para la recolecci\u00f3n de insumos y medicamentos que presuntamente traer\u00eda a Venezuela a trav\u00e9s del \u201ccanal humanitario\u201d que lleva semanas exigiendo abrir a trav\u00e9s de su gira \u201cRescate Venezuela\u201d (que ha [&hellip;]\" \/>\n<meta property=\"og:url\" content=\"https:\/\/stage3.rnv.gob.ve\/wp\/conozca-que-paso-con-los-medicamentos-que-recolecto-tintori-en-espana\/\" \/>\n<meta property=\"og:site_name\" content=\"DEV RNV\" \/>\n<meta property=\"article:publisher\" content=\"https:\/\/www.facebook.com\/RadioNacionaldeVenezuela\" \/>\n<meta property=\"article:published_time\" content=\"2016-07-15T19:51:24+00:00\" \/>\n<meta name=\"author\" content=\"Freddy Hern\u00e1ndez\" \/>\n<meta name=\"twitter:card\" content=\"summary_large_image\" \/>\n<meta name=\"twitter:creator\" content=\"@RNVinformativa\" \/>\n<meta name=\"twitter:site\" content=\"@RNVinformativa\" \/>\n<meta name=\"twitter:label1\" content=\"Escrito por\" \/>\n\t<meta name=\"twitter:data1\" content=\"Freddy Hern\u00e1ndez\" \/>\n\t<meta name=\"twitter:label2\" content=\"Tiempo estimado de lectura\" \/>\n\t<meta name=\"twitter:data2\" content=\"6 minutos\" \/>\n<script type=\"application\/ld+json\" class=\"yoast-schema-graph\">{\"@context\":\"https:\\\/\\\/schema.org\",\"@graph\":[{\"@type\":\"Article\",\"@id\":\"https:\\\/\\\/stage3.rnv.gob.ve\\\/wp\\\/conozca-que-paso-con-los-medicamentos-que-recolecto-tintori-en-espana\\\/#article\",\"isPartOf\":{\"@id\":\"https:\\\/\\\/stage3.rnv.gob.ve\\\/wp\\\/conozca-que-paso-con-los-medicamentos-que-recolecto-tintori-en-espana\\\/\"},\"author\":{\"name\":\"Freddy Hern\u00e1ndez\",\"@id\":\"https:\\\/\\\/stage3.rnv.gob.ve\\\/wp\\\/#\\\/schema\\\/person\\\/4bc7a35468448183cef8b950a38aed12\"},\"headline\":\"Conozca qu\u00e9 pas\u00f3 con los medicamentos que recolect\u00f3 Tintori en Espa\u00f1a\",\"datePublished\":\"2016-07-15T19:51:24+00:00\",\"mainEntityOfPage\":{\"@id\":\"https:\\\/\\\/stage3.rnv.gob.ve\\\/wp\\\/conozca-que-paso-con-los-medicamentos-que-recolecto-tintori-en-espana\\\/\"},\"wordCount\":1170,\"publisher\":{\"@id\":\"https:\\\/\\\/stage3.rnv.gob.ve\\\/wp\\\/#organization\"},\"image\":{\"@id\":\"https:\\\/\\\/stage3.rnv.gob.ve\\\/wp\\\/conozca-que-paso-con-los-medicamentos-que-recolecto-tintori-en-espana\\\/#primaryimage\"},\"thumbnailUrl\":\"\",\"keywords\":[\"espa\u00f1a\",\"medicamentos\",\"RNV\",\"tintori\"],\"articleSection\":[\"Nacional\"],\"inLanguage\":\"es\"},{\"@type\":\"WebPage\",\"@id\":\"https:\\\/\\\/stage3.rnv.gob.ve\\\/wp\\\/conozca-que-paso-con-los-medicamentos-que-recolecto-tintori-en-espana\\\/\",\"url\":\"https:\\\/\\\/stage3.rnv.gob.ve\\\/wp\\\/conozca-que-paso-con-los-medicamentos-que-recolecto-tintori-en-espana\\\/\",\"name\":\"Conozca qu\u00e9 pas\u00f3 con los medicamentos que recolect\u00f3 Tintori en Espa\u00f1a - DEV RNV\",\"isPartOf\":{\"@id\":\"https:\\\/\\\/stage3.rnv.gob.ve\\\/wp\\\/#website\"},\"primaryImageOfPage\":{\"@id\":\"https:\\\/\\\/stage3.rnv.gob.ve\\\/wp\\\/conozca-que-paso-con-los-medicamentos-que-recolecto-tintori-en-espana\\\/#primaryimage\"},\"image\":{\"@id\":\"https:\\\/\\\/stage3.rnv.gob.ve\\\/wp\\\/conozca-que-paso-con-los-medicamentos-que-recolecto-tintori-en-espana\\\/#primaryimage\"},\"thumbnailUrl\":\"\",\"datePublished\":\"2016-07-15T19:51:24+00:00\",\"breadcrumb\":{\"@id\":\"https:\\\/\\\/stage3.rnv.gob.ve\\\/wp\\\/conozca-que-paso-con-los-medicamentos-que-recolecto-tintori-en-espana\\\/#breadcrumb\"},\"inLanguage\":\"es\",\"potentialAction\":[{\"@type\":\"ReadAction\",\"target\":[\"https:\\\/\\\/stage3.rnv.gob.ve\\\/wp\\\/conozca-que-paso-con-los-medicamentos-que-recolecto-tintori-en-espana\\\/\"]}]},{\"@type\":\"ImageObject\",\"inLanguage\":\"es\",\"@id\":\"https:\\\/\\\/stage3.rnv.gob.ve\\\/wp\\\/conozca-que-paso-con-los-medicamentos-que-recolecto-tintori-en-espana\\\/#primaryimage\",\"url\":\"\",\"contentUrl\":\"\"},{\"@type\":\"BreadcrumbList\",\"@id\":\"https:\\\/\\\/stage3.rnv.gob.ve\\\/wp\\\/conozca-que-paso-con-los-medicamentos-que-recolecto-tintori-en-espana\\\/#breadcrumb\",\"itemListElement\":[{\"@type\":\"ListItem\",\"position\":1,\"name\":\"Portada\",\"item\":\"https:\\\/\\\/stage3.rnv.gob.ve\\\/wp\\\/\"},{\"@type\":\"ListItem\",\"position\":2,\"name\":\"Conozca Qu\u00e9 Pas\u00f3 Con Los Medicamentos Que Recolect\u00f3 Tintori En Espa\u00f1a\"}]},{\"@type\":\"WebSite\",\"@id\":\"https:\\\/\\\/stage3.rnv.gob.ve\\\/wp\\\/#website\",\"url\":\"https:\\\/\\\/stage3.rnv.gob.ve\\\/wp\\\/\",\"name\":\"DEV RNV\",\"description\":\"Radio Nacional de Venezuela C.A.\",\"publisher\":{\"@id\":\"https:\\\/\\\/stage3.rnv.gob.ve\\\/wp\\\/#organization\"},\"potentialAction\":[{\"@type\":\"SearchAction\",\"target\":{\"@type\":\"EntryPoint\",\"urlTemplate\":\"https:\\\/\\\/stage3.rnv.gob.ve\\\/wp\\\/?s={search_term_string}\"},\"query-input\":{\"@type\":\"PropertyValueSpecification\",\"valueRequired\":true,\"valueName\":\"search_term_string\"}}],\"inLanguage\":\"es\"},{\"@type\":\"Organization\",\"@id\":\"https:\\\/\\\/stage3.rnv.gob.ve\\\/wp\\\/#organization\",\"name\":\"Radio Nacional de Venezuela C.A.\",\"url\":\"https:\\\/\\\/stage3.rnv.gob.ve\\\/wp\\\/\",\"logo\":{\"@type\":\"ImageObject\",\"inLanguage\":\"es\",\"@id\":\"https:\\\/\\\/stage3.rnv.gob.ve\\\/wp\\\/#\\\/schema\\\/logo\\\/image\\\/\",\"url\":\"http:\\\/\\\/rnv.ddns.net\\\/prensa\\\/wp-content\\\/uploads\\\/2022\\\/04\\\/rnv-1-300x227-1.jpg\",\"contentUrl\":\"http:\\\/\\\/rnv.ddns.net\\\/prensa\\\/wp-content\\\/uploads\\\/2022\\\/04\\\/rnv-1-300x227-1.jpg\",\"width\":800,\"height\":455,\"caption\":\"Radio Nacional de Venezuela C.A.\"},\"image\":{\"@id\":\"https:\\\/\\\/stage3.rnv.gob.ve\\\/wp\\\/#\\\/schema\\\/logo\\\/image\\\/\"},\"sameAs\":[\"https:\\\/\\\/www.facebook.com\\\/RadioNacionaldeVenezuela\",\"https:\\\/\\\/x.com\\\/RNVinformativa\",\"https:\\\/\\\/www.instagram.com\\\/rnvinformativa\\\/\",\"https:\\\/\\\/www.youtube.com\\\/user\\\/RNVContigo\"]},{\"@type\":\"Person\",\"@id\":\"https:\\\/\\\/stage3.rnv.gob.ve\\\/wp\\\/#\\\/schema\\\/person\\\/4bc7a35468448183cef8b950a38aed12\",\"name\":\"Freddy Hern\u00e1ndez\",\"url\":\"https:\\\/\\\/stage3.rnv.gob.ve\\\/wp\\\/author\\\/freddy_h\\\/\"}]}<\/script>\n<!-- \/ Yoast SEO plugin. -->","yoast_head_json":{"title":"Conozca qu\u00e9 pas\u00f3 con los medicamentos que recolect\u00f3 Tintori en Espa\u00f1a - DEV RNV","robots":{"index":"noindex","follow":"follow","max-snippet":"max-snippet:-1","max-image-preview":"max-image-preview:large","max-video-preview":"max-video-preview:-1"},"og_locale":"es_ES","og_type":"article","og_title":"Conozca qu\u00e9 pas\u00f3 con los medicamentos que recolect\u00f3 Tintori en Espa\u00f1a - DEV RNV","og_description":"La voluntad de ayuda y solidaridad del pueblo espa\u00f1ol se ha visto vilmente ofendida, luego de que el show de Lilian Tintori en Madrid para la recolecci\u00f3n de insumos y medicamentos que presuntamente traer\u00eda a Venezuela a trav\u00e9s del \u201ccanal humanitario\u201d que lleva semanas exigiendo abrir a trav\u00e9s de su gira \u201cRescate Venezuela\u201d (que ha [&hellip;]","og_url":"https:\/\/stage3.rnv.gob.ve\/wp\/conozca-que-paso-con-los-medicamentos-que-recolecto-tintori-en-espana\/","og_site_name":"DEV RNV","article_publisher":"https:\/\/www.facebook.com\/RadioNacionaldeVenezuela","article_published_time":"2016-07-15T19:51:24+00:00","author":"Freddy Hern\u00e1ndez","twitter_card":"summary_large_image","twitter_creator":"@RNVinformativa","twitter_site":"@RNVinformativa","twitter_misc":{"Escrito por":"Freddy Hern\u00e1ndez","Tiempo estimado de lectura":"6 minutos"},"schema":{"@context":"https:\/\/schema.org","@graph":[{"@type":"Article","@id":"https:\/\/stage3.rnv.gob.ve\/wp\/conozca-que-paso-con-los-medicamentos-que-recolecto-tintori-en-espana\/#article","isPartOf":{"@id":"https:\/\/stage3.rnv.gob.ve\/wp\/conozca-que-paso-con-los-medicamentos-que-recolecto-tintori-en-espana\/"},"author":{"name":"Freddy Hern\u00e1ndez","@id":"https:\/\/stage3.rnv.gob.ve\/wp\/#\/schema\/person\/4bc7a35468448183cef8b950a38aed12"},"headline":"Conozca qu\u00e9 pas\u00f3 con los medicamentos que recolect\u00f3 Tintori en Espa\u00f1a","datePublished":"2016-07-15T19:51:24+00:00","mainEntityOfPage":{"@id":"https:\/\/stage3.rnv.gob.ve\/wp\/conozca-que-paso-con-los-medicamentos-que-recolecto-tintori-en-espana\/"},"wordCount":1170,"publisher":{"@id":"https:\/\/stage3.rnv.gob.ve\/wp\/#organization"},"image":{"@id":"https:\/\/stage3.rnv.gob.ve\/wp\/conozca-que-paso-con-los-medicamentos-que-recolecto-tintori-en-espana\/#primaryimage"},"thumbnailUrl":"","keywords":["espa\u00f1a","medicamentos","RNV","tintori"],"articleSection":["Nacional"],"inLanguage":"es"},{"@type":"WebPage","@id":"https:\/\/stage3.rnv.gob.ve\/wp\/conozca-que-paso-con-los-medicamentos-que-recolecto-tintori-en-espana\/","url":"https:\/\/stage3.rnv.gob.ve\/wp\/conozca-que-paso-con-los-medicamentos-que-recolecto-tintori-en-espana\/","name":"Conozca qu\u00e9 pas\u00f3 con los medicamentos que recolect\u00f3 Tintori en Espa\u00f1a - DEV RNV","isPartOf":{"@id":"https:\/\/stage3.rnv.gob.ve\/wp\/#website"},"primaryImageOfPage":{"@id":"https:\/\/stage3.rnv.gob.ve\/wp\/conozca-que-paso-con-los-medicamentos-que-recolecto-tintori-en-espana\/#primaryimage"},"image":{"@id":"https:\/\/stage3.rnv.gob.ve\/wp\/conozca-que-paso-con-los-medicamentos-que-recolecto-tintori-en-espana\/#primaryimage"},"thumbnailUrl":"","datePublished":"2016-07-15T19:51:24+00:00","breadcrumb":{"@id":"https:\/\/stage3.rnv.gob.ve\/wp\/conozca-que-paso-con-los-medicamentos-que-recolecto-tintori-en-espana\/#breadcrumb"},"inLanguage":"es","potentialAction":[{"@type":"ReadAction","target":["https:\/\/stage3.rnv.gob.ve\/wp\/conozca-que-paso-con-los-medicamentos-que-recolecto-tintori-en-espana\/"]}]},{"@type":"ImageObject","inLanguage":"es","@id":"https:\/\/stage3.rnv.gob.ve\/wp\/conozca-que-paso-con-los-medicamentos-que-recolecto-tintori-en-espana\/#primaryimage","url":"","contentUrl":""},{"@type":"BreadcrumbList","@id":"https:\/\/stage3.rnv.gob.ve\/wp\/conozca-que-paso-con-los-medicamentos-que-recolecto-tintori-en-espana\/#breadcrumb","itemListElement":[{"@type":"ListItem","position":1,"name":"Portada","item":"https:\/\/stage3.rnv.gob.ve\/wp\/"},{"@type":"ListItem","position":2,"name":"Conozca Qu\u00e9 Pas\u00f3 Con Los Medicamentos Que Recolect\u00f3 Tintori En Espa\u00f1a"}]},{"@type":"WebSite","@id":"https:\/\/stage3.rnv.gob.ve\/wp\/#website","url":"https:\/\/stage3.rnv.gob.ve\/wp\/","name":"DEV RNV","description":"Radio Nacional de Venezuela C.A.","publisher":{"@id":"https:\/\/stage3.rnv.gob.ve\/wp\/#organization"},"potentialAction":[{"@type":"SearchAction","target":{"@type":"EntryPoint","urlTemplate":"https:\/\/stage3.rnv.gob.ve\/wp\/?s={search_term_string}"},"query-input":{"@type":"PropertyValueSpecification","valueRequired":true,"valueName":"search_term_string"}}],"inLanguage":"es"},{"@type":"Organization","@id":"https:\/\/stage3.rnv.gob.ve\/wp\/#organization","name":"Radio Nacional de Venezuela C.A.","url":"https:\/\/stage3.rnv.gob.ve\/wp\/","logo":{"@type":"ImageObject","inLanguage":"es","@id":"https:\/\/stage3.rnv.gob.ve\/wp\/#\/schema\/logo\/image\/","url":"http:\/\/rnv.ddns.net\/prensa\/wp-content\/uploads\/2022\/04\/rnv-1-300x227-1.jpg","contentUrl":"http:\/\/rnv.ddns.net\/prensa\/wp-content\/uploads\/2022\/04\/rnv-1-300x227-1.jpg","width":800,"height":455,"caption":"Radio Nacional de Venezuela C.A."},"image":{"@id":"https:\/\/stage3.rnv.gob.ve\/wp\/#\/schema\/logo\/image\/"},"sameAs":["https:\/\/www.facebook.com\/RadioNacionaldeVenezuela","https:\/\/x.com\/RNVinformativa","https:\/\/www.instagram.com\/rnvinformativa\/","https:\/\/www.youtube.com\/user\/RNVContigo"]},{"@type":"Person","@id":"https:\/\/stage3.rnv.gob.ve\/wp\/#\/schema\/person\/4bc7a35468448183cef8b950a38aed12","name":"Freddy Hern\u00e1ndez","url":"https:\/\/stage3.rnv.gob.ve\/wp\/author\/freddy_h\/"}]}},"jetpack_featured_media_url":"","_links":{"self":[{"href":"https:\/\/stage3.rnv.gob.ve\/wp\/wp-json\/wp\/v2\/posts\/49314","targetHints":{"allow":["GET"]}}],"collection":[{"href":"https:\/\/stage3.rnv.gob.ve\/wp\/wp-json\/wp\/v2\/posts"}],"about":[{"href":"https:\/\/stage3.rnv.gob.ve\/wp\/wp-json\/wp\/v2\/types\/post"}],"author":[{"embeddable":true,"href":"https:\/\/stage3.rnv.gob.ve\/wp\/wp-json\/wp\/v2\/users\/20"}],"replies":[{"embeddable":true,"href":"https:\/\/stage3.rnv.gob.ve\/wp\/wp-json\/wp\/v2\/comments?post=49314"}],"version-history":[{"count":0,"href":"https:\/\/stage3.rnv.gob.ve\/wp\/wp-json\/wp\/v2\/posts\/49314\/revisions"}],"wp:featuredmedia":[{"embeddable":true,"href":"https:\/\/stage3.rnv.gob.ve\/wp\/wp-json\/"}],"wp:attachment":[{"href":"https:\/\/stage3.rnv.gob.ve\/wp\/wp-json\/wp\/v2\/media?parent=49314"}],"wp:term":[{"taxonomy":"category","embeddable":true,"href":"https:\/\/stage3.rnv.gob.ve\/wp\/wp-json\/wp\/v2\/categories?post=49314"},{"taxonomy":"post_tag","embeddable":true,"href":"https:\/\/stage3.rnv.gob.ve\/wp\/wp-json\/wp\/v2\/tags?post=49314"}],"curies":[{"name":"wp","href":"https:\/\/api.w.org\/{rel}","templated":true}]}}