{"id":48403,"date":"2016-07-13T16:45:10","date_gmt":"2016-07-13T20:45:10","guid":{"rendered":"http:\/\/wpeditor.rnv.gob.ve\/?p=48403"},"modified":"2016-07-13T16:45:10","modified_gmt":"2016-07-13T20:45:10","slug":"theresa-may-es-nombrada-primera-ministra-del-reino-unido","status":"publish","type":"post","link":"https:\/\/stage3.rnv.gob.ve\/wp\/theresa-may-es-nombrada-primera-ministra-del-reino-unido\/","title":{"rendered":"Theresa May es nombrada primera ministra del Reino Unido"},"content":{"rendered":"<p><figure id=\"attachment_48404\" aria-describedby=\"caption-attachment-48404\" style=\"width: 300px\" class=\"wp-caption alignleft\"><img fetchpriority=\"high\" decoding=\"async\" class=\"size-medium wp-image-48404\" src=\"http:\/\/wpeditor.rnv.gob.ve\/app\/uploads\/2016\/07\/May-300x199.jpg\" alt=\"Foto: Agencias \" width=\"300\" height=\"199\" \/><figcaption id=\"caption-attachment-48404\" class=\"wp-caption-text\">Foto: Agencias<\/figcaption><\/figure><br \/>\nLa l\u00edder del Partido Conservador brit\u00e1nico, Theresa May, recibi\u00f3 este 17 de julio el mandato de la reina Isabel II para formar Gobierno como nueva primera ministra del Reino Unido.<!--more--><br \/>\nMay, entr\u00f3 al palacio de Buckingham poco despu\u00e9s de que David Cameron presentase a la monarca brit\u00e1nica su dimisi\u00f3n como primer ministro.<br \/>\nEl palacio dar\u00e1 a conocer la llamada Circular de la Corte, que da constancia de que el primer ministro \u201cha besado la mano del nombramiento\u201d, una formalidad que se traduce en un apret\u00f3n de manos entre la reina y May, y con la que queda constancia de que el Reino Unido tiene un nuevo jefe del Gobierno, se\u00f1ala la agencia EFE.<br \/>\nEl nombramiento de May se aceler\u00f3 tras el retiro de la diputada Andrea Leadsom debido a las fuertes criticas que recibi\u00f3 por unas declaraciones en las que sugiri\u00f3 que el hecho de tener hijos la convert\u00eda en una mejor l\u00edder para asumir las riendas del pa\u00eds.<br \/>\nAl abandonar hoy Downing Street, Cameron dijo que Theresa May aportar\u00e1 el liderazgo \u201cfuerte\u201d y \u201cestable\u201d que el pa\u00eds necesita.<br \/>\nLa nueva Primera Ministra no tiene hijos, ingres\u00f3 a la C\u00e1mara de los Comunes en 1992, estudi\u00f3 Geograf\u00eda en la Universidad de Oxford y trabaj\u00f3 en el Banco de Inglaterra.<br \/>\nEs la persona que estuvo a cargo del Ministerio de Interior por m\u00e1s a\u00f1os, tiene el apoyo de dos tercios del Partido Conservador y se le considera una de las pol\u00edticas m\u00e1s duras y astutas de Reino Unido.<br \/>\n\u200bAunque no hizo campa\u00f1a sobre el brexit tendr\u00e1 el reto de dirigir las negociaciones con la Uni\u00f3n Europea (UE) para la salida del pa\u00eds del bloque comunitario.<br \/>\nEn su \u00faltima sesi\u00f3n en la C\u00e1mara de los Comunes, Cameron calific\u00f3 a May como una \u201cnegociadora brillante\u201d y le pidi\u00f3 mantener lazos \u201clo m\u00e1s cercanos posibles\u201d con Europa.<br \/>\n<strong>T\/La Radio del Sur<\/strong><\/p>\n","protected":false},"excerpt":{"rendered":"<p>La l\u00edder del Partido Conservador brit\u00e1nico, Theresa May, recibi\u00f3 este 17 de julio el mandato de la reina Isabel II para formar Gobierno como nueva primera ministra del Reino Unido.<\/p>\n","protected":false},"author":20,"featured_media":48404,"comment_status":"closed","ping_status":"open","sticky":false,"template":"","format":"standard","meta":{"_acf_changed":false,"footnotes":""},"categories":[61],"tags":[3671,5957,82,5958],"class_list":["post-48403","post","type-post","status-publish","format-standard","has-post-thumbnail","hentry","category-internacional","tag-may","tag-reino","tag-rnv","tag-unido"],"acf":[],"yoast_head":"<!-- This site is optimized with the Yoast SEO plugin v27.4 - https:\/\/yoast.com\/product\/yoast-seo-wordpress\/ -->\n<title>Theresa May es nombrada primera ministra del Reino Unido - DEV RNV<\/title>\n<meta name=\"robots\" content=\"noindex, follow, max-snippet:-1, max-image-preview:large, max-video-preview:-1\" \/>\n<meta property=\"og:locale\" content=\"es_ES\" \/>\n<meta property=\"og:type\" content=\"article\" \/>\n<meta property=\"og:title\" content=\"Theresa May es nombrada primera ministra del Reino Unido - DEV RNV\" \/>\n<meta property=\"og:description\" content=\"La l\u00edder del Partido Conservador brit\u00e1nico, Theresa May, recibi\u00f3 este 17 de julio el mandato de la reina Isabel II para formar Gobierno como nueva primera ministra del Reino Unido.\" \/>\n<meta property=\"og:url\" content=\"https:\/\/stage3.rnv.gob.ve\/wp\/theresa-may-es-nombrada-primera-ministra-del-reino-unido\/\" \/>\n<meta property=\"og:site_name\" content=\"DEV RNV\" \/>\n<meta property=\"article:publisher\" content=\"https:\/\/www.facebook.com\/RadioNacionaldeVenezuela\" \/>\n<meta property=\"article:published_time\" content=\"2016-07-13T20:45:10+00:00\" \/>\n<meta name=\"author\" content=\"Freddy Hern\u00e1ndez\" \/>\n<meta name=\"twitter:card\" content=\"summary_large_image\" \/>\n<meta name=\"twitter:creator\" content=\"@RNVinformativa\" \/>\n<meta name=\"twitter:site\" content=\"@RNVinformativa\" \/>\n<meta name=\"twitter:label1\" content=\"Escrito por\" \/>\n\t<meta name=\"twitter:data1\" content=\"Freddy Hern\u00e1ndez\" \/>\n\t<meta name=\"twitter:label2\" content=\"Tiempo estimado de lectura\" \/>\n\t<meta name=\"twitter:data2\" content=\"2 minutos\" \/>\n<script type=\"application\/ld+json\" class=\"yoast-schema-graph\">{\"@context\":\"https:\\\/\\\/schema.org\",\"@graph\":[{\"@type\":\"Article\",\"@id\":\"https:\\\/\\\/stage3.rnv.gob.ve\\\/wp\\\/theresa-may-es-nombrada-primera-ministra-del-reino-unido\\\/#article\",\"isPartOf\":{\"@id\":\"https:\\\/\\\/stage3.rnv.gob.ve\\\/wp\\\/theresa-may-es-nombrada-primera-ministra-del-reino-unido\\\/\"},\"author\":{\"name\":\"Freddy Hern\u00e1ndez\",\"@id\":\"https:\\\/\\\/stage3.rnv.gob.ve\\\/wp\\\/#\\\/schema\\\/person\\\/4bc7a35468448183cef8b950a38aed12\"},\"headline\":\"Theresa May es nombrada primera ministra del Reino Unido\",\"datePublished\":\"2016-07-13T20:45:10+00:00\",\"mainEntityOfPage\":{\"@id\":\"https:\\\/\\\/stage3.rnv.gob.ve\\\/wp\\\/theresa-may-es-nombrada-primera-ministra-del-reino-unido\\\/\"},\"wordCount\":347,\"publisher\":{\"@id\":\"https:\\\/\\\/stage3.rnv.gob.ve\\\/wp\\\/#organization\"},\"image\":{\"@id\":\"https:\\\/\\\/stage3.rnv.gob.ve\\\/wp\\\/theresa-may-es-nombrada-primera-ministra-del-reino-unido\\\/#primaryimage\"},\"thumbnailUrl\":\"\",\"keywords\":[\"may\",\"reino\",\"RNV\",\"unido\"],\"articleSection\":[\"Internacional\"],\"inLanguage\":\"es\"},{\"@type\":\"WebPage\",\"@id\":\"https:\\\/\\\/stage3.rnv.gob.ve\\\/wp\\\/theresa-may-es-nombrada-primera-ministra-del-reino-unido\\\/\",\"url\":\"https:\\\/\\\/stage3.rnv.gob.ve\\\/wp\\\/theresa-may-es-nombrada-primera-ministra-del-reino-unido\\\/\",\"name\":\"Theresa May es nombrada primera ministra del Reino Unido - DEV RNV\",\"isPartOf\":{\"@id\":\"https:\\\/\\\/stage3.rnv.gob.ve\\\/wp\\\/#website\"},\"primaryImageOfPage\":{\"@id\":\"https:\\\/\\\/stage3.rnv.gob.ve\\\/wp\\\/theresa-may-es-nombrada-primera-ministra-del-reino-unido\\\/#primaryimage\"},\"image\":{\"@id\":\"https:\\\/\\\/stage3.rnv.gob.ve\\\/wp\\\/theresa-may-es-nombrada-primera-ministra-del-reino-unido\\\/#primaryimage\"},\"thumbnailUrl\":\"\",\"datePublished\":\"2016-07-13T20:45:10+00:00\",\"breadcrumb\":{\"@id\":\"https:\\\/\\\/stage3.rnv.gob.ve\\\/wp\\\/theresa-may-es-nombrada-primera-ministra-del-reino-unido\\\/#breadcrumb\"},\"inLanguage\":\"es\",\"potentialAction\":[{\"@type\":\"ReadAction\",\"target\":[\"https:\\\/\\\/stage3.rnv.gob.ve\\\/wp\\\/theresa-may-es-nombrada-primera-ministra-del-reino-unido\\\/\"]}]},{\"@type\":\"ImageObject\",\"inLanguage\":\"es\",\"@id\":\"https:\\\/\\\/stage3.rnv.gob.ve\\\/wp\\\/theresa-may-es-nombrada-primera-ministra-del-reino-unido\\\/#primaryimage\",\"url\":\"\",\"contentUrl\":\"\"},{\"@type\":\"BreadcrumbList\",\"@id\":\"https:\\\/\\\/stage3.rnv.gob.ve\\\/wp\\\/theresa-may-es-nombrada-primera-ministra-del-reino-unido\\\/#breadcrumb\",\"itemListElement\":[{\"@type\":\"ListItem\",\"position\":1,\"name\":\"Portada\",\"item\":\"https:\\\/\\\/stage3.rnv.gob.ve\\\/wp\\\/\"},{\"@type\":\"ListItem\",\"position\":2,\"name\":\"Theresa May Es Nombrada Primera Ministra Del Reino Unido\"}]},{\"@type\":\"WebSite\",\"@id\":\"https:\\\/\\\/stage3.rnv.gob.ve\\\/wp\\\/#website\",\"url\":\"https:\\\/\\\/stage3.rnv.gob.ve\\\/wp\\\/\",\"name\":\"DEV RNV\",\"description\":\"Radio Nacional de Venezuela C.A.\",\"publisher\":{\"@id\":\"https:\\\/\\\/stage3.rnv.gob.ve\\\/wp\\\/#organization\"},\"potentialAction\":[{\"@type\":\"SearchAction\",\"target\":{\"@type\":\"EntryPoint\",\"urlTemplate\":\"https:\\\/\\\/stage3.rnv.gob.ve\\\/wp\\\/?s={search_term_string}\"},\"query-input\":{\"@type\":\"PropertyValueSpecification\",\"valueRequired\":true,\"valueName\":\"search_term_string\"}}],\"inLanguage\":\"es\"},{\"@type\":\"Organization\",\"@id\":\"https:\\\/\\\/stage3.rnv.gob.ve\\\/wp\\\/#organization\",\"name\":\"Radio Nacional de Venezuela C.A.\",\"url\":\"https:\\\/\\\/stage3.rnv.gob.ve\\\/wp\\\/\",\"logo\":{\"@type\":\"ImageObject\",\"inLanguage\":\"es\",\"@id\":\"https:\\\/\\\/stage3.rnv.gob.ve\\\/wp\\\/#\\\/schema\\\/logo\\\/image\\\/\",\"url\":\"http:\\\/\\\/rnv.ddns.net\\\/prensa\\\/wp-content\\\/uploads\\\/2022\\\/04\\\/rnv-1-300x227-1.jpg\",\"contentUrl\":\"http:\\\/\\\/rnv.ddns.net\\\/prensa\\\/wp-content\\\/uploads\\\/2022\\\/04\\\/rnv-1-300x227-1.jpg\",\"width\":800,\"height\":455,\"caption\":\"Radio Nacional de Venezuela C.A.\"},\"image\":{\"@id\":\"https:\\\/\\\/stage3.rnv.gob.ve\\\/wp\\\/#\\\/schema\\\/logo\\\/image\\\/\"},\"sameAs\":[\"https:\\\/\\\/www.facebook.com\\\/RadioNacionaldeVenezuela\",\"https:\\\/\\\/x.com\\\/RNVinformativa\",\"https:\\\/\\\/www.instagram.com\\\/rnvinformativa\\\/\",\"https:\\\/\\\/www.youtube.com\\\/user\\\/RNVContigo\"]},{\"@type\":\"Person\",\"@id\":\"https:\\\/\\\/stage3.rnv.gob.ve\\\/wp\\\/#\\\/schema\\\/person\\\/4bc7a35468448183cef8b950a38aed12\",\"name\":\"Freddy Hern\u00e1ndez\",\"url\":\"https:\\\/\\\/stage3.rnv.gob.ve\\\/wp\\\/author\\\/freddy_h\\\/\"}]}<\/script>\n<!-- \/ Yoast SEO plugin. -->","yoast_head_json":{"title":"Theresa May es nombrada primera ministra del Reino Unido - DEV RNV","robots":{"index":"noindex","follow":"follow","max-snippet":"max-snippet:-1","max-image-preview":"max-image-preview:large","max-video-preview":"max-video-preview:-1"},"og_locale":"es_ES","og_type":"article","og_title":"Theresa May es nombrada primera ministra del Reino Unido - DEV RNV","og_description":"La l\u00edder del Partido Conservador brit\u00e1nico, Theresa May, recibi\u00f3 este 17 de julio el mandato de la reina Isabel II para formar Gobierno como nueva primera ministra del Reino Unido.","og_url":"https:\/\/stage3.rnv.gob.ve\/wp\/theresa-may-es-nombrada-primera-ministra-del-reino-unido\/","og_site_name":"DEV RNV","article_publisher":"https:\/\/www.facebook.com\/RadioNacionaldeVenezuela","article_published_time":"2016-07-13T20:45:10+00:00","author":"Freddy Hern\u00e1ndez","twitter_card":"summary_large_image","twitter_creator":"@RNVinformativa","twitter_site":"@RNVinformativa","twitter_misc":{"Escrito por":"Freddy Hern\u00e1ndez","Tiempo estimado de lectura":"2 minutos"},"schema":{"@context":"https:\/\/schema.org","@graph":[{"@type":"Article","@id":"https:\/\/stage3.rnv.gob.ve\/wp\/theresa-may-es-nombrada-primera-ministra-del-reino-unido\/#article","isPartOf":{"@id":"https:\/\/stage3.rnv.gob.ve\/wp\/theresa-may-es-nombrada-primera-ministra-del-reino-unido\/"},"author":{"name":"Freddy Hern\u00e1ndez","@id":"https:\/\/stage3.rnv.gob.ve\/wp\/#\/schema\/person\/4bc7a35468448183cef8b950a38aed12"},"headline":"Theresa May es nombrada primera ministra del Reino Unido","datePublished":"2016-07-13T20:45:10+00:00","mainEntityOfPage":{"@id":"https:\/\/stage3.rnv.gob.ve\/wp\/theresa-may-es-nombrada-primera-ministra-del-reino-unido\/"},"wordCount":347,"publisher":{"@id":"https:\/\/stage3.rnv.gob.ve\/wp\/#organization"},"image":{"@id":"https:\/\/stage3.rnv.gob.ve\/wp\/theresa-may-es-nombrada-primera-ministra-del-reino-unido\/#primaryimage"},"thumbnailUrl":"","keywords":["may","reino","RNV","unido"],"articleSection":["Internacional"],"inLanguage":"es"},{"@type":"WebPage","@id":"https:\/\/stage3.rnv.gob.ve\/wp\/theresa-may-es-nombrada-primera-ministra-del-reino-unido\/","url":"https:\/\/stage3.rnv.gob.ve\/wp\/theresa-may-es-nombrada-primera-ministra-del-reino-unido\/","name":"Theresa May es nombrada primera ministra del Reino Unido - DEV RNV","isPartOf":{"@id":"https:\/\/stage3.rnv.gob.ve\/wp\/#website"},"primaryImageOfPage":{"@id":"https:\/\/stage3.rnv.gob.ve\/wp\/theresa-may-es-nombrada-primera-ministra-del-reino-unido\/#primaryimage"},"image":{"@id":"https:\/\/stage3.rnv.gob.ve\/wp\/theresa-may-es-nombrada-primera-ministra-del-reino-unido\/#primaryimage"},"thumbnailUrl":"","datePublished":"2016-07-13T20:45:10+00:00","breadcrumb":{"@id":"https:\/\/stage3.rnv.gob.ve\/wp\/theresa-may-es-nombrada-primera-ministra-del-reino-unido\/#breadcrumb"},"inLanguage":"es","potentialAction":[{"@type":"ReadAction","target":["https:\/\/stage3.rnv.gob.ve\/wp\/theresa-may-es-nombrada-primera-ministra-del-reino-unido\/"]}]},{"@type":"ImageObject","inLanguage":"es","@id":"https:\/\/stage3.rnv.gob.ve\/wp\/theresa-may-es-nombrada-primera-ministra-del-reino-unido\/#primaryimage","url":"","contentUrl":""},{"@type":"BreadcrumbList","@id":"https:\/\/stage3.rnv.gob.ve\/wp\/theresa-may-es-nombrada-primera-ministra-del-reino-unido\/#breadcrumb","itemListElement":[{"@type":"ListItem","position":1,"name":"Portada","item":"https:\/\/stage3.rnv.gob.ve\/wp\/"},{"@type":"ListItem","position":2,"name":"Theresa May Es Nombrada Primera Ministra Del Reino Unido"}]},{"@type":"WebSite","@id":"https:\/\/stage3.rnv.gob.ve\/wp\/#website","url":"https:\/\/stage3.rnv.gob.ve\/wp\/","name":"DEV RNV","description":"Radio Nacional de Venezuela C.A.","publisher":{"@id":"https:\/\/stage3.rnv.gob.ve\/wp\/#organization"},"potentialAction":[{"@type":"SearchAction","target":{"@type":"EntryPoint","urlTemplate":"https:\/\/stage3.rnv.gob.ve\/wp\/?s={search_term_string}"},"query-input":{"@type":"PropertyValueSpecification","valueRequired":true,"valueName":"search_term_string"}}],"inLanguage":"es"},{"@type":"Organization","@id":"https:\/\/stage3.rnv.gob.ve\/wp\/#organization","name":"Radio Nacional de Venezuela C.A.","url":"https:\/\/stage3.rnv.gob.ve\/wp\/","logo":{"@type":"ImageObject","inLanguage":"es","@id":"https:\/\/stage3.rnv.gob.ve\/wp\/#\/schema\/logo\/image\/","url":"http:\/\/rnv.ddns.net\/prensa\/wp-content\/uploads\/2022\/04\/rnv-1-300x227-1.jpg","contentUrl":"http:\/\/rnv.ddns.net\/prensa\/wp-content\/uploads\/2022\/04\/rnv-1-300x227-1.jpg","width":800,"height":455,"caption":"Radio Nacional de Venezuela C.A."},"image":{"@id":"https:\/\/stage3.rnv.gob.ve\/wp\/#\/schema\/logo\/image\/"},"sameAs":["https:\/\/www.facebook.com\/RadioNacionaldeVenezuela","https:\/\/x.com\/RNVinformativa","https:\/\/www.instagram.com\/rnvinformativa\/","https:\/\/www.youtube.com\/user\/RNVContigo"]},{"@type":"Person","@id":"https:\/\/stage3.rnv.gob.ve\/wp\/#\/schema\/person\/4bc7a35468448183cef8b950a38aed12","name":"Freddy Hern\u00e1ndez","url":"https:\/\/stage3.rnv.gob.ve\/wp\/author\/freddy_h\/"}]}},"jetpack_featured_media_url":"","_links":{"self":[{"href":"https:\/\/stage3.rnv.gob.ve\/wp\/wp-json\/wp\/v2\/posts\/48403","targetHints":{"allow":["GET"]}}],"collection":[{"href":"https:\/\/stage3.rnv.gob.ve\/wp\/wp-json\/wp\/v2\/posts"}],"about":[{"href":"https:\/\/stage3.rnv.gob.ve\/wp\/wp-json\/wp\/v2\/types\/post"}],"author":[{"embeddable":true,"href":"https:\/\/stage3.rnv.gob.ve\/wp\/wp-json\/wp\/v2\/users\/20"}],"replies":[{"embeddable":true,"href":"https:\/\/stage3.rnv.gob.ve\/wp\/wp-json\/wp\/v2\/comments?post=48403"}],"version-history":[{"count":0,"href":"https:\/\/stage3.rnv.gob.ve\/wp\/wp-json\/wp\/v2\/posts\/48403\/revisions"}],"wp:featuredmedia":[{"embeddable":true,"href":"https:\/\/stage3.rnv.gob.ve\/wp\/wp-json\/"}],"wp:attachment":[{"href":"https:\/\/stage3.rnv.gob.ve\/wp\/wp-json\/wp\/v2\/media?parent=48403"}],"wp:term":[{"taxonomy":"category","embeddable":true,"href":"https:\/\/stage3.rnv.gob.ve\/wp\/wp-json\/wp\/v2\/categories?post=48403"},{"taxonomy":"post_tag","embeddable":true,"href":"https:\/\/stage3.rnv.gob.ve\/wp\/wp-json\/wp\/v2\/tags?post=48403"}],"curies":[{"name":"wp","href":"https:\/\/api.w.org\/{rel}","templated":true}]}}