{"id":45684,"date":"2016-07-05T17:26:48","date_gmt":"2016-07-05T21:26:48","guid":{"rendered":"http:\/\/wpeditor.rnv.gob.ve\/?p=45684"},"modified":"2016-07-05T17:26:48","modified_gmt":"2016-07-05T21:26:48","slug":"freddy-bernal-los-clap-son-ejemplo-de-lealtad","status":"publish","type":"post","link":"https:\/\/stage3.rnv.gob.ve\/wp\/freddy-bernal-los-clap-son-ejemplo-de-lealtad\/","title":{"rendered":"Freddy Bernal: Los CLAP son ejemplo de lealtad"},"content":{"rendered":"<p><figure id=\"attachment_45685\" aria-describedby=\"caption-attachment-45685\" style=\"width: 300px\" class=\"wp-caption alignleft\"><img fetchpriority=\"high\" decoding=\"async\" class=\"size-medium wp-image-45685\" src=\"http:\/\/wpeditor.rnv.gob.ve\/app\/uploads\/2016\/07\/clap-1-300x190.jpg\" alt=\"Foto: Prensa F.B\" width=\"300\" height=\"190\" \/><figcaption id=\"caption-attachment-45685\" class=\"wp-caption-text\">Foto: Prensa F.B<\/figcaption><\/figure><br \/>\nDurante el acto de conmemoraci\u00f3n de los 205 a\u00f1os de la Declaraci\u00f3n de la Independencia venezolana, que se realiz\u00f3 en el monumental Paseo de Los Pr\u00f3ceres en Caracas, una delegaci\u00f3n de los Comit\u00e9s Locales de Abastecimiento y Producci\u00f3n particip\u00f3 en el desfile c\u00edvico-militar, encabezado por Freddy Bernal, jefe del Comando Nacional de los CLAP.<!--more--><br \/>\nEn tal sentido Bernal inform\u00f3 que los Clap est\u00e1n al \u00abcombate\u00bb para defender la patria, aseveraci\u00f3n que hizo a trav\u00e9s de su cuenta en twitter @FreddyBernal.<\/p>\n<blockquote class=\"twitter-tweet\" data-lang=\"es\">\n<p dir=\"ltr\" lang=\"es\">Uni\u00f3n C\u00edvicoMilitar como lo pidi\u00f3 el Cmdte Ch\u00e1vez, <a href=\"https:\/\/twitter.com\/hashtag\/CLAP?src=hash\">#CLAP<\/a> es ejemplo de Lealtad Pdte <a href=\"https:\/\/twitter.com\/NicolasMaduro\">@NicolasMaduro<\/a> <a href=\"https:\/\/twitter.com\/hashtag\/HoyTenemosPatria?src=hash\">#HoyTenemosPatria<\/a> <a href=\"https:\/\/t.co\/gbyEohCSC5\">pic.twitter.com\/gbyEohCSC5<\/a><\/p>\n<p>\u2014 Freddy Bernal (@FreddyBernal) <a href=\"https:\/\/twitter.com\/FreddyBernal\/status\/750365702897410048\">5 de julio de 2016<\/a><\/p><\/blockquote>\n<p><script src=\"\/\/platform.twitter.com\/widgets.js\" async=\"\" charset=\"utf-8\"><\/script><\/p>\n<blockquote class=\"twitter-tweet\" data-lang=\"es\"><p>\nLos <a href=\"https:\/\/twitter.com\/hashtag\/CLAP?src=hash\">#CLAP<\/a> al combate y en vanguardia para defender la Patria desde una nueva Econom\u00eda Productiva <a href=\"https:\/\/twitter.com\/hashtag\/HoyTenemosPatria?src=hash\">#HoyTenemosPatria<\/a> <a href=\"https:\/\/t.co\/4eYn2njkC4\">pic.twitter.com\/4eYn2njkC4<\/a><br \/>\n\u2014 Freddy Bernal (@FreddyBernal) <a href=\"https:\/\/twitter.com\/FreddyBernal\/status\/750365162847211520\">5 de julio de 2016<\/a>\n<\/p><\/blockquote>\n<p><script src=\"\/\/platform.twitter.com\/widgets.js\" async=\"\" charset=\"utf-8\"><\/script><\/p>\n","protected":false},"excerpt":{"rendered":"<p>Durante el acto de conmemoraci\u00f3n de los 205 a\u00f1os de la Declaraci\u00f3n de la Independencia venezolana, que se realiz\u00f3 en el monumental Paseo de Los Pr\u00f3ceres en Caracas, una delegaci\u00f3n de los Comit\u00e9s Locales de Abastecimiento y Producci\u00f3n particip\u00f3 en el desfile c\u00edvico-militar, encabezado por Freddy Bernal, jefe del Comando Nacional de los CLAP.<\/p>\n","protected":false},"author":20,"featured_media":45685,"comment_status":"closed","ping_status":"open","sticky":false,"template":"","format":"standard","meta":{"_acf_changed":false,"footnotes":""},"categories":[65],"tags":[2671,2476,2946,82],"class_list":["post-45684","post","type-post","status-publish","format-standard","has-post-thumbnail","hentry","category-nacional","tag-bernal","tag-clap","tag-independencia","tag-rnv"],"acf":[],"yoast_head":"<!-- This site is optimized with the Yoast SEO plugin v27.4 - https:\/\/yoast.com\/product\/yoast-seo-wordpress\/ -->\n<title>Freddy Bernal: Los CLAP son ejemplo de lealtad - DEV RNV<\/title>\n<meta name=\"robots\" content=\"noindex, follow, max-snippet:-1, max-image-preview:large, max-video-preview:-1\" \/>\n<meta property=\"og:locale\" content=\"es_ES\" \/>\n<meta property=\"og:type\" content=\"article\" \/>\n<meta property=\"og:title\" content=\"Freddy Bernal: Los CLAP son ejemplo de lealtad - DEV RNV\" \/>\n<meta property=\"og:description\" content=\"Durante el acto de conmemoraci\u00f3n de los 205 a\u00f1os de la Declaraci\u00f3n de la Independencia venezolana, que se realiz\u00f3 en el monumental Paseo de Los Pr\u00f3ceres en Caracas, una delegaci\u00f3n de los Comit\u00e9s Locales de Abastecimiento y Producci\u00f3n particip\u00f3 en el desfile c\u00edvico-militar, encabezado por Freddy Bernal, jefe del Comando Nacional de los CLAP.\" \/>\n<meta property=\"og:url\" content=\"https:\/\/stage3.rnv.gob.ve\/wp\/freddy-bernal-los-clap-son-ejemplo-de-lealtad\/\" \/>\n<meta property=\"og:site_name\" content=\"DEV RNV\" \/>\n<meta property=\"article:publisher\" content=\"https:\/\/www.facebook.com\/RadioNacionaldeVenezuela\" \/>\n<meta property=\"article:published_time\" content=\"2016-07-05T21:26:48+00:00\" \/>\n<meta name=\"author\" content=\"Freddy Hern\u00e1ndez\" \/>\n<meta name=\"twitter:card\" content=\"summary_large_image\" \/>\n<meta name=\"twitter:creator\" content=\"@RNVinformativa\" \/>\n<meta name=\"twitter:site\" content=\"@RNVinformativa\" \/>\n<meta name=\"twitter:label1\" content=\"Escrito por\" \/>\n\t<meta name=\"twitter:data1\" content=\"Freddy Hern\u00e1ndez\" \/>\n\t<meta name=\"twitter:label2\" content=\"Tiempo estimado de lectura\" \/>\n\t<meta name=\"twitter:data2\" content=\"1 minuto\" \/>\n<script type=\"application\/ld+json\" class=\"yoast-schema-graph\">{\"@context\":\"https:\\\/\\\/schema.org\",\"@graph\":[{\"@type\":\"Article\",\"@id\":\"https:\\\/\\\/stage3.rnv.gob.ve\\\/wp\\\/freddy-bernal-los-clap-son-ejemplo-de-lealtad\\\/#article\",\"isPartOf\":{\"@id\":\"https:\\\/\\\/stage3.rnv.gob.ve\\\/wp\\\/freddy-bernal-los-clap-son-ejemplo-de-lealtad\\\/\"},\"author\":{\"name\":\"Freddy Hern\u00e1ndez\",\"@id\":\"https:\\\/\\\/stage3.rnv.gob.ve\\\/wp\\\/#\\\/schema\\\/person\\\/4bc7a35468448183cef8b950a38aed12\"},\"headline\":\"Freddy Bernal: Los CLAP son ejemplo de lealtad\",\"datePublished\":\"2016-07-05T21:26:48+00:00\",\"mainEntityOfPage\":{\"@id\":\"https:\\\/\\\/stage3.rnv.gob.ve\\\/wp\\\/freddy-bernal-los-clap-son-ejemplo-de-lealtad\\\/\"},\"wordCount\":167,\"publisher\":{\"@id\":\"https:\\\/\\\/stage3.rnv.gob.ve\\\/wp\\\/#organization\"},\"image\":{\"@id\":\"https:\\\/\\\/stage3.rnv.gob.ve\\\/wp\\\/freddy-bernal-los-clap-son-ejemplo-de-lealtad\\\/#primaryimage\"},\"thumbnailUrl\":\"\",\"keywords\":[\"bernal\",\"clap\",\"Independencia\",\"RNV\"],\"articleSection\":[\"Nacional\"],\"inLanguage\":\"es\"},{\"@type\":\"WebPage\",\"@id\":\"https:\\\/\\\/stage3.rnv.gob.ve\\\/wp\\\/freddy-bernal-los-clap-son-ejemplo-de-lealtad\\\/\",\"url\":\"https:\\\/\\\/stage3.rnv.gob.ve\\\/wp\\\/freddy-bernal-los-clap-son-ejemplo-de-lealtad\\\/\",\"name\":\"Freddy Bernal: Los CLAP son ejemplo de lealtad - DEV RNV\",\"isPartOf\":{\"@id\":\"https:\\\/\\\/stage3.rnv.gob.ve\\\/wp\\\/#website\"},\"primaryImageOfPage\":{\"@id\":\"https:\\\/\\\/stage3.rnv.gob.ve\\\/wp\\\/freddy-bernal-los-clap-son-ejemplo-de-lealtad\\\/#primaryimage\"},\"image\":{\"@id\":\"https:\\\/\\\/stage3.rnv.gob.ve\\\/wp\\\/freddy-bernal-los-clap-son-ejemplo-de-lealtad\\\/#primaryimage\"},\"thumbnailUrl\":\"\",\"datePublished\":\"2016-07-05T21:26:48+00:00\",\"breadcrumb\":{\"@id\":\"https:\\\/\\\/stage3.rnv.gob.ve\\\/wp\\\/freddy-bernal-los-clap-son-ejemplo-de-lealtad\\\/#breadcrumb\"},\"inLanguage\":\"es\",\"potentialAction\":[{\"@type\":\"ReadAction\",\"target\":[\"https:\\\/\\\/stage3.rnv.gob.ve\\\/wp\\\/freddy-bernal-los-clap-son-ejemplo-de-lealtad\\\/\"]}]},{\"@type\":\"ImageObject\",\"inLanguage\":\"es\",\"@id\":\"https:\\\/\\\/stage3.rnv.gob.ve\\\/wp\\\/freddy-bernal-los-clap-son-ejemplo-de-lealtad\\\/#primaryimage\",\"url\":\"\",\"contentUrl\":\"\"},{\"@type\":\"BreadcrumbList\",\"@id\":\"https:\\\/\\\/stage3.rnv.gob.ve\\\/wp\\\/freddy-bernal-los-clap-son-ejemplo-de-lealtad\\\/#breadcrumb\",\"itemListElement\":[{\"@type\":\"ListItem\",\"position\":1,\"name\":\"Portada\",\"item\":\"https:\\\/\\\/stage3.rnv.gob.ve\\\/wp\\\/\"},{\"@type\":\"ListItem\",\"position\":2,\"name\":\"Freddy Bernal: Los Clap Son Ejemplo De Lealtad\"}]},{\"@type\":\"WebSite\",\"@id\":\"https:\\\/\\\/stage3.rnv.gob.ve\\\/wp\\\/#website\",\"url\":\"https:\\\/\\\/stage3.rnv.gob.ve\\\/wp\\\/\",\"name\":\"DEV RNV\",\"description\":\"Radio Nacional de Venezuela C.A.\",\"publisher\":{\"@id\":\"https:\\\/\\\/stage3.rnv.gob.ve\\\/wp\\\/#organization\"},\"potentialAction\":[{\"@type\":\"SearchAction\",\"target\":{\"@type\":\"EntryPoint\",\"urlTemplate\":\"https:\\\/\\\/stage3.rnv.gob.ve\\\/wp\\\/?s={search_term_string}\"},\"query-input\":{\"@type\":\"PropertyValueSpecification\",\"valueRequired\":true,\"valueName\":\"search_term_string\"}}],\"inLanguage\":\"es\"},{\"@type\":\"Organization\",\"@id\":\"https:\\\/\\\/stage3.rnv.gob.ve\\\/wp\\\/#organization\",\"name\":\"Radio Nacional de Venezuela C.A.\",\"url\":\"https:\\\/\\\/stage3.rnv.gob.ve\\\/wp\\\/\",\"logo\":{\"@type\":\"ImageObject\",\"inLanguage\":\"es\",\"@id\":\"https:\\\/\\\/stage3.rnv.gob.ve\\\/wp\\\/#\\\/schema\\\/logo\\\/image\\\/\",\"url\":\"http:\\\/\\\/rnv.ddns.net\\\/prensa\\\/wp-content\\\/uploads\\\/2022\\\/04\\\/rnv-1-300x227-1.jpg\",\"contentUrl\":\"http:\\\/\\\/rnv.ddns.net\\\/prensa\\\/wp-content\\\/uploads\\\/2022\\\/04\\\/rnv-1-300x227-1.jpg\",\"width\":800,\"height\":455,\"caption\":\"Radio Nacional de Venezuela C.A.\"},\"image\":{\"@id\":\"https:\\\/\\\/stage3.rnv.gob.ve\\\/wp\\\/#\\\/schema\\\/logo\\\/image\\\/\"},\"sameAs\":[\"https:\\\/\\\/www.facebook.com\\\/RadioNacionaldeVenezuela\",\"https:\\\/\\\/x.com\\\/RNVinformativa\",\"https:\\\/\\\/www.instagram.com\\\/rnvinformativa\\\/\",\"https:\\\/\\\/www.youtube.com\\\/user\\\/RNVContigo\"]},{\"@type\":\"Person\",\"@id\":\"https:\\\/\\\/stage3.rnv.gob.ve\\\/wp\\\/#\\\/schema\\\/person\\\/4bc7a35468448183cef8b950a38aed12\",\"name\":\"Freddy Hern\u00e1ndez\",\"url\":\"https:\\\/\\\/stage3.rnv.gob.ve\\\/wp\\\/author\\\/freddy_h\\\/\"}]}<\/script>\n<!-- \/ Yoast SEO plugin. -->","yoast_head_json":{"title":"Freddy Bernal: Los CLAP son ejemplo de lealtad - DEV RNV","robots":{"index":"noindex","follow":"follow","max-snippet":"max-snippet:-1","max-image-preview":"max-image-preview:large","max-video-preview":"max-video-preview:-1"},"og_locale":"es_ES","og_type":"article","og_title":"Freddy Bernal: Los CLAP son ejemplo de lealtad - DEV RNV","og_description":"Durante el acto de conmemoraci\u00f3n de los 205 a\u00f1os de la Declaraci\u00f3n de la Independencia venezolana, que se realiz\u00f3 en el monumental Paseo de Los Pr\u00f3ceres en Caracas, una delegaci\u00f3n de los Comit\u00e9s Locales de Abastecimiento y Producci\u00f3n particip\u00f3 en el desfile c\u00edvico-militar, encabezado por Freddy Bernal, jefe del Comando Nacional de los CLAP.","og_url":"https:\/\/stage3.rnv.gob.ve\/wp\/freddy-bernal-los-clap-son-ejemplo-de-lealtad\/","og_site_name":"DEV RNV","article_publisher":"https:\/\/www.facebook.com\/RadioNacionaldeVenezuela","article_published_time":"2016-07-05T21:26:48+00:00","author":"Freddy Hern\u00e1ndez","twitter_card":"summary_large_image","twitter_creator":"@RNVinformativa","twitter_site":"@RNVinformativa","twitter_misc":{"Escrito por":"Freddy Hern\u00e1ndez","Tiempo estimado de lectura":"1 minuto"},"schema":{"@context":"https:\/\/schema.org","@graph":[{"@type":"Article","@id":"https:\/\/stage3.rnv.gob.ve\/wp\/freddy-bernal-los-clap-son-ejemplo-de-lealtad\/#article","isPartOf":{"@id":"https:\/\/stage3.rnv.gob.ve\/wp\/freddy-bernal-los-clap-son-ejemplo-de-lealtad\/"},"author":{"name":"Freddy Hern\u00e1ndez","@id":"https:\/\/stage3.rnv.gob.ve\/wp\/#\/schema\/person\/4bc7a35468448183cef8b950a38aed12"},"headline":"Freddy Bernal: Los CLAP son ejemplo de lealtad","datePublished":"2016-07-05T21:26:48+00:00","mainEntityOfPage":{"@id":"https:\/\/stage3.rnv.gob.ve\/wp\/freddy-bernal-los-clap-son-ejemplo-de-lealtad\/"},"wordCount":167,"publisher":{"@id":"https:\/\/stage3.rnv.gob.ve\/wp\/#organization"},"image":{"@id":"https:\/\/stage3.rnv.gob.ve\/wp\/freddy-bernal-los-clap-son-ejemplo-de-lealtad\/#primaryimage"},"thumbnailUrl":"","keywords":["bernal","clap","Independencia","RNV"],"articleSection":["Nacional"],"inLanguage":"es"},{"@type":"WebPage","@id":"https:\/\/stage3.rnv.gob.ve\/wp\/freddy-bernal-los-clap-son-ejemplo-de-lealtad\/","url":"https:\/\/stage3.rnv.gob.ve\/wp\/freddy-bernal-los-clap-son-ejemplo-de-lealtad\/","name":"Freddy Bernal: Los CLAP son ejemplo de lealtad - DEV RNV","isPartOf":{"@id":"https:\/\/stage3.rnv.gob.ve\/wp\/#website"},"primaryImageOfPage":{"@id":"https:\/\/stage3.rnv.gob.ve\/wp\/freddy-bernal-los-clap-son-ejemplo-de-lealtad\/#primaryimage"},"image":{"@id":"https:\/\/stage3.rnv.gob.ve\/wp\/freddy-bernal-los-clap-son-ejemplo-de-lealtad\/#primaryimage"},"thumbnailUrl":"","datePublished":"2016-07-05T21:26:48+00:00","breadcrumb":{"@id":"https:\/\/stage3.rnv.gob.ve\/wp\/freddy-bernal-los-clap-son-ejemplo-de-lealtad\/#breadcrumb"},"inLanguage":"es","potentialAction":[{"@type":"ReadAction","target":["https:\/\/stage3.rnv.gob.ve\/wp\/freddy-bernal-los-clap-son-ejemplo-de-lealtad\/"]}]},{"@type":"ImageObject","inLanguage":"es","@id":"https:\/\/stage3.rnv.gob.ve\/wp\/freddy-bernal-los-clap-son-ejemplo-de-lealtad\/#primaryimage","url":"","contentUrl":""},{"@type":"BreadcrumbList","@id":"https:\/\/stage3.rnv.gob.ve\/wp\/freddy-bernal-los-clap-son-ejemplo-de-lealtad\/#breadcrumb","itemListElement":[{"@type":"ListItem","position":1,"name":"Portada","item":"https:\/\/stage3.rnv.gob.ve\/wp\/"},{"@type":"ListItem","position":2,"name":"Freddy Bernal: Los Clap Son Ejemplo De Lealtad"}]},{"@type":"WebSite","@id":"https:\/\/stage3.rnv.gob.ve\/wp\/#website","url":"https:\/\/stage3.rnv.gob.ve\/wp\/","name":"DEV RNV","description":"Radio Nacional de Venezuela C.A.","publisher":{"@id":"https:\/\/stage3.rnv.gob.ve\/wp\/#organization"},"potentialAction":[{"@type":"SearchAction","target":{"@type":"EntryPoint","urlTemplate":"https:\/\/stage3.rnv.gob.ve\/wp\/?s={search_term_string}"},"query-input":{"@type":"PropertyValueSpecification","valueRequired":true,"valueName":"search_term_string"}}],"inLanguage":"es"},{"@type":"Organization","@id":"https:\/\/stage3.rnv.gob.ve\/wp\/#organization","name":"Radio Nacional de Venezuela C.A.","url":"https:\/\/stage3.rnv.gob.ve\/wp\/","logo":{"@type":"ImageObject","inLanguage":"es","@id":"https:\/\/stage3.rnv.gob.ve\/wp\/#\/schema\/logo\/image\/","url":"http:\/\/rnv.ddns.net\/prensa\/wp-content\/uploads\/2022\/04\/rnv-1-300x227-1.jpg","contentUrl":"http:\/\/rnv.ddns.net\/prensa\/wp-content\/uploads\/2022\/04\/rnv-1-300x227-1.jpg","width":800,"height":455,"caption":"Radio Nacional de Venezuela C.A."},"image":{"@id":"https:\/\/stage3.rnv.gob.ve\/wp\/#\/schema\/logo\/image\/"},"sameAs":["https:\/\/www.facebook.com\/RadioNacionaldeVenezuela","https:\/\/x.com\/RNVinformativa","https:\/\/www.instagram.com\/rnvinformativa\/","https:\/\/www.youtube.com\/user\/RNVContigo"]},{"@type":"Person","@id":"https:\/\/stage3.rnv.gob.ve\/wp\/#\/schema\/person\/4bc7a35468448183cef8b950a38aed12","name":"Freddy Hern\u00e1ndez","url":"https:\/\/stage3.rnv.gob.ve\/wp\/author\/freddy_h\/"}]}},"jetpack_featured_media_url":"","_links":{"self":[{"href":"https:\/\/stage3.rnv.gob.ve\/wp\/wp-json\/wp\/v2\/posts\/45684","targetHints":{"allow":["GET"]}}],"collection":[{"href":"https:\/\/stage3.rnv.gob.ve\/wp\/wp-json\/wp\/v2\/posts"}],"about":[{"href":"https:\/\/stage3.rnv.gob.ve\/wp\/wp-json\/wp\/v2\/types\/post"}],"author":[{"embeddable":true,"href":"https:\/\/stage3.rnv.gob.ve\/wp\/wp-json\/wp\/v2\/users\/20"}],"replies":[{"embeddable":true,"href":"https:\/\/stage3.rnv.gob.ve\/wp\/wp-json\/wp\/v2\/comments?post=45684"}],"version-history":[{"count":0,"href":"https:\/\/stage3.rnv.gob.ve\/wp\/wp-json\/wp\/v2\/posts\/45684\/revisions"}],"wp:featuredmedia":[{"embeddable":true,"href":"https:\/\/stage3.rnv.gob.ve\/wp\/wp-json\/"}],"wp:attachment":[{"href":"https:\/\/stage3.rnv.gob.ve\/wp\/wp-json\/wp\/v2\/media?parent=45684"}],"wp:term":[{"taxonomy":"category","embeddable":true,"href":"https:\/\/stage3.rnv.gob.ve\/wp\/wp-json\/wp\/v2\/categories?post=45684"},{"taxonomy":"post_tag","embeddable":true,"href":"https:\/\/stage3.rnv.gob.ve\/wp\/wp-json\/wp\/v2\/tags?post=45684"}],"curies":[{"name":"wp","href":"https:\/\/api.w.org\/{rel}","templated":true}]}}