{"id":42691,"date":"2016-06-25T16:53:55","date_gmt":"2016-06-25T20:53:55","guid":{"rendered":"http:\/\/wpeditor.rnv.gob.ve\/?p=42691"},"modified":"2016-06-25T16:53:55","modified_gmt":"2016-06-25T20:53:55","slug":"mas-de-3-mil-familias-en-pobreza-extrema-son-atendidas-en-cumana","status":"publish","type":"post","link":"https:\/\/stage3.rnv.gob.ve\/wp\/mas-de-3-mil-familias-en-pobreza-extrema-son-atendidas-en-cumana\/","title":{"rendered":"M\u00e1s de 3 mil familias en pobreza extrema son atendidas en Cuman\u00e1"},"content":{"rendered":"<figure id=\"attachment_42692\" aria-describedby=\"caption-attachment-42692\" style=\"width: 300px\" class=\"wp-caption alignleft\"><img fetchpriority=\"high\" decoding=\"async\" class=\"size-medium wp-image-42692\" src=\"http:\/\/wpeditor.rnv.gob.ve\/app\/uploads\/2016\/06\/base-misiones-300x225.jpg\" alt=\"Foto: Cortes\u00eda.\" width=\"300\" height=\"225\" \/><figcaption id=\"caption-attachment-42692\" class=\"wp-caption-text\">Foto: Cortes\u00eda.<\/figcaption><\/figure>\n<p style=\"text-align: justify;\">Unas 3.400 familias del sector Jag\u00fcey de Luna en Cuman\u00e1, Sucre, ser\u00e1n beneficiadas por el Gobierno Nacional a trav\u00e9s de una Base de Misiones Socialista que fue inaugurada este s\u00e1bado.<\/p>\n<p style=\"text-align: justify;\">La informaci\u00f3n fue precisada por la ministra del Poder Popular para los Pueblo Ind\u00edgenas, Clara Vidal, en contacto televisivo desde la entidad. Apunt\u00f3 que el espacio sirve para la atenci\u00f3n de cinco consejos comunales.<\/p>\n<p style=\"text-align: justify;\">Esta pol\u00edtica del Ejecutivo -se\u00f1al\u00f3- integra las misiones educativas: Robinson, Ribas y pr\u00f3ximamente un Simoncito; en salud con Barrio Adentro, pero tambi\u00e9n atiende el \u00e1rea cultural y deportiva.<\/p>\n<p style=\"text-align: justify;\">Se\u00f1al\u00f3 que antes de la inauguraci\u00f3n la Base de Misiones Socialista ya estaba operativa, lo que evidencia la intenci\u00f3n del Gobierno por erradicar la pobreza extrema en la entidad.<\/p>\n<p><strong><em>Escuche declaraciones de la ministra Clara Vidal:<\/em><\/strong><br \/>\n<audio class=\"wp-audio-shortcode\" id=\"audio-42691-1\" preload=\"none\" style=\"width: 100%;\" controls=\"controls\"><source type=\"audio\/mpeg\" src=\"http:\/\/wpeditor.rnv.gob.ve\/app\/uploads\/2016\/06\/cumana.mp3?_=1\" \/><a href=\"http:\/\/wpeditor.rnv.gob.ve\/app\/uploads\/2016\/06\/cumana.mp3\">http:\/\/wpeditor.rnv.gob.ve\/app\/uploads\/2016\/06\/cumana.mp3<\/a><\/audio><\/p>\n","protected":false},"excerpt":{"rendered":"<p>Unas 3.400 familias del sector Jag\u00fcey de Luna en Cuman\u00e1, Sucre, ser\u00e1n beneficiadas por el Gobierno Nacional a trav\u00e9s de una Base de Misiones Socialista que fue inaugurada este s\u00e1bado. La informaci\u00f3n fue precisada por la ministra del Poder Popular para los Pueblo Ind\u00edgenas, Clara Vidal, en contacto televisivo desde la entidad. Apunt\u00f3 que el [&hellip;]<\/p>\n","protected":false},"author":2,"featured_media":42692,"comment_status":"closed","ping_status":"open","sticky":false,"template":"","format":"standard","meta":{"_acf_changed":false,"footnotes":""},"categories":[69],"tags":[5894,3466,5895,2613,511,104],"class_list":["post-42691","post","type-post","status-publish","format-standard","has-post-thumbnail","hentry","category-regional","tag-clara-vida","tag-cumana","tag-jaguey-de-luna","tag-pueblos-indigenas","tag-sucre","tag-venezuela"],"acf":[],"yoast_head":"<!-- This site is optimized with the Yoast SEO plugin v27.4 - https:\/\/yoast.com\/product\/yoast-seo-wordpress\/ -->\n<title>M\u00e1s de 3 mil familias en pobreza extrema son atendidas en Cuman\u00e1 - DEV RNV<\/title>\n<meta name=\"robots\" content=\"noindex, follow, max-snippet:-1, max-image-preview:large, max-video-preview:-1\" \/>\n<meta property=\"og:locale\" content=\"es_ES\" \/>\n<meta property=\"og:type\" content=\"article\" \/>\n<meta property=\"og:title\" content=\"M\u00e1s de 3 mil familias en pobreza extrema son atendidas en Cuman\u00e1 - DEV RNV\" \/>\n<meta property=\"og:description\" content=\"Unas 3.400 familias del sector Jag\u00fcey de Luna en Cuman\u00e1, Sucre, ser\u00e1n beneficiadas por el Gobierno Nacional a trav\u00e9s de una Base de Misiones Socialista que fue inaugurada este s\u00e1bado. La informaci\u00f3n fue precisada por la ministra del Poder Popular para los Pueblo Ind\u00edgenas, Clara Vidal, en contacto televisivo desde la entidad. Apunt\u00f3 que el [&hellip;]\" \/>\n<meta property=\"og:url\" content=\"https:\/\/stage3.rnv.gob.ve\/wp\/mas-de-3-mil-familias-en-pobreza-extrema-son-atendidas-en-cumana\/\" \/>\n<meta property=\"og:site_name\" content=\"DEV RNV\" \/>\n<meta property=\"article:publisher\" content=\"https:\/\/www.facebook.com\/RadioNacionaldeVenezuela\" \/>\n<meta property=\"article:published_time\" content=\"2016-06-25T20:53:55+00:00\" \/>\n<meta name=\"author\" content=\"Daniel Peralta\" \/>\n<meta name=\"twitter:card\" content=\"summary_large_image\" \/>\n<meta name=\"twitter:creator\" content=\"@RNVinformativa\" \/>\n<meta name=\"twitter:site\" content=\"@RNVinformativa\" \/>\n<meta name=\"twitter:label1\" content=\"Escrito por\" \/>\n\t<meta name=\"twitter:data1\" content=\"Daniel Peralta\" \/>\n\t<meta name=\"twitter:label2\" content=\"Tiempo estimado de lectura\" \/>\n\t<meta name=\"twitter:data2\" content=\"1 minuto\" \/>\n<script type=\"application\/ld+json\" class=\"yoast-schema-graph\">{\"@context\":\"https:\\\/\\\/schema.org\",\"@graph\":[{\"@type\":\"Article\",\"@id\":\"https:\\\/\\\/stage3.rnv.gob.ve\\\/wp\\\/mas-de-3-mil-familias-en-pobreza-extrema-son-atendidas-en-cumana\\\/#article\",\"isPartOf\":{\"@id\":\"https:\\\/\\\/stage3.rnv.gob.ve\\\/wp\\\/mas-de-3-mil-familias-en-pobreza-extrema-son-atendidas-en-cumana\\\/\"},\"author\":{\"name\":\"Daniel Peralta\",\"@id\":\"https:\\\/\\\/stage3.rnv.gob.ve\\\/wp\\\/#\\\/schema\\\/person\\\/d9cd31b2b60c5c2e489f54856b6cb03d\"},\"headline\":\"M\u00e1s de 3 mil familias en pobreza extrema son atendidas en Cuman\u00e1\",\"datePublished\":\"2016-06-25T20:53:55+00:00\",\"mainEntityOfPage\":{\"@id\":\"https:\\\/\\\/stage3.rnv.gob.ve\\\/wp\\\/mas-de-3-mil-familias-en-pobreza-extrema-son-atendidas-en-cumana\\\/\"},\"wordCount\":176,\"publisher\":{\"@id\":\"https:\\\/\\\/stage3.rnv.gob.ve\\\/wp\\\/#organization\"},\"image\":{\"@id\":\"https:\\\/\\\/stage3.rnv.gob.ve\\\/wp\\\/mas-de-3-mil-familias-en-pobreza-extrema-son-atendidas-en-cumana\\\/#primaryimage\"},\"thumbnailUrl\":\"\",\"keywords\":[\"clara vida\",\"cumana\",\"jag\u00fcey de luna\",\"pueblos indigenas\",\"sucre\",\"Venezuela\"],\"articleSection\":[\"Regional\"],\"inLanguage\":\"es\"},{\"@type\":\"WebPage\",\"@id\":\"https:\\\/\\\/stage3.rnv.gob.ve\\\/wp\\\/mas-de-3-mil-familias-en-pobreza-extrema-son-atendidas-en-cumana\\\/\",\"url\":\"https:\\\/\\\/stage3.rnv.gob.ve\\\/wp\\\/mas-de-3-mil-familias-en-pobreza-extrema-son-atendidas-en-cumana\\\/\",\"name\":\"M\u00e1s de 3 mil familias en pobreza extrema son atendidas en Cuman\u00e1 - DEV RNV\",\"isPartOf\":{\"@id\":\"https:\\\/\\\/stage3.rnv.gob.ve\\\/wp\\\/#website\"},\"primaryImageOfPage\":{\"@id\":\"https:\\\/\\\/stage3.rnv.gob.ve\\\/wp\\\/mas-de-3-mil-familias-en-pobreza-extrema-son-atendidas-en-cumana\\\/#primaryimage\"},\"image\":{\"@id\":\"https:\\\/\\\/stage3.rnv.gob.ve\\\/wp\\\/mas-de-3-mil-familias-en-pobreza-extrema-son-atendidas-en-cumana\\\/#primaryimage\"},\"thumbnailUrl\":\"\",\"datePublished\":\"2016-06-25T20:53:55+00:00\",\"breadcrumb\":{\"@id\":\"https:\\\/\\\/stage3.rnv.gob.ve\\\/wp\\\/mas-de-3-mil-familias-en-pobreza-extrema-son-atendidas-en-cumana\\\/#breadcrumb\"},\"inLanguage\":\"es\",\"potentialAction\":[{\"@type\":\"ReadAction\",\"target\":[\"https:\\\/\\\/stage3.rnv.gob.ve\\\/wp\\\/mas-de-3-mil-familias-en-pobreza-extrema-son-atendidas-en-cumana\\\/\"]}]},{\"@type\":\"ImageObject\",\"inLanguage\":\"es\",\"@id\":\"https:\\\/\\\/stage3.rnv.gob.ve\\\/wp\\\/mas-de-3-mil-familias-en-pobreza-extrema-son-atendidas-en-cumana\\\/#primaryimage\",\"url\":\"\",\"contentUrl\":\"\"},{\"@type\":\"BreadcrumbList\",\"@id\":\"https:\\\/\\\/stage3.rnv.gob.ve\\\/wp\\\/mas-de-3-mil-familias-en-pobreza-extrema-son-atendidas-en-cumana\\\/#breadcrumb\",\"itemListElement\":[{\"@type\":\"ListItem\",\"position\":1,\"name\":\"Portada\",\"item\":\"https:\\\/\\\/stage3.rnv.gob.ve\\\/wp\\\/\"},{\"@type\":\"ListItem\",\"position\":2,\"name\":\"M\u00e1s De 3 Mil Familias En Pobreza Extrema Son Atendidas En Cuman\u00e1\"}]},{\"@type\":\"WebSite\",\"@id\":\"https:\\\/\\\/stage3.rnv.gob.ve\\\/wp\\\/#website\",\"url\":\"https:\\\/\\\/stage3.rnv.gob.ve\\\/wp\\\/\",\"name\":\"DEV RNV\",\"description\":\"Radio Nacional de Venezuela C.A.\",\"publisher\":{\"@id\":\"https:\\\/\\\/stage3.rnv.gob.ve\\\/wp\\\/#organization\"},\"potentialAction\":[{\"@type\":\"SearchAction\",\"target\":{\"@type\":\"EntryPoint\",\"urlTemplate\":\"https:\\\/\\\/stage3.rnv.gob.ve\\\/wp\\\/?s={search_term_string}\"},\"query-input\":{\"@type\":\"PropertyValueSpecification\",\"valueRequired\":true,\"valueName\":\"search_term_string\"}}],\"inLanguage\":\"es\"},{\"@type\":\"Organization\",\"@id\":\"https:\\\/\\\/stage3.rnv.gob.ve\\\/wp\\\/#organization\",\"name\":\"Radio Nacional de Venezuela C.A.\",\"url\":\"https:\\\/\\\/stage3.rnv.gob.ve\\\/wp\\\/\",\"logo\":{\"@type\":\"ImageObject\",\"inLanguage\":\"es\",\"@id\":\"https:\\\/\\\/stage3.rnv.gob.ve\\\/wp\\\/#\\\/schema\\\/logo\\\/image\\\/\",\"url\":\"http:\\\/\\\/rnv.ddns.net\\\/prensa\\\/wp-content\\\/uploads\\\/2022\\\/04\\\/rnv-1-300x227-1.jpg\",\"contentUrl\":\"http:\\\/\\\/rnv.ddns.net\\\/prensa\\\/wp-content\\\/uploads\\\/2022\\\/04\\\/rnv-1-300x227-1.jpg\",\"width\":800,\"height\":455,\"caption\":\"Radio Nacional de Venezuela C.A.\"},\"image\":{\"@id\":\"https:\\\/\\\/stage3.rnv.gob.ve\\\/wp\\\/#\\\/schema\\\/logo\\\/image\\\/\"},\"sameAs\":[\"https:\\\/\\\/www.facebook.com\\\/RadioNacionaldeVenezuela\",\"https:\\\/\\\/x.com\\\/RNVinformativa\",\"https:\\\/\\\/www.instagram.com\\\/rnvinformativa\\\/\",\"https:\\\/\\\/www.youtube.com\\\/user\\\/RNVContigo\"]},{\"@type\":\"Person\",\"@id\":\"https:\\\/\\\/stage3.rnv.gob.ve\\\/wp\\\/#\\\/schema\\\/person\\\/d9cd31b2b60c5c2e489f54856b6cb03d\",\"name\":\"Daniel Peralta\",\"url\":\"https:\\\/\\\/stage3.rnv.gob.ve\\\/wp\\\/author\\\/daniel_peralta\\\/\"}]}<\/script>\n<!-- \/ Yoast SEO plugin. -->","yoast_head_json":{"title":"M\u00e1s de 3 mil familias en pobreza extrema son atendidas en Cuman\u00e1 - DEV RNV","robots":{"index":"noindex","follow":"follow","max-snippet":"max-snippet:-1","max-image-preview":"max-image-preview:large","max-video-preview":"max-video-preview:-1"},"og_locale":"es_ES","og_type":"article","og_title":"M\u00e1s de 3 mil familias en pobreza extrema son atendidas en Cuman\u00e1 - DEV RNV","og_description":"Unas 3.400 familias del sector Jag\u00fcey de Luna en Cuman\u00e1, Sucre, ser\u00e1n beneficiadas por el Gobierno Nacional a trav\u00e9s de una Base de Misiones Socialista que fue inaugurada este s\u00e1bado. La informaci\u00f3n fue precisada por la ministra del Poder Popular para los Pueblo Ind\u00edgenas, Clara Vidal, en contacto televisivo desde la entidad. Apunt\u00f3 que el [&hellip;]","og_url":"https:\/\/stage3.rnv.gob.ve\/wp\/mas-de-3-mil-familias-en-pobreza-extrema-son-atendidas-en-cumana\/","og_site_name":"DEV RNV","article_publisher":"https:\/\/www.facebook.com\/RadioNacionaldeVenezuela","article_published_time":"2016-06-25T20:53:55+00:00","author":"Daniel Peralta","twitter_card":"summary_large_image","twitter_creator":"@RNVinformativa","twitter_site":"@RNVinformativa","twitter_misc":{"Escrito por":"Daniel Peralta","Tiempo estimado de lectura":"1 minuto"},"schema":{"@context":"https:\/\/schema.org","@graph":[{"@type":"Article","@id":"https:\/\/stage3.rnv.gob.ve\/wp\/mas-de-3-mil-familias-en-pobreza-extrema-son-atendidas-en-cumana\/#article","isPartOf":{"@id":"https:\/\/stage3.rnv.gob.ve\/wp\/mas-de-3-mil-familias-en-pobreza-extrema-son-atendidas-en-cumana\/"},"author":{"name":"Daniel Peralta","@id":"https:\/\/stage3.rnv.gob.ve\/wp\/#\/schema\/person\/d9cd31b2b60c5c2e489f54856b6cb03d"},"headline":"M\u00e1s de 3 mil familias en pobreza extrema son atendidas en Cuman\u00e1","datePublished":"2016-06-25T20:53:55+00:00","mainEntityOfPage":{"@id":"https:\/\/stage3.rnv.gob.ve\/wp\/mas-de-3-mil-familias-en-pobreza-extrema-son-atendidas-en-cumana\/"},"wordCount":176,"publisher":{"@id":"https:\/\/stage3.rnv.gob.ve\/wp\/#organization"},"image":{"@id":"https:\/\/stage3.rnv.gob.ve\/wp\/mas-de-3-mil-familias-en-pobreza-extrema-son-atendidas-en-cumana\/#primaryimage"},"thumbnailUrl":"","keywords":["clara vida","cumana","jag\u00fcey de luna","pueblos indigenas","sucre","Venezuela"],"articleSection":["Regional"],"inLanguage":"es"},{"@type":"WebPage","@id":"https:\/\/stage3.rnv.gob.ve\/wp\/mas-de-3-mil-familias-en-pobreza-extrema-son-atendidas-en-cumana\/","url":"https:\/\/stage3.rnv.gob.ve\/wp\/mas-de-3-mil-familias-en-pobreza-extrema-son-atendidas-en-cumana\/","name":"M\u00e1s de 3 mil familias en pobreza extrema son atendidas en Cuman\u00e1 - DEV RNV","isPartOf":{"@id":"https:\/\/stage3.rnv.gob.ve\/wp\/#website"},"primaryImageOfPage":{"@id":"https:\/\/stage3.rnv.gob.ve\/wp\/mas-de-3-mil-familias-en-pobreza-extrema-son-atendidas-en-cumana\/#primaryimage"},"image":{"@id":"https:\/\/stage3.rnv.gob.ve\/wp\/mas-de-3-mil-familias-en-pobreza-extrema-son-atendidas-en-cumana\/#primaryimage"},"thumbnailUrl":"","datePublished":"2016-06-25T20:53:55+00:00","breadcrumb":{"@id":"https:\/\/stage3.rnv.gob.ve\/wp\/mas-de-3-mil-familias-en-pobreza-extrema-son-atendidas-en-cumana\/#breadcrumb"},"inLanguage":"es","potentialAction":[{"@type":"ReadAction","target":["https:\/\/stage3.rnv.gob.ve\/wp\/mas-de-3-mil-familias-en-pobreza-extrema-son-atendidas-en-cumana\/"]}]},{"@type":"ImageObject","inLanguage":"es","@id":"https:\/\/stage3.rnv.gob.ve\/wp\/mas-de-3-mil-familias-en-pobreza-extrema-son-atendidas-en-cumana\/#primaryimage","url":"","contentUrl":""},{"@type":"BreadcrumbList","@id":"https:\/\/stage3.rnv.gob.ve\/wp\/mas-de-3-mil-familias-en-pobreza-extrema-son-atendidas-en-cumana\/#breadcrumb","itemListElement":[{"@type":"ListItem","position":1,"name":"Portada","item":"https:\/\/stage3.rnv.gob.ve\/wp\/"},{"@type":"ListItem","position":2,"name":"M\u00e1s De 3 Mil Familias En Pobreza Extrema Son Atendidas En Cuman\u00e1"}]},{"@type":"WebSite","@id":"https:\/\/stage3.rnv.gob.ve\/wp\/#website","url":"https:\/\/stage3.rnv.gob.ve\/wp\/","name":"DEV RNV","description":"Radio Nacional de Venezuela C.A.","publisher":{"@id":"https:\/\/stage3.rnv.gob.ve\/wp\/#organization"},"potentialAction":[{"@type":"SearchAction","target":{"@type":"EntryPoint","urlTemplate":"https:\/\/stage3.rnv.gob.ve\/wp\/?s={search_term_string}"},"query-input":{"@type":"PropertyValueSpecification","valueRequired":true,"valueName":"search_term_string"}}],"inLanguage":"es"},{"@type":"Organization","@id":"https:\/\/stage3.rnv.gob.ve\/wp\/#organization","name":"Radio Nacional de Venezuela C.A.","url":"https:\/\/stage3.rnv.gob.ve\/wp\/","logo":{"@type":"ImageObject","inLanguage":"es","@id":"https:\/\/stage3.rnv.gob.ve\/wp\/#\/schema\/logo\/image\/","url":"http:\/\/rnv.ddns.net\/prensa\/wp-content\/uploads\/2022\/04\/rnv-1-300x227-1.jpg","contentUrl":"http:\/\/rnv.ddns.net\/prensa\/wp-content\/uploads\/2022\/04\/rnv-1-300x227-1.jpg","width":800,"height":455,"caption":"Radio Nacional de Venezuela C.A."},"image":{"@id":"https:\/\/stage3.rnv.gob.ve\/wp\/#\/schema\/logo\/image\/"},"sameAs":["https:\/\/www.facebook.com\/RadioNacionaldeVenezuela","https:\/\/x.com\/RNVinformativa","https:\/\/www.instagram.com\/rnvinformativa\/","https:\/\/www.youtube.com\/user\/RNVContigo"]},{"@type":"Person","@id":"https:\/\/stage3.rnv.gob.ve\/wp\/#\/schema\/person\/d9cd31b2b60c5c2e489f54856b6cb03d","name":"Daniel Peralta","url":"https:\/\/stage3.rnv.gob.ve\/wp\/author\/daniel_peralta\/"}]}},"jetpack_featured_media_url":"","_links":{"self":[{"href":"https:\/\/stage3.rnv.gob.ve\/wp\/wp-json\/wp\/v2\/posts\/42691","targetHints":{"allow":["GET"]}}],"collection":[{"href":"https:\/\/stage3.rnv.gob.ve\/wp\/wp-json\/wp\/v2\/posts"}],"about":[{"href":"https:\/\/stage3.rnv.gob.ve\/wp\/wp-json\/wp\/v2\/types\/post"}],"author":[{"embeddable":true,"href":"https:\/\/stage3.rnv.gob.ve\/wp\/wp-json\/wp\/v2\/users\/2"}],"replies":[{"embeddable":true,"href":"https:\/\/stage3.rnv.gob.ve\/wp\/wp-json\/wp\/v2\/comments?post=42691"}],"version-history":[{"count":0,"href":"https:\/\/stage3.rnv.gob.ve\/wp\/wp-json\/wp\/v2\/posts\/42691\/revisions"}],"wp:featuredmedia":[{"embeddable":true,"href":"https:\/\/stage3.rnv.gob.ve\/wp\/wp-json\/"}],"wp:attachment":[{"href":"https:\/\/stage3.rnv.gob.ve\/wp\/wp-json\/wp\/v2\/media?parent=42691"}],"wp:term":[{"taxonomy":"category","embeddable":true,"href":"https:\/\/stage3.rnv.gob.ve\/wp\/wp-json\/wp\/v2\/categories?post=42691"},{"taxonomy":"post_tag","embeddable":true,"href":"https:\/\/stage3.rnv.gob.ve\/wp\/wp-json\/wp\/v2\/tags?post=42691"}],"curies":[{"name":"wp","href":"https:\/\/api.w.org\/{rel}","templated":true}]}}