{"id":412594,"date":"2026-02-20T11:06:58","date_gmt":"2026-02-20T15:06:58","guid":{"rendered":"https:\/\/stage3.rnv.gob.ve\/wp\/?p=412594"},"modified":"2026-02-20T11:07:03","modified_gmt":"2026-02-20T15:07:03","slug":"gobierno-bolivariano-fortalece-la-pesca-del-cangrejo-azul-en-zulia","status":"publish","type":"post","link":"https:\/\/stage3.rnv.gob.ve\/wp\/gobierno-bolivariano-fortalece-la-pesca-del-cangrejo-azul-en-zulia\/","title":{"rendered":"Gobierno Bolivariano fortalece la pesca del cangrejo azul en Zulia"},"content":{"rendered":"\n<p>El ministro del Poder Popular de Pesca y Acuicultura, Juan Carlos Loyo, sostuvo una reuni\u00f3n con pescadores y empresarios del sector cangrejero en el estado Zulia para evaluar las condiciones de exportaci\u00f3n del cangrejo azul, un rubro clave para el motor econ\u00f3mico del pa\u00eds. Junto al gobernador Luis Caldera, ofreci\u00f3 un balance del encuentro y destac\u00f3 que Zulia posee una de las econom\u00edas de pesca m\u00e1s importantes del territorio nacional.<\/p>\n\n\n\n<p>Loyo anunci\u00f3 que se abre una nueva etapa de exportaci\u00f3n de cangrejo azul hacia el mercado de Estados Unidos, en el marco de los acuerdos bilaterales sostenidos con la presidenta encargada Delcy Rodr\u00edguez y autoridades estadounidenses, siguiendo los lineamientos del presidente Nicol\u00e1s Maduro.<\/p>\n\n\n\n<p>El gobernador Caldera inform\u00f3 que en 2025, el estado registr\u00f3 m\u00e1s de 2.800 toneladas de exportaci\u00f3n de este producto. Asimismo, resalt\u00f3 el trabajo articulado entre el poder popular, los consejos de pescadores y los empresarios de la regi\u00f3n para elevar la calidad del cangrejo azul como rubro exportador.<\/p>\n\n\n\n<p>T\/RNV Zulia<\/p>\n","protected":false},"excerpt":{"rendered":"<p>El ministro del Poder Popular de Pesca y Acuicultura, Juan Carlos Loyo, sostuvo una reuni\u00f3n con pescadores y empresarios del sector cangrejero en el estado Zulia para evaluar las condiciones de exportaci\u00f3n del cangrejo azul, un rubro clave para el motor econ\u00f3mico del pa\u00eds. Junto al gobernador Luis Caldera, ofreci\u00f3 un balance del encuentro y [&hellip;]<\/p>\n","protected":false},"author":77,"featured_media":412595,"comment_status":"closed","ping_status":"closed","sticky":false,"template":"","format":"standard","meta":{"_acf_changed":false,"footnotes":""},"categories":[69],"tags":[],"class_list":["post-412594","post","type-post","status-publish","format-standard","has-post-thumbnail","hentry","category-regional"],"acf":[],"yoast_head":"<!-- This site is optimized with the Yoast SEO plugin v27.4 - https:\/\/yoast.com\/product\/yoast-seo-wordpress\/ -->\n<title>Gobierno Bolivariano fortalece la pesca del cangrejo azul en Zulia - DEV RNV<\/title>\n<meta name=\"description\" content=\"cangrejo azul, un rubro clave para el motor econ\u00f3mico del pa\u00eds.\" \/>\n<meta name=\"robots\" content=\"noindex, follow, max-snippet:-1, max-image-preview:large, max-video-preview:-1\" \/>\n<meta property=\"og:locale\" content=\"es_ES\" \/>\n<meta property=\"og:type\" content=\"article\" \/>\n<meta property=\"og:title\" content=\"Gobierno Bolivariano fortalece la pesca del cangrejo azul en Zulia - DEV RNV\" \/>\n<meta property=\"og:description\" content=\"cangrejo azul, un rubro clave para el motor econ\u00f3mico del pa\u00eds.\" \/>\n<meta property=\"og:url\" content=\"https:\/\/stage3.rnv.gob.ve\/wp\/gobierno-bolivariano-fortalece-la-pesca-del-cangrejo-azul-en-zulia\/\" \/>\n<meta property=\"og:site_name\" content=\"DEV RNV\" \/>\n<meta property=\"article:publisher\" content=\"https:\/\/www.facebook.com\/RadioNacionaldeVenezuela\" \/>\n<meta property=\"article:published_time\" content=\"2026-02-20T15:06:58+00:00\" \/>\n<meta property=\"article:modified_time\" content=\"2026-02-20T15:07:03+00:00\" \/>\n<meta property=\"og:image\" content=\"https:\/\/stage3.rnv.gob.ve\/wp\/wp-content\/uploads\/2026\/02\/pesca-zulia.jpg\" \/>\n\t<meta property=\"og:image:width\" content=\"1280\" \/>\n\t<meta property=\"og:image:height\" content=\"960\" \/>\n\t<meta property=\"og:image:type\" content=\"image\/jpeg\" \/>\n<meta name=\"author\" content=\"Yuritza Ca\u00f1ate\" \/>\n<meta name=\"twitter:card\" content=\"summary_large_image\" \/>\n<meta name=\"twitter:creator\" content=\"@RNVinformativa\" \/>\n<meta name=\"twitter:site\" content=\"@RNVinformativa\" \/>\n<meta name=\"twitter:label1\" content=\"Escrito por\" \/>\n\t<meta name=\"twitter:data1\" content=\"Yuritza Ca\u00f1ate\" \/>\n\t<meta name=\"twitter:label2\" content=\"Tiempo estimado de lectura\" \/>\n\t<meta name=\"twitter:data2\" content=\"1 minuto\" \/>\n<script type=\"application\/ld+json\" class=\"yoast-schema-graph\">{\"@context\":\"https:\\\/\\\/schema.org\",\"@graph\":[{\"@type\":\"Article\",\"@id\":\"https:\\\/\\\/stage3.rnv.gob.ve\\\/wp\\\/gobierno-bolivariano-fortalece-la-pesca-del-cangrejo-azul-en-zulia\\\/#article\",\"isPartOf\":{\"@id\":\"https:\\\/\\\/stage3.rnv.gob.ve\\\/wp\\\/gobierno-bolivariano-fortalece-la-pesca-del-cangrejo-azul-en-zulia\\\/\"},\"author\":{\"name\":\"Yuritza Ca\u00f1ate\",\"@id\":\"https:\\\/\\\/stage3.rnv.gob.ve\\\/wp\\\/#\\\/schema\\\/person\\\/c44b28fb1deb95c3b07b34e98b2066a1\"},\"headline\":\"Gobierno Bolivariano fortalece la pesca del cangrejo azul en Zulia\",\"datePublished\":\"2026-02-20T15:06:58+00:00\",\"dateModified\":\"2026-02-20T15:07:03+00:00\",\"mainEntityOfPage\":{\"@id\":\"https:\\\/\\\/stage3.rnv.gob.ve\\\/wp\\\/gobierno-bolivariano-fortalece-la-pesca-del-cangrejo-azul-en-zulia\\\/\"},\"wordCount\":184,\"publisher\":{\"@id\":\"https:\\\/\\\/stage3.rnv.gob.ve\\\/wp\\\/#organization\"},\"image\":{\"@id\":\"https:\\\/\\\/stage3.rnv.gob.ve\\\/wp\\\/gobierno-bolivariano-fortalece-la-pesca-del-cangrejo-azul-en-zulia\\\/#primaryimage\"},\"thumbnailUrl\":\"https:\\\/\\\/stage3.rnv.gob.ve\\\/wp\\\/wp-content\\\/uploads\\\/2026\\\/02\\\/pesca-zulia.jpg\",\"articleSection\":[\"Regional\"],\"inLanguage\":\"es\"},{\"@type\":\"WebPage\",\"@id\":\"https:\\\/\\\/stage3.rnv.gob.ve\\\/wp\\\/gobierno-bolivariano-fortalece-la-pesca-del-cangrejo-azul-en-zulia\\\/\",\"url\":\"https:\\\/\\\/stage3.rnv.gob.ve\\\/wp\\\/gobierno-bolivariano-fortalece-la-pesca-del-cangrejo-azul-en-zulia\\\/\",\"name\":\"Gobierno Bolivariano fortalece la pesca del cangrejo azul en Zulia - DEV RNV\",\"isPartOf\":{\"@id\":\"https:\\\/\\\/stage3.rnv.gob.ve\\\/wp\\\/#website\"},\"primaryImageOfPage\":{\"@id\":\"https:\\\/\\\/stage3.rnv.gob.ve\\\/wp\\\/gobierno-bolivariano-fortalece-la-pesca-del-cangrejo-azul-en-zulia\\\/#primaryimage\"},\"image\":{\"@id\":\"https:\\\/\\\/stage3.rnv.gob.ve\\\/wp\\\/gobierno-bolivariano-fortalece-la-pesca-del-cangrejo-azul-en-zulia\\\/#primaryimage\"},\"thumbnailUrl\":\"https:\\\/\\\/stage3.rnv.gob.ve\\\/wp\\\/wp-content\\\/uploads\\\/2026\\\/02\\\/pesca-zulia.jpg\",\"datePublished\":\"2026-02-20T15:06:58+00:00\",\"dateModified\":\"2026-02-20T15:07:03+00:00\",\"description\":\"cangrejo azul, un rubro clave para el motor econ\u00f3mico del pa\u00eds.\",\"breadcrumb\":{\"@id\":\"https:\\\/\\\/stage3.rnv.gob.ve\\\/wp\\\/gobierno-bolivariano-fortalece-la-pesca-del-cangrejo-azul-en-zulia\\\/#breadcrumb\"},\"inLanguage\":\"es\",\"potentialAction\":[{\"@type\":\"ReadAction\",\"target\":[\"https:\\\/\\\/stage3.rnv.gob.ve\\\/wp\\\/gobierno-bolivariano-fortalece-la-pesca-del-cangrejo-azul-en-zulia\\\/\"]}]},{\"@type\":\"ImageObject\",\"inLanguage\":\"es\",\"@id\":\"https:\\\/\\\/stage3.rnv.gob.ve\\\/wp\\\/gobierno-bolivariano-fortalece-la-pesca-del-cangrejo-azul-en-zulia\\\/#primaryimage\",\"url\":\"https:\\\/\\\/stage3.rnv.gob.ve\\\/wp\\\/wp-content\\\/uploads\\\/2026\\\/02\\\/pesca-zulia.jpg\",\"contentUrl\":\"https:\\\/\\\/stage3.rnv.gob.ve\\\/wp\\\/wp-content\\\/uploads\\\/2026\\\/02\\\/pesca-zulia.jpg\",\"width\":1280,\"height\":960},{\"@type\":\"BreadcrumbList\",\"@id\":\"https:\\\/\\\/stage3.rnv.gob.ve\\\/wp\\\/gobierno-bolivariano-fortalece-la-pesca-del-cangrejo-azul-en-zulia\\\/#breadcrumb\",\"itemListElement\":[{\"@type\":\"ListItem\",\"position\":1,\"name\":\"Portada\",\"item\":\"https:\\\/\\\/stage3.rnv.gob.ve\\\/wp\\\/\"},{\"@type\":\"ListItem\",\"position\":2,\"name\":\"Gobierno Bolivariano Fortalece La Pesca Del Cangrejo Azul En Zulia\"}]},{\"@type\":\"WebSite\",\"@id\":\"https:\\\/\\\/stage3.rnv.gob.ve\\\/wp\\\/#website\",\"url\":\"https:\\\/\\\/stage3.rnv.gob.ve\\\/wp\\\/\",\"name\":\"DEV RNV\",\"description\":\"Radio Nacional de Venezuela C.A.\",\"publisher\":{\"@id\":\"https:\\\/\\\/stage3.rnv.gob.ve\\\/wp\\\/#organization\"},\"potentialAction\":[{\"@type\":\"SearchAction\",\"target\":{\"@type\":\"EntryPoint\",\"urlTemplate\":\"https:\\\/\\\/stage3.rnv.gob.ve\\\/wp\\\/?s={search_term_string}\"},\"query-input\":{\"@type\":\"PropertyValueSpecification\",\"valueRequired\":true,\"valueName\":\"search_term_string\"}}],\"inLanguage\":\"es\"},{\"@type\":\"Organization\",\"@id\":\"https:\\\/\\\/stage3.rnv.gob.ve\\\/wp\\\/#organization\",\"name\":\"Radio Nacional de Venezuela C.A.\",\"url\":\"https:\\\/\\\/stage3.rnv.gob.ve\\\/wp\\\/\",\"logo\":{\"@type\":\"ImageObject\",\"inLanguage\":\"es\",\"@id\":\"https:\\\/\\\/stage3.rnv.gob.ve\\\/wp\\\/#\\\/schema\\\/logo\\\/image\\\/\",\"url\":\"http:\\\/\\\/rnv.ddns.net\\\/prensa\\\/wp-content\\\/uploads\\\/2022\\\/04\\\/rnv-1-300x227-1.jpg\",\"contentUrl\":\"http:\\\/\\\/rnv.ddns.net\\\/prensa\\\/wp-content\\\/uploads\\\/2022\\\/04\\\/rnv-1-300x227-1.jpg\",\"width\":800,\"height\":455,\"caption\":\"Radio Nacional de Venezuela C.A.\"},\"image\":{\"@id\":\"https:\\\/\\\/stage3.rnv.gob.ve\\\/wp\\\/#\\\/schema\\\/logo\\\/image\\\/\"},\"sameAs\":[\"https:\\\/\\\/www.facebook.com\\\/RadioNacionaldeVenezuela\",\"https:\\\/\\\/x.com\\\/RNVinformativa\",\"https:\\\/\\\/www.instagram.com\\\/rnvinformativa\\\/\",\"https:\\\/\\\/www.youtube.com\\\/user\\\/RNVContigo\"]},{\"@type\":\"Person\",\"@id\":\"https:\\\/\\\/stage3.rnv.gob.ve\\\/wp\\\/#\\\/schema\\\/person\\\/c44b28fb1deb95c3b07b34e98b2066a1\",\"name\":\"Yuritza Ca\u00f1ate\",\"url\":\"https:\\\/\\\/stage3.rnv.gob.ve\\\/wp\\\/author\\\/yuritza-canate\\\/\"}]}<\/script>\n<!-- \/ Yoast SEO plugin. -->","yoast_head_json":{"title":"Gobierno Bolivariano fortalece la pesca del cangrejo azul en Zulia - DEV RNV","description":"cangrejo azul, un rubro clave para el motor econ\u00f3mico del pa\u00eds.","robots":{"index":"noindex","follow":"follow","max-snippet":"max-snippet:-1","max-image-preview":"max-image-preview:large","max-video-preview":"max-video-preview:-1"},"og_locale":"es_ES","og_type":"article","og_title":"Gobierno Bolivariano fortalece la pesca del cangrejo azul en Zulia - DEV RNV","og_description":"cangrejo azul, un rubro clave para el motor econ\u00f3mico del pa\u00eds.","og_url":"https:\/\/stage3.rnv.gob.ve\/wp\/gobierno-bolivariano-fortalece-la-pesca-del-cangrejo-azul-en-zulia\/","og_site_name":"DEV RNV","article_publisher":"https:\/\/www.facebook.com\/RadioNacionaldeVenezuela","article_published_time":"2026-02-20T15:06:58+00:00","article_modified_time":"2026-02-20T15:07:03+00:00","og_image":[{"width":1280,"height":960,"url":"https:\/\/stage3.rnv.gob.ve\/wp\/wp-content\/uploads\/2026\/02\/pesca-zulia.jpg","type":"image\/jpeg"}],"author":"Yuritza Ca\u00f1ate","twitter_card":"summary_large_image","twitter_creator":"@RNVinformativa","twitter_site":"@RNVinformativa","twitter_misc":{"Escrito por":"Yuritza Ca\u00f1ate","Tiempo estimado de lectura":"1 minuto"},"schema":{"@context":"https:\/\/schema.org","@graph":[{"@type":"Article","@id":"https:\/\/stage3.rnv.gob.ve\/wp\/gobierno-bolivariano-fortalece-la-pesca-del-cangrejo-azul-en-zulia\/#article","isPartOf":{"@id":"https:\/\/stage3.rnv.gob.ve\/wp\/gobierno-bolivariano-fortalece-la-pesca-del-cangrejo-azul-en-zulia\/"},"author":{"name":"Yuritza Ca\u00f1ate","@id":"https:\/\/stage3.rnv.gob.ve\/wp\/#\/schema\/person\/c44b28fb1deb95c3b07b34e98b2066a1"},"headline":"Gobierno Bolivariano fortalece la pesca del cangrejo azul en Zulia","datePublished":"2026-02-20T15:06:58+00:00","dateModified":"2026-02-20T15:07:03+00:00","mainEntityOfPage":{"@id":"https:\/\/stage3.rnv.gob.ve\/wp\/gobierno-bolivariano-fortalece-la-pesca-del-cangrejo-azul-en-zulia\/"},"wordCount":184,"publisher":{"@id":"https:\/\/stage3.rnv.gob.ve\/wp\/#organization"},"image":{"@id":"https:\/\/stage3.rnv.gob.ve\/wp\/gobierno-bolivariano-fortalece-la-pesca-del-cangrejo-azul-en-zulia\/#primaryimage"},"thumbnailUrl":"https:\/\/stage3.rnv.gob.ve\/wp\/wp-content\/uploads\/2026\/02\/pesca-zulia.jpg","articleSection":["Regional"],"inLanguage":"es"},{"@type":"WebPage","@id":"https:\/\/stage3.rnv.gob.ve\/wp\/gobierno-bolivariano-fortalece-la-pesca-del-cangrejo-azul-en-zulia\/","url":"https:\/\/stage3.rnv.gob.ve\/wp\/gobierno-bolivariano-fortalece-la-pesca-del-cangrejo-azul-en-zulia\/","name":"Gobierno Bolivariano fortalece la pesca del cangrejo azul en Zulia - DEV RNV","isPartOf":{"@id":"https:\/\/stage3.rnv.gob.ve\/wp\/#website"},"primaryImageOfPage":{"@id":"https:\/\/stage3.rnv.gob.ve\/wp\/gobierno-bolivariano-fortalece-la-pesca-del-cangrejo-azul-en-zulia\/#primaryimage"},"image":{"@id":"https:\/\/stage3.rnv.gob.ve\/wp\/gobierno-bolivariano-fortalece-la-pesca-del-cangrejo-azul-en-zulia\/#primaryimage"},"thumbnailUrl":"https:\/\/stage3.rnv.gob.ve\/wp\/wp-content\/uploads\/2026\/02\/pesca-zulia.jpg","datePublished":"2026-02-20T15:06:58+00:00","dateModified":"2026-02-20T15:07:03+00:00","description":"cangrejo azul, un rubro clave para el motor econ\u00f3mico del pa\u00eds.","breadcrumb":{"@id":"https:\/\/stage3.rnv.gob.ve\/wp\/gobierno-bolivariano-fortalece-la-pesca-del-cangrejo-azul-en-zulia\/#breadcrumb"},"inLanguage":"es","potentialAction":[{"@type":"ReadAction","target":["https:\/\/stage3.rnv.gob.ve\/wp\/gobierno-bolivariano-fortalece-la-pesca-del-cangrejo-azul-en-zulia\/"]}]},{"@type":"ImageObject","inLanguage":"es","@id":"https:\/\/stage3.rnv.gob.ve\/wp\/gobierno-bolivariano-fortalece-la-pesca-del-cangrejo-azul-en-zulia\/#primaryimage","url":"https:\/\/stage3.rnv.gob.ve\/wp\/wp-content\/uploads\/2026\/02\/pesca-zulia.jpg","contentUrl":"https:\/\/stage3.rnv.gob.ve\/wp\/wp-content\/uploads\/2026\/02\/pesca-zulia.jpg","width":1280,"height":960},{"@type":"BreadcrumbList","@id":"https:\/\/stage3.rnv.gob.ve\/wp\/gobierno-bolivariano-fortalece-la-pesca-del-cangrejo-azul-en-zulia\/#breadcrumb","itemListElement":[{"@type":"ListItem","position":1,"name":"Portada","item":"https:\/\/stage3.rnv.gob.ve\/wp\/"},{"@type":"ListItem","position":2,"name":"Gobierno Bolivariano Fortalece La Pesca Del Cangrejo Azul En Zulia"}]},{"@type":"WebSite","@id":"https:\/\/stage3.rnv.gob.ve\/wp\/#website","url":"https:\/\/stage3.rnv.gob.ve\/wp\/","name":"DEV RNV","description":"Radio Nacional de Venezuela C.A.","publisher":{"@id":"https:\/\/stage3.rnv.gob.ve\/wp\/#organization"},"potentialAction":[{"@type":"SearchAction","target":{"@type":"EntryPoint","urlTemplate":"https:\/\/stage3.rnv.gob.ve\/wp\/?s={search_term_string}"},"query-input":{"@type":"PropertyValueSpecification","valueRequired":true,"valueName":"search_term_string"}}],"inLanguage":"es"},{"@type":"Organization","@id":"https:\/\/stage3.rnv.gob.ve\/wp\/#organization","name":"Radio Nacional de Venezuela C.A.","url":"https:\/\/stage3.rnv.gob.ve\/wp\/","logo":{"@type":"ImageObject","inLanguage":"es","@id":"https:\/\/stage3.rnv.gob.ve\/wp\/#\/schema\/logo\/image\/","url":"http:\/\/rnv.ddns.net\/prensa\/wp-content\/uploads\/2022\/04\/rnv-1-300x227-1.jpg","contentUrl":"http:\/\/rnv.ddns.net\/prensa\/wp-content\/uploads\/2022\/04\/rnv-1-300x227-1.jpg","width":800,"height":455,"caption":"Radio Nacional de Venezuela C.A."},"image":{"@id":"https:\/\/stage3.rnv.gob.ve\/wp\/#\/schema\/logo\/image\/"},"sameAs":["https:\/\/www.facebook.com\/RadioNacionaldeVenezuela","https:\/\/x.com\/RNVinformativa","https:\/\/www.instagram.com\/rnvinformativa\/","https:\/\/www.youtube.com\/user\/RNVContigo"]},{"@type":"Person","@id":"https:\/\/stage3.rnv.gob.ve\/wp\/#\/schema\/person\/c44b28fb1deb95c3b07b34e98b2066a1","name":"Yuritza Ca\u00f1ate","url":"https:\/\/stage3.rnv.gob.ve\/wp\/author\/yuritza-canate\/"}]}},"jetpack_featured_media_url":"https:\/\/stage3.rnv.gob.ve\/wp\/wp-content\/uploads\/2026\/02\/pesca-zulia.jpg","_links":{"self":[{"href":"https:\/\/stage3.rnv.gob.ve\/wp\/wp-json\/wp\/v2\/posts\/412594","targetHints":{"allow":["GET"]}}],"collection":[{"href":"https:\/\/stage3.rnv.gob.ve\/wp\/wp-json\/wp\/v2\/posts"}],"about":[{"href":"https:\/\/stage3.rnv.gob.ve\/wp\/wp-json\/wp\/v2\/types\/post"}],"author":[{"embeddable":true,"href":"https:\/\/stage3.rnv.gob.ve\/wp\/wp-json\/wp\/v2\/users\/77"}],"replies":[{"embeddable":true,"href":"https:\/\/stage3.rnv.gob.ve\/wp\/wp-json\/wp\/v2\/comments?post=412594"}],"version-history":[{"count":0,"href":"https:\/\/stage3.rnv.gob.ve\/wp\/wp-json\/wp\/v2\/posts\/412594\/revisions"}],"wp:featuredmedia":[{"embeddable":true,"href":"https:\/\/stage3.rnv.gob.ve\/wp\/wp-json\/wp\/v2\/media\/412595"}],"wp:attachment":[{"href":"https:\/\/stage3.rnv.gob.ve\/wp\/wp-json\/wp\/v2\/media?parent=412594"}],"wp:term":[{"taxonomy":"category","embeddable":true,"href":"https:\/\/stage3.rnv.gob.ve\/wp\/wp-json\/wp\/v2\/categories?post=412594"},{"taxonomy":"post_tag","embeddable":true,"href":"https:\/\/stage3.rnv.gob.ve\/wp\/wp-json\/wp\/v2\/tags?post=412594"}],"curies":[{"name":"wp","href":"https:\/\/api.w.org\/{rel}","templated":true}]}}