{"id":404338,"date":"2025-07-16T14:32:08","date_gmt":"2025-07-16T18:32:08","guid":{"rendered":"https:\/\/stage3.rnv.gob.ve\/wp\/prensa\/?p=404338"},"modified":"2025-07-16T14:32:08","modified_gmt":"2025-07-16T18:32:08","slug":"en-caroni-soplan-vientos-de-victoria-norkis-diaz-asegura-que-el-27-de-julio-sera-un-grito-de-unidad-revolucionaria","status":"publish","type":"post","link":"https:\/\/stage3.rnv.gob.ve\/wp\/en-caroni-soplan-vientos-de-victoria-norkis-diaz-asegura-que-el-27-de-julio-sera-un-grito-de-unidad-revolucionaria\/","title":{"rendered":"\u00a1En Caron\u00ed soplan vientos de victoria! Norkis D\u00edaz asegura que el 27 de julio ser\u00e1 un grito de unidad revolucionaria"},"content":{"rendered":"<p>\u201cEsta no ha sido una campa\u00f1a m\u00e1s, ha sido una revoluci\u00f3n dentro de la revoluci\u00f3n\u201d As\u00ed lo expres\u00f3 con contundencia la candidata a concejala del municipio Caron\u00ed, Norkis D\u00edaz, al referirse al ambiente pol\u00edtico que se vive en las calles, comunidades y espacios populares de la regi\u00f3n, a solo d\u00edas de celebrarse las elecciones del 27 de julio.<\/p>\n<p>D\u00edaz no escatim\u00f3 palabras para calificar esta cruzada electoral como \u201cin\u00e9dita, vibrante y cargada de unidad chavista\u201d, donde el joven candidato Yanny Alonzo \u2014a quien defini\u00f3 como un \u201chijo valiente de la revoluci\u00f3n\u201d\u2014 ha recorrido cada rinc\u00f3n del municipio, hombro a hombro con el pueblo.<\/p>\n<p>\u201cNo hay maquillajes, no hay dobleces. Yanny habla como el pueblo, act\u00faa como el pueblo y siente como el pueblo. Su mensaje es claro, valiente y sin medias tintas: aqu\u00ed estamos los hijos de Ch\u00e1vez, listos para seguir construyendo la patria buena que merecemos\u201d, sentenci\u00f3 D\u00edaz.<\/p>\n<p>En medio del fervor popular, la candidata asegur\u00f3 que la calle habla por s\u00ed sola. \u201cHasta quienes no militan en nuestras filas sienten el entusiasmo, se acercan, se suman, quieren participar. Eso nos dice que el camino que hemos tomado es el correcto: un camino de inclusi\u00f3n, de esperanza, de transformaci\u00f3n real\u201d.<\/p>\n<p>La candidata no dej\u00f3 pasar la oportunidad de reconocer el rol clave de las mujeres en esta batalla electoral, en especial el liderazgo de la gobernadora Yulisbeth \u00abLa Tata\u00bb Garc\u00eda, a quien aplaudi\u00f3 por imprimir fuerza y frescura al proceso.<\/p>\n<p>Adem\u00e1s, exalt\u00f3 la figura de la vicepresidenta ejecutiva y madrina del estado Bol\u00edvar, Dra. Delcy Rodr\u00edguez, a quien calific\u00f3 como \u201cuna mujer valiente, firme y profundamente comprometida con las luchas del pueblo\u201d.<\/p>\n<p>\u201cCon La Tata al frente del estado y con Delcy como gu\u00eda nacional, las mujeres seguimos siendo el motor indetenible de esta revoluci\u00f3n. \u00a1La patria se escribe en femenino y se defiende con hechos!\u201d, expres\u00f3.<\/p>\n<p>A nueve d\u00edas del cierre de campa\u00f1a, Norkis D\u00edaz reafirm\u00f3 su llamado a la organizaci\u00f3n, al voto consciente y al respaldo absoluto de los candidatos revolucionarios, asegurando que \u201cel 27 de julio Caron\u00ed hablar\u00e1 claro: aqu\u00ed hay revoluci\u00f3n para rato\u201d.<\/p>\n<p>&nbsp;<\/p>\n<p>&nbsp;<\/p>\n<p>&nbsp;<\/p>\n<p>&nbsp;<\/p>\n<p>T\/RNV WEB<\/p>\n","protected":false},"excerpt":{"rendered":"<p>\u201cEsta no ha sido una campa\u00f1a m\u00e1s, ha sido una revoluci\u00f3n dentro de la revoluci\u00f3n\u201d As\u00ed lo expres\u00f3 con contundencia la candidata a concejala del municipio Caron\u00ed, Norkis D\u00edaz, al referirse al ambiente pol\u00edtico que se vive en las calles, comunidades y espacios populares de la regi\u00f3n, a solo d\u00edas de celebrarse las elecciones del [&hellip;]<\/p>\n","protected":false},"author":55,"featured_media":404340,"comment_status":"closed","ping_status":"closed","sticky":false,"template":"","format":"standard","meta":{"_acf_changed":false,"footnotes":""},"categories":[69],"tags":[],"class_list":["post-404338","post","type-post","status-publish","format-standard","has-post-thumbnail","hentry","category-regional"],"acf":[],"yoast_head":"<!-- This site is optimized with the Yoast SEO plugin v27.4 - https:\/\/yoast.com\/product\/yoast-seo-wordpress\/ -->\n<title>\u00a1En Caron\u00ed soplan vientos de victoria! Norkis D\u00edaz asegura que el 27 de julio ser\u00e1 un grito de unidad revolucionaria - DEV RNV<\/title>\n<meta name=\"description\" content=\"La candidata no dej\u00f3 pasar la oportunidad de reconocer el rol clave de las mujeres en esta batalla electoral.\" \/>\n<meta name=\"robots\" content=\"noindex, follow, max-snippet:-1, max-image-preview:large, max-video-preview:-1\" \/>\n<meta property=\"og:locale\" content=\"es_ES\" \/>\n<meta property=\"og:type\" content=\"article\" \/>\n<meta property=\"og:title\" content=\"\u00a1En Caron\u00ed soplan vientos de victoria! Norkis D\u00edaz asegura que el 27 de julio ser\u00e1 un grito de unidad revolucionaria - DEV RNV\" \/>\n<meta property=\"og:description\" content=\"La candidata no dej\u00f3 pasar la oportunidad de reconocer el rol clave de las mujeres en esta batalla electoral.\" \/>\n<meta property=\"og:url\" content=\"https:\/\/stage3.rnv.gob.ve\/wp\/en-caroni-soplan-vientos-de-victoria-norkis-diaz-asegura-que-el-27-de-julio-sera-un-grito-de-unidad-revolucionaria\/\" \/>\n<meta property=\"og:site_name\" content=\"DEV RNV\" \/>\n<meta property=\"article:publisher\" content=\"https:\/\/www.facebook.com\/RadioNacionaldeVenezuela\" \/>\n<meta property=\"article:published_time\" content=\"2025-07-16T18:32:08+00:00\" \/>\n<meta property=\"og:image\" content=\"https:\/\/stage3.rnv.gob.ve\/wp\/wp-content\/uploads\/2025\/07\/IMG-20250716-WA0035.jpg\" \/>\n\t<meta property=\"og:image:width\" content=\"1280\" \/>\n\t<meta property=\"og:image:height\" content=\"1280\" \/>\n\t<meta property=\"og:image:type\" content=\"image\/jpeg\" \/>\n<meta name=\"author\" content=\"Greicy Far\u00edas\" \/>\n<meta name=\"twitter:card\" content=\"summary_large_image\" \/>\n<meta name=\"twitter:creator\" content=\"@RNVinformativa\" \/>\n<meta name=\"twitter:site\" content=\"@RNVinformativa\" \/>\n<meta name=\"twitter:label1\" content=\"Escrito por\" \/>\n\t<meta name=\"twitter:data1\" content=\"Greicy Far\u00edas\" \/>\n\t<meta name=\"twitter:label2\" content=\"Tiempo estimado de lectura\" \/>\n\t<meta name=\"twitter:data2\" content=\"2 minutos\" \/>\n<script type=\"application\/ld+json\" class=\"yoast-schema-graph\">{\"@context\":\"https:\\\/\\\/schema.org\",\"@graph\":[{\"@type\":\"Article\",\"@id\":\"https:\\\/\\\/stage3.rnv.gob.ve\\\/wp\\\/en-caroni-soplan-vientos-de-victoria-norkis-diaz-asegura-que-el-27-de-julio-sera-un-grito-de-unidad-revolucionaria\\\/#article\",\"isPartOf\":{\"@id\":\"https:\\\/\\\/stage3.rnv.gob.ve\\\/wp\\\/en-caroni-soplan-vientos-de-victoria-norkis-diaz-asegura-que-el-27-de-julio-sera-un-grito-de-unidad-revolucionaria\\\/\"},\"author\":{\"name\":\"Greicy Far\u00edas\",\"@id\":\"https:\\\/\\\/stage3.rnv.gob.ve\\\/wp\\\/#\\\/schema\\\/person\\\/f01f556d4b148634786fbc7a33dd1e1e\"},\"headline\":\"\u00a1En Caron\u00ed soplan vientos de victoria! Norkis D\u00edaz asegura que el 27 de julio ser\u00e1 un grito de unidad revolucionaria\",\"datePublished\":\"2025-07-16T18:32:08+00:00\",\"mainEntityOfPage\":{\"@id\":\"https:\\\/\\\/stage3.rnv.gob.ve\\\/wp\\\/en-caroni-soplan-vientos-de-victoria-norkis-diaz-asegura-que-el-27-de-julio-sera-un-grito-de-unidad-revolucionaria\\\/\"},\"wordCount\":401,\"publisher\":{\"@id\":\"https:\\\/\\\/stage3.rnv.gob.ve\\\/wp\\\/#organization\"},\"image\":{\"@id\":\"https:\\\/\\\/stage3.rnv.gob.ve\\\/wp\\\/en-caroni-soplan-vientos-de-victoria-norkis-diaz-asegura-que-el-27-de-julio-sera-un-grito-de-unidad-revolucionaria\\\/#primaryimage\"},\"thumbnailUrl\":\"https:\\\/\\\/stage3.rnv.gob.ve\\\/wp\\\/wp-content\\\/uploads\\\/2025\\\/07\\\/IMG-20250716-WA0035.jpg\",\"articleSection\":[\"Regional\"],\"inLanguage\":\"es\"},{\"@type\":\"WebPage\",\"@id\":\"https:\\\/\\\/stage3.rnv.gob.ve\\\/wp\\\/en-caroni-soplan-vientos-de-victoria-norkis-diaz-asegura-que-el-27-de-julio-sera-un-grito-de-unidad-revolucionaria\\\/\",\"url\":\"https:\\\/\\\/stage3.rnv.gob.ve\\\/wp\\\/en-caroni-soplan-vientos-de-victoria-norkis-diaz-asegura-que-el-27-de-julio-sera-un-grito-de-unidad-revolucionaria\\\/\",\"name\":\"\u00a1En Caron\u00ed soplan vientos de victoria! Norkis D\u00edaz asegura que el 27 de julio ser\u00e1 un grito de unidad revolucionaria - DEV RNV\",\"isPartOf\":{\"@id\":\"https:\\\/\\\/stage3.rnv.gob.ve\\\/wp\\\/#website\"},\"primaryImageOfPage\":{\"@id\":\"https:\\\/\\\/stage3.rnv.gob.ve\\\/wp\\\/en-caroni-soplan-vientos-de-victoria-norkis-diaz-asegura-que-el-27-de-julio-sera-un-grito-de-unidad-revolucionaria\\\/#primaryimage\"},\"image\":{\"@id\":\"https:\\\/\\\/stage3.rnv.gob.ve\\\/wp\\\/en-caroni-soplan-vientos-de-victoria-norkis-diaz-asegura-que-el-27-de-julio-sera-un-grito-de-unidad-revolucionaria\\\/#primaryimage\"},\"thumbnailUrl\":\"https:\\\/\\\/stage3.rnv.gob.ve\\\/wp\\\/wp-content\\\/uploads\\\/2025\\\/07\\\/IMG-20250716-WA0035.jpg\",\"datePublished\":\"2025-07-16T18:32:08+00:00\",\"description\":\"La candidata no dej\u00f3 pasar la oportunidad de reconocer el rol clave de las mujeres en esta batalla electoral.\",\"breadcrumb\":{\"@id\":\"https:\\\/\\\/stage3.rnv.gob.ve\\\/wp\\\/en-caroni-soplan-vientos-de-victoria-norkis-diaz-asegura-que-el-27-de-julio-sera-un-grito-de-unidad-revolucionaria\\\/#breadcrumb\"},\"inLanguage\":\"es\",\"potentialAction\":[{\"@type\":\"ReadAction\",\"target\":[\"https:\\\/\\\/stage3.rnv.gob.ve\\\/wp\\\/en-caroni-soplan-vientos-de-victoria-norkis-diaz-asegura-que-el-27-de-julio-sera-un-grito-de-unidad-revolucionaria\\\/\"]}]},{\"@type\":\"ImageObject\",\"inLanguage\":\"es\",\"@id\":\"https:\\\/\\\/stage3.rnv.gob.ve\\\/wp\\\/en-caroni-soplan-vientos-de-victoria-norkis-diaz-asegura-que-el-27-de-julio-sera-un-grito-de-unidad-revolucionaria\\\/#primaryimage\",\"url\":\"https:\\\/\\\/stage3.rnv.gob.ve\\\/wp\\\/wp-content\\\/uploads\\\/2025\\\/07\\\/IMG-20250716-WA0035.jpg\",\"contentUrl\":\"https:\\\/\\\/stage3.rnv.gob.ve\\\/wp\\\/wp-content\\\/uploads\\\/2025\\\/07\\\/IMG-20250716-WA0035.jpg\",\"width\":1280,\"height\":1280},{\"@type\":\"BreadcrumbList\",\"@id\":\"https:\\\/\\\/stage3.rnv.gob.ve\\\/wp\\\/en-caroni-soplan-vientos-de-victoria-norkis-diaz-asegura-que-el-27-de-julio-sera-un-grito-de-unidad-revolucionaria\\\/#breadcrumb\",\"itemListElement\":[{\"@type\":\"ListItem\",\"position\":1,\"name\":\"Portada\",\"item\":\"https:\\\/\\\/stage3.rnv.gob.ve\\\/wp\\\/\"},{\"@type\":\"ListItem\",\"position\":2,\"name\":\"\u00a1En Caron\u00ed Soplan Vientos De Victoria! Norkis D\u00edaz Asegura Que El 27 De Julio Ser\u00e1 Un Grito De Unidad Revolucionaria\"}]},{\"@type\":\"WebSite\",\"@id\":\"https:\\\/\\\/stage3.rnv.gob.ve\\\/wp\\\/#website\",\"url\":\"https:\\\/\\\/stage3.rnv.gob.ve\\\/wp\\\/\",\"name\":\"DEV RNV\",\"description\":\"Radio Nacional de Venezuela C.A.\",\"publisher\":{\"@id\":\"https:\\\/\\\/stage3.rnv.gob.ve\\\/wp\\\/#organization\"},\"potentialAction\":[{\"@type\":\"SearchAction\",\"target\":{\"@type\":\"EntryPoint\",\"urlTemplate\":\"https:\\\/\\\/stage3.rnv.gob.ve\\\/wp\\\/?s={search_term_string}\"},\"query-input\":{\"@type\":\"PropertyValueSpecification\",\"valueRequired\":true,\"valueName\":\"search_term_string\"}}],\"inLanguage\":\"es\"},{\"@type\":\"Organization\",\"@id\":\"https:\\\/\\\/stage3.rnv.gob.ve\\\/wp\\\/#organization\",\"name\":\"Radio Nacional de Venezuela C.A.\",\"url\":\"https:\\\/\\\/stage3.rnv.gob.ve\\\/wp\\\/\",\"logo\":{\"@type\":\"ImageObject\",\"inLanguage\":\"es\",\"@id\":\"https:\\\/\\\/stage3.rnv.gob.ve\\\/wp\\\/#\\\/schema\\\/logo\\\/image\\\/\",\"url\":\"http:\\\/\\\/rnv.ddns.net\\\/prensa\\\/wp-content\\\/uploads\\\/2022\\\/04\\\/rnv-1-300x227-1.jpg\",\"contentUrl\":\"http:\\\/\\\/rnv.ddns.net\\\/prensa\\\/wp-content\\\/uploads\\\/2022\\\/04\\\/rnv-1-300x227-1.jpg\",\"width\":800,\"height\":455,\"caption\":\"Radio Nacional de Venezuela C.A.\"},\"image\":{\"@id\":\"https:\\\/\\\/stage3.rnv.gob.ve\\\/wp\\\/#\\\/schema\\\/logo\\\/image\\\/\"},\"sameAs\":[\"https:\\\/\\\/www.facebook.com\\\/RadioNacionaldeVenezuela\",\"https:\\\/\\\/x.com\\\/RNVinformativa\",\"https:\\\/\\\/www.instagram.com\\\/rnvinformativa\\\/\",\"https:\\\/\\\/www.youtube.com\\\/user\\\/RNVContigo\"]},{\"@type\":\"Person\",\"@id\":\"https:\\\/\\\/stage3.rnv.gob.ve\\\/wp\\\/#\\\/schema\\\/person\\\/f01f556d4b148634786fbc7a33dd1e1e\",\"name\":\"Greicy Far\u00edas\",\"url\":\"https:\\\/\\\/stage3.rnv.gob.ve\\\/wp\\\/author\\\/greicy_farias\\\/\"}]}<\/script>\n<!-- \/ Yoast SEO plugin. -->","yoast_head_json":{"title":"\u00a1En Caron\u00ed soplan vientos de victoria! Norkis D\u00edaz asegura que el 27 de julio ser\u00e1 un grito de unidad revolucionaria - DEV RNV","description":"La candidata no dej\u00f3 pasar la oportunidad de reconocer el rol clave de las mujeres en esta batalla electoral.","robots":{"index":"noindex","follow":"follow","max-snippet":"max-snippet:-1","max-image-preview":"max-image-preview:large","max-video-preview":"max-video-preview:-1"},"og_locale":"es_ES","og_type":"article","og_title":"\u00a1En Caron\u00ed soplan vientos de victoria! Norkis D\u00edaz asegura que el 27 de julio ser\u00e1 un grito de unidad revolucionaria - DEV RNV","og_description":"La candidata no dej\u00f3 pasar la oportunidad de reconocer el rol clave de las mujeres en esta batalla electoral.","og_url":"https:\/\/stage3.rnv.gob.ve\/wp\/en-caroni-soplan-vientos-de-victoria-norkis-diaz-asegura-que-el-27-de-julio-sera-un-grito-de-unidad-revolucionaria\/","og_site_name":"DEV RNV","article_publisher":"https:\/\/www.facebook.com\/RadioNacionaldeVenezuela","article_published_time":"2025-07-16T18:32:08+00:00","og_image":[{"width":1280,"height":1280,"url":"https:\/\/stage3.rnv.gob.ve\/wp\/wp-content\/uploads\/2025\/07\/IMG-20250716-WA0035.jpg","type":"image\/jpeg"}],"author":"Greicy Far\u00edas","twitter_card":"summary_large_image","twitter_creator":"@RNVinformativa","twitter_site":"@RNVinformativa","twitter_misc":{"Escrito por":"Greicy Far\u00edas","Tiempo estimado de lectura":"2 minutos"},"schema":{"@context":"https:\/\/schema.org","@graph":[{"@type":"Article","@id":"https:\/\/stage3.rnv.gob.ve\/wp\/en-caroni-soplan-vientos-de-victoria-norkis-diaz-asegura-que-el-27-de-julio-sera-un-grito-de-unidad-revolucionaria\/#article","isPartOf":{"@id":"https:\/\/stage3.rnv.gob.ve\/wp\/en-caroni-soplan-vientos-de-victoria-norkis-diaz-asegura-que-el-27-de-julio-sera-un-grito-de-unidad-revolucionaria\/"},"author":{"name":"Greicy Far\u00edas","@id":"https:\/\/stage3.rnv.gob.ve\/wp\/#\/schema\/person\/f01f556d4b148634786fbc7a33dd1e1e"},"headline":"\u00a1En Caron\u00ed soplan vientos de victoria! Norkis D\u00edaz asegura que el 27 de julio ser\u00e1 un grito de unidad revolucionaria","datePublished":"2025-07-16T18:32:08+00:00","mainEntityOfPage":{"@id":"https:\/\/stage3.rnv.gob.ve\/wp\/en-caroni-soplan-vientos-de-victoria-norkis-diaz-asegura-que-el-27-de-julio-sera-un-grito-de-unidad-revolucionaria\/"},"wordCount":401,"publisher":{"@id":"https:\/\/stage3.rnv.gob.ve\/wp\/#organization"},"image":{"@id":"https:\/\/stage3.rnv.gob.ve\/wp\/en-caroni-soplan-vientos-de-victoria-norkis-diaz-asegura-que-el-27-de-julio-sera-un-grito-de-unidad-revolucionaria\/#primaryimage"},"thumbnailUrl":"https:\/\/stage3.rnv.gob.ve\/wp\/wp-content\/uploads\/2025\/07\/IMG-20250716-WA0035.jpg","articleSection":["Regional"],"inLanguage":"es"},{"@type":"WebPage","@id":"https:\/\/stage3.rnv.gob.ve\/wp\/en-caroni-soplan-vientos-de-victoria-norkis-diaz-asegura-que-el-27-de-julio-sera-un-grito-de-unidad-revolucionaria\/","url":"https:\/\/stage3.rnv.gob.ve\/wp\/en-caroni-soplan-vientos-de-victoria-norkis-diaz-asegura-que-el-27-de-julio-sera-un-grito-de-unidad-revolucionaria\/","name":"\u00a1En Caron\u00ed soplan vientos de victoria! Norkis D\u00edaz asegura que el 27 de julio ser\u00e1 un grito de unidad revolucionaria - DEV RNV","isPartOf":{"@id":"https:\/\/stage3.rnv.gob.ve\/wp\/#website"},"primaryImageOfPage":{"@id":"https:\/\/stage3.rnv.gob.ve\/wp\/en-caroni-soplan-vientos-de-victoria-norkis-diaz-asegura-que-el-27-de-julio-sera-un-grito-de-unidad-revolucionaria\/#primaryimage"},"image":{"@id":"https:\/\/stage3.rnv.gob.ve\/wp\/en-caroni-soplan-vientos-de-victoria-norkis-diaz-asegura-que-el-27-de-julio-sera-un-grito-de-unidad-revolucionaria\/#primaryimage"},"thumbnailUrl":"https:\/\/stage3.rnv.gob.ve\/wp\/wp-content\/uploads\/2025\/07\/IMG-20250716-WA0035.jpg","datePublished":"2025-07-16T18:32:08+00:00","description":"La candidata no dej\u00f3 pasar la oportunidad de reconocer el rol clave de las mujeres en esta batalla electoral.","breadcrumb":{"@id":"https:\/\/stage3.rnv.gob.ve\/wp\/en-caroni-soplan-vientos-de-victoria-norkis-diaz-asegura-que-el-27-de-julio-sera-un-grito-de-unidad-revolucionaria\/#breadcrumb"},"inLanguage":"es","potentialAction":[{"@type":"ReadAction","target":["https:\/\/stage3.rnv.gob.ve\/wp\/en-caroni-soplan-vientos-de-victoria-norkis-diaz-asegura-que-el-27-de-julio-sera-un-grito-de-unidad-revolucionaria\/"]}]},{"@type":"ImageObject","inLanguage":"es","@id":"https:\/\/stage3.rnv.gob.ve\/wp\/en-caroni-soplan-vientos-de-victoria-norkis-diaz-asegura-que-el-27-de-julio-sera-un-grito-de-unidad-revolucionaria\/#primaryimage","url":"https:\/\/stage3.rnv.gob.ve\/wp\/wp-content\/uploads\/2025\/07\/IMG-20250716-WA0035.jpg","contentUrl":"https:\/\/stage3.rnv.gob.ve\/wp\/wp-content\/uploads\/2025\/07\/IMG-20250716-WA0035.jpg","width":1280,"height":1280},{"@type":"BreadcrumbList","@id":"https:\/\/stage3.rnv.gob.ve\/wp\/en-caroni-soplan-vientos-de-victoria-norkis-diaz-asegura-que-el-27-de-julio-sera-un-grito-de-unidad-revolucionaria\/#breadcrumb","itemListElement":[{"@type":"ListItem","position":1,"name":"Portada","item":"https:\/\/stage3.rnv.gob.ve\/wp\/"},{"@type":"ListItem","position":2,"name":"\u00a1En Caron\u00ed Soplan Vientos De Victoria! Norkis D\u00edaz Asegura Que El 27 De Julio Ser\u00e1 Un Grito De Unidad Revolucionaria"}]},{"@type":"WebSite","@id":"https:\/\/stage3.rnv.gob.ve\/wp\/#website","url":"https:\/\/stage3.rnv.gob.ve\/wp\/","name":"DEV RNV","description":"Radio Nacional de Venezuela C.A.","publisher":{"@id":"https:\/\/stage3.rnv.gob.ve\/wp\/#organization"},"potentialAction":[{"@type":"SearchAction","target":{"@type":"EntryPoint","urlTemplate":"https:\/\/stage3.rnv.gob.ve\/wp\/?s={search_term_string}"},"query-input":{"@type":"PropertyValueSpecification","valueRequired":true,"valueName":"search_term_string"}}],"inLanguage":"es"},{"@type":"Organization","@id":"https:\/\/stage3.rnv.gob.ve\/wp\/#organization","name":"Radio Nacional de Venezuela C.A.","url":"https:\/\/stage3.rnv.gob.ve\/wp\/","logo":{"@type":"ImageObject","inLanguage":"es","@id":"https:\/\/stage3.rnv.gob.ve\/wp\/#\/schema\/logo\/image\/","url":"http:\/\/rnv.ddns.net\/prensa\/wp-content\/uploads\/2022\/04\/rnv-1-300x227-1.jpg","contentUrl":"http:\/\/rnv.ddns.net\/prensa\/wp-content\/uploads\/2022\/04\/rnv-1-300x227-1.jpg","width":800,"height":455,"caption":"Radio Nacional de Venezuela C.A."},"image":{"@id":"https:\/\/stage3.rnv.gob.ve\/wp\/#\/schema\/logo\/image\/"},"sameAs":["https:\/\/www.facebook.com\/RadioNacionaldeVenezuela","https:\/\/x.com\/RNVinformativa","https:\/\/www.instagram.com\/rnvinformativa\/","https:\/\/www.youtube.com\/user\/RNVContigo"]},{"@type":"Person","@id":"https:\/\/stage3.rnv.gob.ve\/wp\/#\/schema\/person\/f01f556d4b148634786fbc7a33dd1e1e","name":"Greicy Far\u00edas","url":"https:\/\/stage3.rnv.gob.ve\/wp\/author\/greicy_farias\/"}]}},"jetpack_featured_media_url":"https:\/\/stage3.rnv.gob.ve\/wp\/wp-content\/uploads\/2025\/07\/IMG-20250716-WA0035.jpg","_links":{"self":[{"href":"https:\/\/stage3.rnv.gob.ve\/wp\/wp-json\/wp\/v2\/posts\/404338","targetHints":{"allow":["GET"]}}],"collection":[{"href":"https:\/\/stage3.rnv.gob.ve\/wp\/wp-json\/wp\/v2\/posts"}],"about":[{"href":"https:\/\/stage3.rnv.gob.ve\/wp\/wp-json\/wp\/v2\/types\/post"}],"author":[{"embeddable":true,"href":"https:\/\/stage3.rnv.gob.ve\/wp\/wp-json\/wp\/v2\/users\/55"}],"replies":[{"embeddable":true,"href":"https:\/\/stage3.rnv.gob.ve\/wp\/wp-json\/wp\/v2\/comments?post=404338"}],"version-history":[{"count":0,"href":"https:\/\/stage3.rnv.gob.ve\/wp\/wp-json\/wp\/v2\/posts\/404338\/revisions"}],"wp:featuredmedia":[{"embeddable":true,"href":"https:\/\/stage3.rnv.gob.ve\/wp\/wp-json\/wp\/v2\/media\/404340"}],"wp:attachment":[{"href":"https:\/\/stage3.rnv.gob.ve\/wp\/wp-json\/wp\/v2\/media?parent=404338"}],"wp:term":[{"taxonomy":"category","embeddable":true,"href":"https:\/\/stage3.rnv.gob.ve\/wp\/wp-json\/wp\/v2\/categories?post=404338"},{"taxonomy":"post_tag","embeddable":true,"href":"https:\/\/stage3.rnv.gob.ve\/wp\/wp-json\/wp\/v2\/tags?post=404338"}],"curies":[{"name":"wp","href":"https:\/\/api.w.org\/{rel}","templated":true}]}}