{"id":404305,"date":"2025-07-16T13:27:38","date_gmt":"2025-07-16T17:27:38","guid":{"rendered":"https:\/\/stage3.rnv.gob.ve\/wp\/prensa\/?p=404305"},"modified":"2025-07-16T14:41:01","modified_gmt":"2025-07-16T18:41:01","slug":"gppsb-en-el-hatillo-impulsara-el-turismo-con-enfoque-sostenible","status":"publish","type":"post","link":"https:\/\/stage3.rnv.gob.ve\/wp\/gppsb-en-el-hatillo-impulsara-el-turismo-con-enfoque-sostenible\/","title":{"rendered":"GPPSB en El Hatillo impulsar\u00e1 el turismo con enfoque sostenible"},"content":{"rendered":"<div class=\"MessageList custom-scroll with-default-bg scrolled\" data-normal-height=\"592\">\n<div class=\"messages-container\">\n<div class=\"message-date-group\">\n<div id=\"message-group-58125.000005-58130\" class=\"sender-group-container Tk8btfOT\">\n<div id=\"message-58130\" class=\"Message message-list-item allow-selection last-in-group last-in-list own shown open\" data-message-id=\"58130\">\n<div class=\"message-content-wrapper can-select-text\">\n<div class=\"message-content peer-color-count-1 text has-shadow has-solid-background has-appendix has-footer\" dir=\"auto\">\n<div class=\"content-inner\" dir=\"auto\">\n<div class=\"text-content clearfix with-meta with-outgoing-icon\" dir=\"auto\">\n<p>El candidato a la alcald\u00eda de El Hatillo por el Gran Polo Patri\u00f3tico Sim\u00f3n Bol\u00edvar (GPPSB), Jos\u00e9 Gregorio Alvarado, present\u00f3 su visi\u00f3n para potenciar el turismo en el municipio, combinando desarrollo y conservaci\u00f3n ambiental. Durante una entrevista en VTV, destac\u00f3 la riqueza cultural y natural de la zona, incluyendo petroglifos, r\u00edos y comunidades rurales, proponiendo expandir las rutas tur\u00edsticas m\u00e1s all\u00e1 del casco colonial.<\/p>\n<p>Alvarado enfatiz\u00f3 que El Hatillo tiene un gran potencial tur\u00edstico que debe aprovecharse de manera sostenible. \u00abCreemos en el desarrollo en armon\u00eda con el medio ambiente\u00bb, afirm\u00f3, se\u00f1alando la importancia de integrar las zonas rurales en la oferta tur\u00edstica. Adem\u00e1s, resalt\u00f3 la belleza de los paisajes y la calidez de sus habitantes como atractivos clave.<\/p>\n<p>El candidato mencion\u00f3 que el acceso al agua es una prioridad para la localidad. Anunci\u00f3 acuerdos con Hidrocapital para la construcci\u00f3n de pozos, con proyectos que comenzar\u00edan el 29 de julio en sectores ya identificados. Esta iniciativa busca garantizar el suministro de agua en comunidades que enfrentan dificultades.<\/p>\n<\/div>\n<div class=\"text-content clearfix with-meta with-outgoing-icon\" dir=\"auto\">\n<p>Alvarado tambi\u00e9n abord\u00f3 los problemas de movilidad, se\u00f1alando que muchos ni\u00f1os de zonas rurales deben madrugar para llegar a la escuela. Prometi\u00f3 trabajar en un sistema de transporte m\u00e1s eficiente. En cuanto a la vialidad, calific\u00f3 la situaci\u00f3n como \u00abun desastre\u00bb y mencion\u00f3 gestiones con entes gubernamentales para el mantenimiento de carreteras, reparaci\u00f3n de tuber\u00edas y recolecci\u00f3n de desechos.Con estas propuestas, Jos\u00e9 Alvarado busca posicionar a El Hatillo como un destino tur\u00edstico sostenible mientras atiende necesidades urgentes en infraestructura y servicios b\u00e1sicos. Su plan apunta a un desarrollo integral que beneficie tanto a residentes como visitantes.<\/p>\n<p><strong>T\/RNV<\/strong><\/p>\n<\/div>\n<\/div>\n<\/div>\n<\/div>\n<\/div>\n<\/div>\n<\/div>\n<\/div>\n<\/div>\n","protected":false},"excerpt":{"rendered":"<p>El candidato a la alcald\u00eda de El Hatillo por el Gran Polo Patri\u00f3tico Sim\u00f3n Bol\u00edvar (GPPSB), Jos\u00e9 Gregorio Alvarado, present\u00f3 su visi\u00f3n para potenciar el turismo en el municipio, combinando desarrollo y conservaci\u00f3n ambiental. Durante una entrevista en VTV, destac\u00f3 la riqueza cultural y natural de la zona, incluyendo petroglifos, r\u00edos y comunidades rurales, proponiendo [&hellip;]<\/p>\n","protected":false},"author":66,"featured_media":404309,"comment_status":"closed","ping_status":"closed","sticky":false,"template":"","format":"standard","meta":{"_acf_changed":false,"footnotes":""},"categories":[67],"tags":[16471,38558],"class_list":["post-404305","post","type-post","status-publish","format-standard","has-post-thumbnail","hentry","category-politica","tag-el-hatillo","tag-gran-polo-patriotico-simon-bolivar"],"acf":[],"yoast_head":"<!-- This site is optimized with the Yoast SEO plugin v27.4 - https:\/\/yoast.com\/product\/yoast-seo-wordpress\/ -->\n<title>GPPSB en El Hatillo impulsar\u00e1 el turismo con enfoque sostenible - DEV RNV<\/title>\n<meta name=\"description\" content=\"El candidato a la alcald\u00eda de El Hatillo por el Gran Polo Patri\u00f3tico Sim\u00f3n Bol\u00edvar (GPPSB), Jos\u00e9 Gregorio Alvarado, present\u00f3 su visi\u00f3n para potenciar el turismo en el municipio, combinando desarrollo y conservaci\u00f3n ambiental.\" \/>\n<meta name=\"robots\" content=\"noindex, follow, max-snippet:-1, max-image-preview:large, max-video-preview:-1\" \/>\n<meta property=\"og:locale\" content=\"es_ES\" \/>\n<meta property=\"og:type\" content=\"article\" \/>\n<meta property=\"og:title\" content=\"GPPSB en El Hatillo impulsar\u00e1 el turismo con enfoque sostenible - DEV RNV\" \/>\n<meta property=\"og:description\" content=\"El candidato a la alcald\u00eda de El Hatillo por el Gran Polo Patri\u00f3tico Sim\u00f3n Bol\u00edvar (GPPSB), Jos\u00e9 Gregorio Alvarado, present\u00f3 su visi\u00f3n para potenciar el turismo en el municipio, combinando desarrollo y conservaci\u00f3n ambiental.\" \/>\n<meta property=\"og:url\" content=\"https:\/\/stage3.rnv.gob.ve\/wp\/gppsb-en-el-hatillo-impulsara-el-turismo-con-enfoque-sostenible\/\" \/>\n<meta property=\"og:site_name\" content=\"DEV RNV\" \/>\n<meta property=\"article:publisher\" content=\"https:\/\/www.facebook.com\/RadioNacionaldeVenezuela\" \/>\n<meta property=\"article:published_time\" content=\"2025-07-16T17:27:38+00:00\" \/>\n<meta property=\"article:modified_time\" content=\"2025-07-16T18:41:01+00:00\" \/>\n<meta property=\"og:image\" content=\"https:\/\/stage3.rnv.gob.ve\/wp\/wp-content\/uploads\/2025\/07\/alvarado-.png\" \/>\n\t<meta property=\"og:image:width\" content=\"800\" \/>\n\t<meta property=\"og:image:height\" content=\"500\" \/>\n\t<meta property=\"og:image:type\" content=\"image\/png\" \/>\n<meta name=\"author\" content=\"Rafaela Romero\" \/>\n<meta name=\"twitter:card\" content=\"summary_large_image\" \/>\n<meta name=\"twitter:creator\" content=\"@RNVinformativa\" \/>\n<meta name=\"twitter:site\" content=\"@RNVinformativa\" \/>\n<meta name=\"twitter:label1\" content=\"Escrito por\" \/>\n\t<meta name=\"twitter:data1\" content=\"Rafaela Romero\" \/>\n\t<meta name=\"twitter:label2\" content=\"Tiempo estimado de lectura\" \/>\n\t<meta name=\"twitter:data2\" content=\"2 minutos\" \/>\n<script type=\"application\/ld+json\" class=\"yoast-schema-graph\">{\"@context\":\"https:\\\/\\\/schema.org\",\"@graph\":[{\"@type\":\"Article\",\"@id\":\"https:\\\/\\\/stage3.rnv.gob.ve\\\/wp\\\/gppsb-en-el-hatillo-impulsara-el-turismo-con-enfoque-sostenible\\\/#article\",\"isPartOf\":{\"@id\":\"https:\\\/\\\/stage3.rnv.gob.ve\\\/wp\\\/gppsb-en-el-hatillo-impulsara-el-turismo-con-enfoque-sostenible\\\/\"},\"author\":{\"name\":\"Rafaela Romero\",\"@id\":\"https:\\\/\\\/stage3.rnv.gob.ve\\\/wp\\\/#\\\/schema\\\/person\\\/a11ab1b33630d1580fe25ab4cc5f5edb\"},\"headline\":\"GPPSB en El Hatillo impulsar\u00e1 el turismo con enfoque sostenible\",\"datePublished\":\"2025-07-16T17:27:38+00:00\",\"dateModified\":\"2025-07-16T18:41:01+00:00\",\"mainEntityOfPage\":{\"@id\":\"https:\\\/\\\/stage3.rnv.gob.ve\\\/wp\\\/gppsb-en-el-hatillo-impulsara-el-turismo-con-enfoque-sostenible\\\/\"},\"wordCount\":301,\"publisher\":{\"@id\":\"https:\\\/\\\/stage3.rnv.gob.ve\\\/wp\\\/#organization\"},\"image\":{\"@id\":\"https:\\\/\\\/stage3.rnv.gob.ve\\\/wp\\\/gppsb-en-el-hatillo-impulsara-el-turismo-con-enfoque-sostenible\\\/#primaryimage\"},\"thumbnailUrl\":\"https:\\\/\\\/stage3.rnv.gob.ve\\\/wp\\\/wp-content\\\/uploads\\\/2025\\\/07\\\/alvarado-.png\",\"keywords\":[\"el hatillo\",\"Gran Polo Patri\u00f3tico Sim\u00f3n Bol\u00edvar\"],\"articleSection\":[\"Pol\u00edtica\"],\"inLanguage\":\"es\"},{\"@type\":\"WebPage\",\"@id\":\"https:\\\/\\\/stage3.rnv.gob.ve\\\/wp\\\/gppsb-en-el-hatillo-impulsara-el-turismo-con-enfoque-sostenible\\\/\",\"url\":\"https:\\\/\\\/stage3.rnv.gob.ve\\\/wp\\\/gppsb-en-el-hatillo-impulsara-el-turismo-con-enfoque-sostenible\\\/\",\"name\":\"GPPSB en El Hatillo impulsar\u00e1 el turismo con enfoque sostenible - DEV RNV\",\"isPartOf\":{\"@id\":\"https:\\\/\\\/stage3.rnv.gob.ve\\\/wp\\\/#website\"},\"primaryImageOfPage\":{\"@id\":\"https:\\\/\\\/stage3.rnv.gob.ve\\\/wp\\\/gppsb-en-el-hatillo-impulsara-el-turismo-con-enfoque-sostenible\\\/#primaryimage\"},\"image\":{\"@id\":\"https:\\\/\\\/stage3.rnv.gob.ve\\\/wp\\\/gppsb-en-el-hatillo-impulsara-el-turismo-con-enfoque-sostenible\\\/#primaryimage\"},\"thumbnailUrl\":\"https:\\\/\\\/stage3.rnv.gob.ve\\\/wp\\\/wp-content\\\/uploads\\\/2025\\\/07\\\/alvarado-.png\",\"datePublished\":\"2025-07-16T17:27:38+00:00\",\"dateModified\":\"2025-07-16T18:41:01+00:00\",\"description\":\"El candidato a la alcald\u00eda de El Hatillo por el Gran Polo Patri\u00f3tico Sim\u00f3n Bol\u00edvar (GPPSB), Jos\u00e9 Gregorio Alvarado, present\u00f3 su visi\u00f3n para potenciar el turismo en el municipio, combinando desarrollo y conservaci\u00f3n ambiental.\",\"breadcrumb\":{\"@id\":\"https:\\\/\\\/stage3.rnv.gob.ve\\\/wp\\\/gppsb-en-el-hatillo-impulsara-el-turismo-con-enfoque-sostenible\\\/#breadcrumb\"},\"inLanguage\":\"es\",\"potentialAction\":[{\"@type\":\"ReadAction\",\"target\":[\"https:\\\/\\\/stage3.rnv.gob.ve\\\/wp\\\/gppsb-en-el-hatillo-impulsara-el-turismo-con-enfoque-sostenible\\\/\"]}]},{\"@type\":\"ImageObject\",\"inLanguage\":\"es\",\"@id\":\"https:\\\/\\\/stage3.rnv.gob.ve\\\/wp\\\/gppsb-en-el-hatillo-impulsara-el-turismo-con-enfoque-sostenible\\\/#primaryimage\",\"url\":\"https:\\\/\\\/stage3.rnv.gob.ve\\\/wp\\\/wp-content\\\/uploads\\\/2025\\\/07\\\/alvarado-.png\",\"contentUrl\":\"https:\\\/\\\/stage3.rnv.gob.ve\\\/wp\\\/wp-content\\\/uploads\\\/2025\\\/07\\\/alvarado-.png\",\"width\":800,\"height\":500},{\"@type\":\"BreadcrumbList\",\"@id\":\"https:\\\/\\\/stage3.rnv.gob.ve\\\/wp\\\/gppsb-en-el-hatillo-impulsara-el-turismo-con-enfoque-sostenible\\\/#breadcrumb\",\"itemListElement\":[{\"@type\":\"ListItem\",\"position\":1,\"name\":\"Portada\",\"item\":\"https:\\\/\\\/stage3.rnv.gob.ve\\\/wp\\\/\"},{\"@type\":\"ListItem\",\"position\":2,\"name\":\"Gppsb En El Hatillo Impulsar\u00e1 El Turismo Con Enfoque Sostenible\"}]},{\"@type\":\"WebSite\",\"@id\":\"https:\\\/\\\/stage3.rnv.gob.ve\\\/wp\\\/#website\",\"url\":\"https:\\\/\\\/stage3.rnv.gob.ve\\\/wp\\\/\",\"name\":\"DEV RNV\",\"description\":\"Radio Nacional de Venezuela C.A.\",\"publisher\":{\"@id\":\"https:\\\/\\\/stage3.rnv.gob.ve\\\/wp\\\/#organization\"},\"potentialAction\":[{\"@type\":\"SearchAction\",\"target\":{\"@type\":\"EntryPoint\",\"urlTemplate\":\"https:\\\/\\\/stage3.rnv.gob.ve\\\/wp\\\/?s={search_term_string}\"},\"query-input\":{\"@type\":\"PropertyValueSpecification\",\"valueRequired\":true,\"valueName\":\"search_term_string\"}}],\"inLanguage\":\"es\"},{\"@type\":\"Organization\",\"@id\":\"https:\\\/\\\/stage3.rnv.gob.ve\\\/wp\\\/#organization\",\"name\":\"Radio Nacional de Venezuela C.A.\",\"url\":\"https:\\\/\\\/stage3.rnv.gob.ve\\\/wp\\\/\",\"logo\":{\"@type\":\"ImageObject\",\"inLanguage\":\"es\",\"@id\":\"https:\\\/\\\/stage3.rnv.gob.ve\\\/wp\\\/#\\\/schema\\\/logo\\\/image\\\/\",\"url\":\"http:\\\/\\\/rnv.ddns.net\\\/prensa\\\/wp-content\\\/uploads\\\/2022\\\/04\\\/rnv-1-300x227-1.jpg\",\"contentUrl\":\"http:\\\/\\\/rnv.ddns.net\\\/prensa\\\/wp-content\\\/uploads\\\/2022\\\/04\\\/rnv-1-300x227-1.jpg\",\"width\":800,\"height\":455,\"caption\":\"Radio Nacional de Venezuela C.A.\"},\"image\":{\"@id\":\"https:\\\/\\\/stage3.rnv.gob.ve\\\/wp\\\/#\\\/schema\\\/logo\\\/image\\\/\"},\"sameAs\":[\"https:\\\/\\\/www.facebook.com\\\/RadioNacionaldeVenezuela\",\"https:\\\/\\\/x.com\\\/RNVinformativa\",\"https:\\\/\\\/www.instagram.com\\\/rnvinformativa\\\/\",\"https:\\\/\\\/www.youtube.com\\\/user\\\/RNVContigo\"]},{\"@type\":\"Person\",\"@id\":\"https:\\\/\\\/stage3.rnv.gob.ve\\\/wp\\\/#\\\/schema\\\/person\\\/a11ab1b33630d1580fe25ab4cc5f5edb\",\"name\":\"Rafaela Romero\",\"url\":\"https:\\\/\\\/stage3.rnv.gob.ve\\\/wp\\\/author\\\/rromero\\\/\"}]}<\/script>\n<!-- \/ Yoast SEO plugin. -->","yoast_head_json":{"title":"GPPSB en El Hatillo impulsar\u00e1 el turismo con enfoque sostenible - DEV RNV","description":"El candidato a la alcald\u00eda de El Hatillo por el Gran Polo Patri\u00f3tico Sim\u00f3n Bol\u00edvar (GPPSB), Jos\u00e9 Gregorio Alvarado, present\u00f3 su visi\u00f3n para potenciar el turismo en el municipio, combinando desarrollo y conservaci\u00f3n ambiental.","robots":{"index":"noindex","follow":"follow","max-snippet":"max-snippet:-1","max-image-preview":"max-image-preview:large","max-video-preview":"max-video-preview:-1"},"og_locale":"es_ES","og_type":"article","og_title":"GPPSB en El Hatillo impulsar\u00e1 el turismo con enfoque sostenible - DEV RNV","og_description":"El candidato a la alcald\u00eda de El Hatillo por el Gran Polo Patri\u00f3tico Sim\u00f3n Bol\u00edvar (GPPSB), Jos\u00e9 Gregorio Alvarado, present\u00f3 su visi\u00f3n para potenciar el turismo en el municipio, combinando desarrollo y conservaci\u00f3n ambiental.","og_url":"https:\/\/stage3.rnv.gob.ve\/wp\/gppsb-en-el-hatillo-impulsara-el-turismo-con-enfoque-sostenible\/","og_site_name":"DEV RNV","article_publisher":"https:\/\/www.facebook.com\/RadioNacionaldeVenezuela","article_published_time":"2025-07-16T17:27:38+00:00","article_modified_time":"2025-07-16T18:41:01+00:00","og_image":[{"width":800,"height":500,"url":"https:\/\/stage3.rnv.gob.ve\/wp\/wp-content\/uploads\/2025\/07\/alvarado-.png","type":"image\/png"}],"author":"Rafaela Romero","twitter_card":"summary_large_image","twitter_creator":"@RNVinformativa","twitter_site":"@RNVinformativa","twitter_misc":{"Escrito por":"Rafaela Romero","Tiempo estimado de lectura":"2 minutos"},"schema":{"@context":"https:\/\/schema.org","@graph":[{"@type":"Article","@id":"https:\/\/stage3.rnv.gob.ve\/wp\/gppsb-en-el-hatillo-impulsara-el-turismo-con-enfoque-sostenible\/#article","isPartOf":{"@id":"https:\/\/stage3.rnv.gob.ve\/wp\/gppsb-en-el-hatillo-impulsara-el-turismo-con-enfoque-sostenible\/"},"author":{"name":"Rafaela Romero","@id":"https:\/\/stage3.rnv.gob.ve\/wp\/#\/schema\/person\/a11ab1b33630d1580fe25ab4cc5f5edb"},"headline":"GPPSB en El Hatillo impulsar\u00e1 el turismo con enfoque sostenible","datePublished":"2025-07-16T17:27:38+00:00","dateModified":"2025-07-16T18:41:01+00:00","mainEntityOfPage":{"@id":"https:\/\/stage3.rnv.gob.ve\/wp\/gppsb-en-el-hatillo-impulsara-el-turismo-con-enfoque-sostenible\/"},"wordCount":301,"publisher":{"@id":"https:\/\/stage3.rnv.gob.ve\/wp\/#organization"},"image":{"@id":"https:\/\/stage3.rnv.gob.ve\/wp\/gppsb-en-el-hatillo-impulsara-el-turismo-con-enfoque-sostenible\/#primaryimage"},"thumbnailUrl":"https:\/\/stage3.rnv.gob.ve\/wp\/wp-content\/uploads\/2025\/07\/alvarado-.png","keywords":["el hatillo","Gran Polo Patri\u00f3tico Sim\u00f3n Bol\u00edvar"],"articleSection":["Pol\u00edtica"],"inLanguage":"es"},{"@type":"WebPage","@id":"https:\/\/stage3.rnv.gob.ve\/wp\/gppsb-en-el-hatillo-impulsara-el-turismo-con-enfoque-sostenible\/","url":"https:\/\/stage3.rnv.gob.ve\/wp\/gppsb-en-el-hatillo-impulsara-el-turismo-con-enfoque-sostenible\/","name":"GPPSB en El Hatillo impulsar\u00e1 el turismo con enfoque sostenible - DEV RNV","isPartOf":{"@id":"https:\/\/stage3.rnv.gob.ve\/wp\/#website"},"primaryImageOfPage":{"@id":"https:\/\/stage3.rnv.gob.ve\/wp\/gppsb-en-el-hatillo-impulsara-el-turismo-con-enfoque-sostenible\/#primaryimage"},"image":{"@id":"https:\/\/stage3.rnv.gob.ve\/wp\/gppsb-en-el-hatillo-impulsara-el-turismo-con-enfoque-sostenible\/#primaryimage"},"thumbnailUrl":"https:\/\/stage3.rnv.gob.ve\/wp\/wp-content\/uploads\/2025\/07\/alvarado-.png","datePublished":"2025-07-16T17:27:38+00:00","dateModified":"2025-07-16T18:41:01+00:00","description":"El candidato a la alcald\u00eda de El Hatillo por el Gran Polo Patri\u00f3tico Sim\u00f3n Bol\u00edvar (GPPSB), Jos\u00e9 Gregorio Alvarado, present\u00f3 su visi\u00f3n para potenciar el turismo en el municipio, combinando desarrollo y conservaci\u00f3n ambiental.","breadcrumb":{"@id":"https:\/\/stage3.rnv.gob.ve\/wp\/gppsb-en-el-hatillo-impulsara-el-turismo-con-enfoque-sostenible\/#breadcrumb"},"inLanguage":"es","potentialAction":[{"@type":"ReadAction","target":["https:\/\/stage3.rnv.gob.ve\/wp\/gppsb-en-el-hatillo-impulsara-el-turismo-con-enfoque-sostenible\/"]}]},{"@type":"ImageObject","inLanguage":"es","@id":"https:\/\/stage3.rnv.gob.ve\/wp\/gppsb-en-el-hatillo-impulsara-el-turismo-con-enfoque-sostenible\/#primaryimage","url":"https:\/\/stage3.rnv.gob.ve\/wp\/wp-content\/uploads\/2025\/07\/alvarado-.png","contentUrl":"https:\/\/stage3.rnv.gob.ve\/wp\/wp-content\/uploads\/2025\/07\/alvarado-.png","width":800,"height":500},{"@type":"BreadcrumbList","@id":"https:\/\/stage3.rnv.gob.ve\/wp\/gppsb-en-el-hatillo-impulsara-el-turismo-con-enfoque-sostenible\/#breadcrumb","itemListElement":[{"@type":"ListItem","position":1,"name":"Portada","item":"https:\/\/stage3.rnv.gob.ve\/wp\/"},{"@type":"ListItem","position":2,"name":"Gppsb En El Hatillo Impulsar\u00e1 El Turismo Con Enfoque Sostenible"}]},{"@type":"WebSite","@id":"https:\/\/stage3.rnv.gob.ve\/wp\/#website","url":"https:\/\/stage3.rnv.gob.ve\/wp\/","name":"DEV RNV","description":"Radio Nacional de Venezuela C.A.","publisher":{"@id":"https:\/\/stage3.rnv.gob.ve\/wp\/#organization"},"potentialAction":[{"@type":"SearchAction","target":{"@type":"EntryPoint","urlTemplate":"https:\/\/stage3.rnv.gob.ve\/wp\/?s={search_term_string}"},"query-input":{"@type":"PropertyValueSpecification","valueRequired":true,"valueName":"search_term_string"}}],"inLanguage":"es"},{"@type":"Organization","@id":"https:\/\/stage3.rnv.gob.ve\/wp\/#organization","name":"Radio Nacional de Venezuela C.A.","url":"https:\/\/stage3.rnv.gob.ve\/wp\/","logo":{"@type":"ImageObject","inLanguage":"es","@id":"https:\/\/stage3.rnv.gob.ve\/wp\/#\/schema\/logo\/image\/","url":"http:\/\/rnv.ddns.net\/prensa\/wp-content\/uploads\/2022\/04\/rnv-1-300x227-1.jpg","contentUrl":"http:\/\/rnv.ddns.net\/prensa\/wp-content\/uploads\/2022\/04\/rnv-1-300x227-1.jpg","width":800,"height":455,"caption":"Radio Nacional de Venezuela C.A."},"image":{"@id":"https:\/\/stage3.rnv.gob.ve\/wp\/#\/schema\/logo\/image\/"},"sameAs":["https:\/\/www.facebook.com\/RadioNacionaldeVenezuela","https:\/\/x.com\/RNVinformativa","https:\/\/www.instagram.com\/rnvinformativa\/","https:\/\/www.youtube.com\/user\/RNVContigo"]},{"@type":"Person","@id":"https:\/\/stage3.rnv.gob.ve\/wp\/#\/schema\/person\/a11ab1b33630d1580fe25ab4cc5f5edb","name":"Rafaela Romero","url":"https:\/\/stage3.rnv.gob.ve\/wp\/author\/rromero\/"}]}},"jetpack_featured_media_url":"https:\/\/stage3.rnv.gob.ve\/wp\/wp-content\/uploads\/2025\/07\/alvarado-.png","_links":{"self":[{"href":"https:\/\/stage3.rnv.gob.ve\/wp\/wp-json\/wp\/v2\/posts\/404305","targetHints":{"allow":["GET"]}}],"collection":[{"href":"https:\/\/stage3.rnv.gob.ve\/wp\/wp-json\/wp\/v2\/posts"}],"about":[{"href":"https:\/\/stage3.rnv.gob.ve\/wp\/wp-json\/wp\/v2\/types\/post"}],"author":[{"embeddable":true,"href":"https:\/\/stage3.rnv.gob.ve\/wp\/wp-json\/wp\/v2\/users\/66"}],"replies":[{"embeddable":true,"href":"https:\/\/stage3.rnv.gob.ve\/wp\/wp-json\/wp\/v2\/comments?post=404305"}],"version-history":[{"count":0,"href":"https:\/\/stage3.rnv.gob.ve\/wp\/wp-json\/wp\/v2\/posts\/404305\/revisions"}],"wp:featuredmedia":[{"embeddable":true,"href":"https:\/\/stage3.rnv.gob.ve\/wp\/wp-json\/wp\/v2\/media\/404309"}],"wp:attachment":[{"href":"https:\/\/stage3.rnv.gob.ve\/wp\/wp-json\/wp\/v2\/media?parent=404305"}],"wp:term":[{"taxonomy":"category","embeddable":true,"href":"https:\/\/stage3.rnv.gob.ve\/wp\/wp-json\/wp\/v2\/categories?post=404305"},{"taxonomy":"post_tag","embeddable":true,"href":"https:\/\/stage3.rnv.gob.ve\/wp\/wp-json\/wp\/v2\/tags?post=404305"}],"curies":[{"name":"wp","href":"https:\/\/api.w.org\/{rel}","templated":true}]}}