{"id":396981,"date":"2025-05-06T21:05:54","date_gmt":"2025-05-07T01:05:54","guid":{"rendered":"https:\/\/stage3.rnv.gob.ve\/wp\/prensa\/?p=396981"},"modified":"2025-05-07T20:03:29","modified_gmt":"2025-05-08T00:03:29","slug":"jefe-de-estado-ratifica-compromiso-con-la-paz-y-la-memoria-historica-en-moscu","status":"publish","type":"post","link":"https:\/\/stage3.rnv.gob.ve\/wp\/jefe-de-estado-ratifica-compromiso-con-la-paz-y-la-memoria-historica-en-moscu\/","title":{"rendered":"Jefe de Estado ratifica compromiso con la paz y la memoria hist\u00f3rica en Mosc\u00fa"},"content":{"rendered":"<p data-pm-slice=\"1 1 []\">\u201cVenimos a traer el saludo siempre, firme, valiente y solidario del pueblo venezolano desde la fuerza espiritual de El Libertador Sim\u00f3n Bol\u00edvar y el Comandante Supremo y Eterno Hugo Ch\u00e1vez y de un pueblo que da la batalla contra el nazifascismo y el imperialismo\u201d, manifest\u00f3 el presidente de la Rep\u00fablica Bolivariana de Venezuela, Nicol\u00e1s Maduro Moros, en declaraciones durante su llegada a la ciudad de Mosc\u00fa, en la Federaci\u00f3n de Rusia.<\/p>\n<p data-pm-slice=\"1 1 []\">El mandatario nacional se\u00f1al\u00f3 que la presencia de Venezuela en Mosc\u00fa representa la ratificaci\u00f3n del camino hacia la paz, el entendimiento y el respeto entre los Estados. Asimismo, destac\u00f3 la profunda admiraci\u00f3n hist\u00f3rica del pueblo venezolano por el hero\u00edsmo del pueblo ruso, cuyo sacrificio fue determinante para la victoria contra la barbarie fascista.<\/p>\n<p>El jefe de Estado resalt\u00f3 la importancia de conmemorar los 80 a\u00f1os de la victoria de la Gran Guerra Patria con sensibilidad y conciencia hist\u00f3rica.<\/p>\n<p>Adem\u00e1s, record\u00f3 que el 30 de abril conmemoraron la toma de Berl\u00edn y que ahora se honra la rendici\u00f3n del Ej\u00e9rcito nazi frente al Ej\u00e9rcito Rojo de la Uni\u00f3n Sovi\u00e9tica. \u201cLa Uni\u00f3n Sovi\u00e9tica sacrific\u00f3 27 millones de vidas, resisti\u00f3 en Mosc\u00fa, Stalingrado y Leningrado, y finalmente llev\u00f3 la liberaci\u00f3n a Europa. Europa debe reconocer que fue el Ej\u00e9rcito Rojo quien acab\u00f3 con la amenaza nazi-fascista y liber\u00f3 a la humanidad de su opresi\u00f3n. Luego descubri\u00f3 los campos de concentraci\u00f3n donde murieron seis millones de jud\u00edos y jud\u00edas, liberando as\u00ed la humanidad de la gran amenaza nazifascista\u201d, afirm\u00f3.<\/p>\n<p>\u201cEstamos aqu\u00ed con la fuerza del pueblo bolivariano dici\u00e9ndole al presidente Putin, al pueblo ruso y a los pueblos de lo que fue la Uni\u00f3n Sovi\u00e9tica: aqu\u00ed est\u00e1 Venezuela siempre firme\u201d, concluy\u00f3.<\/p>\n<p><strong>T\/VTV<\/strong><\/p>\n","protected":false},"excerpt":{"rendered":"<p>\u201cVenimos a traer el saludo siempre, firme, valiente y solidario del pueblo venezolano desde la fuerza espiritual de El Libertador Sim\u00f3n Bol\u00edvar y el Comandante Supremo y Eterno Hugo Ch\u00e1vez y de un pueblo que da la batalla contra el nazifascismo y el imperialismo\u201d, manifest\u00f3 el presidente de la Rep\u00fablica Bolivariana de Venezuela, Nicol\u00e1s Maduro [&hellip;]<\/p>\n","protected":false},"author":18,"featured_media":396982,"comment_status":"closed","ping_status":"closed","sticky":false,"template":"","format":"standard","meta":{"_acf_changed":false,"footnotes":""},"categories":[57,65],"tags":[8267],"class_list":["post-396981","post","type-post","status-publish","format-standard","has-post-thumbnail","hentry","category-destacado","category-nacional","tag-moscu"],"acf":[],"yoast_head":"<!-- This site is optimized with the Yoast SEO plugin v27.4 - https:\/\/yoast.com\/product\/yoast-seo-wordpress\/ -->\n<title>Jefe de Estado ratifica compromiso con la paz y la memoria hist\u00f3rica en Mosc\u00fa - DEV RNV<\/title>\n<meta name=\"description\" content=\"\u201cVenimos a traer el saludo siempre, firme, valiente y solidario del pueblo venezolano desde la fuerza espiritual de El Libertador Sim\u00f3n Bol\u00edvar y el Comandante Supremo y Eterno Hugo Ch\u00e1vez y de un pueblo que da la batalla contra el nazifascismo y el imperialismo\u201d, manifest\u00f3 el presidente de la Rep\u00fablica Bolivariana de Venezuela, Nicol\u00e1s Maduro Moros, en declaraciones durante su llegada a la ciudad de Mosc\u00fa, en la Federaci\u00f3n de Rusia.\" \/>\n<meta name=\"robots\" content=\"noindex, follow, max-snippet:-1, max-image-preview:large, max-video-preview:-1\" \/>\n<meta property=\"og:locale\" content=\"es_ES\" \/>\n<meta property=\"og:type\" content=\"article\" \/>\n<meta property=\"og:title\" content=\"Jefe de Estado ratifica compromiso con la paz y la memoria hist\u00f3rica en Mosc\u00fa - DEV RNV\" \/>\n<meta property=\"og:description\" content=\"\u201cVenimos a traer el saludo siempre, firme, valiente y solidario del pueblo venezolano desde la fuerza espiritual de El Libertador Sim\u00f3n Bol\u00edvar y el Comandante Supremo y Eterno Hugo Ch\u00e1vez y de un pueblo que da la batalla contra el nazifascismo y el imperialismo\u201d, manifest\u00f3 el presidente de la Rep\u00fablica Bolivariana de Venezuela, Nicol\u00e1s Maduro Moros, en declaraciones durante su llegada a la ciudad de Mosc\u00fa, en la Federaci\u00f3n de Rusia.\" \/>\n<meta property=\"og:url\" content=\"https:\/\/stage3.rnv.gob.ve\/wp\/jefe-de-estado-ratifica-compromiso-con-la-paz-y-la-memoria-historica-en-moscu\/\" \/>\n<meta property=\"og:site_name\" content=\"DEV RNV\" \/>\n<meta property=\"article:publisher\" content=\"https:\/\/www.facebook.com\/RadioNacionaldeVenezuela\" \/>\n<meta property=\"article:published_time\" content=\"2025-05-07T01:05:54+00:00\" \/>\n<meta property=\"article:modified_time\" content=\"2025-05-08T00:03:29+00:00\" \/>\n<meta property=\"og:image\" content=\"https:\/\/stage3.rnv.gob.ve\/wp\/wp-content\/uploads\/2025\/05\/maduro-moscu-2.jpg\" \/>\n\t<meta property=\"og:image:width\" content=\"1280\" \/>\n\t<meta property=\"og:image:height\" content=\"853\" \/>\n\t<meta property=\"og:image:type\" content=\"image\/jpeg\" \/>\n<meta name=\"author\" content=\"Nora Andrade\" \/>\n<meta name=\"twitter:card\" content=\"summary_large_image\" \/>\n<meta name=\"twitter:creator\" content=\"@RNVinformativa\" \/>\n<meta name=\"twitter:site\" content=\"@RNVinformativa\" \/>\n<meta name=\"twitter:label1\" content=\"Escrito por\" \/>\n\t<meta name=\"twitter:data1\" content=\"Nora Andrade\" \/>\n\t<meta name=\"twitter:label2\" content=\"Tiempo estimado de lectura\" \/>\n\t<meta name=\"twitter:data2\" content=\"2 minutos\" \/>\n<script type=\"application\/ld+json\" class=\"yoast-schema-graph\">{\"@context\":\"https:\\\/\\\/schema.org\",\"@graph\":[{\"@type\":\"Article\",\"@id\":\"https:\\\/\\\/stage3.rnv.gob.ve\\\/wp\\\/jefe-de-estado-ratifica-compromiso-con-la-paz-y-la-memoria-historica-en-moscu\\\/#article\",\"isPartOf\":{\"@id\":\"https:\\\/\\\/stage3.rnv.gob.ve\\\/wp\\\/jefe-de-estado-ratifica-compromiso-con-la-paz-y-la-memoria-historica-en-moscu\\\/\"},\"author\":{\"name\":\"Nora Andrade\",\"@id\":\"https:\\\/\\\/stage3.rnv.gob.ve\\\/wp\\\/#\\\/schema\\\/person\\\/b04f077485d4e004e355dd829c37feaa\"},\"headline\":\"Jefe de Estado ratifica compromiso con la paz y la memoria hist\u00f3rica en Mosc\u00fa\",\"datePublished\":\"2025-05-07T01:05:54+00:00\",\"dateModified\":\"2025-05-08T00:03:29+00:00\",\"mainEntityOfPage\":{\"@id\":\"https:\\\/\\\/stage3.rnv.gob.ve\\\/wp\\\/jefe-de-estado-ratifica-compromiso-con-la-paz-y-la-memoria-historica-en-moscu\\\/\"},\"wordCount\":323,\"publisher\":{\"@id\":\"https:\\\/\\\/stage3.rnv.gob.ve\\\/wp\\\/#organization\"},\"image\":{\"@id\":\"https:\\\/\\\/stage3.rnv.gob.ve\\\/wp\\\/jefe-de-estado-ratifica-compromiso-con-la-paz-y-la-memoria-historica-en-moscu\\\/#primaryimage\"},\"thumbnailUrl\":\"https:\\\/\\\/stage3.rnv.gob.ve\\\/wp\\\/wp-content\\\/uploads\\\/2025\\\/05\\\/maduro-moscu-2.jpg\",\"keywords\":[\"Mosc\u00fa\"],\"articleSection\":[\"Destacado\",\"Nacional\"],\"inLanguage\":\"es\"},{\"@type\":\"WebPage\",\"@id\":\"https:\\\/\\\/stage3.rnv.gob.ve\\\/wp\\\/jefe-de-estado-ratifica-compromiso-con-la-paz-y-la-memoria-historica-en-moscu\\\/\",\"url\":\"https:\\\/\\\/stage3.rnv.gob.ve\\\/wp\\\/jefe-de-estado-ratifica-compromiso-con-la-paz-y-la-memoria-historica-en-moscu\\\/\",\"name\":\"Jefe de Estado ratifica compromiso con la paz y la memoria hist\u00f3rica en Mosc\u00fa - DEV RNV\",\"isPartOf\":{\"@id\":\"https:\\\/\\\/stage3.rnv.gob.ve\\\/wp\\\/#website\"},\"primaryImageOfPage\":{\"@id\":\"https:\\\/\\\/stage3.rnv.gob.ve\\\/wp\\\/jefe-de-estado-ratifica-compromiso-con-la-paz-y-la-memoria-historica-en-moscu\\\/#primaryimage\"},\"image\":{\"@id\":\"https:\\\/\\\/stage3.rnv.gob.ve\\\/wp\\\/jefe-de-estado-ratifica-compromiso-con-la-paz-y-la-memoria-historica-en-moscu\\\/#primaryimage\"},\"thumbnailUrl\":\"https:\\\/\\\/stage3.rnv.gob.ve\\\/wp\\\/wp-content\\\/uploads\\\/2025\\\/05\\\/maduro-moscu-2.jpg\",\"datePublished\":\"2025-05-07T01:05:54+00:00\",\"dateModified\":\"2025-05-08T00:03:29+00:00\",\"description\":\"\u201cVenimos a traer el saludo siempre, firme, valiente y solidario del pueblo venezolano desde la fuerza espiritual de El Libertador Sim\u00f3n Bol\u00edvar y el Comandante Supremo y Eterno Hugo Ch\u00e1vez y de un pueblo que da la batalla contra el nazifascismo y el imperialismo\u201d, manifest\u00f3 el presidente de la Rep\u00fablica Bolivariana de Venezuela, Nicol\u00e1s Maduro Moros, en declaraciones durante su llegada a la ciudad de Mosc\u00fa, en la Federaci\u00f3n de Rusia.\",\"breadcrumb\":{\"@id\":\"https:\\\/\\\/stage3.rnv.gob.ve\\\/wp\\\/jefe-de-estado-ratifica-compromiso-con-la-paz-y-la-memoria-historica-en-moscu\\\/#breadcrumb\"},\"inLanguage\":\"es\",\"potentialAction\":[{\"@type\":\"ReadAction\",\"target\":[\"https:\\\/\\\/stage3.rnv.gob.ve\\\/wp\\\/jefe-de-estado-ratifica-compromiso-con-la-paz-y-la-memoria-historica-en-moscu\\\/\"]}]},{\"@type\":\"ImageObject\",\"inLanguage\":\"es\",\"@id\":\"https:\\\/\\\/stage3.rnv.gob.ve\\\/wp\\\/jefe-de-estado-ratifica-compromiso-con-la-paz-y-la-memoria-historica-en-moscu\\\/#primaryimage\",\"url\":\"https:\\\/\\\/stage3.rnv.gob.ve\\\/wp\\\/wp-content\\\/uploads\\\/2025\\\/05\\\/maduro-moscu-2.jpg\",\"contentUrl\":\"https:\\\/\\\/stage3.rnv.gob.ve\\\/wp\\\/wp-content\\\/uploads\\\/2025\\\/05\\\/maduro-moscu-2.jpg\",\"width\":1280,\"height\":853},{\"@type\":\"BreadcrumbList\",\"@id\":\"https:\\\/\\\/stage3.rnv.gob.ve\\\/wp\\\/jefe-de-estado-ratifica-compromiso-con-la-paz-y-la-memoria-historica-en-moscu\\\/#breadcrumb\",\"itemListElement\":[{\"@type\":\"ListItem\",\"position\":1,\"name\":\"Portada\",\"item\":\"https:\\\/\\\/stage3.rnv.gob.ve\\\/wp\\\/\"},{\"@type\":\"ListItem\",\"position\":2,\"name\":\"Jefe De Estado Ratifica Compromiso Con La Paz Y La Memoria Hist\u00f3rica En Mosc\u00fa\"}]},{\"@type\":\"WebSite\",\"@id\":\"https:\\\/\\\/stage3.rnv.gob.ve\\\/wp\\\/#website\",\"url\":\"https:\\\/\\\/stage3.rnv.gob.ve\\\/wp\\\/\",\"name\":\"DEV RNV\",\"description\":\"Radio Nacional de Venezuela C.A.\",\"publisher\":{\"@id\":\"https:\\\/\\\/stage3.rnv.gob.ve\\\/wp\\\/#organization\"},\"potentialAction\":[{\"@type\":\"SearchAction\",\"target\":{\"@type\":\"EntryPoint\",\"urlTemplate\":\"https:\\\/\\\/stage3.rnv.gob.ve\\\/wp\\\/?s={search_term_string}\"},\"query-input\":{\"@type\":\"PropertyValueSpecification\",\"valueRequired\":true,\"valueName\":\"search_term_string\"}}],\"inLanguage\":\"es\"},{\"@type\":\"Organization\",\"@id\":\"https:\\\/\\\/stage3.rnv.gob.ve\\\/wp\\\/#organization\",\"name\":\"Radio Nacional de Venezuela C.A.\",\"url\":\"https:\\\/\\\/stage3.rnv.gob.ve\\\/wp\\\/\",\"logo\":{\"@type\":\"ImageObject\",\"inLanguage\":\"es\",\"@id\":\"https:\\\/\\\/stage3.rnv.gob.ve\\\/wp\\\/#\\\/schema\\\/logo\\\/image\\\/\",\"url\":\"http:\\\/\\\/rnv.ddns.net\\\/prensa\\\/wp-content\\\/uploads\\\/2022\\\/04\\\/rnv-1-300x227-1.jpg\",\"contentUrl\":\"http:\\\/\\\/rnv.ddns.net\\\/prensa\\\/wp-content\\\/uploads\\\/2022\\\/04\\\/rnv-1-300x227-1.jpg\",\"width\":800,\"height\":455,\"caption\":\"Radio Nacional de Venezuela C.A.\"},\"image\":{\"@id\":\"https:\\\/\\\/stage3.rnv.gob.ve\\\/wp\\\/#\\\/schema\\\/logo\\\/image\\\/\"},\"sameAs\":[\"https:\\\/\\\/www.facebook.com\\\/RadioNacionaldeVenezuela\",\"https:\\\/\\\/x.com\\\/RNVinformativa\",\"https:\\\/\\\/www.instagram.com\\\/rnvinformativa\\\/\",\"https:\\\/\\\/www.youtube.com\\\/user\\\/RNVContigo\"]},{\"@type\":\"Person\",\"@id\":\"https:\\\/\\\/stage3.rnv.gob.ve\\\/wp\\\/#\\\/schema\\\/person\\\/b04f077485d4e004e355dd829c37feaa\",\"name\":\"Nora Andrade\",\"url\":\"https:\\\/\\\/stage3.rnv.gob.ve\\\/wp\\\/author\\\/nora_andrade\\\/\"}]}<\/script>\n<!-- \/ Yoast SEO plugin. -->","yoast_head_json":{"title":"Jefe de Estado ratifica compromiso con la paz y la memoria hist\u00f3rica en Mosc\u00fa - DEV RNV","description":"\u201cVenimos a traer el saludo siempre, firme, valiente y solidario del pueblo venezolano desde la fuerza espiritual de El Libertador Sim\u00f3n Bol\u00edvar y el Comandante Supremo y Eterno Hugo Ch\u00e1vez y de un pueblo que da la batalla contra el nazifascismo y el imperialismo\u201d, manifest\u00f3 el presidente de la Rep\u00fablica Bolivariana de Venezuela, Nicol\u00e1s Maduro Moros, en declaraciones durante su llegada a la ciudad de Mosc\u00fa, en la Federaci\u00f3n de Rusia.","robots":{"index":"noindex","follow":"follow","max-snippet":"max-snippet:-1","max-image-preview":"max-image-preview:large","max-video-preview":"max-video-preview:-1"},"og_locale":"es_ES","og_type":"article","og_title":"Jefe de Estado ratifica compromiso con la paz y la memoria hist\u00f3rica en Mosc\u00fa - DEV RNV","og_description":"\u201cVenimos a traer el saludo siempre, firme, valiente y solidario del pueblo venezolano desde la fuerza espiritual de El Libertador Sim\u00f3n Bol\u00edvar y el Comandante Supremo y Eterno Hugo Ch\u00e1vez y de un pueblo que da la batalla contra el nazifascismo y el imperialismo\u201d, manifest\u00f3 el presidente de la Rep\u00fablica Bolivariana de Venezuela, Nicol\u00e1s Maduro Moros, en declaraciones durante su llegada a la ciudad de Mosc\u00fa, en la Federaci\u00f3n de Rusia.","og_url":"https:\/\/stage3.rnv.gob.ve\/wp\/jefe-de-estado-ratifica-compromiso-con-la-paz-y-la-memoria-historica-en-moscu\/","og_site_name":"DEV RNV","article_publisher":"https:\/\/www.facebook.com\/RadioNacionaldeVenezuela","article_published_time":"2025-05-07T01:05:54+00:00","article_modified_time":"2025-05-08T00:03:29+00:00","og_image":[{"width":1280,"height":853,"url":"https:\/\/stage3.rnv.gob.ve\/wp\/wp-content\/uploads\/2025\/05\/maduro-moscu-2.jpg","type":"image\/jpeg"}],"author":"Nora Andrade","twitter_card":"summary_large_image","twitter_creator":"@RNVinformativa","twitter_site":"@RNVinformativa","twitter_misc":{"Escrito por":"Nora Andrade","Tiempo estimado de lectura":"2 minutos"},"schema":{"@context":"https:\/\/schema.org","@graph":[{"@type":"Article","@id":"https:\/\/stage3.rnv.gob.ve\/wp\/jefe-de-estado-ratifica-compromiso-con-la-paz-y-la-memoria-historica-en-moscu\/#article","isPartOf":{"@id":"https:\/\/stage3.rnv.gob.ve\/wp\/jefe-de-estado-ratifica-compromiso-con-la-paz-y-la-memoria-historica-en-moscu\/"},"author":{"name":"Nora Andrade","@id":"https:\/\/stage3.rnv.gob.ve\/wp\/#\/schema\/person\/b04f077485d4e004e355dd829c37feaa"},"headline":"Jefe de Estado ratifica compromiso con la paz y la memoria hist\u00f3rica en Mosc\u00fa","datePublished":"2025-05-07T01:05:54+00:00","dateModified":"2025-05-08T00:03:29+00:00","mainEntityOfPage":{"@id":"https:\/\/stage3.rnv.gob.ve\/wp\/jefe-de-estado-ratifica-compromiso-con-la-paz-y-la-memoria-historica-en-moscu\/"},"wordCount":323,"publisher":{"@id":"https:\/\/stage3.rnv.gob.ve\/wp\/#organization"},"image":{"@id":"https:\/\/stage3.rnv.gob.ve\/wp\/jefe-de-estado-ratifica-compromiso-con-la-paz-y-la-memoria-historica-en-moscu\/#primaryimage"},"thumbnailUrl":"https:\/\/stage3.rnv.gob.ve\/wp\/wp-content\/uploads\/2025\/05\/maduro-moscu-2.jpg","keywords":["Mosc\u00fa"],"articleSection":["Destacado","Nacional"],"inLanguage":"es"},{"@type":"WebPage","@id":"https:\/\/stage3.rnv.gob.ve\/wp\/jefe-de-estado-ratifica-compromiso-con-la-paz-y-la-memoria-historica-en-moscu\/","url":"https:\/\/stage3.rnv.gob.ve\/wp\/jefe-de-estado-ratifica-compromiso-con-la-paz-y-la-memoria-historica-en-moscu\/","name":"Jefe de Estado ratifica compromiso con la paz y la memoria hist\u00f3rica en Mosc\u00fa - DEV RNV","isPartOf":{"@id":"https:\/\/stage3.rnv.gob.ve\/wp\/#website"},"primaryImageOfPage":{"@id":"https:\/\/stage3.rnv.gob.ve\/wp\/jefe-de-estado-ratifica-compromiso-con-la-paz-y-la-memoria-historica-en-moscu\/#primaryimage"},"image":{"@id":"https:\/\/stage3.rnv.gob.ve\/wp\/jefe-de-estado-ratifica-compromiso-con-la-paz-y-la-memoria-historica-en-moscu\/#primaryimage"},"thumbnailUrl":"https:\/\/stage3.rnv.gob.ve\/wp\/wp-content\/uploads\/2025\/05\/maduro-moscu-2.jpg","datePublished":"2025-05-07T01:05:54+00:00","dateModified":"2025-05-08T00:03:29+00:00","description":"\u201cVenimos a traer el saludo siempre, firme, valiente y solidario del pueblo venezolano desde la fuerza espiritual de El Libertador Sim\u00f3n Bol\u00edvar y el Comandante Supremo y Eterno Hugo Ch\u00e1vez y de un pueblo que da la batalla contra el nazifascismo y el imperialismo\u201d, manifest\u00f3 el presidente de la Rep\u00fablica Bolivariana de Venezuela, Nicol\u00e1s Maduro Moros, en declaraciones durante su llegada a la ciudad de Mosc\u00fa, en la Federaci\u00f3n de Rusia.","breadcrumb":{"@id":"https:\/\/stage3.rnv.gob.ve\/wp\/jefe-de-estado-ratifica-compromiso-con-la-paz-y-la-memoria-historica-en-moscu\/#breadcrumb"},"inLanguage":"es","potentialAction":[{"@type":"ReadAction","target":["https:\/\/stage3.rnv.gob.ve\/wp\/jefe-de-estado-ratifica-compromiso-con-la-paz-y-la-memoria-historica-en-moscu\/"]}]},{"@type":"ImageObject","inLanguage":"es","@id":"https:\/\/stage3.rnv.gob.ve\/wp\/jefe-de-estado-ratifica-compromiso-con-la-paz-y-la-memoria-historica-en-moscu\/#primaryimage","url":"https:\/\/stage3.rnv.gob.ve\/wp\/wp-content\/uploads\/2025\/05\/maduro-moscu-2.jpg","contentUrl":"https:\/\/stage3.rnv.gob.ve\/wp\/wp-content\/uploads\/2025\/05\/maduro-moscu-2.jpg","width":1280,"height":853},{"@type":"BreadcrumbList","@id":"https:\/\/stage3.rnv.gob.ve\/wp\/jefe-de-estado-ratifica-compromiso-con-la-paz-y-la-memoria-historica-en-moscu\/#breadcrumb","itemListElement":[{"@type":"ListItem","position":1,"name":"Portada","item":"https:\/\/stage3.rnv.gob.ve\/wp\/"},{"@type":"ListItem","position":2,"name":"Jefe De Estado Ratifica Compromiso Con La Paz Y La Memoria Hist\u00f3rica En Mosc\u00fa"}]},{"@type":"WebSite","@id":"https:\/\/stage3.rnv.gob.ve\/wp\/#website","url":"https:\/\/stage3.rnv.gob.ve\/wp\/","name":"DEV RNV","description":"Radio Nacional de Venezuela C.A.","publisher":{"@id":"https:\/\/stage3.rnv.gob.ve\/wp\/#organization"},"potentialAction":[{"@type":"SearchAction","target":{"@type":"EntryPoint","urlTemplate":"https:\/\/stage3.rnv.gob.ve\/wp\/?s={search_term_string}"},"query-input":{"@type":"PropertyValueSpecification","valueRequired":true,"valueName":"search_term_string"}}],"inLanguage":"es"},{"@type":"Organization","@id":"https:\/\/stage3.rnv.gob.ve\/wp\/#organization","name":"Radio Nacional de Venezuela C.A.","url":"https:\/\/stage3.rnv.gob.ve\/wp\/","logo":{"@type":"ImageObject","inLanguage":"es","@id":"https:\/\/stage3.rnv.gob.ve\/wp\/#\/schema\/logo\/image\/","url":"http:\/\/rnv.ddns.net\/prensa\/wp-content\/uploads\/2022\/04\/rnv-1-300x227-1.jpg","contentUrl":"http:\/\/rnv.ddns.net\/prensa\/wp-content\/uploads\/2022\/04\/rnv-1-300x227-1.jpg","width":800,"height":455,"caption":"Radio Nacional de Venezuela C.A."},"image":{"@id":"https:\/\/stage3.rnv.gob.ve\/wp\/#\/schema\/logo\/image\/"},"sameAs":["https:\/\/www.facebook.com\/RadioNacionaldeVenezuela","https:\/\/x.com\/RNVinformativa","https:\/\/www.instagram.com\/rnvinformativa\/","https:\/\/www.youtube.com\/user\/RNVContigo"]},{"@type":"Person","@id":"https:\/\/stage3.rnv.gob.ve\/wp\/#\/schema\/person\/b04f077485d4e004e355dd829c37feaa","name":"Nora Andrade","url":"https:\/\/stage3.rnv.gob.ve\/wp\/author\/nora_andrade\/"}]}},"jetpack_featured_media_url":"https:\/\/stage3.rnv.gob.ve\/wp\/wp-content\/uploads\/2025\/05\/maduro-moscu-2.jpg","_links":{"self":[{"href":"https:\/\/stage3.rnv.gob.ve\/wp\/wp-json\/wp\/v2\/posts\/396981","targetHints":{"allow":["GET"]}}],"collection":[{"href":"https:\/\/stage3.rnv.gob.ve\/wp\/wp-json\/wp\/v2\/posts"}],"about":[{"href":"https:\/\/stage3.rnv.gob.ve\/wp\/wp-json\/wp\/v2\/types\/post"}],"author":[{"embeddable":true,"href":"https:\/\/stage3.rnv.gob.ve\/wp\/wp-json\/wp\/v2\/users\/18"}],"replies":[{"embeddable":true,"href":"https:\/\/stage3.rnv.gob.ve\/wp\/wp-json\/wp\/v2\/comments?post=396981"}],"version-history":[{"count":0,"href":"https:\/\/stage3.rnv.gob.ve\/wp\/wp-json\/wp\/v2\/posts\/396981\/revisions"}],"wp:featuredmedia":[{"embeddable":true,"href":"https:\/\/stage3.rnv.gob.ve\/wp\/wp-json\/wp\/v2\/media\/396982"}],"wp:attachment":[{"href":"https:\/\/stage3.rnv.gob.ve\/wp\/wp-json\/wp\/v2\/media?parent=396981"}],"wp:term":[{"taxonomy":"category","embeddable":true,"href":"https:\/\/stage3.rnv.gob.ve\/wp\/wp-json\/wp\/v2\/categories?post=396981"},{"taxonomy":"post_tag","embeddable":true,"href":"https:\/\/stage3.rnv.gob.ve\/wp\/wp-json\/wp\/v2\/tags?post=396981"}],"curies":[{"name":"wp","href":"https:\/\/api.w.org\/{rel}","templated":true}]}}