{"id":392309,"date":"2025-03-05T13:12:29","date_gmt":"2025-03-05T17:12:29","guid":{"rendered":"https:\/\/stage3.rnv.gob.ve\/wp\/prensa\/?p=392309"},"modified":"2025-03-08T21:26:39","modified_gmt":"2025-03-09T01:26:39","slug":"en-venezuela-pueblo-inga-celebra-el-atunpuncha","status":"publish","type":"post","link":"https:\/\/stage3.rnv.gob.ve\/wp\/en-venezuela-pueblo-inga-celebra-el-atunpuncha\/","title":{"rendered":"En Venezuela Pueblo Inga celebra el Atun Puncha"},"content":{"rendered":"<p><img fetchpriority=\"high\" decoding=\"async\" class=\" wp-image-392588 aligncenter\" src=\"https:\/\/rnv.macvenezuela.com\/wp-content\/uploads\/2025\/03\/WhatsApp-Image-2025-03-08-at-8.54.24-PM-300x225.jpeg\" alt=\"\" width=\"602\" height=\"452\" srcset=\"https:\/\/stage3.rnv.gob.ve\/wp\/wp-content\/uploads\/2025\/03\/WhatsApp-Image-2025-03-08-at-8.54.24-PM-300x225.jpeg 300w, https:\/\/stage3.rnv.gob.ve\/wp\/wp-content\/uploads\/2025\/03\/WhatsApp-Image-2025-03-08-at-8.54.24-PM-74x55.jpeg 74w, https:\/\/stage3.rnv.gob.ve\/wp\/wp-content\/uploads\/2025\/03\/WhatsApp-Image-2025-03-08-at-8.54.24-PM-111x83.jpeg 111w, https:\/\/stage3.rnv.gob.ve\/wp\/wp-content\/uploads\/2025\/03\/WhatsApp-Image-2025-03-08-at-8.54.24-PM-215x161.jpeg 215w, https:\/\/stage3.rnv.gob.ve\/wp\/wp-content\/uploads\/2025\/03\/WhatsApp-Image-2025-03-08-at-8.54.24-PM-990x743.jpeg 990w, https:\/\/stage3.rnv.gob.ve\/wp\/wp-content\/uploads\/2025\/03\/WhatsApp-Image-2025-03-08-at-8.54.24-PM-768x576.jpeg 768w, https:\/\/stage3.rnv.gob.ve\/wp\/wp-content\/uploads\/2025\/03\/WhatsApp-Image-2025-03-08-at-8.54.24-PM-1024x768.jpeg 1024w, https:\/\/stage3.rnv.gob.ve\/wp\/wp-content\/uploads\/2025\/03\/WhatsApp-Image-2025-03-08-at-8.54.24-PM.jpeg 1080w\" sizes=\"(max-width: 602px) 100vw, 602px\" \/><\/p>\n<p style=\"text-align: justify\">Desde la Casa Cultural de la parroquia Ant\u00edmano, el Pueblo Inga en Venezuela, celebr\u00f3 el d\u00eda del Atun Puncha antes del d\u00eda de ceniza, como parte de su cultura ancestral.<\/p>\n<p style=\"text-align: justify\">Entretanto, la l\u00edder Inga, Eddy Castro, expres\u00f3 que en Venezuela se conmemora el 4 de marzo el a\u00f1o nuevo ind\u00edgena para agradecer al Taita Dios, por lo recibido.<\/p>\n<p style=\"text-align: justify\">Adem\u00e1s, es un d\u00eda para recordar, y lo importante que es el perd\u00f3n y seguir revitalizando los encuentros para la convivencia y la paz.<\/p>\n<p style=\"text-align: justify\">El Atun Puncha es una fiesta, donde el pueblo Inga se re\u00fane en pensamiento, danza y canto para festejar el fin y el inicio de un a\u00f1o m\u00e1s de vida en el territorio.<\/p>\n<p style=\"text-align: justify\">En la celebraci\u00f3n se comparten versos en lengua nativa, alimentos y bebidas propias, practican usos y costumbres de su pueblo.<\/p>\n<p style=\"text-align: justify\">T\/RNV Ind\u00edgena\/MG<\/p>\n","protected":false},"excerpt":{"rendered":"<p>Desde la Casa Cultural de la parroquia Ant\u00edmano, el Pueblo Inga en Venezuela, celebr\u00f3 el d\u00eda del Atun Puncha antes del d\u00eda de ceniza, como parte de su cultura ancestral. Entretanto, la l\u00edder Inga, Eddy Castro, expres\u00f3 que en Venezuela se conmemora el 4 de marzo el a\u00f1o nuevo ind\u00edgena para agradecer al Taita Dios, [&hellip;]<\/p>\n","protected":false},"author":54,"featured_media":392588,"comment_status":"closed","ping_status":"closed","sticky":false,"template":"","format":"standard","meta":{"_acf_changed":false,"footnotes":""},"categories":[68],"tags":[17426,148],"class_list":["post-392309","post","type-post","status-publish","format-standard","has-post-thumbnail","hentry","category-pueblos-originarios","tag-inga","tag-pueblo"],"acf":[],"yoast_head":"<!-- This site is optimized with the Yoast SEO plugin v27.4 - https:\/\/yoast.com\/product\/yoast-seo-wordpress\/ -->\n<title>En Venezuela Pueblo Inga celebra el Atun Puncha - DEV RNV<\/title>\n<meta name=\"description\" content=\"En Venezuela Pueblo Inga celebra el Atunpuncha\" \/>\n<meta name=\"robots\" content=\"noindex, follow, max-snippet:-1, max-image-preview:large, max-video-preview:-1\" \/>\n<meta property=\"og:locale\" content=\"es_ES\" \/>\n<meta property=\"og:type\" content=\"article\" \/>\n<meta property=\"og:title\" content=\"En Venezuela Pueblo Inga celebra el Atun Puncha - DEV RNV\" \/>\n<meta property=\"og:description\" content=\"En Venezuela Pueblo Inga celebra el Atunpuncha\" \/>\n<meta property=\"og:url\" content=\"https:\/\/stage3.rnv.gob.ve\/wp\/en-venezuela-pueblo-inga-celebra-el-atunpuncha\/\" \/>\n<meta property=\"og:site_name\" content=\"DEV RNV\" \/>\n<meta property=\"article:publisher\" content=\"https:\/\/www.facebook.com\/RadioNacionaldeVenezuela\" \/>\n<meta property=\"article:published_time\" content=\"2025-03-05T17:12:29+00:00\" \/>\n<meta property=\"article:modified_time\" content=\"2025-03-09T01:26:39+00:00\" \/>\n<meta property=\"og:image\" content=\"https:\/\/stage3.rnv.gob.ve\/wp\/wp-content\/uploads\/2025\/03\/WhatsApp-Image-2025-03-08-at-8.54.24-PM.jpeg\" \/>\n\t<meta property=\"og:image:width\" content=\"1080\" \/>\n\t<meta property=\"og:image:height\" content=\"810\" \/>\n\t<meta property=\"og:image:type\" content=\"image\/jpeg\" \/>\n<meta name=\"author\" content=\"Jes\u00fas Gonz\u00e1lez\" \/>\n<meta name=\"twitter:card\" content=\"summary_large_image\" \/>\n<meta name=\"twitter:creator\" content=\"@RNVinformativa\" \/>\n<meta name=\"twitter:site\" content=\"@RNVinformativa\" \/>\n<meta name=\"twitter:label1\" content=\"Escrito por\" \/>\n\t<meta name=\"twitter:data1\" content=\"Jes\u00fas Gonz\u00e1lez\" \/>\n\t<meta name=\"twitter:label2\" content=\"Tiempo estimado de lectura\" \/>\n\t<meta name=\"twitter:data2\" content=\"2 minutos\" \/>\n<script type=\"application\/ld+json\" class=\"yoast-schema-graph\">{\"@context\":\"https:\\\/\\\/schema.org\",\"@graph\":[{\"@type\":\"Article\",\"@id\":\"https:\\\/\\\/stage3.rnv.gob.ve\\\/wp\\\/en-venezuela-pueblo-inga-celebra-el-atunpuncha\\\/#article\",\"isPartOf\":{\"@id\":\"https:\\\/\\\/stage3.rnv.gob.ve\\\/wp\\\/en-venezuela-pueblo-inga-celebra-el-atunpuncha\\\/\"},\"author\":{\"name\":\"Jes\u00fas Gonz\u00e1lez\",\"@id\":\"https:\\\/\\\/stage3.rnv.gob.ve\\\/wp\\\/#\\\/schema\\\/person\\\/db9bbb70bb32912fc314dd65f3cbd8e5\"},\"headline\":\"En Venezuela Pueblo Inga celebra el Atun Puncha\",\"datePublished\":\"2025-03-05T17:12:29+00:00\",\"dateModified\":\"2025-03-09T01:26:39+00:00\",\"mainEntityOfPage\":{\"@id\":\"https:\\\/\\\/stage3.rnv.gob.ve\\\/wp\\\/en-venezuela-pueblo-inga-celebra-el-atunpuncha\\\/\"},\"wordCount\":160,\"publisher\":{\"@id\":\"https:\\\/\\\/stage3.rnv.gob.ve\\\/wp\\\/#organization\"},\"image\":{\"@id\":\"https:\\\/\\\/stage3.rnv.gob.ve\\\/wp\\\/en-venezuela-pueblo-inga-celebra-el-atunpuncha\\\/#primaryimage\"},\"thumbnailUrl\":\"https:\\\/\\\/stage3.rnv.gob.ve\\\/wp\\\/wp-content\\\/uploads\\\/2025\\\/03\\\/WhatsApp-Image-2025-03-08-at-8.54.24-PM.jpeg\",\"keywords\":[\"inga\",\"pueblo\"],\"articleSection\":[\"Pueblos Originarios\"],\"inLanguage\":\"es\"},{\"@type\":\"WebPage\",\"@id\":\"https:\\\/\\\/stage3.rnv.gob.ve\\\/wp\\\/en-venezuela-pueblo-inga-celebra-el-atunpuncha\\\/\",\"url\":\"https:\\\/\\\/stage3.rnv.gob.ve\\\/wp\\\/en-venezuela-pueblo-inga-celebra-el-atunpuncha\\\/\",\"name\":\"En Venezuela Pueblo Inga celebra el Atun Puncha - DEV RNV\",\"isPartOf\":{\"@id\":\"https:\\\/\\\/stage3.rnv.gob.ve\\\/wp\\\/#website\"},\"primaryImageOfPage\":{\"@id\":\"https:\\\/\\\/stage3.rnv.gob.ve\\\/wp\\\/en-venezuela-pueblo-inga-celebra-el-atunpuncha\\\/#primaryimage\"},\"image\":{\"@id\":\"https:\\\/\\\/stage3.rnv.gob.ve\\\/wp\\\/en-venezuela-pueblo-inga-celebra-el-atunpuncha\\\/#primaryimage\"},\"thumbnailUrl\":\"https:\\\/\\\/stage3.rnv.gob.ve\\\/wp\\\/wp-content\\\/uploads\\\/2025\\\/03\\\/WhatsApp-Image-2025-03-08-at-8.54.24-PM.jpeg\",\"datePublished\":\"2025-03-05T17:12:29+00:00\",\"dateModified\":\"2025-03-09T01:26:39+00:00\",\"description\":\"En Venezuela Pueblo Inga celebra el Atunpuncha\",\"breadcrumb\":{\"@id\":\"https:\\\/\\\/stage3.rnv.gob.ve\\\/wp\\\/en-venezuela-pueblo-inga-celebra-el-atunpuncha\\\/#breadcrumb\"},\"inLanguage\":\"es\",\"potentialAction\":[{\"@type\":\"ReadAction\",\"target\":[\"https:\\\/\\\/stage3.rnv.gob.ve\\\/wp\\\/en-venezuela-pueblo-inga-celebra-el-atunpuncha\\\/\"]}]},{\"@type\":\"ImageObject\",\"inLanguage\":\"es\",\"@id\":\"https:\\\/\\\/stage3.rnv.gob.ve\\\/wp\\\/en-venezuela-pueblo-inga-celebra-el-atunpuncha\\\/#primaryimage\",\"url\":\"https:\\\/\\\/stage3.rnv.gob.ve\\\/wp\\\/wp-content\\\/uploads\\\/2025\\\/03\\\/WhatsApp-Image-2025-03-08-at-8.54.24-PM.jpeg\",\"contentUrl\":\"https:\\\/\\\/stage3.rnv.gob.ve\\\/wp\\\/wp-content\\\/uploads\\\/2025\\\/03\\\/WhatsApp-Image-2025-03-08-at-8.54.24-PM.jpeg\",\"width\":1080,\"height\":810},{\"@type\":\"BreadcrumbList\",\"@id\":\"https:\\\/\\\/stage3.rnv.gob.ve\\\/wp\\\/en-venezuela-pueblo-inga-celebra-el-atunpuncha\\\/#breadcrumb\",\"itemListElement\":[{\"@type\":\"ListItem\",\"position\":1,\"name\":\"Portada\",\"item\":\"https:\\\/\\\/stage3.rnv.gob.ve\\\/wp\\\/\"},{\"@type\":\"ListItem\",\"position\":2,\"name\":\"En Venezuela Pueblo Inga Celebra El Atun Puncha\"}]},{\"@type\":\"WebSite\",\"@id\":\"https:\\\/\\\/stage3.rnv.gob.ve\\\/wp\\\/#website\",\"url\":\"https:\\\/\\\/stage3.rnv.gob.ve\\\/wp\\\/\",\"name\":\"DEV RNV\",\"description\":\"Radio Nacional de Venezuela C.A.\",\"publisher\":{\"@id\":\"https:\\\/\\\/stage3.rnv.gob.ve\\\/wp\\\/#organization\"},\"potentialAction\":[{\"@type\":\"SearchAction\",\"target\":{\"@type\":\"EntryPoint\",\"urlTemplate\":\"https:\\\/\\\/stage3.rnv.gob.ve\\\/wp\\\/?s={search_term_string}\"},\"query-input\":{\"@type\":\"PropertyValueSpecification\",\"valueRequired\":true,\"valueName\":\"search_term_string\"}}],\"inLanguage\":\"es\"},{\"@type\":\"Organization\",\"@id\":\"https:\\\/\\\/stage3.rnv.gob.ve\\\/wp\\\/#organization\",\"name\":\"Radio Nacional de Venezuela C.A.\",\"url\":\"https:\\\/\\\/stage3.rnv.gob.ve\\\/wp\\\/\",\"logo\":{\"@type\":\"ImageObject\",\"inLanguage\":\"es\",\"@id\":\"https:\\\/\\\/stage3.rnv.gob.ve\\\/wp\\\/#\\\/schema\\\/logo\\\/image\\\/\",\"url\":\"http:\\\/\\\/rnv.ddns.net\\\/prensa\\\/wp-content\\\/uploads\\\/2022\\\/04\\\/rnv-1-300x227-1.jpg\",\"contentUrl\":\"http:\\\/\\\/rnv.ddns.net\\\/prensa\\\/wp-content\\\/uploads\\\/2022\\\/04\\\/rnv-1-300x227-1.jpg\",\"width\":800,\"height\":455,\"caption\":\"Radio Nacional de Venezuela C.A.\"},\"image\":{\"@id\":\"https:\\\/\\\/stage3.rnv.gob.ve\\\/wp\\\/#\\\/schema\\\/logo\\\/image\\\/\"},\"sameAs\":[\"https:\\\/\\\/www.facebook.com\\\/RadioNacionaldeVenezuela\",\"https:\\\/\\\/x.com\\\/RNVinformativa\",\"https:\\\/\\\/www.instagram.com\\\/rnvinformativa\\\/\",\"https:\\\/\\\/www.youtube.com\\\/user\\\/RNVContigo\"]},{\"@type\":\"Person\",\"@id\":\"https:\\\/\\\/stage3.rnv.gob.ve\\\/wp\\\/#\\\/schema\\\/person\\\/db9bbb70bb32912fc314dd65f3cbd8e5\",\"name\":\"Jes\u00fas Gonz\u00e1lez\",\"url\":\"https:\\\/\\\/stage3.rnv.gob.ve\\\/wp\\\/author\\\/jesus_gonzalez\\\/\"}]}<\/script>\n<!-- \/ Yoast SEO plugin. -->","yoast_head_json":{"title":"En Venezuela Pueblo Inga celebra el Atun Puncha - DEV RNV","description":"En Venezuela Pueblo Inga celebra el Atunpuncha","robots":{"index":"noindex","follow":"follow","max-snippet":"max-snippet:-1","max-image-preview":"max-image-preview:large","max-video-preview":"max-video-preview:-1"},"og_locale":"es_ES","og_type":"article","og_title":"En Venezuela Pueblo Inga celebra el Atun Puncha - DEV RNV","og_description":"En Venezuela Pueblo Inga celebra el Atunpuncha","og_url":"https:\/\/stage3.rnv.gob.ve\/wp\/en-venezuela-pueblo-inga-celebra-el-atunpuncha\/","og_site_name":"DEV RNV","article_publisher":"https:\/\/www.facebook.com\/RadioNacionaldeVenezuela","article_published_time":"2025-03-05T17:12:29+00:00","article_modified_time":"2025-03-09T01:26:39+00:00","og_image":[{"width":1080,"height":810,"url":"https:\/\/stage3.rnv.gob.ve\/wp\/wp-content\/uploads\/2025\/03\/WhatsApp-Image-2025-03-08-at-8.54.24-PM.jpeg","type":"image\/jpeg"}],"author":"Jes\u00fas Gonz\u00e1lez","twitter_card":"summary_large_image","twitter_creator":"@RNVinformativa","twitter_site":"@RNVinformativa","twitter_misc":{"Escrito por":"Jes\u00fas Gonz\u00e1lez","Tiempo estimado de lectura":"2 minutos"},"schema":{"@context":"https:\/\/schema.org","@graph":[{"@type":"Article","@id":"https:\/\/stage3.rnv.gob.ve\/wp\/en-venezuela-pueblo-inga-celebra-el-atunpuncha\/#article","isPartOf":{"@id":"https:\/\/stage3.rnv.gob.ve\/wp\/en-venezuela-pueblo-inga-celebra-el-atunpuncha\/"},"author":{"name":"Jes\u00fas Gonz\u00e1lez","@id":"https:\/\/stage3.rnv.gob.ve\/wp\/#\/schema\/person\/db9bbb70bb32912fc314dd65f3cbd8e5"},"headline":"En Venezuela Pueblo Inga celebra el Atun Puncha","datePublished":"2025-03-05T17:12:29+00:00","dateModified":"2025-03-09T01:26:39+00:00","mainEntityOfPage":{"@id":"https:\/\/stage3.rnv.gob.ve\/wp\/en-venezuela-pueblo-inga-celebra-el-atunpuncha\/"},"wordCount":160,"publisher":{"@id":"https:\/\/stage3.rnv.gob.ve\/wp\/#organization"},"image":{"@id":"https:\/\/stage3.rnv.gob.ve\/wp\/en-venezuela-pueblo-inga-celebra-el-atunpuncha\/#primaryimage"},"thumbnailUrl":"https:\/\/stage3.rnv.gob.ve\/wp\/wp-content\/uploads\/2025\/03\/WhatsApp-Image-2025-03-08-at-8.54.24-PM.jpeg","keywords":["inga","pueblo"],"articleSection":["Pueblos Originarios"],"inLanguage":"es"},{"@type":"WebPage","@id":"https:\/\/stage3.rnv.gob.ve\/wp\/en-venezuela-pueblo-inga-celebra-el-atunpuncha\/","url":"https:\/\/stage3.rnv.gob.ve\/wp\/en-venezuela-pueblo-inga-celebra-el-atunpuncha\/","name":"En Venezuela Pueblo Inga celebra el Atun Puncha - DEV RNV","isPartOf":{"@id":"https:\/\/stage3.rnv.gob.ve\/wp\/#website"},"primaryImageOfPage":{"@id":"https:\/\/stage3.rnv.gob.ve\/wp\/en-venezuela-pueblo-inga-celebra-el-atunpuncha\/#primaryimage"},"image":{"@id":"https:\/\/stage3.rnv.gob.ve\/wp\/en-venezuela-pueblo-inga-celebra-el-atunpuncha\/#primaryimage"},"thumbnailUrl":"https:\/\/stage3.rnv.gob.ve\/wp\/wp-content\/uploads\/2025\/03\/WhatsApp-Image-2025-03-08-at-8.54.24-PM.jpeg","datePublished":"2025-03-05T17:12:29+00:00","dateModified":"2025-03-09T01:26:39+00:00","description":"En Venezuela Pueblo Inga celebra el Atunpuncha","breadcrumb":{"@id":"https:\/\/stage3.rnv.gob.ve\/wp\/en-venezuela-pueblo-inga-celebra-el-atunpuncha\/#breadcrumb"},"inLanguage":"es","potentialAction":[{"@type":"ReadAction","target":["https:\/\/stage3.rnv.gob.ve\/wp\/en-venezuela-pueblo-inga-celebra-el-atunpuncha\/"]}]},{"@type":"ImageObject","inLanguage":"es","@id":"https:\/\/stage3.rnv.gob.ve\/wp\/en-venezuela-pueblo-inga-celebra-el-atunpuncha\/#primaryimage","url":"https:\/\/stage3.rnv.gob.ve\/wp\/wp-content\/uploads\/2025\/03\/WhatsApp-Image-2025-03-08-at-8.54.24-PM.jpeg","contentUrl":"https:\/\/stage3.rnv.gob.ve\/wp\/wp-content\/uploads\/2025\/03\/WhatsApp-Image-2025-03-08-at-8.54.24-PM.jpeg","width":1080,"height":810},{"@type":"BreadcrumbList","@id":"https:\/\/stage3.rnv.gob.ve\/wp\/en-venezuela-pueblo-inga-celebra-el-atunpuncha\/#breadcrumb","itemListElement":[{"@type":"ListItem","position":1,"name":"Portada","item":"https:\/\/stage3.rnv.gob.ve\/wp\/"},{"@type":"ListItem","position":2,"name":"En Venezuela Pueblo Inga Celebra El Atun Puncha"}]},{"@type":"WebSite","@id":"https:\/\/stage3.rnv.gob.ve\/wp\/#website","url":"https:\/\/stage3.rnv.gob.ve\/wp\/","name":"DEV RNV","description":"Radio Nacional de Venezuela C.A.","publisher":{"@id":"https:\/\/stage3.rnv.gob.ve\/wp\/#organization"},"potentialAction":[{"@type":"SearchAction","target":{"@type":"EntryPoint","urlTemplate":"https:\/\/stage3.rnv.gob.ve\/wp\/?s={search_term_string}"},"query-input":{"@type":"PropertyValueSpecification","valueRequired":true,"valueName":"search_term_string"}}],"inLanguage":"es"},{"@type":"Organization","@id":"https:\/\/stage3.rnv.gob.ve\/wp\/#organization","name":"Radio Nacional de Venezuela C.A.","url":"https:\/\/stage3.rnv.gob.ve\/wp\/","logo":{"@type":"ImageObject","inLanguage":"es","@id":"https:\/\/stage3.rnv.gob.ve\/wp\/#\/schema\/logo\/image\/","url":"http:\/\/rnv.ddns.net\/prensa\/wp-content\/uploads\/2022\/04\/rnv-1-300x227-1.jpg","contentUrl":"http:\/\/rnv.ddns.net\/prensa\/wp-content\/uploads\/2022\/04\/rnv-1-300x227-1.jpg","width":800,"height":455,"caption":"Radio Nacional de Venezuela C.A."},"image":{"@id":"https:\/\/stage3.rnv.gob.ve\/wp\/#\/schema\/logo\/image\/"},"sameAs":["https:\/\/www.facebook.com\/RadioNacionaldeVenezuela","https:\/\/x.com\/RNVinformativa","https:\/\/www.instagram.com\/rnvinformativa\/","https:\/\/www.youtube.com\/user\/RNVContigo"]},{"@type":"Person","@id":"https:\/\/stage3.rnv.gob.ve\/wp\/#\/schema\/person\/db9bbb70bb32912fc314dd65f3cbd8e5","name":"Jes\u00fas Gonz\u00e1lez","url":"https:\/\/stage3.rnv.gob.ve\/wp\/author\/jesus_gonzalez\/"}]}},"jetpack_featured_media_url":"https:\/\/stage3.rnv.gob.ve\/wp\/wp-content\/uploads\/2025\/03\/WhatsApp-Image-2025-03-08-at-8.54.24-PM.jpeg","_links":{"self":[{"href":"https:\/\/stage3.rnv.gob.ve\/wp\/wp-json\/wp\/v2\/posts\/392309","targetHints":{"allow":["GET"]}}],"collection":[{"href":"https:\/\/stage3.rnv.gob.ve\/wp\/wp-json\/wp\/v2\/posts"}],"about":[{"href":"https:\/\/stage3.rnv.gob.ve\/wp\/wp-json\/wp\/v2\/types\/post"}],"author":[{"embeddable":true,"href":"https:\/\/stage3.rnv.gob.ve\/wp\/wp-json\/wp\/v2\/users\/54"}],"replies":[{"embeddable":true,"href":"https:\/\/stage3.rnv.gob.ve\/wp\/wp-json\/wp\/v2\/comments?post=392309"}],"version-history":[{"count":0,"href":"https:\/\/stage3.rnv.gob.ve\/wp\/wp-json\/wp\/v2\/posts\/392309\/revisions"}],"wp:featuredmedia":[{"embeddable":true,"href":"https:\/\/stage3.rnv.gob.ve\/wp\/wp-json\/wp\/v2\/media\/392588"}],"wp:attachment":[{"href":"https:\/\/stage3.rnv.gob.ve\/wp\/wp-json\/wp\/v2\/media?parent=392309"}],"wp:term":[{"taxonomy":"category","embeddable":true,"href":"https:\/\/stage3.rnv.gob.ve\/wp\/wp-json\/wp\/v2\/categories?post=392309"},{"taxonomy":"post_tag","embeddable":true,"href":"https:\/\/stage3.rnv.gob.ve\/wp\/wp-json\/wp\/v2\/tags?post=392309"}],"curies":[{"name":"wp","href":"https:\/\/api.w.org\/{rel}","templated":true}]}}