{"id":384415,"date":"2024-10-21T21:17:11","date_gmt":"2024-10-22T01:17:11","guid":{"rendered":"https:\/\/stage3.rnv.gob.ve\/wp\/prensa\/?p=384415"},"modified":"2024-10-21T21:17:11","modified_gmt":"2024-10-22T01:17:11","slug":"entregan-a-comunidad-de-lomas-de-urdaneta-cancha-silvino-luces-refaccionada","status":"publish","type":"post","link":"https:\/\/stage3.rnv.gob.ve\/wp\/entregan-a-comunidad-de-lomas-de-urdaneta-cancha-silvino-luces-refaccionada\/","title":{"rendered":"Entregan a comunidad de Lomas de Urdaneta cancha Silvino Luces refaccionada"},"content":{"rendered":"<p>Entregaron rehabilitada la cancha Silvino Luces en la comunidad del Bloque 9 de Lomas de Urdaneta, parroquia Sucre, en Caracas.<\/p>\n<p>Con la entrega de las instalaciones se ven favorecidas m\u00e1s de 30 escuelas deportivas de f\u00fatbol, voleibol y baloncesto de ese sector, las cuales recibieron dotaci\u00f3n de equipos deportivos.<\/p>\n<p>Durante la inauguraci\u00f3n tambi\u00e9n se realiz\u00f3 la entrega del gimnasio de musculaci\u00f3n Rafael Urdaneta, rese\u00f1a nota del Ministerio para el Deporte.<\/p>\n<p>Raiza Gil, jefa de la comunidad del bloque 9, agradeci\u00f3 a todos los que hicieron posible la rehabilitaci\u00f3n de la cancha y en especial al presidente de la Rep\u00fablica, Nicol\u00e1s Maduro, por dar los recursos.<\/p>\n<p>\u201cNos sentimos orgullosos por la recuperaci\u00f3n de este espacio deportivo, gracias al Ministerio del Poder Popular para el Deporte. Hago un llamado para que pongamos nuestro granito de arena y cuidemos tanto la cancha como el gimnasio de musculaci\u00f3n\u201d, expres\u00f3 Gil.<\/p>\n<p><strong>T\/AVN<\/strong><\/p>\n","protected":false},"excerpt":{"rendered":"<p>Entregaron rehabilitada la cancha Silvino Luces en la comunidad del Bloque 9 de Lomas de Urdaneta, parroquia Sucre, en Caracas. Con la entrega de las instalaciones se ven favorecidas m\u00e1s de 30 escuelas deportivas de f\u00fatbol, voleibol y baloncesto de ese sector, las cuales recibieron dotaci\u00f3n de equipos deportivos. Durante la inauguraci\u00f3n tambi\u00e9n se realiz\u00f3 [&hellip;]<\/p>\n","protected":false},"author":18,"featured_media":384417,"comment_status":"closed","ping_status":"closed","sticky":false,"template":"","format":"standard","meta":{"_acf_changed":false,"footnotes":""},"categories":[56],"tags":[88,37806],"class_list":["post-384415","post","type-post","status-publish","format-standard","has-post-thumbnail","hentry","category-deporte","tag-caracas","tag-lomas-de-urdaneta"],"acf":[],"yoast_head":"<!-- This site is optimized with the Yoast SEO plugin v27.4 - https:\/\/yoast.com\/product\/yoast-seo-wordpress\/ -->\n<title>Entregan a comunidad de Lomas de Urdaneta cancha Silvino Luces refaccionada - DEV RNV<\/title>\n<meta name=\"description\" content=\"Entregaron rehabilitada la cancha Silvino Luces en la comunidad del Bloque 9 de Lomas de Urdaneta, parroquia Sucre, en Caracas.\" \/>\n<meta name=\"robots\" content=\"noindex, follow, max-snippet:-1, max-image-preview:large, max-video-preview:-1\" \/>\n<meta property=\"og:locale\" content=\"es_ES\" \/>\n<meta property=\"og:type\" content=\"article\" \/>\n<meta property=\"og:title\" content=\"Entregan a comunidad de Lomas de Urdaneta cancha Silvino Luces refaccionada - DEV RNV\" \/>\n<meta property=\"og:description\" content=\"Entregaron rehabilitada la cancha Silvino Luces en la comunidad del Bloque 9 de Lomas de Urdaneta, parroquia Sucre, en Caracas.\" \/>\n<meta property=\"og:url\" content=\"https:\/\/stage3.rnv.gob.ve\/wp\/entregan-a-comunidad-de-lomas-de-urdaneta-cancha-silvino-luces-refaccionada\/\" \/>\n<meta property=\"og:site_name\" content=\"DEV RNV\" \/>\n<meta property=\"article:publisher\" content=\"https:\/\/www.facebook.com\/RadioNacionaldeVenezuela\" \/>\n<meta property=\"article:published_time\" content=\"2024-10-22T01:17:11+00:00\" \/>\n<meta property=\"og:image\" content=\"https:\/\/stage3.rnv.gob.ve\/wp\/wp-content\/uploads\/2024\/10\/canchas.jpg\" \/>\n\t<meta property=\"og:image:width\" content=\"741\" \/>\n\t<meta property=\"og:image:height\" content=\"495\" \/>\n\t<meta property=\"og:image:type\" content=\"image\/jpeg\" \/>\n<meta name=\"author\" content=\"Nora Andrade\" \/>\n<meta name=\"twitter:card\" content=\"summary_large_image\" \/>\n<meta name=\"twitter:creator\" content=\"@RNVinformativa\" \/>\n<meta name=\"twitter:site\" content=\"@RNVinformativa\" \/>\n<meta name=\"twitter:label1\" content=\"Escrito por\" \/>\n\t<meta name=\"twitter:data1\" content=\"Nora Andrade\" \/>\n\t<meta name=\"twitter:label2\" content=\"Tiempo estimado de lectura\" \/>\n\t<meta name=\"twitter:data2\" content=\"1 minuto\" \/>\n<script type=\"application\/ld+json\" class=\"yoast-schema-graph\">{\"@context\":\"https:\\\/\\\/schema.org\",\"@graph\":[{\"@type\":\"Article\",\"@id\":\"https:\\\/\\\/stage3.rnv.gob.ve\\\/wp\\\/entregan-a-comunidad-de-lomas-de-urdaneta-cancha-silvino-luces-refaccionada\\\/#article\",\"isPartOf\":{\"@id\":\"https:\\\/\\\/stage3.rnv.gob.ve\\\/wp\\\/entregan-a-comunidad-de-lomas-de-urdaneta-cancha-silvino-luces-refaccionada\\\/\"},\"author\":{\"name\":\"Nora Andrade\",\"@id\":\"https:\\\/\\\/stage3.rnv.gob.ve\\\/wp\\\/#\\\/schema\\\/person\\\/b04f077485d4e004e355dd829c37feaa\"},\"headline\":\"Entregan a comunidad de Lomas de Urdaneta cancha Silvino Luces refaccionada\",\"datePublished\":\"2024-10-22T01:17:11+00:00\",\"mainEntityOfPage\":{\"@id\":\"https:\\\/\\\/stage3.rnv.gob.ve\\\/wp\\\/entregan-a-comunidad-de-lomas-de-urdaneta-cancha-silvino-luces-refaccionada\\\/\"},\"wordCount\":168,\"publisher\":{\"@id\":\"https:\\\/\\\/stage3.rnv.gob.ve\\\/wp\\\/#organization\"},\"image\":{\"@id\":\"https:\\\/\\\/stage3.rnv.gob.ve\\\/wp\\\/entregan-a-comunidad-de-lomas-de-urdaneta-cancha-silvino-luces-refaccionada\\\/#primaryimage\"},\"thumbnailUrl\":\"https:\\\/\\\/stage3.rnv.gob.ve\\\/wp\\\/wp-content\\\/uploads\\\/2024\\\/10\\\/canchas.jpg\",\"keywords\":[\"caracas\",\"Lomas de Urdaneta\"],\"articleSection\":[\"Deporte\"],\"inLanguage\":\"es\"},{\"@type\":\"WebPage\",\"@id\":\"https:\\\/\\\/stage3.rnv.gob.ve\\\/wp\\\/entregan-a-comunidad-de-lomas-de-urdaneta-cancha-silvino-luces-refaccionada\\\/\",\"url\":\"https:\\\/\\\/stage3.rnv.gob.ve\\\/wp\\\/entregan-a-comunidad-de-lomas-de-urdaneta-cancha-silvino-luces-refaccionada\\\/\",\"name\":\"Entregan a comunidad de Lomas de Urdaneta cancha Silvino Luces refaccionada - DEV RNV\",\"isPartOf\":{\"@id\":\"https:\\\/\\\/stage3.rnv.gob.ve\\\/wp\\\/#website\"},\"primaryImageOfPage\":{\"@id\":\"https:\\\/\\\/stage3.rnv.gob.ve\\\/wp\\\/entregan-a-comunidad-de-lomas-de-urdaneta-cancha-silvino-luces-refaccionada\\\/#primaryimage\"},\"image\":{\"@id\":\"https:\\\/\\\/stage3.rnv.gob.ve\\\/wp\\\/entregan-a-comunidad-de-lomas-de-urdaneta-cancha-silvino-luces-refaccionada\\\/#primaryimage\"},\"thumbnailUrl\":\"https:\\\/\\\/stage3.rnv.gob.ve\\\/wp\\\/wp-content\\\/uploads\\\/2024\\\/10\\\/canchas.jpg\",\"datePublished\":\"2024-10-22T01:17:11+00:00\",\"description\":\"Entregaron rehabilitada la cancha Silvino Luces en la comunidad del Bloque 9 de Lomas de Urdaneta, parroquia Sucre, en Caracas.\",\"breadcrumb\":{\"@id\":\"https:\\\/\\\/stage3.rnv.gob.ve\\\/wp\\\/entregan-a-comunidad-de-lomas-de-urdaneta-cancha-silvino-luces-refaccionada\\\/#breadcrumb\"},\"inLanguage\":\"es\",\"potentialAction\":[{\"@type\":\"ReadAction\",\"target\":[\"https:\\\/\\\/stage3.rnv.gob.ve\\\/wp\\\/entregan-a-comunidad-de-lomas-de-urdaneta-cancha-silvino-luces-refaccionada\\\/\"]}]},{\"@type\":\"ImageObject\",\"inLanguage\":\"es\",\"@id\":\"https:\\\/\\\/stage3.rnv.gob.ve\\\/wp\\\/entregan-a-comunidad-de-lomas-de-urdaneta-cancha-silvino-luces-refaccionada\\\/#primaryimage\",\"url\":\"https:\\\/\\\/stage3.rnv.gob.ve\\\/wp\\\/wp-content\\\/uploads\\\/2024\\\/10\\\/canchas.jpg\",\"contentUrl\":\"https:\\\/\\\/stage3.rnv.gob.ve\\\/wp\\\/wp-content\\\/uploads\\\/2024\\\/10\\\/canchas.jpg\",\"width\":741,\"height\":495},{\"@type\":\"BreadcrumbList\",\"@id\":\"https:\\\/\\\/stage3.rnv.gob.ve\\\/wp\\\/entregan-a-comunidad-de-lomas-de-urdaneta-cancha-silvino-luces-refaccionada\\\/#breadcrumb\",\"itemListElement\":[{\"@type\":\"ListItem\",\"position\":1,\"name\":\"Portada\",\"item\":\"https:\\\/\\\/stage3.rnv.gob.ve\\\/wp\\\/\"},{\"@type\":\"ListItem\",\"position\":2,\"name\":\"Entregan A Comunidad De Lomas De Urdaneta Cancha Silvino Luces Refaccionada\"}]},{\"@type\":\"WebSite\",\"@id\":\"https:\\\/\\\/stage3.rnv.gob.ve\\\/wp\\\/#website\",\"url\":\"https:\\\/\\\/stage3.rnv.gob.ve\\\/wp\\\/\",\"name\":\"DEV RNV\",\"description\":\"Radio Nacional de Venezuela C.A.\",\"publisher\":{\"@id\":\"https:\\\/\\\/stage3.rnv.gob.ve\\\/wp\\\/#organization\"},\"potentialAction\":[{\"@type\":\"SearchAction\",\"target\":{\"@type\":\"EntryPoint\",\"urlTemplate\":\"https:\\\/\\\/stage3.rnv.gob.ve\\\/wp\\\/?s={search_term_string}\"},\"query-input\":{\"@type\":\"PropertyValueSpecification\",\"valueRequired\":true,\"valueName\":\"search_term_string\"}}],\"inLanguage\":\"es\"},{\"@type\":\"Organization\",\"@id\":\"https:\\\/\\\/stage3.rnv.gob.ve\\\/wp\\\/#organization\",\"name\":\"Radio Nacional de Venezuela C.A.\",\"url\":\"https:\\\/\\\/stage3.rnv.gob.ve\\\/wp\\\/\",\"logo\":{\"@type\":\"ImageObject\",\"inLanguage\":\"es\",\"@id\":\"https:\\\/\\\/stage3.rnv.gob.ve\\\/wp\\\/#\\\/schema\\\/logo\\\/image\\\/\",\"url\":\"http:\\\/\\\/rnv.ddns.net\\\/prensa\\\/wp-content\\\/uploads\\\/2022\\\/04\\\/rnv-1-300x227-1.jpg\",\"contentUrl\":\"http:\\\/\\\/rnv.ddns.net\\\/prensa\\\/wp-content\\\/uploads\\\/2022\\\/04\\\/rnv-1-300x227-1.jpg\",\"width\":800,\"height\":455,\"caption\":\"Radio Nacional de Venezuela C.A.\"},\"image\":{\"@id\":\"https:\\\/\\\/stage3.rnv.gob.ve\\\/wp\\\/#\\\/schema\\\/logo\\\/image\\\/\"},\"sameAs\":[\"https:\\\/\\\/www.facebook.com\\\/RadioNacionaldeVenezuela\",\"https:\\\/\\\/x.com\\\/RNVinformativa\",\"https:\\\/\\\/www.instagram.com\\\/rnvinformativa\\\/\",\"https:\\\/\\\/www.youtube.com\\\/user\\\/RNVContigo\"]},{\"@type\":\"Person\",\"@id\":\"https:\\\/\\\/stage3.rnv.gob.ve\\\/wp\\\/#\\\/schema\\\/person\\\/b04f077485d4e004e355dd829c37feaa\",\"name\":\"Nora Andrade\",\"url\":\"https:\\\/\\\/stage3.rnv.gob.ve\\\/wp\\\/author\\\/nora_andrade\\\/\"}]}<\/script>\n<!-- \/ Yoast SEO plugin. -->","yoast_head_json":{"title":"Entregan a comunidad de Lomas de Urdaneta cancha Silvino Luces refaccionada - DEV RNV","description":"Entregaron rehabilitada la cancha Silvino Luces en la comunidad del Bloque 9 de Lomas de Urdaneta, parroquia Sucre, en Caracas.","robots":{"index":"noindex","follow":"follow","max-snippet":"max-snippet:-1","max-image-preview":"max-image-preview:large","max-video-preview":"max-video-preview:-1"},"og_locale":"es_ES","og_type":"article","og_title":"Entregan a comunidad de Lomas de Urdaneta cancha Silvino Luces refaccionada - DEV RNV","og_description":"Entregaron rehabilitada la cancha Silvino Luces en la comunidad del Bloque 9 de Lomas de Urdaneta, parroquia Sucre, en Caracas.","og_url":"https:\/\/stage3.rnv.gob.ve\/wp\/entregan-a-comunidad-de-lomas-de-urdaneta-cancha-silvino-luces-refaccionada\/","og_site_name":"DEV RNV","article_publisher":"https:\/\/www.facebook.com\/RadioNacionaldeVenezuela","article_published_time":"2024-10-22T01:17:11+00:00","og_image":[{"width":741,"height":495,"url":"https:\/\/stage3.rnv.gob.ve\/wp\/wp-content\/uploads\/2024\/10\/canchas.jpg","type":"image\/jpeg"}],"author":"Nora Andrade","twitter_card":"summary_large_image","twitter_creator":"@RNVinformativa","twitter_site":"@RNVinformativa","twitter_misc":{"Escrito por":"Nora Andrade","Tiempo estimado de lectura":"1 minuto"},"schema":{"@context":"https:\/\/schema.org","@graph":[{"@type":"Article","@id":"https:\/\/stage3.rnv.gob.ve\/wp\/entregan-a-comunidad-de-lomas-de-urdaneta-cancha-silvino-luces-refaccionada\/#article","isPartOf":{"@id":"https:\/\/stage3.rnv.gob.ve\/wp\/entregan-a-comunidad-de-lomas-de-urdaneta-cancha-silvino-luces-refaccionada\/"},"author":{"name":"Nora Andrade","@id":"https:\/\/stage3.rnv.gob.ve\/wp\/#\/schema\/person\/b04f077485d4e004e355dd829c37feaa"},"headline":"Entregan a comunidad de Lomas de Urdaneta cancha Silvino Luces refaccionada","datePublished":"2024-10-22T01:17:11+00:00","mainEntityOfPage":{"@id":"https:\/\/stage3.rnv.gob.ve\/wp\/entregan-a-comunidad-de-lomas-de-urdaneta-cancha-silvino-luces-refaccionada\/"},"wordCount":168,"publisher":{"@id":"https:\/\/stage3.rnv.gob.ve\/wp\/#organization"},"image":{"@id":"https:\/\/stage3.rnv.gob.ve\/wp\/entregan-a-comunidad-de-lomas-de-urdaneta-cancha-silvino-luces-refaccionada\/#primaryimage"},"thumbnailUrl":"https:\/\/stage3.rnv.gob.ve\/wp\/wp-content\/uploads\/2024\/10\/canchas.jpg","keywords":["caracas","Lomas de Urdaneta"],"articleSection":["Deporte"],"inLanguage":"es"},{"@type":"WebPage","@id":"https:\/\/stage3.rnv.gob.ve\/wp\/entregan-a-comunidad-de-lomas-de-urdaneta-cancha-silvino-luces-refaccionada\/","url":"https:\/\/stage3.rnv.gob.ve\/wp\/entregan-a-comunidad-de-lomas-de-urdaneta-cancha-silvino-luces-refaccionada\/","name":"Entregan a comunidad de Lomas de Urdaneta cancha Silvino Luces refaccionada - DEV RNV","isPartOf":{"@id":"https:\/\/stage3.rnv.gob.ve\/wp\/#website"},"primaryImageOfPage":{"@id":"https:\/\/stage3.rnv.gob.ve\/wp\/entregan-a-comunidad-de-lomas-de-urdaneta-cancha-silvino-luces-refaccionada\/#primaryimage"},"image":{"@id":"https:\/\/stage3.rnv.gob.ve\/wp\/entregan-a-comunidad-de-lomas-de-urdaneta-cancha-silvino-luces-refaccionada\/#primaryimage"},"thumbnailUrl":"https:\/\/stage3.rnv.gob.ve\/wp\/wp-content\/uploads\/2024\/10\/canchas.jpg","datePublished":"2024-10-22T01:17:11+00:00","description":"Entregaron rehabilitada la cancha Silvino Luces en la comunidad del Bloque 9 de Lomas de Urdaneta, parroquia Sucre, en Caracas.","breadcrumb":{"@id":"https:\/\/stage3.rnv.gob.ve\/wp\/entregan-a-comunidad-de-lomas-de-urdaneta-cancha-silvino-luces-refaccionada\/#breadcrumb"},"inLanguage":"es","potentialAction":[{"@type":"ReadAction","target":["https:\/\/stage3.rnv.gob.ve\/wp\/entregan-a-comunidad-de-lomas-de-urdaneta-cancha-silvino-luces-refaccionada\/"]}]},{"@type":"ImageObject","inLanguage":"es","@id":"https:\/\/stage3.rnv.gob.ve\/wp\/entregan-a-comunidad-de-lomas-de-urdaneta-cancha-silvino-luces-refaccionada\/#primaryimage","url":"https:\/\/stage3.rnv.gob.ve\/wp\/wp-content\/uploads\/2024\/10\/canchas.jpg","contentUrl":"https:\/\/stage3.rnv.gob.ve\/wp\/wp-content\/uploads\/2024\/10\/canchas.jpg","width":741,"height":495},{"@type":"BreadcrumbList","@id":"https:\/\/stage3.rnv.gob.ve\/wp\/entregan-a-comunidad-de-lomas-de-urdaneta-cancha-silvino-luces-refaccionada\/#breadcrumb","itemListElement":[{"@type":"ListItem","position":1,"name":"Portada","item":"https:\/\/stage3.rnv.gob.ve\/wp\/"},{"@type":"ListItem","position":2,"name":"Entregan A Comunidad De Lomas De Urdaneta Cancha Silvino Luces Refaccionada"}]},{"@type":"WebSite","@id":"https:\/\/stage3.rnv.gob.ve\/wp\/#website","url":"https:\/\/stage3.rnv.gob.ve\/wp\/","name":"DEV RNV","description":"Radio Nacional de Venezuela C.A.","publisher":{"@id":"https:\/\/stage3.rnv.gob.ve\/wp\/#organization"},"potentialAction":[{"@type":"SearchAction","target":{"@type":"EntryPoint","urlTemplate":"https:\/\/stage3.rnv.gob.ve\/wp\/?s={search_term_string}"},"query-input":{"@type":"PropertyValueSpecification","valueRequired":true,"valueName":"search_term_string"}}],"inLanguage":"es"},{"@type":"Organization","@id":"https:\/\/stage3.rnv.gob.ve\/wp\/#organization","name":"Radio Nacional de Venezuela C.A.","url":"https:\/\/stage3.rnv.gob.ve\/wp\/","logo":{"@type":"ImageObject","inLanguage":"es","@id":"https:\/\/stage3.rnv.gob.ve\/wp\/#\/schema\/logo\/image\/","url":"http:\/\/rnv.ddns.net\/prensa\/wp-content\/uploads\/2022\/04\/rnv-1-300x227-1.jpg","contentUrl":"http:\/\/rnv.ddns.net\/prensa\/wp-content\/uploads\/2022\/04\/rnv-1-300x227-1.jpg","width":800,"height":455,"caption":"Radio Nacional de Venezuela C.A."},"image":{"@id":"https:\/\/stage3.rnv.gob.ve\/wp\/#\/schema\/logo\/image\/"},"sameAs":["https:\/\/www.facebook.com\/RadioNacionaldeVenezuela","https:\/\/x.com\/RNVinformativa","https:\/\/www.instagram.com\/rnvinformativa\/","https:\/\/www.youtube.com\/user\/RNVContigo"]},{"@type":"Person","@id":"https:\/\/stage3.rnv.gob.ve\/wp\/#\/schema\/person\/b04f077485d4e004e355dd829c37feaa","name":"Nora Andrade","url":"https:\/\/stage3.rnv.gob.ve\/wp\/author\/nora_andrade\/"}]}},"jetpack_featured_media_url":"https:\/\/stage3.rnv.gob.ve\/wp\/wp-content\/uploads\/2024\/10\/canchas.jpg","_links":{"self":[{"href":"https:\/\/stage3.rnv.gob.ve\/wp\/wp-json\/wp\/v2\/posts\/384415","targetHints":{"allow":["GET"]}}],"collection":[{"href":"https:\/\/stage3.rnv.gob.ve\/wp\/wp-json\/wp\/v2\/posts"}],"about":[{"href":"https:\/\/stage3.rnv.gob.ve\/wp\/wp-json\/wp\/v2\/types\/post"}],"author":[{"embeddable":true,"href":"https:\/\/stage3.rnv.gob.ve\/wp\/wp-json\/wp\/v2\/users\/18"}],"replies":[{"embeddable":true,"href":"https:\/\/stage3.rnv.gob.ve\/wp\/wp-json\/wp\/v2\/comments?post=384415"}],"version-history":[{"count":0,"href":"https:\/\/stage3.rnv.gob.ve\/wp\/wp-json\/wp\/v2\/posts\/384415\/revisions"}],"wp:featuredmedia":[{"embeddable":true,"href":"https:\/\/stage3.rnv.gob.ve\/wp\/wp-json\/wp\/v2\/media\/384417"}],"wp:attachment":[{"href":"https:\/\/stage3.rnv.gob.ve\/wp\/wp-json\/wp\/v2\/media?parent=384415"}],"wp:term":[{"taxonomy":"category","embeddable":true,"href":"https:\/\/stage3.rnv.gob.ve\/wp\/wp-json\/wp\/v2\/categories?post=384415"},{"taxonomy":"post_tag","embeddable":true,"href":"https:\/\/stage3.rnv.gob.ve\/wp\/wp-json\/wp\/v2\/tags?post=384415"}],"curies":[{"name":"wp","href":"https:\/\/api.w.org\/{rel}","templated":true}]}}