{"id":383363,"date":"2024-09-23T19:55:27","date_gmt":"2024-09-23T23:55:27","guid":{"rendered":"https:\/\/stage3.rnv.gob.ve\/wp\/prensa\/?p=383363"},"modified":"2024-09-23T19:55:27","modified_gmt":"2024-09-23T23:55:27","slug":"venezuela-insta-a-fortalecer-el-multilateralismo-en-la-79-asamblea-general-de-la-onu","status":"publish","type":"post","link":"https:\/\/stage3.rnv.gob.ve\/wp\/venezuela-insta-a-fortalecer-el-multilateralismo-en-la-79-asamblea-general-de-la-onu\/","title":{"rendered":"Venezuela insta a fortalecer el multilateralismo en la 79\u00b0 Asamblea General de la ONU"},"content":{"rendered":"<p>El ministro del Poder Popular para las Relaciones Exteriores, Yv\u00e1n Gil, abog\u00f3 por\u00a0fortalecer el multilateralismo, eliminar las medidas coercitivas unilaterales y a un alto al fuego en Gaza, durante su participaci\u00f3n en la 79\u00b0 Asamblea General de la Organizaci\u00f3n de las Naciones Unidas (ONU), donde\u00a0expuso que la representaci\u00f3n de la Rep\u00fablica Bolivariana de Venezuela, es consciente de los desaf\u00edos de la Cumbre del Futuro.<\/p>\n<p>\u201cEl mundo es testigo de un creciente recurso al unilateralismo, esta tendencia marcada por acciones aislacionistas y arbitrarias, como la imposici\u00f3n de medidas coercitivas unilaterales o el intento\u00a0 de sustituir el derecho internacional por un supuesto orden basado en reglas, est\u00e1 socavando, los esfuerzos cruciales para abordar retos\u201d, dijo.<\/p>\n<p>El canciller, en nombre de Venezuela, inst\u00f3 al verdadero multilateralismo, \u201cy a la aplicaci\u00f3n,\u00a0sin doble racero, de los principios de la carta de Naciones Unidas\u201d porque constituyen el n\u00facleo de las relaciones internacionales y son necesarios para la coexistencia pac\u00edfica de las naciones.<\/p>\n<p>Explic\u00f3 que, a lo largo de las negociaciones del Pacto del Futuro, \u201cenfatizamos la importancia de nuestro compromiso tanto con la letra como el esp\u00edritu de la Carta de la ONU\u201d en fortalecer el multilateralismo, \u201cas\u00ed como preservar la naturaleza intergubernamental en esta organizaci\u00f3n. No habr\u00e1 futuro sin paz, no habr\u00e1 paz sin desarrollo, lo que requiere, entre otras cosas, que se haga realidad el derecho inalienable de la autodeterminaci\u00f3n de los pueblos\u201d.<\/p>\n<p>Asimismo, el canciller ratific\u00f3 el respaldo al Estado Palestino e inst\u00f3 a un llamado \u201curgente a un alto al fuego en Gaza, guardar silencio no es una opci\u00f3n\u201d. Finalmente, se\u00f1al\u00f3 que, \u201ces momento de avanzar hacia la eliminaci\u00f3n del colonialismo en todas sus formas y manifestaciones, es nuestro deber moral\u201d.<\/p>\n<p><strong>T\/VTV<\/strong><\/p>\n","protected":false},"excerpt":{"rendered":"<p>El ministro del Poder Popular para las Relaciones Exteriores, Yv\u00e1n Gil, abog\u00f3 por\u00a0fortalecer el multilateralismo, eliminar las medidas coercitivas unilaterales y a un alto al fuego en Gaza, durante su participaci\u00f3n en la 79\u00b0 Asamblea General de la Organizaci\u00f3n de las Naciones Unidas (ONU), donde\u00a0expuso que la representaci\u00f3n de la Rep\u00fablica Bolivariana de Venezuela, es [&hellip;]<\/p>\n","protected":false},"author":18,"featured_media":383364,"comment_status":"closed","ping_status":"closed","sticky":false,"template":"","format":"standard","meta":{"_acf_changed":false,"footnotes":""},"categories":[65],"tags":[230,22008],"class_list":["post-383363","post","type-post","status-publish","format-standard","has-post-thumbnail","hentry","category-nacional","tag-onu","tag-organizacion-de-las-naciones-unidas"],"acf":[],"yoast_head":"<!-- This site is optimized with the Yoast SEO plugin v27.4 - https:\/\/yoast.com\/product\/yoast-seo-wordpress\/ -->\n<title>Venezuela insta a fortalecer el multilateralismo en la 79\u00b0 Asamblea General de la ONU - DEV RNV<\/title>\n<meta name=\"description\" content=\"El ministro del Poder Popular para las Relaciones Exteriores, Yv\u00e1n Gil, abog\u00f3 por\u00a0fortalecer el multilateralismo, eliminar las medidas coercitivas unilaterales y a un alto al fuego en Gaza, durante su participaci\u00f3n en la 79\u00b0 Asamblea General de la Organizaci\u00f3n de las Naciones Unidas (ONU), donde\u00a0expuso que la representaci\u00f3n de la Rep\u00fablica Bolivariana de Venezuela, es consciente de los desaf\u00edos de la Cumbre del Futuro.\" \/>\n<meta name=\"robots\" content=\"noindex, follow, max-snippet:-1, max-image-preview:large, max-video-preview:-1\" \/>\n<meta property=\"og:locale\" content=\"es_ES\" \/>\n<meta property=\"og:type\" content=\"article\" \/>\n<meta property=\"og:title\" content=\"Venezuela insta a fortalecer el multilateralismo en la 79\u00b0 Asamblea General de la ONU - DEV RNV\" \/>\n<meta property=\"og:description\" content=\"El ministro del Poder Popular para las Relaciones Exteriores, Yv\u00e1n Gil, abog\u00f3 por\u00a0fortalecer el multilateralismo, eliminar las medidas coercitivas unilaterales y a un alto al fuego en Gaza, durante su participaci\u00f3n en la 79\u00b0 Asamblea General de la Organizaci\u00f3n de las Naciones Unidas (ONU), donde\u00a0expuso que la representaci\u00f3n de la Rep\u00fablica Bolivariana de Venezuela, es consciente de los desaf\u00edos de la Cumbre del Futuro.\" \/>\n<meta property=\"og:url\" content=\"https:\/\/stage3.rnv.gob.ve\/wp\/venezuela-insta-a-fortalecer-el-multilateralismo-en-la-79-asamblea-general-de-la-onu\/\" \/>\n<meta property=\"og:site_name\" content=\"DEV RNV\" \/>\n<meta property=\"article:publisher\" content=\"https:\/\/www.facebook.com\/RadioNacionaldeVenezuela\" \/>\n<meta property=\"article:published_time\" content=\"2024-09-23T23:55:27+00:00\" \/>\n<meta property=\"og:image\" content=\"https:\/\/stage3.rnv.gob.ve\/wp\/wp-content\/uploads\/2024\/09\/ONU-1.jpg\" \/>\n\t<meta property=\"og:image:width\" content=\"800\" \/>\n\t<meta property=\"og:image:height\" content=\"445\" \/>\n\t<meta property=\"og:image:type\" content=\"image\/jpeg\" \/>\n<meta name=\"author\" content=\"Nora Andrade\" \/>\n<meta name=\"twitter:card\" content=\"summary_large_image\" \/>\n<meta name=\"twitter:creator\" content=\"@RNVinformativa\" \/>\n<meta name=\"twitter:site\" content=\"@RNVinformativa\" \/>\n<meta name=\"twitter:label1\" content=\"Escrito por\" \/>\n\t<meta name=\"twitter:data1\" content=\"Nora Andrade\" \/>\n\t<meta name=\"twitter:label2\" content=\"Tiempo estimado de lectura\" \/>\n\t<meta name=\"twitter:data2\" content=\"2 minutos\" \/>\n<script type=\"application\/ld+json\" class=\"yoast-schema-graph\">{\"@context\":\"https:\\\/\\\/schema.org\",\"@graph\":[{\"@type\":\"Article\",\"@id\":\"https:\\\/\\\/stage3.rnv.gob.ve\\\/wp\\\/venezuela-insta-a-fortalecer-el-multilateralismo-en-la-79-asamblea-general-de-la-onu\\\/#article\",\"isPartOf\":{\"@id\":\"https:\\\/\\\/stage3.rnv.gob.ve\\\/wp\\\/venezuela-insta-a-fortalecer-el-multilateralismo-en-la-79-asamblea-general-de-la-onu\\\/\"},\"author\":{\"name\":\"Nora Andrade\",\"@id\":\"https:\\\/\\\/stage3.rnv.gob.ve\\\/wp\\\/#\\\/schema\\\/person\\\/b04f077485d4e004e355dd829c37feaa\"},\"headline\":\"Venezuela insta a fortalecer el multilateralismo en la 79\u00b0 Asamblea General de la ONU\",\"datePublished\":\"2024-09-23T23:55:27+00:00\",\"mainEntityOfPage\":{\"@id\":\"https:\\\/\\\/stage3.rnv.gob.ve\\\/wp\\\/venezuela-insta-a-fortalecer-el-multilateralismo-en-la-79-asamblea-general-de-la-onu\\\/\"},\"wordCount\":312,\"publisher\":{\"@id\":\"https:\\\/\\\/stage3.rnv.gob.ve\\\/wp\\\/#organization\"},\"image\":{\"@id\":\"https:\\\/\\\/stage3.rnv.gob.ve\\\/wp\\\/venezuela-insta-a-fortalecer-el-multilateralismo-en-la-79-asamblea-general-de-la-onu\\\/#primaryimage\"},\"thumbnailUrl\":\"https:\\\/\\\/stage3.rnv.gob.ve\\\/wp\\\/wp-content\\\/uploads\\\/2024\\\/09\\\/ONU-1.jpg\",\"keywords\":[\"ONU\",\"Organizaci\u00f3n de las Naciones Unidas\"],\"articleSection\":[\"Nacional\"],\"inLanguage\":\"es\"},{\"@type\":\"WebPage\",\"@id\":\"https:\\\/\\\/stage3.rnv.gob.ve\\\/wp\\\/venezuela-insta-a-fortalecer-el-multilateralismo-en-la-79-asamblea-general-de-la-onu\\\/\",\"url\":\"https:\\\/\\\/stage3.rnv.gob.ve\\\/wp\\\/venezuela-insta-a-fortalecer-el-multilateralismo-en-la-79-asamblea-general-de-la-onu\\\/\",\"name\":\"Venezuela insta a fortalecer el multilateralismo en la 79\u00b0 Asamblea General de la ONU - DEV RNV\",\"isPartOf\":{\"@id\":\"https:\\\/\\\/stage3.rnv.gob.ve\\\/wp\\\/#website\"},\"primaryImageOfPage\":{\"@id\":\"https:\\\/\\\/stage3.rnv.gob.ve\\\/wp\\\/venezuela-insta-a-fortalecer-el-multilateralismo-en-la-79-asamblea-general-de-la-onu\\\/#primaryimage\"},\"image\":{\"@id\":\"https:\\\/\\\/stage3.rnv.gob.ve\\\/wp\\\/venezuela-insta-a-fortalecer-el-multilateralismo-en-la-79-asamblea-general-de-la-onu\\\/#primaryimage\"},\"thumbnailUrl\":\"https:\\\/\\\/stage3.rnv.gob.ve\\\/wp\\\/wp-content\\\/uploads\\\/2024\\\/09\\\/ONU-1.jpg\",\"datePublished\":\"2024-09-23T23:55:27+00:00\",\"description\":\"El ministro del Poder Popular para las Relaciones Exteriores, Yv\u00e1n Gil, abog\u00f3 por\u00a0fortalecer el multilateralismo, eliminar las medidas coercitivas unilaterales y a un alto al fuego en Gaza, durante su participaci\u00f3n en la 79\u00b0 Asamblea General de la Organizaci\u00f3n de las Naciones Unidas (ONU), donde\u00a0expuso que la representaci\u00f3n de la Rep\u00fablica Bolivariana de Venezuela, es consciente de los desaf\u00edos de la Cumbre del Futuro.\",\"breadcrumb\":{\"@id\":\"https:\\\/\\\/stage3.rnv.gob.ve\\\/wp\\\/venezuela-insta-a-fortalecer-el-multilateralismo-en-la-79-asamblea-general-de-la-onu\\\/#breadcrumb\"},\"inLanguage\":\"es\",\"potentialAction\":[{\"@type\":\"ReadAction\",\"target\":[\"https:\\\/\\\/stage3.rnv.gob.ve\\\/wp\\\/venezuela-insta-a-fortalecer-el-multilateralismo-en-la-79-asamblea-general-de-la-onu\\\/\"]}]},{\"@type\":\"ImageObject\",\"inLanguage\":\"es\",\"@id\":\"https:\\\/\\\/stage3.rnv.gob.ve\\\/wp\\\/venezuela-insta-a-fortalecer-el-multilateralismo-en-la-79-asamblea-general-de-la-onu\\\/#primaryimage\",\"url\":\"https:\\\/\\\/stage3.rnv.gob.ve\\\/wp\\\/wp-content\\\/uploads\\\/2024\\\/09\\\/ONU-1.jpg\",\"contentUrl\":\"https:\\\/\\\/stage3.rnv.gob.ve\\\/wp\\\/wp-content\\\/uploads\\\/2024\\\/09\\\/ONU-1.jpg\",\"width\":800,\"height\":445},{\"@type\":\"BreadcrumbList\",\"@id\":\"https:\\\/\\\/stage3.rnv.gob.ve\\\/wp\\\/venezuela-insta-a-fortalecer-el-multilateralismo-en-la-79-asamblea-general-de-la-onu\\\/#breadcrumb\",\"itemListElement\":[{\"@type\":\"ListItem\",\"position\":1,\"name\":\"Portada\",\"item\":\"https:\\\/\\\/stage3.rnv.gob.ve\\\/wp\\\/\"},{\"@type\":\"ListItem\",\"position\":2,\"name\":\"Venezuela Insta A Fortalecer El Multilateralismo En La 79\u00b0 Asamblea General De La Onu\"}]},{\"@type\":\"WebSite\",\"@id\":\"https:\\\/\\\/stage3.rnv.gob.ve\\\/wp\\\/#website\",\"url\":\"https:\\\/\\\/stage3.rnv.gob.ve\\\/wp\\\/\",\"name\":\"DEV RNV\",\"description\":\"Radio Nacional de Venezuela C.A.\",\"publisher\":{\"@id\":\"https:\\\/\\\/stage3.rnv.gob.ve\\\/wp\\\/#organization\"},\"potentialAction\":[{\"@type\":\"SearchAction\",\"target\":{\"@type\":\"EntryPoint\",\"urlTemplate\":\"https:\\\/\\\/stage3.rnv.gob.ve\\\/wp\\\/?s={search_term_string}\"},\"query-input\":{\"@type\":\"PropertyValueSpecification\",\"valueRequired\":true,\"valueName\":\"search_term_string\"}}],\"inLanguage\":\"es\"},{\"@type\":\"Organization\",\"@id\":\"https:\\\/\\\/stage3.rnv.gob.ve\\\/wp\\\/#organization\",\"name\":\"Radio Nacional de Venezuela C.A.\",\"url\":\"https:\\\/\\\/stage3.rnv.gob.ve\\\/wp\\\/\",\"logo\":{\"@type\":\"ImageObject\",\"inLanguage\":\"es\",\"@id\":\"https:\\\/\\\/stage3.rnv.gob.ve\\\/wp\\\/#\\\/schema\\\/logo\\\/image\\\/\",\"url\":\"http:\\\/\\\/rnv.ddns.net\\\/prensa\\\/wp-content\\\/uploads\\\/2022\\\/04\\\/rnv-1-300x227-1.jpg\",\"contentUrl\":\"http:\\\/\\\/rnv.ddns.net\\\/prensa\\\/wp-content\\\/uploads\\\/2022\\\/04\\\/rnv-1-300x227-1.jpg\",\"width\":800,\"height\":455,\"caption\":\"Radio Nacional de Venezuela C.A.\"},\"image\":{\"@id\":\"https:\\\/\\\/stage3.rnv.gob.ve\\\/wp\\\/#\\\/schema\\\/logo\\\/image\\\/\"},\"sameAs\":[\"https:\\\/\\\/www.facebook.com\\\/RadioNacionaldeVenezuela\",\"https:\\\/\\\/x.com\\\/RNVinformativa\",\"https:\\\/\\\/www.instagram.com\\\/rnvinformativa\\\/\",\"https:\\\/\\\/www.youtube.com\\\/user\\\/RNVContigo\"]},{\"@type\":\"Person\",\"@id\":\"https:\\\/\\\/stage3.rnv.gob.ve\\\/wp\\\/#\\\/schema\\\/person\\\/b04f077485d4e004e355dd829c37feaa\",\"name\":\"Nora Andrade\",\"url\":\"https:\\\/\\\/stage3.rnv.gob.ve\\\/wp\\\/author\\\/nora_andrade\\\/\"}]}<\/script>\n<!-- \/ Yoast SEO plugin. -->","yoast_head_json":{"title":"Venezuela insta a fortalecer el multilateralismo en la 79\u00b0 Asamblea General de la ONU - DEV RNV","description":"El ministro del Poder Popular para las Relaciones Exteriores, Yv\u00e1n Gil, abog\u00f3 por\u00a0fortalecer el multilateralismo, eliminar las medidas coercitivas unilaterales y a un alto al fuego en Gaza, durante su participaci\u00f3n en la 79\u00b0 Asamblea General de la Organizaci\u00f3n de las Naciones Unidas (ONU), donde\u00a0expuso que la representaci\u00f3n de la Rep\u00fablica Bolivariana de Venezuela, es consciente de los desaf\u00edos de la Cumbre del Futuro.","robots":{"index":"noindex","follow":"follow","max-snippet":"max-snippet:-1","max-image-preview":"max-image-preview:large","max-video-preview":"max-video-preview:-1"},"og_locale":"es_ES","og_type":"article","og_title":"Venezuela insta a fortalecer el multilateralismo en la 79\u00b0 Asamblea General de la ONU - DEV RNV","og_description":"El ministro del Poder Popular para las Relaciones Exteriores, Yv\u00e1n Gil, abog\u00f3 por\u00a0fortalecer el multilateralismo, eliminar las medidas coercitivas unilaterales y a un alto al fuego en Gaza, durante su participaci\u00f3n en la 79\u00b0 Asamblea General de la Organizaci\u00f3n de las Naciones Unidas (ONU), donde\u00a0expuso que la representaci\u00f3n de la Rep\u00fablica Bolivariana de Venezuela, es consciente de los desaf\u00edos de la Cumbre del Futuro.","og_url":"https:\/\/stage3.rnv.gob.ve\/wp\/venezuela-insta-a-fortalecer-el-multilateralismo-en-la-79-asamblea-general-de-la-onu\/","og_site_name":"DEV RNV","article_publisher":"https:\/\/www.facebook.com\/RadioNacionaldeVenezuela","article_published_time":"2024-09-23T23:55:27+00:00","og_image":[{"width":800,"height":445,"url":"https:\/\/stage3.rnv.gob.ve\/wp\/wp-content\/uploads\/2024\/09\/ONU-1.jpg","type":"image\/jpeg"}],"author":"Nora Andrade","twitter_card":"summary_large_image","twitter_creator":"@RNVinformativa","twitter_site":"@RNVinformativa","twitter_misc":{"Escrito por":"Nora Andrade","Tiempo estimado de lectura":"2 minutos"},"schema":{"@context":"https:\/\/schema.org","@graph":[{"@type":"Article","@id":"https:\/\/stage3.rnv.gob.ve\/wp\/venezuela-insta-a-fortalecer-el-multilateralismo-en-la-79-asamblea-general-de-la-onu\/#article","isPartOf":{"@id":"https:\/\/stage3.rnv.gob.ve\/wp\/venezuela-insta-a-fortalecer-el-multilateralismo-en-la-79-asamblea-general-de-la-onu\/"},"author":{"name":"Nora Andrade","@id":"https:\/\/stage3.rnv.gob.ve\/wp\/#\/schema\/person\/b04f077485d4e004e355dd829c37feaa"},"headline":"Venezuela insta a fortalecer el multilateralismo en la 79\u00b0 Asamblea General de la ONU","datePublished":"2024-09-23T23:55:27+00:00","mainEntityOfPage":{"@id":"https:\/\/stage3.rnv.gob.ve\/wp\/venezuela-insta-a-fortalecer-el-multilateralismo-en-la-79-asamblea-general-de-la-onu\/"},"wordCount":312,"publisher":{"@id":"https:\/\/stage3.rnv.gob.ve\/wp\/#organization"},"image":{"@id":"https:\/\/stage3.rnv.gob.ve\/wp\/venezuela-insta-a-fortalecer-el-multilateralismo-en-la-79-asamblea-general-de-la-onu\/#primaryimage"},"thumbnailUrl":"https:\/\/stage3.rnv.gob.ve\/wp\/wp-content\/uploads\/2024\/09\/ONU-1.jpg","keywords":["ONU","Organizaci\u00f3n de las Naciones Unidas"],"articleSection":["Nacional"],"inLanguage":"es"},{"@type":"WebPage","@id":"https:\/\/stage3.rnv.gob.ve\/wp\/venezuela-insta-a-fortalecer-el-multilateralismo-en-la-79-asamblea-general-de-la-onu\/","url":"https:\/\/stage3.rnv.gob.ve\/wp\/venezuela-insta-a-fortalecer-el-multilateralismo-en-la-79-asamblea-general-de-la-onu\/","name":"Venezuela insta a fortalecer el multilateralismo en la 79\u00b0 Asamblea General de la ONU - DEV RNV","isPartOf":{"@id":"https:\/\/stage3.rnv.gob.ve\/wp\/#website"},"primaryImageOfPage":{"@id":"https:\/\/stage3.rnv.gob.ve\/wp\/venezuela-insta-a-fortalecer-el-multilateralismo-en-la-79-asamblea-general-de-la-onu\/#primaryimage"},"image":{"@id":"https:\/\/stage3.rnv.gob.ve\/wp\/venezuela-insta-a-fortalecer-el-multilateralismo-en-la-79-asamblea-general-de-la-onu\/#primaryimage"},"thumbnailUrl":"https:\/\/stage3.rnv.gob.ve\/wp\/wp-content\/uploads\/2024\/09\/ONU-1.jpg","datePublished":"2024-09-23T23:55:27+00:00","description":"El ministro del Poder Popular para las Relaciones Exteriores, Yv\u00e1n Gil, abog\u00f3 por\u00a0fortalecer el multilateralismo, eliminar las medidas coercitivas unilaterales y a un alto al fuego en Gaza, durante su participaci\u00f3n en la 79\u00b0 Asamblea General de la Organizaci\u00f3n de las Naciones Unidas (ONU), donde\u00a0expuso que la representaci\u00f3n de la Rep\u00fablica Bolivariana de Venezuela, es consciente de los desaf\u00edos de la Cumbre del Futuro.","breadcrumb":{"@id":"https:\/\/stage3.rnv.gob.ve\/wp\/venezuela-insta-a-fortalecer-el-multilateralismo-en-la-79-asamblea-general-de-la-onu\/#breadcrumb"},"inLanguage":"es","potentialAction":[{"@type":"ReadAction","target":["https:\/\/stage3.rnv.gob.ve\/wp\/venezuela-insta-a-fortalecer-el-multilateralismo-en-la-79-asamblea-general-de-la-onu\/"]}]},{"@type":"ImageObject","inLanguage":"es","@id":"https:\/\/stage3.rnv.gob.ve\/wp\/venezuela-insta-a-fortalecer-el-multilateralismo-en-la-79-asamblea-general-de-la-onu\/#primaryimage","url":"https:\/\/stage3.rnv.gob.ve\/wp\/wp-content\/uploads\/2024\/09\/ONU-1.jpg","contentUrl":"https:\/\/stage3.rnv.gob.ve\/wp\/wp-content\/uploads\/2024\/09\/ONU-1.jpg","width":800,"height":445},{"@type":"BreadcrumbList","@id":"https:\/\/stage3.rnv.gob.ve\/wp\/venezuela-insta-a-fortalecer-el-multilateralismo-en-la-79-asamblea-general-de-la-onu\/#breadcrumb","itemListElement":[{"@type":"ListItem","position":1,"name":"Portada","item":"https:\/\/stage3.rnv.gob.ve\/wp\/"},{"@type":"ListItem","position":2,"name":"Venezuela Insta A Fortalecer El Multilateralismo En La 79\u00b0 Asamblea General De La Onu"}]},{"@type":"WebSite","@id":"https:\/\/stage3.rnv.gob.ve\/wp\/#website","url":"https:\/\/stage3.rnv.gob.ve\/wp\/","name":"DEV RNV","description":"Radio Nacional de Venezuela C.A.","publisher":{"@id":"https:\/\/stage3.rnv.gob.ve\/wp\/#organization"},"potentialAction":[{"@type":"SearchAction","target":{"@type":"EntryPoint","urlTemplate":"https:\/\/stage3.rnv.gob.ve\/wp\/?s={search_term_string}"},"query-input":{"@type":"PropertyValueSpecification","valueRequired":true,"valueName":"search_term_string"}}],"inLanguage":"es"},{"@type":"Organization","@id":"https:\/\/stage3.rnv.gob.ve\/wp\/#organization","name":"Radio Nacional de Venezuela C.A.","url":"https:\/\/stage3.rnv.gob.ve\/wp\/","logo":{"@type":"ImageObject","inLanguage":"es","@id":"https:\/\/stage3.rnv.gob.ve\/wp\/#\/schema\/logo\/image\/","url":"http:\/\/rnv.ddns.net\/prensa\/wp-content\/uploads\/2022\/04\/rnv-1-300x227-1.jpg","contentUrl":"http:\/\/rnv.ddns.net\/prensa\/wp-content\/uploads\/2022\/04\/rnv-1-300x227-1.jpg","width":800,"height":455,"caption":"Radio Nacional de Venezuela C.A."},"image":{"@id":"https:\/\/stage3.rnv.gob.ve\/wp\/#\/schema\/logo\/image\/"},"sameAs":["https:\/\/www.facebook.com\/RadioNacionaldeVenezuela","https:\/\/x.com\/RNVinformativa","https:\/\/www.instagram.com\/rnvinformativa\/","https:\/\/www.youtube.com\/user\/RNVContigo"]},{"@type":"Person","@id":"https:\/\/stage3.rnv.gob.ve\/wp\/#\/schema\/person\/b04f077485d4e004e355dd829c37feaa","name":"Nora Andrade","url":"https:\/\/stage3.rnv.gob.ve\/wp\/author\/nora_andrade\/"}]}},"jetpack_featured_media_url":"https:\/\/stage3.rnv.gob.ve\/wp\/wp-content\/uploads\/2024\/09\/ONU-1.jpg","_links":{"self":[{"href":"https:\/\/stage3.rnv.gob.ve\/wp\/wp-json\/wp\/v2\/posts\/383363","targetHints":{"allow":["GET"]}}],"collection":[{"href":"https:\/\/stage3.rnv.gob.ve\/wp\/wp-json\/wp\/v2\/posts"}],"about":[{"href":"https:\/\/stage3.rnv.gob.ve\/wp\/wp-json\/wp\/v2\/types\/post"}],"author":[{"embeddable":true,"href":"https:\/\/stage3.rnv.gob.ve\/wp\/wp-json\/wp\/v2\/users\/18"}],"replies":[{"embeddable":true,"href":"https:\/\/stage3.rnv.gob.ve\/wp\/wp-json\/wp\/v2\/comments?post=383363"}],"version-history":[{"count":0,"href":"https:\/\/stage3.rnv.gob.ve\/wp\/wp-json\/wp\/v2\/posts\/383363\/revisions"}],"wp:featuredmedia":[{"embeddable":true,"href":"https:\/\/stage3.rnv.gob.ve\/wp\/wp-json\/wp\/v2\/media\/383364"}],"wp:attachment":[{"href":"https:\/\/stage3.rnv.gob.ve\/wp\/wp-json\/wp\/v2\/media?parent=383363"}],"wp:term":[{"taxonomy":"category","embeddable":true,"href":"https:\/\/stage3.rnv.gob.ve\/wp\/wp-json\/wp\/v2\/categories?post=383363"},{"taxonomy":"post_tag","embeddable":true,"href":"https:\/\/stage3.rnv.gob.ve\/wp\/wp-json\/wp\/v2\/tags?post=383363"}],"curies":[{"name":"wp","href":"https:\/\/api.w.org\/{rel}","templated":true}]}}