{"id":382178,"date":"2024-08-28T21:37:24","date_gmt":"2024-08-29T01:37:24","guid":{"rendered":"https:\/\/stage3.rnv.gob.ve\/wp\/prensa\/?p=382178"},"modified":"2024-08-28T21:37:24","modified_gmt":"2024-08-29T01:37:24","slug":"el-pueblo-salio-este-25-de-agosto-a-defender-la-democracia-participativa-y-protagonica-a-traves-de-la-segunda-consulta-popular-nacional","status":"publish","type":"post","link":"https:\/\/stage3.rnv.gob.ve\/wp\/el-pueblo-salio-este-25-de-agosto-a-defender-la-democracia-participativa-y-protagonica-a-traves-de-la-segunda-consulta-popular-nacional\/","title":{"rendered":"El pueblo sali\u00f3 este 25 de agosto a defender la democracia participativa y protag\u00f3nica a trav\u00e9s de la Segunda Consulta Popular Nacional"},"content":{"rendered":"<p>La masiva participaci\u00f3n del poder popular este 25 de agosto en la Segunda Consulta Popular Nacional realizada en el pa\u00eds, derriba todas las campa\u00f1as medi\u00e1ticas contra el CNE y el gobierno del presidente Nicol\u00e1s Maduro, demostrando una vez m\u00e1s la confianza del soberano que sali\u00f3 a defender la democracia participativa y protag\u00f3nica, asever\u00f3 el historiador y profesor \u00c1ngel Garc\u00eda.<\/p>\n<p>\u00abHay una campa\u00f1a que comienzan, que intentan las voces agoreras promover, una desconfianza en el voto, una desconfianza en el sistema electoral, eso qued\u00f3 ahorita derrumbado, la poblaci\u00f3n sali\u00f3 a defender sus proyectos a defender el principio de la democracia participativa y protag\u00f3nica y a confiar en las instituciones del Estado\u00bb, sentenci\u00f3 Garc\u00eda.<\/p>\n<p>Durante la transmisi\u00f3n del programa Voces Bicentenarias, Juan Alberto Maza, conductor invitado, resalt\u00f3 que este proceso de la promoci\u00f2n de proyectos y su escogencia en asambleas para luego hacer una consulta para su elecci\u00f3n y ejecuci\u00f3n promueve una nueva forma de hacer pol\u00edtica en Venezuela, en la que el poder popular es el epicentro de todo.<\/p>\n<p>\u00abHay una nueva forma de hacer pol\u00edtica que es la Asamblea de Ciudadanos que no es la priorizaci\u00f3n vertical de alguna necesidad sino que es una priorizaci\u00f3n horizontal de las mayor\u00edas\u00bb resalt\u00f3.<\/p>\n<p>En este sentido, dijo que este nuevo modelo participativo puede generar una nueva estructura de econom\u00eda comunal, destacando adem\u00e1s la nueva geometr\u00eda de poder que se ha levantado a trav\u00e9s de la Consulta Popular.<\/p>\n<p>El programa Voces Bicentenarias de este martes tambi\u00e9n estuvo dedicado a la participaci\u00f3n de la juventud dentro de la revoluci\u00f3n, sus bases hist\u00f3ricas, ideol\u00f3gicas y su pertinencia en la construcci\u00f3n de la patria nueva, lo que el tambi\u00e9n conductor invitado en esta emisi\u00f3n Luis Oliveros, enfatiz\u00f3 que \u00abHoy, la juventud revolucionaria tiene un gran compromiso de poder deslastrarse de los vicios del capitalismo y seguir siendo m\u00e1s como Sucre\u00bb.<\/p>\n<p><strong>T\/RNV Regi\u00f3n Central<\/strong><\/p>\n","protected":false},"excerpt":{"rendered":"<p>La masiva participaci\u00f3n del poder popular este 25 de agosto en la Segunda Consulta Popular Nacional realizada en el pa\u00eds, derriba todas las campa\u00f1as medi\u00e1ticas contra el CNE y el gobierno del presidente Nicol\u00e1s Maduro, demostrando una vez m\u00e1s la confianza del soberano que sali\u00f3 a defender la democracia participativa y protag\u00f3nica, asever\u00f3 el historiador [&hellip;]<\/p>\n","protected":false},"author":18,"featured_media":382179,"comment_status":"closed","ping_status":"closed","sticky":false,"template":"","format":"standard","meta":{"_acf_changed":false,"footnotes":""},"categories":[67],"tags":[37058,37610,33628],"class_list":["post-382178","post","type-post","status-publish","format-standard","has-post-thumbnail","hentry","category-politica","tag-consulta-popular-nacional","tag-segunda-consulta-popular-nacional","tag-voces-bicentenarias"],"acf":[],"yoast_head":"<!-- This site is optimized with the Yoast SEO plugin v27.4 - https:\/\/yoast.com\/product\/yoast-seo-wordpress\/ -->\n<title>El pueblo sali\u00f3 este 25 de agosto a defender la democracia participativa y protag\u00f3nica a trav\u00e9s de la Segunda Consulta Popular Nacional - DEV RNV<\/title>\n<meta name=\"description\" content=\"La masiva participaci\u00f3n del poder popular este 25 de agosto en la Segunda Consulta Popular Nacional realizada en el pa\u00eds, derriba todas las campa\u00f1as medi\u00e1ticas contra el CNE y el gobierno del presidente Nicol\u00e1s Maduro, demostrando una vez m\u00e1s la confianza del soberano que sali\u00f3 a defender la democracia participativa y protag\u00f3nica, asever\u00f3 el historiador y profesor \u00c1ngel Garc\u00eda.\" \/>\n<meta name=\"robots\" content=\"noindex, follow, max-snippet:-1, max-image-preview:large, max-video-preview:-1\" \/>\n<meta property=\"og:locale\" content=\"es_ES\" \/>\n<meta property=\"og:type\" content=\"article\" \/>\n<meta property=\"og:title\" content=\"El pueblo sali\u00f3 este 25 de agosto a defender la democracia participativa y protag\u00f3nica a trav\u00e9s de la Segunda Consulta Popular Nacional - DEV RNV\" \/>\n<meta property=\"og:description\" content=\"La masiva participaci\u00f3n del poder popular este 25 de agosto en la Segunda Consulta Popular Nacional realizada en el pa\u00eds, derriba todas las campa\u00f1as medi\u00e1ticas contra el CNE y el gobierno del presidente Nicol\u00e1s Maduro, demostrando una vez m\u00e1s la confianza del soberano que sali\u00f3 a defender la democracia participativa y protag\u00f3nica, asever\u00f3 el historiador y profesor \u00c1ngel Garc\u00eda.\" \/>\n<meta property=\"og:url\" content=\"https:\/\/stage3.rnv.gob.ve\/wp\/el-pueblo-salio-este-25-de-agosto-a-defender-la-democracia-participativa-y-protagonica-a-traves-de-la-segunda-consulta-popular-nacional\/\" \/>\n<meta property=\"og:site_name\" content=\"DEV RNV\" \/>\n<meta property=\"article:publisher\" content=\"https:\/\/www.facebook.com\/RadioNacionaldeVenezuela\" \/>\n<meta property=\"article:published_time\" content=\"2024-08-29T01:37:24+00:00\" \/>\n<meta property=\"og:image\" content=\"https:\/\/stage3.rnv.gob.ve\/wp\/wp-content\/uploads\/2024\/08\/RNV-5-1.jpg\" \/>\n\t<meta property=\"og:image:width\" content=\"775\" \/>\n\t<meta property=\"og:image:height\" content=\"585\" \/>\n\t<meta property=\"og:image:type\" content=\"image\/jpeg\" \/>\n<meta name=\"author\" content=\"Nora Andrade\" \/>\n<meta name=\"twitter:card\" content=\"summary_large_image\" \/>\n<meta name=\"twitter:creator\" content=\"@RNVinformativa\" \/>\n<meta name=\"twitter:site\" content=\"@RNVinformativa\" \/>\n<meta name=\"twitter:label1\" content=\"Escrito por\" \/>\n\t<meta name=\"twitter:data1\" content=\"Nora Andrade\" \/>\n\t<meta name=\"twitter:label2\" content=\"Tiempo estimado de lectura\" \/>\n\t<meta name=\"twitter:data2\" content=\"2 minutos\" \/>\n<script type=\"application\/ld+json\" class=\"yoast-schema-graph\">{\"@context\":\"https:\\\/\\\/schema.org\",\"@graph\":[{\"@type\":\"Article\",\"@id\":\"https:\\\/\\\/stage3.rnv.gob.ve\\\/wp\\\/el-pueblo-salio-este-25-de-agosto-a-defender-la-democracia-participativa-y-protagonica-a-traves-de-la-segunda-consulta-popular-nacional\\\/#article\",\"isPartOf\":{\"@id\":\"https:\\\/\\\/stage3.rnv.gob.ve\\\/wp\\\/el-pueblo-salio-este-25-de-agosto-a-defender-la-democracia-participativa-y-protagonica-a-traves-de-la-segunda-consulta-popular-nacional\\\/\"},\"author\":{\"name\":\"Nora Andrade\",\"@id\":\"https:\\\/\\\/stage3.rnv.gob.ve\\\/wp\\\/#\\\/schema\\\/person\\\/b04f077485d4e004e355dd829c37feaa\"},\"headline\":\"El pueblo sali\u00f3 este 25 de agosto a defender la democracia participativa y protag\u00f3nica a trav\u00e9s de la Segunda Consulta Popular Nacional\",\"datePublished\":\"2024-08-29T01:37:24+00:00\",\"mainEntityOfPage\":{\"@id\":\"https:\\\/\\\/stage3.rnv.gob.ve\\\/wp\\\/el-pueblo-salio-este-25-de-agosto-a-defender-la-democracia-participativa-y-protagonica-a-traves-de-la-segunda-consulta-popular-nacional\\\/\"},\"wordCount\":364,\"publisher\":{\"@id\":\"https:\\\/\\\/stage3.rnv.gob.ve\\\/wp\\\/#organization\"},\"image\":{\"@id\":\"https:\\\/\\\/stage3.rnv.gob.ve\\\/wp\\\/el-pueblo-salio-este-25-de-agosto-a-defender-la-democracia-participativa-y-protagonica-a-traves-de-la-segunda-consulta-popular-nacional\\\/#primaryimage\"},\"thumbnailUrl\":\"https:\\\/\\\/stage3.rnv.gob.ve\\\/wp\\\/wp-content\\\/uploads\\\/2024\\\/08\\\/RNV-5-1.jpg\",\"keywords\":[\"Consulta Popular Nacional\",\"Segunda Consulta Popular Nacional\",\"Voces Bicentenarias\"],\"articleSection\":[\"Pol\u00edtica\"],\"inLanguage\":\"es\"},{\"@type\":\"WebPage\",\"@id\":\"https:\\\/\\\/stage3.rnv.gob.ve\\\/wp\\\/el-pueblo-salio-este-25-de-agosto-a-defender-la-democracia-participativa-y-protagonica-a-traves-de-la-segunda-consulta-popular-nacional\\\/\",\"url\":\"https:\\\/\\\/stage3.rnv.gob.ve\\\/wp\\\/el-pueblo-salio-este-25-de-agosto-a-defender-la-democracia-participativa-y-protagonica-a-traves-de-la-segunda-consulta-popular-nacional\\\/\",\"name\":\"El pueblo sali\u00f3 este 25 de agosto a defender la democracia participativa y protag\u00f3nica a trav\u00e9s de la Segunda Consulta Popular Nacional - DEV RNV\",\"isPartOf\":{\"@id\":\"https:\\\/\\\/stage3.rnv.gob.ve\\\/wp\\\/#website\"},\"primaryImageOfPage\":{\"@id\":\"https:\\\/\\\/stage3.rnv.gob.ve\\\/wp\\\/el-pueblo-salio-este-25-de-agosto-a-defender-la-democracia-participativa-y-protagonica-a-traves-de-la-segunda-consulta-popular-nacional\\\/#primaryimage\"},\"image\":{\"@id\":\"https:\\\/\\\/stage3.rnv.gob.ve\\\/wp\\\/el-pueblo-salio-este-25-de-agosto-a-defender-la-democracia-participativa-y-protagonica-a-traves-de-la-segunda-consulta-popular-nacional\\\/#primaryimage\"},\"thumbnailUrl\":\"https:\\\/\\\/stage3.rnv.gob.ve\\\/wp\\\/wp-content\\\/uploads\\\/2024\\\/08\\\/RNV-5-1.jpg\",\"datePublished\":\"2024-08-29T01:37:24+00:00\",\"description\":\"La masiva participaci\u00f3n del poder popular este 25 de agosto en la Segunda Consulta Popular Nacional realizada en el pa\u00eds, derriba todas las campa\u00f1as medi\u00e1ticas contra el CNE y el gobierno del presidente Nicol\u00e1s Maduro, demostrando una vez m\u00e1s la confianza del soberano que sali\u00f3 a defender la democracia participativa y protag\u00f3nica, asever\u00f3 el historiador y profesor \u00c1ngel Garc\u00eda.\",\"breadcrumb\":{\"@id\":\"https:\\\/\\\/stage3.rnv.gob.ve\\\/wp\\\/el-pueblo-salio-este-25-de-agosto-a-defender-la-democracia-participativa-y-protagonica-a-traves-de-la-segunda-consulta-popular-nacional\\\/#breadcrumb\"},\"inLanguage\":\"es\",\"potentialAction\":[{\"@type\":\"ReadAction\",\"target\":[\"https:\\\/\\\/stage3.rnv.gob.ve\\\/wp\\\/el-pueblo-salio-este-25-de-agosto-a-defender-la-democracia-participativa-y-protagonica-a-traves-de-la-segunda-consulta-popular-nacional\\\/\"]}]},{\"@type\":\"ImageObject\",\"inLanguage\":\"es\",\"@id\":\"https:\\\/\\\/stage3.rnv.gob.ve\\\/wp\\\/el-pueblo-salio-este-25-de-agosto-a-defender-la-democracia-participativa-y-protagonica-a-traves-de-la-segunda-consulta-popular-nacional\\\/#primaryimage\",\"url\":\"https:\\\/\\\/stage3.rnv.gob.ve\\\/wp\\\/wp-content\\\/uploads\\\/2024\\\/08\\\/RNV-5-1.jpg\",\"contentUrl\":\"https:\\\/\\\/stage3.rnv.gob.ve\\\/wp\\\/wp-content\\\/uploads\\\/2024\\\/08\\\/RNV-5-1.jpg\",\"width\":775,\"height\":585},{\"@type\":\"BreadcrumbList\",\"@id\":\"https:\\\/\\\/stage3.rnv.gob.ve\\\/wp\\\/el-pueblo-salio-este-25-de-agosto-a-defender-la-democracia-participativa-y-protagonica-a-traves-de-la-segunda-consulta-popular-nacional\\\/#breadcrumb\",\"itemListElement\":[{\"@type\":\"ListItem\",\"position\":1,\"name\":\"Portada\",\"item\":\"https:\\\/\\\/stage3.rnv.gob.ve\\\/wp\\\/\"},{\"@type\":\"ListItem\",\"position\":2,\"name\":\"El Pueblo Sali\u00f3 Este 25 De Agosto A Defender La Democracia Participativa Y Protag\u00f3nica A Trav\u00e9s De La Segunda Consulta Popular Nacional\"}]},{\"@type\":\"WebSite\",\"@id\":\"https:\\\/\\\/stage3.rnv.gob.ve\\\/wp\\\/#website\",\"url\":\"https:\\\/\\\/stage3.rnv.gob.ve\\\/wp\\\/\",\"name\":\"DEV RNV\",\"description\":\"Radio Nacional de Venezuela C.A.\",\"publisher\":{\"@id\":\"https:\\\/\\\/stage3.rnv.gob.ve\\\/wp\\\/#organization\"},\"potentialAction\":[{\"@type\":\"SearchAction\",\"target\":{\"@type\":\"EntryPoint\",\"urlTemplate\":\"https:\\\/\\\/stage3.rnv.gob.ve\\\/wp\\\/?s={search_term_string}\"},\"query-input\":{\"@type\":\"PropertyValueSpecification\",\"valueRequired\":true,\"valueName\":\"search_term_string\"}}],\"inLanguage\":\"es\"},{\"@type\":\"Organization\",\"@id\":\"https:\\\/\\\/stage3.rnv.gob.ve\\\/wp\\\/#organization\",\"name\":\"Radio Nacional de Venezuela C.A.\",\"url\":\"https:\\\/\\\/stage3.rnv.gob.ve\\\/wp\\\/\",\"logo\":{\"@type\":\"ImageObject\",\"inLanguage\":\"es\",\"@id\":\"https:\\\/\\\/stage3.rnv.gob.ve\\\/wp\\\/#\\\/schema\\\/logo\\\/image\\\/\",\"url\":\"http:\\\/\\\/rnv.ddns.net\\\/prensa\\\/wp-content\\\/uploads\\\/2022\\\/04\\\/rnv-1-300x227-1.jpg\",\"contentUrl\":\"http:\\\/\\\/rnv.ddns.net\\\/prensa\\\/wp-content\\\/uploads\\\/2022\\\/04\\\/rnv-1-300x227-1.jpg\",\"width\":800,\"height\":455,\"caption\":\"Radio Nacional de Venezuela C.A.\"},\"image\":{\"@id\":\"https:\\\/\\\/stage3.rnv.gob.ve\\\/wp\\\/#\\\/schema\\\/logo\\\/image\\\/\"},\"sameAs\":[\"https:\\\/\\\/www.facebook.com\\\/RadioNacionaldeVenezuela\",\"https:\\\/\\\/x.com\\\/RNVinformativa\",\"https:\\\/\\\/www.instagram.com\\\/rnvinformativa\\\/\",\"https:\\\/\\\/www.youtube.com\\\/user\\\/RNVContigo\"]},{\"@type\":\"Person\",\"@id\":\"https:\\\/\\\/stage3.rnv.gob.ve\\\/wp\\\/#\\\/schema\\\/person\\\/b04f077485d4e004e355dd829c37feaa\",\"name\":\"Nora Andrade\",\"url\":\"https:\\\/\\\/stage3.rnv.gob.ve\\\/wp\\\/author\\\/nora_andrade\\\/\"}]}<\/script>\n<!-- \/ Yoast SEO plugin. -->","yoast_head_json":{"title":"El pueblo sali\u00f3 este 25 de agosto a defender la democracia participativa y protag\u00f3nica a trav\u00e9s de la Segunda Consulta Popular Nacional - DEV RNV","description":"La masiva participaci\u00f3n del poder popular este 25 de agosto en la Segunda Consulta Popular Nacional realizada en el pa\u00eds, derriba todas las campa\u00f1as medi\u00e1ticas contra el CNE y el gobierno del presidente Nicol\u00e1s Maduro, demostrando una vez m\u00e1s la confianza del soberano que sali\u00f3 a defender la democracia participativa y protag\u00f3nica, asever\u00f3 el historiador y profesor \u00c1ngel Garc\u00eda.","robots":{"index":"noindex","follow":"follow","max-snippet":"max-snippet:-1","max-image-preview":"max-image-preview:large","max-video-preview":"max-video-preview:-1"},"og_locale":"es_ES","og_type":"article","og_title":"El pueblo sali\u00f3 este 25 de agosto a defender la democracia participativa y protag\u00f3nica a trav\u00e9s de la Segunda Consulta Popular Nacional - DEV RNV","og_description":"La masiva participaci\u00f3n del poder popular este 25 de agosto en la Segunda Consulta Popular Nacional realizada en el pa\u00eds, derriba todas las campa\u00f1as medi\u00e1ticas contra el CNE y el gobierno del presidente Nicol\u00e1s Maduro, demostrando una vez m\u00e1s la confianza del soberano que sali\u00f3 a defender la democracia participativa y protag\u00f3nica, asever\u00f3 el historiador y profesor \u00c1ngel Garc\u00eda.","og_url":"https:\/\/stage3.rnv.gob.ve\/wp\/el-pueblo-salio-este-25-de-agosto-a-defender-la-democracia-participativa-y-protagonica-a-traves-de-la-segunda-consulta-popular-nacional\/","og_site_name":"DEV RNV","article_publisher":"https:\/\/www.facebook.com\/RadioNacionaldeVenezuela","article_published_time":"2024-08-29T01:37:24+00:00","og_image":[{"width":775,"height":585,"url":"https:\/\/stage3.rnv.gob.ve\/wp\/wp-content\/uploads\/2024\/08\/RNV-5-1.jpg","type":"image\/jpeg"}],"author":"Nora Andrade","twitter_card":"summary_large_image","twitter_creator":"@RNVinformativa","twitter_site":"@RNVinformativa","twitter_misc":{"Escrito por":"Nora Andrade","Tiempo estimado de lectura":"2 minutos"},"schema":{"@context":"https:\/\/schema.org","@graph":[{"@type":"Article","@id":"https:\/\/stage3.rnv.gob.ve\/wp\/el-pueblo-salio-este-25-de-agosto-a-defender-la-democracia-participativa-y-protagonica-a-traves-de-la-segunda-consulta-popular-nacional\/#article","isPartOf":{"@id":"https:\/\/stage3.rnv.gob.ve\/wp\/el-pueblo-salio-este-25-de-agosto-a-defender-la-democracia-participativa-y-protagonica-a-traves-de-la-segunda-consulta-popular-nacional\/"},"author":{"name":"Nora Andrade","@id":"https:\/\/stage3.rnv.gob.ve\/wp\/#\/schema\/person\/b04f077485d4e004e355dd829c37feaa"},"headline":"El pueblo sali\u00f3 este 25 de agosto a defender la democracia participativa y protag\u00f3nica a trav\u00e9s de la Segunda Consulta Popular Nacional","datePublished":"2024-08-29T01:37:24+00:00","mainEntityOfPage":{"@id":"https:\/\/stage3.rnv.gob.ve\/wp\/el-pueblo-salio-este-25-de-agosto-a-defender-la-democracia-participativa-y-protagonica-a-traves-de-la-segunda-consulta-popular-nacional\/"},"wordCount":364,"publisher":{"@id":"https:\/\/stage3.rnv.gob.ve\/wp\/#organization"},"image":{"@id":"https:\/\/stage3.rnv.gob.ve\/wp\/el-pueblo-salio-este-25-de-agosto-a-defender-la-democracia-participativa-y-protagonica-a-traves-de-la-segunda-consulta-popular-nacional\/#primaryimage"},"thumbnailUrl":"https:\/\/stage3.rnv.gob.ve\/wp\/wp-content\/uploads\/2024\/08\/RNV-5-1.jpg","keywords":["Consulta Popular Nacional","Segunda Consulta Popular Nacional","Voces Bicentenarias"],"articleSection":["Pol\u00edtica"],"inLanguage":"es"},{"@type":"WebPage","@id":"https:\/\/stage3.rnv.gob.ve\/wp\/el-pueblo-salio-este-25-de-agosto-a-defender-la-democracia-participativa-y-protagonica-a-traves-de-la-segunda-consulta-popular-nacional\/","url":"https:\/\/stage3.rnv.gob.ve\/wp\/el-pueblo-salio-este-25-de-agosto-a-defender-la-democracia-participativa-y-protagonica-a-traves-de-la-segunda-consulta-popular-nacional\/","name":"El pueblo sali\u00f3 este 25 de agosto a defender la democracia participativa y protag\u00f3nica a trav\u00e9s de la Segunda Consulta Popular Nacional - DEV RNV","isPartOf":{"@id":"https:\/\/stage3.rnv.gob.ve\/wp\/#website"},"primaryImageOfPage":{"@id":"https:\/\/stage3.rnv.gob.ve\/wp\/el-pueblo-salio-este-25-de-agosto-a-defender-la-democracia-participativa-y-protagonica-a-traves-de-la-segunda-consulta-popular-nacional\/#primaryimage"},"image":{"@id":"https:\/\/stage3.rnv.gob.ve\/wp\/el-pueblo-salio-este-25-de-agosto-a-defender-la-democracia-participativa-y-protagonica-a-traves-de-la-segunda-consulta-popular-nacional\/#primaryimage"},"thumbnailUrl":"https:\/\/stage3.rnv.gob.ve\/wp\/wp-content\/uploads\/2024\/08\/RNV-5-1.jpg","datePublished":"2024-08-29T01:37:24+00:00","description":"La masiva participaci\u00f3n del poder popular este 25 de agosto en la Segunda Consulta Popular Nacional realizada en el pa\u00eds, derriba todas las campa\u00f1as medi\u00e1ticas contra el CNE y el gobierno del presidente Nicol\u00e1s Maduro, demostrando una vez m\u00e1s la confianza del soberano que sali\u00f3 a defender la democracia participativa y protag\u00f3nica, asever\u00f3 el historiador y profesor \u00c1ngel Garc\u00eda.","breadcrumb":{"@id":"https:\/\/stage3.rnv.gob.ve\/wp\/el-pueblo-salio-este-25-de-agosto-a-defender-la-democracia-participativa-y-protagonica-a-traves-de-la-segunda-consulta-popular-nacional\/#breadcrumb"},"inLanguage":"es","potentialAction":[{"@type":"ReadAction","target":["https:\/\/stage3.rnv.gob.ve\/wp\/el-pueblo-salio-este-25-de-agosto-a-defender-la-democracia-participativa-y-protagonica-a-traves-de-la-segunda-consulta-popular-nacional\/"]}]},{"@type":"ImageObject","inLanguage":"es","@id":"https:\/\/stage3.rnv.gob.ve\/wp\/el-pueblo-salio-este-25-de-agosto-a-defender-la-democracia-participativa-y-protagonica-a-traves-de-la-segunda-consulta-popular-nacional\/#primaryimage","url":"https:\/\/stage3.rnv.gob.ve\/wp\/wp-content\/uploads\/2024\/08\/RNV-5-1.jpg","contentUrl":"https:\/\/stage3.rnv.gob.ve\/wp\/wp-content\/uploads\/2024\/08\/RNV-5-1.jpg","width":775,"height":585},{"@type":"BreadcrumbList","@id":"https:\/\/stage3.rnv.gob.ve\/wp\/el-pueblo-salio-este-25-de-agosto-a-defender-la-democracia-participativa-y-protagonica-a-traves-de-la-segunda-consulta-popular-nacional\/#breadcrumb","itemListElement":[{"@type":"ListItem","position":1,"name":"Portada","item":"https:\/\/stage3.rnv.gob.ve\/wp\/"},{"@type":"ListItem","position":2,"name":"El Pueblo Sali\u00f3 Este 25 De Agosto A Defender La Democracia Participativa Y Protag\u00f3nica A Trav\u00e9s De La Segunda Consulta Popular Nacional"}]},{"@type":"WebSite","@id":"https:\/\/stage3.rnv.gob.ve\/wp\/#website","url":"https:\/\/stage3.rnv.gob.ve\/wp\/","name":"DEV RNV","description":"Radio Nacional de Venezuela C.A.","publisher":{"@id":"https:\/\/stage3.rnv.gob.ve\/wp\/#organization"},"potentialAction":[{"@type":"SearchAction","target":{"@type":"EntryPoint","urlTemplate":"https:\/\/stage3.rnv.gob.ve\/wp\/?s={search_term_string}"},"query-input":{"@type":"PropertyValueSpecification","valueRequired":true,"valueName":"search_term_string"}}],"inLanguage":"es"},{"@type":"Organization","@id":"https:\/\/stage3.rnv.gob.ve\/wp\/#organization","name":"Radio Nacional de Venezuela C.A.","url":"https:\/\/stage3.rnv.gob.ve\/wp\/","logo":{"@type":"ImageObject","inLanguage":"es","@id":"https:\/\/stage3.rnv.gob.ve\/wp\/#\/schema\/logo\/image\/","url":"http:\/\/rnv.ddns.net\/prensa\/wp-content\/uploads\/2022\/04\/rnv-1-300x227-1.jpg","contentUrl":"http:\/\/rnv.ddns.net\/prensa\/wp-content\/uploads\/2022\/04\/rnv-1-300x227-1.jpg","width":800,"height":455,"caption":"Radio Nacional de Venezuela C.A."},"image":{"@id":"https:\/\/stage3.rnv.gob.ve\/wp\/#\/schema\/logo\/image\/"},"sameAs":["https:\/\/www.facebook.com\/RadioNacionaldeVenezuela","https:\/\/x.com\/RNVinformativa","https:\/\/www.instagram.com\/rnvinformativa\/","https:\/\/www.youtube.com\/user\/RNVContigo"]},{"@type":"Person","@id":"https:\/\/stage3.rnv.gob.ve\/wp\/#\/schema\/person\/b04f077485d4e004e355dd829c37feaa","name":"Nora Andrade","url":"https:\/\/stage3.rnv.gob.ve\/wp\/author\/nora_andrade\/"}]}},"jetpack_featured_media_url":"https:\/\/stage3.rnv.gob.ve\/wp\/wp-content\/uploads\/2024\/08\/RNV-5-1.jpg","_links":{"self":[{"href":"https:\/\/stage3.rnv.gob.ve\/wp\/wp-json\/wp\/v2\/posts\/382178","targetHints":{"allow":["GET"]}}],"collection":[{"href":"https:\/\/stage3.rnv.gob.ve\/wp\/wp-json\/wp\/v2\/posts"}],"about":[{"href":"https:\/\/stage3.rnv.gob.ve\/wp\/wp-json\/wp\/v2\/types\/post"}],"author":[{"embeddable":true,"href":"https:\/\/stage3.rnv.gob.ve\/wp\/wp-json\/wp\/v2\/users\/18"}],"replies":[{"embeddable":true,"href":"https:\/\/stage3.rnv.gob.ve\/wp\/wp-json\/wp\/v2\/comments?post=382178"}],"version-history":[{"count":0,"href":"https:\/\/stage3.rnv.gob.ve\/wp\/wp-json\/wp\/v2\/posts\/382178\/revisions"}],"wp:featuredmedia":[{"embeddable":true,"href":"https:\/\/stage3.rnv.gob.ve\/wp\/wp-json\/wp\/v2\/media\/382179"}],"wp:attachment":[{"href":"https:\/\/stage3.rnv.gob.ve\/wp\/wp-json\/wp\/v2\/media?parent=382178"}],"wp:term":[{"taxonomy":"category","embeddable":true,"href":"https:\/\/stage3.rnv.gob.ve\/wp\/wp-json\/wp\/v2\/categories?post=382178"},{"taxonomy":"post_tag","embeddable":true,"href":"https:\/\/stage3.rnv.gob.ve\/wp\/wp-json\/wp\/v2\/tags?post=382178"}],"curies":[{"name":"wp","href":"https:\/\/api.w.org\/{rel}","templated":true}]}}