{"id":382175,"date":"2024-08-28T21:30:53","date_gmt":"2024-08-29T01:30:53","guid":{"rendered":"https:\/\/stage3.rnv.gob.ve\/wp\/prensa\/?p=382175"},"modified":"2024-08-28T21:31:27","modified_gmt":"2024-08-29T01:31:27","slug":"segunda-consulta-popular-profundizo-las-bases-de-la-democracia-participativa-y-protagonica","status":"publish","type":"post","link":"https:\/\/stage3.rnv.gob.ve\/wp\/segunda-consulta-popular-profundizo-las-bases-de-la-democracia-participativa-y-protagonica\/","title":{"rendered":"Segunda Consulta Popular profundiz\u00f3 las bases de la democracia participativa y protag\u00f3nica"},"content":{"rendered":"<p>La Segunda Consulta Popular Nacional que se realiz\u00f3 este domingo 25 de agosto, en la que m\u00e1s de 4 mil 500 circuitos comunales eligieron los proyectos que se van a desarrollar dentro de sus sectores, con el apoyo del Gobierno Bolivariano, ha profundizado la democracia participativa y protag\u00f3nica.<\/p>\n<p>Esta es la reflexi\u00f3n del diputado a la Asamblea Nacional, Sa\u00fal Ortega, quien resalt\u00f3 que este nuevo evento tiene que ver principalmente con el reimpulso que le ha dado el presidente de la Rep\u00fablica, Nicol\u00e1s Maduro Moros, al Poder Popular.<\/p>\n<p>\u00abEst\u00e1 retomando con mucha fuerza la necesidad de profundizar en lo que es el desarrollo del poder popular y por supuesto el debate en torno a c\u00f3mo desarrollar, barrio adentro, en los territorios, la organizaci\u00f3n, el protagonismo y la direcci\u00f3n, incluso, como un organismo nuevo de estado y de la sociedad venezolana a los consejos comunales y a lo que es la comuna\u00bbprecis\u00f3 Ortega.<\/p>\n<p>Desde el programa \u00abSoberano en Positivo\u00bb que transmite RNV Regi\u00f3n Central 90.5 FM, el parlamentario se refiri\u00f3 a la importancia de la entrega, desde el ejecutivo nacional, de los recursos directamente al pueblo, para que desarrollen los proyectos elegidos, a trav\u00e9s de sus mecanismos.<\/p>\n<p>\u00abSe est\u00e1 practicando la democracia directa, que la gente va y vota para priorizar, que los recursos que son limitados vayan directamente al proyecto que la comunidad considera o la mayor\u00eda en ese circuito comunal termina aprobando como la necesidad b\u00e1sica de todos los venezolanos\u00bb, agreg\u00f3 Sa\u00fal Ortega.<\/p>\n<p>Afirm\u00f3 Ortega que estas acciones tomadas por el Gobierno Nacional invitan al debate y a seguir direccionando las leyes en funci\u00f3n de apuntalar el trabajo del pueblo organizado en estas estructuras sociales, \u00abdefinitivamente no vamos a construir una sociedad distinta, no vamos a ir al socialismo del siglo XXI si nosotros no partimos de que este es un tema fundamental\u00bb.<\/p>\n<p><strong>T\/RNV Regi\u00f3n Central<\/strong><\/p>\n","protected":false},"excerpt":{"rendered":"<p>La Segunda Consulta Popular Nacional que se realiz\u00f3 este domingo 25 de agosto, en la que m\u00e1s de 4 mil 500 circuitos comunales eligieron los proyectos que se van a desarrollar dentro de sus sectores, con el apoyo del Gobierno Bolivariano, ha profundizado la democracia participativa y protag\u00f3nica. Esta es la reflexi\u00f3n del diputado a [&hellip;]<\/p>\n","protected":false},"author":18,"featured_media":382176,"comment_status":"closed","ping_status":"closed","sticky":false,"template":"","format":"standard","meta":{"_acf_changed":false,"footnotes":""},"categories":[67],"tags":[37058,37582,37266],"class_list":["post-382175","post","type-post","status-publish","format-standard","has-post-thumbnail","hentry","category-politica","tag-consulta-popular-nacional","tag-segunda-consulta-popular","tag-soberano-en-positivo"],"acf":[],"yoast_head":"<!-- This site is optimized with the Yoast SEO plugin v27.4 - https:\/\/yoast.com\/product\/yoast-seo-wordpress\/ -->\n<title>Segunda Consulta Popular profundiz\u00f3 las bases de la democracia participativa y protag\u00f3nica - DEV RNV<\/title>\n<meta name=\"description\" content=\"La Segunda Consulta Popular Nacional que se realiz\u00f3 este domingo 25 de agosto, en la que m\u00e1s de 4 mil 500 circuitos comunales eligieron los proyectos que se van a desarrollar dentro de sus sectores, con el apoyo del Gobierno Bolivariano, ha profundizado la democracia participativa y protag\u00f3nica.\" \/>\n<meta name=\"robots\" content=\"noindex, follow, max-snippet:-1, max-image-preview:large, max-video-preview:-1\" \/>\n<meta property=\"og:locale\" content=\"es_ES\" \/>\n<meta property=\"og:type\" content=\"article\" \/>\n<meta property=\"og:title\" content=\"Segunda Consulta Popular profundiz\u00f3 las bases de la democracia participativa y protag\u00f3nica - DEV RNV\" \/>\n<meta property=\"og:description\" content=\"La Segunda Consulta Popular Nacional que se realiz\u00f3 este domingo 25 de agosto, en la que m\u00e1s de 4 mil 500 circuitos comunales eligieron los proyectos que se van a desarrollar dentro de sus sectores, con el apoyo del Gobierno Bolivariano, ha profundizado la democracia participativa y protag\u00f3nica.\" \/>\n<meta property=\"og:url\" content=\"https:\/\/stage3.rnv.gob.ve\/wp\/segunda-consulta-popular-profundizo-las-bases-de-la-democracia-participativa-y-protagonica\/\" \/>\n<meta property=\"og:site_name\" content=\"DEV RNV\" \/>\n<meta property=\"article:publisher\" content=\"https:\/\/www.facebook.com\/RadioNacionaldeVenezuela\" \/>\n<meta property=\"article:published_time\" content=\"2024-08-29T01:30:53+00:00\" \/>\n<meta property=\"article:modified_time\" content=\"2024-08-29T01:31:27+00:00\" \/>\n<meta property=\"og:image\" content=\"https:\/\/stage3.rnv.gob.ve\/wp\/wp-content\/uploads\/2024\/08\/saul-ortega-1.jpg\" \/>\n\t<meta property=\"og:image:width\" content=\"1040\" \/>\n\t<meta property=\"og:image:height\" content=\"780\" \/>\n\t<meta property=\"og:image:type\" content=\"image\/jpeg\" \/>\n<meta name=\"author\" content=\"Nora Andrade\" \/>\n<meta name=\"twitter:card\" content=\"summary_large_image\" \/>\n<meta name=\"twitter:creator\" content=\"@RNVinformativa\" \/>\n<meta name=\"twitter:site\" content=\"@RNVinformativa\" \/>\n<meta name=\"twitter:label1\" content=\"Escrito por\" \/>\n\t<meta name=\"twitter:data1\" content=\"Nora Andrade\" \/>\n\t<meta name=\"twitter:label2\" content=\"Tiempo estimado de lectura\" \/>\n\t<meta name=\"twitter:data2\" content=\"2 minutos\" \/>\n<script type=\"application\/ld+json\" class=\"yoast-schema-graph\">{\"@context\":\"https:\\\/\\\/schema.org\",\"@graph\":[{\"@type\":\"Article\",\"@id\":\"https:\\\/\\\/stage3.rnv.gob.ve\\\/wp\\\/segunda-consulta-popular-profundizo-las-bases-de-la-democracia-participativa-y-protagonica\\\/#article\",\"isPartOf\":{\"@id\":\"https:\\\/\\\/stage3.rnv.gob.ve\\\/wp\\\/segunda-consulta-popular-profundizo-las-bases-de-la-democracia-participativa-y-protagonica\\\/\"},\"author\":{\"name\":\"Nora Andrade\",\"@id\":\"https:\\\/\\\/stage3.rnv.gob.ve\\\/wp\\\/#\\\/schema\\\/person\\\/b04f077485d4e004e355dd829c37feaa\"},\"headline\":\"Segunda Consulta Popular profundiz\u00f3 las bases de la democracia participativa y protag\u00f3nica\",\"datePublished\":\"2024-08-29T01:30:53+00:00\",\"dateModified\":\"2024-08-29T01:31:27+00:00\",\"mainEntityOfPage\":{\"@id\":\"https:\\\/\\\/stage3.rnv.gob.ve\\\/wp\\\/segunda-consulta-popular-profundizo-las-bases-de-la-democracia-participativa-y-protagonica\\\/\"},\"wordCount\":334,\"publisher\":{\"@id\":\"https:\\\/\\\/stage3.rnv.gob.ve\\\/wp\\\/#organization\"},\"image\":{\"@id\":\"https:\\\/\\\/stage3.rnv.gob.ve\\\/wp\\\/segunda-consulta-popular-profundizo-las-bases-de-la-democracia-participativa-y-protagonica\\\/#primaryimage\"},\"thumbnailUrl\":\"https:\\\/\\\/stage3.rnv.gob.ve\\\/wp\\\/wp-content\\\/uploads\\\/2024\\\/08\\\/saul-ortega-1.jpg\",\"keywords\":[\"Consulta Popular Nacional\",\"Segunda Consulta Popular\",\"Soberano en Positivo\"],\"articleSection\":[\"Pol\u00edtica\"],\"inLanguage\":\"es\"},{\"@type\":\"WebPage\",\"@id\":\"https:\\\/\\\/stage3.rnv.gob.ve\\\/wp\\\/segunda-consulta-popular-profundizo-las-bases-de-la-democracia-participativa-y-protagonica\\\/\",\"url\":\"https:\\\/\\\/stage3.rnv.gob.ve\\\/wp\\\/segunda-consulta-popular-profundizo-las-bases-de-la-democracia-participativa-y-protagonica\\\/\",\"name\":\"Segunda Consulta Popular profundiz\u00f3 las bases de la democracia participativa y protag\u00f3nica - DEV RNV\",\"isPartOf\":{\"@id\":\"https:\\\/\\\/stage3.rnv.gob.ve\\\/wp\\\/#website\"},\"primaryImageOfPage\":{\"@id\":\"https:\\\/\\\/stage3.rnv.gob.ve\\\/wp\\\/segunda-consulta-popular-profundizo-las-bases-de-la-democracia-participativa-y-protagonica\\\/#primaryimage\"},\"image\":{\"@id\":\"https:\\\/\\\/stage3.rnv.gob.ve\\\/wp\\\/segunda-consulta-popular-profundizo-las-bases-de-la-democracia-participativa-y-protagonica\\\/#primaryimage\"},\"thumbnailUrl\":\"https:\\\/\\\/stage3.rnv.gob.ve\\\/wp\\\/wp-content\\\/uploads\\\/2024\\\/08\\\/saul-ortega-1.jpg\",\"datePublished\":\"2024-08-29T01:30:53+00:00\",\"dateModified\":\"2024-08-29T01:31:27+00:00\",\"description\":\"La Segunda Consulta Popular Nacional que se realiz\u00f3 este domingo 25 de agosto, en la que m\u00e1s de 4 mil 500 circuitos comunales eligieron los proyectos que se van a desarrollar dentro de sus sectores, con el apoyo del Gobierno Bolivariano, ha profundizado la democracia participativa y protag\u00f3nica.\",\"breadcrumb\":{\"@id\":\"https:\\\/\\\/stage3.rnv.gob.ve\\\/wp\\\/segunda-consulta-popular-profundizo-las-bases-de-la-democracia-participativa-y-protagonica\\\/#breadcrumb\"},\"inLanguage\":\"es\",\"potentialAction\":[{\"@type\":\"ReadAction\",\"target\":[\"https:\\\/\\\/stage3.rnv.gob.ve\\\/wp\\\/segunda-consulta-popular-profundizo-las-bases-de-la-democracia-participativa-y-protagonica\\\/\"]}]},{\"@type\":\"ImageObject\",\"inLanguage\":\"es\",\"@id\":\"https:\\\/\\\/stage3.rnv.gob.ve\\\/wp\\\/segunda-consulta-popular-profundizo-las-bases-de-la-democracia-participativa-y-protagonica\\\/#primaryimage\",\"url\":\"https:\\\/\\\/stage3.rnv.gob.ve\\\/wp\\\/wp-content\\\/uploads\\\/2024\\\/08\\\/saul-ortega-1.jpg\",\"contentUrl\":\"https:\\\/\\\/stage3.rnv.gob.ve\\\/wp\\\/wp-content\\\/uploads\\\/2024\\\/08\\\/saul-ortega-1.jpg\",\"width\":1040,\"height\":780},{\"@type\":\"BreadcrumbList\",\"@id\":\"https:\\\/\\\/stage3.rnv.gob.ve\\\/wp\\\/segunda-consulta-popular-profundizo-las-bases-de-la-democracia-participativa-y-protagonica\\\/#breadcrumb\",\"itemListElement\":[{\"@type\":\"ListItem\",\"position\":1,\"name\":\"Portada\",\"item\":\"https:\\\/\\\/stage3.rnv.gob.ve\\\/wp\\\/\"},{\"@type\":\"ListItem\",\"position\":2,\"name\":\"Segunda Consulta Popular Profundiz\u00f3 Las Bases De La Democracia Participativa Y Protag\u00f3nica\"}]},{\"@type\":\"WebSite\",\"@id\":\"https:\\\/\\\/stage3.rnv.gob.ve\\\/wp\\\/#website\",\"url\":\"https:\\\/\\\/stage3.rnv.gob.ve\\\/wp\\\/\",\"name\":\"DEV RNV\",\"description\":\"Radio Nacional de Venezuela C.A.\",\"publisher\":{\"@id\":\"https:\\\/\\\/stage3.rnv.gob.ve\\\/wp\\\/#organization\"},\"potentialAction\":[{\"@type\":\"SearchAction\",\"target\":{\"@type\":\"EntryPoint\",\"urlTemplate\":\"https:\\\/\\\/stage3.rnv.gob.ve\\\/wp\\\/?s={search_term_string}\"},\"query-input\":{\"@type\":\"PropertyValueSpecification\",\"valueRequired\":true,\"valueName\":\"search_term_string\"}}],\"inLanguage\":\"es\"},{\"@type\":\"Organization\",\"@id\":\"https:\\\/\\\/stage3.rnv.gob.ve\\\/wp\\\/#organization\",\"name\":\"Radio Nacional de Venezuela C.A.\",\"url\":\"https:\\\/\\\/stage3.rnv.gob.ve\\\/wp\\\/\",\"logo\":{\"@type\":\"ImageObject\",\"inLanguage\":\"es\",\"@id\":\"https:\\\/\\\/stage3.rnv.gob.ve\\\/wp\\\/#\\\/schema\\\/logo\\\/image\\\/\",\"url\":\"http:\\\/\\\/rnv.ddns.net\\\/prensa\\\/wp-content\\\/uploads\\\/2022\\\/04\\\/rnv-1-300x227-1.jpg\",\"contentUrl\":\"http:\\\/\\\/rnv.ddns.net\\\/prensa\\\/wp-content\\\/uploads\\\/2022\\\/04\\\/rnv-1-300x227-1.jpg\",\"width\":800,\"height\":455,\"caption\":\"Radio Nacional de Venezuela C.A.\"},\"image\":{\"@id\":\"https:\\\/\\\/stage3.rnv.gob.ve\\\/wp\\\/#\\\/schema\\\/logo\\\/image\\\/\"},\"sameAs\":[\"https:\\\/\\\/www.facebook.com\\\/RadioNacionaldeVenezuela\",\"https:\\\/\\\/x.com\\\/RNVinformativa\",\"https:\\\/\\\/www.instagram.com\\\/rnvinformativa\\\/\",\"https:\\\/\\\/www.youtube.com\\\/user\\\/RNVContigo\"]},{\"@type\":\"Person\",\"@id\":\"https:\\\/\\\/stage3.rnv.gob.ve\\\/wp\\\/#\\\/schema\\\/person\\\/b04f077485d4e004e355dd829c37feaa\",\"name\":\"Nora Andrade\",\"url\":\"https:\\\/\\\/stage3.rnv.gob.ve\\\/wp\\\/author\\\/nora_andrade\\\/\"}]}<\/script>\n<!-- \/ Yoast SEO plugin. -->","yoast_head_json":{"title":"Segunda Consulta Popular profundiz\u00f3 las bases de la democracia participativa y protag\u00f3nica - DEV RNV","description":"La Segunda Consulta Popular Nacional que se realiz\u00f3 este domingo 25 de agosto, en la que m\u00e1s de 4 mil 500 circuitos comunales eligieron los proyectos que se van a desarrollar dentro de sus sectores, con el apoyo del Gobierno Bolivariano, ha profundizado la democracia participativa y protag\u00f3nica.","robots":{"index":"noindex","follow":"follow","max-snippet":"max-snippet:-1","max-image-preview":"max-image-preview:large","max-video-preview":"max-video-preview:-1"},"og_locale":"es_ES","og_type":"article","og_title":"Segunda Consulta Popular profundiz\u00f3 las bases de la democracia participativa y protag\u00f3nica - DEV RNV","og_description":"La Segunda Consulta Popular Nacional que se realiz\u00f3 este domingo 25 de agosto, en la que m\u00e1s de 4 mil 500 circuitos comunales eligieron los proyectos que se van a desarrollar dentro de sus sectores, con el apoyo del Gobierno Bolivariano, ha profundizado la democracia participativa y protag\u00f3nica.","og_url":"https:\/\/stage3.rnv.gob.ve\/wp\/segunda-consulta-popular-profundizo-las-bases-de-la-democracia-participativa-y-protagonica\/","og_site_name":"DEV RNV","article_publisher":"https:\/\/www.facebook.com\/RadioNacionaldeVenezuela","article_published_time":"2024-08-29T01:30:53+00:00","article_modified_time":"2024-08-29T01:31:27+00:00","og_image":[{"width":1040,"height":780,"url":"https:\/\/stage3.rnv.gob.ve\/wp\/wp-content\/uploads\/2024\/08\/saul-ortega-1.jpg","type":"image\/jpeg"}],"author":"Nora Andrade","twitter_card":"summary_large_image","twitter_creator":"@RNVinformativa","twitter_site":"@RNVinformativa","twitter_misc":{"Escrito por":"Nora Andrade","Tiempo estimado de lectura":"2 minutos"},"schema":{"@context":"https:\/\/schema.org","@graph":[{"@type":"Article","@id":"https:\/\/stage3.rnv.gob.ve\/wp\/segunda-consulta-popular-profundizo-las-bases-de-la-democracia-participativa-y-protagonica\/#article","isPartOf":{"@id":"https:\/\/stage3.rnv.gob.ve\/wp\/segunda-consulta-popular-profundizo-las-bases-de-la-democracia-participativa-y-protagonica\/"},"author":{"name":"Nora Andrade","@id":"https:\/\/stage3.rnv.gob.ve\/wp\/#\/schema\/person\/b04f077485d4e004e355dd829c37feaa"},"headline":"Segunda Consulta Popular profundiz\u00f3 las bases de la democracia participativa y protag\u00f3nica","datePublished":"2024-08-29T01:30:53+00:00","dateModified":"2024-08-29T01:31:27+00:00","mainEntityOfPage":{"@id":"https:\/\/stage3.rnv.gob.ve\/wp\/segunda-consulta-popular-profundizo-las-bases-de-la-democracia-participativa-y-protagonica\/"},"wordCount":334,"publisher":{"@id":"https:\/\/stage3.rnv.gob.ve\/wp\/#organization"},"image":{"@id":"https:\/\/stage3.rnv.gob.ve\/wp\/segunda-consulta-popular-profundizo-las-bases-de-la-democracia-participativa-y-protagonica\/#primaryimage"},"thumbnailUrl":"https:\/\/stage3.rnv.gob.ve\/wp\/wp-content\/uploads\/2024\/08\/saul-ortega-1.jpg","keywords":["Consulta Popular Nacional","Segunda Consulta Popular","Soberano en Positivo"],"articleSection":["Pol\u00edtica"],"inLanguage":"es"},{"@type":"WebPage","@id":"https:\/\/stage3.rnv.gob.ve\/wp\/segunda-consulta-popular-profundizo-las-bases-de-la-democracia-participativa-y-protagonica\/","url":"https:\/\/stage3.rnv.gob.ve\/wp\/segunda-consulta-popular-profundizo-las-bases-de-la-democracia-participativa-y-protagonica\/","name":"Segunda Consulta Popular profundiz\u00f3 las bases de la democracia participativa y protag\u00f3nica - DEV RNV","isPartOf":{"@id":"https:\/\/stage3.rnv.gob.ve\/wp\/#website"},"primaryImageOfPage":{"@id":"https:\/\/stage3.rnv.gob.ve\/wp\/segunda-consulta-popular-profundizo-las-bases-de-la-democracia-participativa-y-protagonica\/#primaryimage"},"image":{"@id":"https:\/\/stage3.rnv.gob.ve\/wp\/segunda-consulta-popular-profundizo-las-bases-de-la-democracia-participativa-y-protagonica\/#primaryimage"},"thumbnailUrl":"https:\/\/stage3.rnv.gob.ve\/wp\/wp-content\/uploads\/2024\/08\/saul-ortega-1.jpg","datePublished":"2024-08-29T01:30:53+00:00","dateModified":"2024-08-29T01:31:27+00:00","description":"La Segunda Consulta Popular Nacional que se realiz\u00f3 este domingo 25 de agosto, en la que m\u00e1s de 4 mil 500 circuitos comunales eligieron los proyectos que se van a desarrollar dentro de sus sectores, con el apoyo del Gobierno Bolivariano, ha profundizado la democracia participativa y protag\u00f3nica.","breadcrumb":{"@id":"https:\/\/stage3.rnv.gob.ve\/wp\/segunda-consulta-popular-profundizo-las-bases-de-la-democracia-participativa-y-protagonica\/#breadcrumb"},"inLanguage":"es","potentialAction":[{"@type":"ReadAction","target":["https:\/\/stage3.rnv.gob.ve\/wp\/segunda-consulta-popular-profundizo-las-bases-de-la-democracia-participativa-y-protagonica\/"]}]},{"@type":"ImageObject","inLanguage":"es","@id":"https:\/\/stage3.rnv.gob.ve\/wp\/segunda-consulta-popular-profundizo-las-bases-de-la-democracia-participativa-y-protagonica\/#primaryimage","url":"https:\/\/stage3.rnv.gob.ve\/wp\/wp-content\/uploads\/2024\/08\/saul-ortega-1.jpg","contentUrl":"https:\/\/stage3.rnv.gob.ve\/wp\/wp-content\/uploads\/2024\/08\/saul-ortega-1.jpg","width":1040,"height":780},{"@type":"BreadcrumbList","@id":"https:\/\/stage3.rnv.gob.ve\/wp\/segunda-consulta-popular-profundizo-las-bases-de-la-democracia-participativa-y-protagonica\/#breadcrumb","itemListElement":[{"@type":"ListItem","position":1,"name":"Portada","item":"https:\/\/stage3.rnv.gob.ve\/wp\/"},{"@type":"ListItem","position":2,"name":"Segunda Consulta Popular Profundiz\u00f3 Las Bases De La Democracia Participativa Y Protag\u00f3nica"}]},{"@type":"WebSite","@id":"https:\/\/stage3.rnv.gob.ve\/wp\/#website","url":"https:\/\/stage3.rnv.gob.ve\/wp\/","name":"DEV RNV","description":"Radio Nacional de Venezuela C.A.","publisher":{"@id":"https:\/\/stage3.rnv.gob.ve\/wp\/#organization"},"potentialAction":[{"@type":"SearchAction","target":{"@type":"EntryPoint","urlTemplate":"https:\/\/stage3.rnv.gob.ve\/wp\/?s={search_term_string}"},"query-input":{"@type":"PropertyValueSpecification","valueRequired":true,"valueName":"search_term_string"}}],"inLanguage":"es"},{"@type":"Organization","@id":"https:\/\/stage3.rnv.gob.ve\/wp\/#organization","name":"Radio Nacional de Venezuela C.A.","url":"https:\/\/stage3.rnv.gob.ve\/wp\/","logo":{"@type":"ImageObject","inLanguage":"es","@id":"https:\/\/stage3.rnv.gob.ve\/wp\/#\/schema\/logo\/image\/","url":"http:\/\/rnv.ddns.net\/prensa\/wp-content\/uploads\/2022\/04\/rnv-1-300x227-1.jpg","contentUrl":"http:\/\/rnv.ddns.net\/prensa\/wp-content\/uploads\/2022\/04\/rnv-1-300x227-1.jpg","width":800,"height":455,"caption":"Radio Nacional de Venezuela C.A."},"image":{"@id":"https:\/\/stage3.rnv.gob.ve\/wp\/#\/schema\/logo\/image\/"},"sameAs":["https:\/\/www.facebook.com\/RadioNacionaldeVenezuela","https:\/\/x.com\/RNVinformativa","https:\/\/www.instagram.com\/rnvinformativa\/","https:\/\/www.youtube.com\/user\/RNVContigo"]},{"@type":"Person","@id":"https:\/\/stage3.rnv.gob.ve\/wp\/#\/schema\/person\/b04f077485d4e004e355dd829c37feaa","name":"Nora Andrade","url":"https:\/\/stage3.rnv.gob.ve\/wp\/author\/nora_andrade\/"}]}},"jetpack_featured_media_url":"https:\/\/stage3.rnv.gob.ve\/wp\/wp-content\/uploads\/2024\/08\/saul-ortega-1.jpg","_links":{"self":[{"href":"https:\/\/stage3.rnv.gob.ve\/wp\/wp-json\/wp\/v2\/posts\/382175","targetHints":{"allow":["GET"]}}],"collection":[{"href":"https:\/\/stage3.rnv.gob.ve\/wp\/wp-json\/wp\/v2\/posts"}],"about":[{"href":"https:\/\/stage3.rnv.gob.ve\/wp\/wp-json\/wp\/v2\/types\/post"}],"author":[{"embeddable":true,"href":"https:\/\/stage3.rnv.gob.ve\/wp\/wp-json\/wp\/v2\/users\/18"}],"replies":[{"embeddable":true,"href":"https:\/\/stage3.rnv.gob.ve\/wp\/wp-json\/wp\/v2\/comments?post=382175"}],"version-history":[{"count":0,"href":"https:\/\/stage3.rnv.gob.ve\/wp\/wp-json\/wp\/v2\/posts\/382175\/revisions"}],"wp:featuredmedia":[{"embeddable":true,"href":"https:\/\/stage3.rnv.gob.ve\/wp\/wp-json\/wp\/v2\/media\/382176"}],"wp:attachment":[{"href":"https:\/\/stage3.rnv.gob.ve\/wp\/wp-json\/wp\/v2\/media?parent=382175"}],"wp:term":[{"taxonomy":"category","embeddable":true,"href":"https:\/\/stage3.rnv.gob.ve\/wp\/wp-json\/wp\/v2\/categories?post=382175"},{"taxonomy":"post_tag","embeddable":true,"href":"https:\/\/stage3.rnv.gob.ve\/wp\/wp-json\/wp\/v2\/tags?post=382175"}],"curies":[{"name":"wp","href":"https:\/\/api.w.org\/{rel}","templated":true}]}}