{"id":382169,"date":"2024-08-28T18:44:02","date_gmt":"2024-08-28T22:44:02","guid":{"rendered":"https:\/\/stage3.rnv.gob.ve\/wp\/prensa\/?p=382169"},"modified":"2026-04-14T21:49:14","modified_gmt":"2026-04-15T01:49:14","slug":"inauguran-el-primer-laboratorio-genetico-de-plantas-del-centro-de-biotecnologia-agricola-del-ivic","status":"publish","type":"post","link":"https:\/\/stage3.rnv.gob.ve\/wp\/inauguran-el-primer-laboratorio-genetico-de-plantas-del-centro-de-biotecnologia-agricola-del-ivic\/","title":{"rendered":"Inauguran el primer laboratorio gen\u00e9tico de plantas del Centro de Biotecnolog\u00eda Agr\u00edcola del IVIC"},"content":{"rendered":"<p>El presidente de la Rep\u00fablica Bolivariana de Venezuela, Nicol\u00e1s Maduro, inaugur\u00f3 este mi\u00e9rcoles el primer laboratorio gen\u00e9tico de plantas del Centro de Biotecnolog\u00eda Agr\u00edcola del Instituto Venezolano de Investigaciones Cient\u00edficas (IVIC).<\/p>\n<p>Desde el Centro de Biotecnolog\u00eda Agr\u00edcola Dr. Humberto Fern\u00e1ndez Mor\u00e1n, el subdirector del IVIC, Dr. David Coll, se\u00f1al\u00f3 al jefe de Estado que este centro \u201ccuenta con cinco laboratorios para realizar investigaciones cient\u00edficas relacionadas con la nutrici\u00f3n, sanidad y reproducci\u00f3n animal, as\u00ed como tambi\u00e9n medios de cultivos y el mejoramiento gen\u00e9tico de plantas\u201d.<\/p>\n<p>Este laboratorio est\u00e1 conformado por investigadores j\u00f3venes en distintas \u00e1reas multidisciplinarias, y sus l\u00edneas de trabajo est\u00e1n orientadas hacia el mejoramiento gen\u00e9tico de plantas con fines agr\u00edcolas para garantizar su preservaci\u00f3n y reproducci\u00f3n.<\/p>\n<p>\u201cTodo esto con el fin de crear plantas m\u00e1s tolerantes y resistentes a enfermedades, condiciones adversas del medio ambiente como la sequ\u00eda o la alta salinidad, entre otras, asociadas al cambio clim\u00e1tico\u201d, se\u00f1al\u00f3 el Dr. Coll.<\/p>\n<p>El personal especializado que labora en estos espacios reci\u00e9n inaugurados, tiene el compromiso de contribuir en el fortalecimiento de la producci\u00f3n agr\u00edcola nacional, as\u00ed como en la independencia tecnol\u00f3gica, la seguridad y soberan\u00eda alimentaria, para afianzar la alianza cient\u00edfica campesina.<\/p>\n<p><strong>T\/VTV<\/strong><\/p>\n","protected":false},"excerpt":{"rendered":"<p>El presidente de la Rep\u00fablica Bolivariana de Venezuela, Nicol\u00e1s Maduro, inaugur\u00f3 este mi\u00e9rcoles el primer laboratorio gen\u00e9tico de plantas del Centro de Biotecnolog\u00eda Agr\u00edcola del Instituto Venezolano de Investigaciones Cient\u00edficas (IVIC). Desde el Centro de Biotecnolog\u00eda Agr\u00edcola Dr. Humberto Fern\u00e1ndez Mor\u00e1n, el subdirector del IVIC, Dr. David Coll, se\u00f1al\u00f3 al jefe de Estado que este [&hellip;]<\/p>\n","protected":false},"author":18,"featured_media":382170,"comment_status":"closed","ping_status":"closed","sticky":false,"template":"","format":"standard","meta":{"_acf_changed":false,"footnotes":""},"categories":[73,57],"tags":[37639,1223],"class_list":["post-382169","post","type-post","status-publish","format-standard","has-post-thumbnail","hentry","category-ciencia-y-tecnologia","category-destacado","tag-centro-de-biotecnologia-agricola","tag-ivic"],"acf":[],"yoast_head":"<!-- This site is optimized with the Yoast SEO plugin v27.4 - https:\/\/yoast.com\/product\/yoast-seo-wordpress\/ -->\n<title>Inauguran el primer laboratorio gen\u00e9tico de plantas del Centro de Biotecnolog\u00eda Agr\u00edcola del IVIC - DEV RNV<\/title>\n<meta name=\"description\" content=\"El presidente de la Rep\u00fablica Bolivariana de Venezuela, Nicol\u00e1s Maduro, inaugur\u00f3 este mi\u00e9rcoles el primer laboratorio gen\u00e9tico de plantas del Centro de Biotecnolog\u00eda Agr\u00edcola del Instituto Venezolano de Investigaciones Cient\u00edficas (IVIC).\" \/>\n<meta name=\"robots\" content=\"noindex, follow, max-snippet:-1, max-image-preview:large, max-video-preview:-1\" \/>\n<meta property=\"og:locale\" content=\"es_ES\" \/>\n<meta property=\"og:type\" content=\"article\" \/>\n<meta property=\"og:title\" content=\"Inauguran el primer laboratorio gen\u00e9tico de plantas del Centro de Biotecnolog\u00eda Agr\u00edcola del IVIC - DEV RNV\" \/>\n<meta property=\"og:description\" content=\"El presidente de la Rep\u00fablica Bolivariana de Venezuela, Nicol\u00e1s Maduro, inaugur\u00f3 este mi\u00e9rcoles el primer laboratorio gen\u00e9tico de plantas del Centro de Biotecnolog\u00eda Agr\u00edcola del Instituto Venezolano de Investigaciones Cient\u00edficas (IVIC).\" \/>\n<meta property=\"og:url\" content=\"https:\/\/stage3.rnv.gob.ve\/wp\/inauguran-el-primer-laboratorio-genetico-de-plantas-del-centro-de-biotecnologia-agricola-del-ivic\/\" \/>\n<meta property=\"og:site_name\" content=\"DEV RNV\" \/>\n<meta property=\"article:publisher\" content=\"https:\/\/www.facebook.com\/RadioNacionaldeVenezuela\" \/>\n<meta property=\"article:published_time\" content=\"2024-08-28T22:44:02+00:00\" \/>\n<meta property=\"article:modified_time\" content=\"2026-04-15T01:49:14+00:00\" \/>\n<meta property=\"og:image\" content=\"https:\/\/stage3.rnv.gob.ve\/wp\/wp-content\/uploads\/2024\/08\/Laboratorio-genetico.jpg\" \/>\n\t<meta property=\"og:image:width\" content=\"800\" \/>\n\t<meta property=\"og:image:height\" content=\"445\" \/>\n\t<meta property=\"og:image:type\" content=\"image\/jpeg\" \/>\n<meta name=\"author\" content=\"Nora Andrade\" \/>\n<meta name=\"twitter:card\" content=\"summary_large_image\" \/>\n<meta name=\"twitter:creator\" content=\"@RNVinformativa\" \/>\n<meta name=\"twitter:site\" content=\"@RNVinformativa\" \/>\n<meta name=\"twitter:label1\" content=\"Escrito por\" \/>\n\t<meta name=\"twitter:data1\" content=\"Nora Andrade\" \/>\n\t<meta name=\"twitter:label2\" content=\"Tiempo estimado de lectura\" \/>\n\t<meta name=\"twitter:data2\" content=\"2 minutos\" \/>\n<script type=\"application\/ld+json\" class=\"yoast-schema-graph\">{\"@context\":\"https:\\\/\\\/schema.org\",\"@graph\":[{\"@type\":\"Article\",\"@id\":\"https:\\\/\\\/stage3.rnv.gob.ve\\\/wp\\\/inauguran-el-primer-laboratorio-genetico-de-plantas-del-centro-de-biotecnologia-agricola-del-ivic\\\/#article\",\"isPartOf\":{\"@id\":\"https:\\\/\\\/stage3.rnv.gob.ve\\\/wp\\\/inauguran-el-primer-laboratorio-genetico-de-plantas-del-centro-de-biotecnologia-agricola-del-ivic\\\/\"},\"author\":{\"name\":\"Nora Andrade\",\"@id\":\"https:\\\/\\\/stage3.rnv.gob.ve\\\/wp\\\/#\\\/schema\\\/person\\\/b04f077485d4e004e355dd829c37feaa\"},\"headline\":\"Inauguran el primer laboratorio gen\u00e9tico de plantas del Centro de Biotecnolog\u00eda Agr\u00edcola del IVIC\",\"datePublished\":\"2024-08-28T22:44:02+00:00\",\"dateModified\":\"2026-04-15T01:49:14+00:00\",\"mainEntityOfPage\":{\"@id\":\"https:\\\/\\\/stage3.rnv.gob.ve\\\/wp\\\/inauguran-el-primer-laboratorio-genetico-de-plantas-del-centro-de-biotecnologia-agricola-del-ivic\\\/\"},\"wordCount\":246,\"publisher\":{\"@id\":\"https:\\\/\\\/stage3.rnv.gob.ve\\\/wp\\\/#organization\"},\"image\":{\"@id\":\"https:\\\/\\\/stage3.rnv.gob.ve\\\/wp\\\/inauguran-el-primer-laboratorio-genetico-de-plantas-del-centro-de-biotecnologia-agricola-del-ivic\\\/#primaryimage\"},\"thumbnailUrl\":\"https:\\\/\\\/stage3.rnv.gob.ve\\\/wp\\\/wp-content\\\/uploads\\\/2024\\\/08\\\/Laboratorio-genetico.jpg\",\"keywords\":[\"Centro de Biotecnolog\u00eda Agr\u00edcola\",\"ivic\"],\"articleSection\":[\"Ciencia y Tecnolog\u00eda\",\"Destacado\"],\"inLanguage\":\"es\"},{\"@type\":\"WebPage\",\"@id\":\"https:\\\/\\\/stage3.rnv.gob.ve\\\/wp\\\/inauguran-el-primer-laboratorio-genetico-de-plantas-del-centro-de-biotecnologia-agricola-del-ivic\\\/\",\"url\":\"https:\\\/\\\/stage3.rnv.gob.ve\\\/wp\\\/inauguran-el-primer-laboratorio-genetico-de-plantas-del-centro-de-biotecnologia-agricola-del-ivic\\\/\",\"name\":\"Inauguran el primer laboratorio gen\u00e9tico de plantas del Centro de Biotecnolog\u00eda Agr\u00edcola del IVIC - DEV RNV\",\"isPartOf\":{\"@id\":\"https:\\\/\\\/stage3.rnv.gob.ve\\\/wp\\\/#website\"},\"primaryImageOfPage\":{\"@id\":\"https:\\\/\\\/stage3.rnv.gob.ve\\\/wp\\\/inauguran-el-primer-laboratorio-genetico-de-plantas-del-centro-de-biotecnologia-agricola-del-ivic\\\/#primaryimage\"},\"image\":{\"@id\":\"https:\\\/\\\/stage3.rnv.gob.ve\\\/wp\\\/inauguran-el-primer-laboratorio-genetico-de-plantas-del-centro-de-biotecnologia-agricola-del-ivic\\\/#primaryimage\"},\"thumbnailUrl\":\"https:\\\/\\\/stage3.rnv.gob.ve\\\/wp\\\/wp-content\\\/uploads\\\/2024\\\/08\\\/Laboratorio-genetico.jpg\",\"datePublished\":\"2024-08-28T22:44:02+00:00\",\"dateModified\":\"2026-04-15T01:49:14+00:00\",\"description\":\"El presidente de la Rep\u00fablica Bolivariana de Venezuela, Nicol\u00e1s Maduro, inaugur\u00f3 este mi\u00e9rcoles el primer laboratorio gen\u00e9tico de plantas del Centro de Biotecnolog\u00eda Agr\u00edcola del Instituto Venezolano de Investigaciones Cient\u00edficas (IVIC).\",\"breadcrumb\":{\"@id\":\"https:\\\/\\\/stage3.rnv.gob.ve\\\/wp\\\/inauguran-el-primer-laboratorio-genetico-de-plantas-del-centro-de-biotecnologia-agricola-del-ivic\\\/#breadcrumb\"},\"inLanguage\":\"es\",\"potentialAction\":[{\"@type\":\"ReadAction\",\"target\":[\"https:\\\/\\\/stage3.rnv.gob.ve\\\/wp\\\/inauguran-el-primer-laboratorio-genetico-de-plantas-del-centro-de-biotecnologia-agricola-del-ivic\\\/\"]}]},{\"@type\":\"ImageObject\",\"inLanguage\":\"es\",\"@id\":\"https:\\\/\\\/stage3.rnv.gob.ve\\\/wp\\\/inauguran-el-primer-laboratorio-genetico-de-plantas-del-centro-de-biotecnologia-agricola-del-ivic\\\/#primaryimage\",\"url\":\"https:\\\/\\\/stage3.rnv.gob.ve\\\/wp\\\/wp-content\\\/uploads\\\/2024\\\/08\\\/Laboratorio-genetico.jpg\",\"contentUrl\":\"https:\\\/\\\/stage3.rnv.gob.ve\\\/wp\\\/wp-content\\\/uploads\\\/2024\\\/08\\\/Laboratorio-genetico.jpg\",\"width\":800,\"height\":445},{\"@type\":\"BreadcrumbList\",\"@id\":\"https:\\\/\\\/stage3.rnv.gob.ve\\\/wp\\\/inauguran-el-primer-laboratorio-genetico-de-plantas-del-centro-de-biotecnologia-agricola-del-ivic\\\/#breadcrumb\",\"itemListElement\":[{\"@type\":\"ListItem\",\"position\":1,\"name\":\"Portada\",\"item\":\"https:\\\/\\\/stage3.rnv.gob.ve\\\/wp\\\/\"},{\"@type\":\"ListItem\",\"position\":2,\"name\":\"Inauguran El Primer Laboratorio Gen\u00e9tico De Plantas Del Centro De Biotecnolog\u00eda Agr\u00edcola Del Ivic\"}]},{\"@type\":\"WebSite\",\"@id\":\"https:\\\/\\\/stage3.rnv.gob.ve\\\/wp\\\/#website\",\"url\":\"https:\\\/\\\/stage3.rnv.gob.ve\\\/wp\\\/\",\"name\":\"DEV RNV\",\"description\":\"Radio Nacional de Venezuela C.A.\",\"publisher\":{\"@id\":\"https:\\\/\\\/stage3.rnv.gob.ve\\\/wp\\\/#organization\"},\"potentialAction\":[{\"@type\":\"SearchAction\",\"target\":{\"@type\":\"EntryPoint\",\"urlTemplate\":\"https:\\\/\\\/stage3.rnv.gob.ve\\\/wp\\\/?s={search_term_string}\"},\"query-input\":{\"@type\":\"PropertyValueSpecification\",\"valueRequired\":true,\"valueName\":\"search_term_string\"}}],\"inLanguage\":\"es\"},{\"@type\":\"Organization\",\"@id\":\"https:\\\/\\\/stage3.rnv.gob.ve\\\/wp\\\/#organization\",\"name\":\"Radio Nacional de Venezuela C.A.\",\"url\":\"https:\\\/\\\/stage3.rnv.gob.ve\\\/wp\\\/\",\"logo\":{\"@type\":\"ImageObject\",\"inLanguage\":\"es\",\"@id\":\"https:\\\/\\\/stage3.rnv.gob.ve\\\/wp\\\/#\\\/schema\\\/logo\\\/image\\\/\",\"url\":\"http:\\\/\\\/rnv.ddns.net\\\/prensa\\\/wp-content\\\/uploads\\\/2022\\\/04\\\/rnv-1-300x227-1.jpg\",\"contentUrl\":\"http:\\\/\\\/rnv.ddns.net\\\/prensa\\\/wp-content\\\/uploads\\\/2022\\\/04\\\/rnv-1-300x227-1.jpg\",\"width\":800,\"height\":455,\"caption\":\"Radio Nacional de Venezuela C.A.\"},\"image\":{\"@id\":\"https:\\\/\\\/stage3.rnv.gob.ve\\\/wp\\\/#\\\/schema\\\/logo\\\/image\\\/\"},\"sameAs\":[\"https:\\\/\\\/www.facebook.com\\\/RadioNacionaldeVenezuela\",\"https:\\\/\\\/x.com\\\/RNVinformativa\",\"https:\\\/\\\/www.instagram.com\\\/rnvinformativa\\\/\",\"https:\\\/\\\/www.youtube.com\\\/user\\\/RNVContigo\"]},{\"@type\":\"Person\",\"@id\":\"https:\\\/\\\/stage3.rnv.gob.ve\\\/wp\\\/#\\\/schema\\\/person\\\/b04f077485d4e004e355dd829c37feaa\",\"name\":\"Nora Andrade\",\"url\":\"https:\\\/\\\/stage3.rnv.gob.ve\\\/wp\\\/author\\\/nora_andrade\\\/\"}]}<\/script>\n<!-- \/ Yoast SEO plugin. -->","yoast_head_json":{"title":"Inauguran el primer laboratorio gen\u00e9tico de plantas del Centro de Biotecnolog\u00eda Agr\u00edcola del IVIC - DEV RNV","description":"El presidente de la Rep\u00fablica Bolivariana de Venezuela, Nicol\u00e1s Maduro, inaugur\u00f3 este mi\u00e9rcoles el primer laboratorio gen\u00e9tico de plantas del Centro de Biotecnolog\u00eda Agr\u00edcola del Instituto Venezolano de Investigaciones Cient\u00edficas (IVIC).","robots":{"index":"noindex","follow":"follow","max-snippet":"max-snippet:-1","max-image-preview":"max-image-preview:large","max-video-preview":"max-video-preview:-1"},"og_locale":"es_ES","og_type":"article","og_title":"Inauguran el primer laboratorio gen\u00e9tico de plantas del Centro de Biotecnolog\u00eda Agr\u00edcola del IVIC - DEV RNV","og_description":"El presidente de la Rep\u00fablica Bolivariana de Venezuela, Nicol\u00e1s Maduro, inaugur\u00f3 este mi\u00e9rcoles el primer laboratorio gen\u00e9tico de plantas del Centro de Biotecnolog\u00eda Agr\u00edcola del Instituto Venezolano de Investigaciones Cient\u00edficas (IVIC).","og_url":"https:\/\/stage3.rnv.gob.ve\/wp\/inauguran-el-primer-laboratorio-genetico-de-plantas-del-centro-de-biotecnologia-agricola-del-ivic\/","og_site_name":"DEV RNV","article_publisher":"https:\/\/www.facebook.com\/RadioNacionaldeVenezuela","article_published_time":"2024-08-28T22:44:02+00:00","article_modified_time":"2026-04-15T01:49:14+00:00","og_image":[{"width":800,"height":445,"url":"https:\/\/stage3.rnv.gob.ve\/wp\/wp-content\/uploads\/2024\/08\/Laboratorio-genetico.jpg","type":"image\/jpeg"}],"author":"Nora Andrade","twitter_card":"summary_large_image","twitter_creator":"@RNVinformativa","twitter_site":"@RNVinformativa","twitter_misc":{"Escrito por":"Nora Andrade","Tiempo estimado de lectura":"2 minutos"},"schema":{"@context":"https:\/\/schema.org","@graph":[{"@type":"Article","@id":"https:\/\/stage3.rnv.gob.ve\/wp\/inauguran-el-primer-laboratorio-genetico-de-plantas-del-centro-de-biotecnologia-agricola-del-ivic\/#article","isPartOf":{"@id":"https:\/\/stage3.rnv.gob.ve\/wp\/inauguran-el-primer-laboratorio-genetico-de-plantas-del-centro-de-biotecnologia-agricola-del-ivic\/"},"author":{"name":"Nora Andrade","@id":"https:\/\/stage3.rnv.gob.ve\/wp\/#\/schema\/person\/b04f077485d4e004e355dd829c37feaa"},"headline":"Inauguran el primer laboratorio gen\u00e9tico de plantas del Centro de Biotecnolog\u00eda Agr\u00edcola del IVIC","datePublished":"2024-08-28T22:44:02+00:00","dateModified":"2026-04-15T01:49:14+00:00","mainEntityOfPage":{"@id":"https:\/\/stage3.rnv.gob.ve\/wp\/inauguran-el-primer-laboratorio-genetico-de-plantas-del-centro-de-biotecnologia-agricola-del-ivic\/"},"wordCount":246,"publisher":{"@id":"https:\/\/stage3.rnv.gob.ve\/wp\/#organization"},"image":{"@id":"https:\/\/stage3.rnv.gob.ve\/wp\/inauguran-el-primer-laboratorio-genetico-de-plantas-del-centro-de-biotecnologia-agricola-del-ivic\/#primaryimage"},"thumbnailUrl":"https:\/\/stage3.rnv.gob.ve\/wp\/wp-content\/uploads\/2024\/08\/Laboratorio-genetico.jpg","keywords":["Centro de Biotecnolog\u00eda Agr\u00edcola","ivic"],"articleSection":["Ciencia y Tecnolog\u00eda","Destacado"],"inLanguage":"es"},{"@type":"WebPage","@id":"https:\/\/stage3.rnv.gob.ve\/wp\/inauguran-el-primer-laboratorio-genetico-de-plantas-del-centro-de-biotecnologia-agricola-del-ivic\/","url":"https:\/\/stage3.rnv.gob.ve\/wp\/inauguran-el-primer-laboratorio-genetico-de-plantas-del-centro-de-biotecnologia-agricola-del-ivic\/","name":"Inauguran el primer laboratorio gen\u00e9tico de plantas del Centro de Biotecnolog\u00eda Agr\u00edcola del IVIC - DEV RNV","isPartOf":{"@id":"https:\/\/stage3.rnv.gob.ve\/wp\/#website"},"primaryImageOfPage":{"@id":"https:\/\/stage3.rnv.gob.ve\/wp\/inauguran-el-primer-laboratorio-genetico-de-plantas-del-centro-de-biotecnologia-agricola-del-ivic\/#primaryimage"},"image":{"@id":"https:\/\/stage3.rnv.gob.ve\/wp\/inauguran-el-primer-laboratorio-genetico-de-plantas-del-centro-de-biotecnologia-agricola-del-ivic\/#primaryimage"},"thumbnailUrl":"https:\/\/stage3.rnv.gob.ve\/wp\/wp-content\/uploads\/2024\/08\/Laboratorio-genetico.jpg","datePublished":"2024-08-28T22:44:02+00:00","dateModified":"2026-04-15T01:49:14+00:00","description":"El presidente de la Rep\u00fablica Bolivariana de Venezuela, Nicol\u00e1s Maduro, inaugur\u00f3 este mi\u00e9rcoles el primer laboratorio gen\u00e9tico de plantas del Centro de Biotecnolog\u00eda Agr\u00edcola del Instituto Venezolano de Investigaciones Cient\u00edficas (IVIC).","breadcrumb":{"@id":"https:\/\/stage3.rnv.gob.ve\/wp\/inauguran-el-primer-laboratorio-genetico-de-plantas-del-centro-de-biotecnologia-agricola-del-ivic\/#breadcrumb"},"inLanguage":"es","potentialAction":[{"@type":"ReadAction","target":["https:\/\/stage3.rnv.gob.ve\/wp\/inauguran-el-primer-laboratorio-genetico-de-plantas-del-centro-de-biotecnologia-agricola-del-ivic\/"]}]},{"@type":"ImageObject","inLanguage":"es","@id":"https:\/\/stage3.rnv.gob.ve\/wp\/inauguran-el-primer-laboratorio-genetico-de-plantas-del-centro-de-biotecnologia-agricola-del-ivic\/#primaryimage","url":"https:\/\/stage3.rnv.gob.ve\/wp\/wp-content\/uploads\/2024\/08\/Laboratorio-genetico.jpg","contentUrl":"https:\/\/stage3.rnv.gob.ve\/wp\/wp-content\/uploads\/2024\/08\/Laboratorio-genetico.jpg","width":800,"height":445},{"@type":"BreadcrumbList","@id":"https:\/\/stage3.rnv.gob.ve\/wp\/inauguran-el-primer-laboratorio-genetico-de-plantas-del-centro-de-biotecnologia-agricola-del-ivic\/#breadcrumb","itemListElement":[{"@type":"ListItem","position":1,"name":"Portada","item":"https:\/\/stage3.rnv.gob.ve\/wp\/"},{"@type":"ListItem","position":2,"name":"Inauguran El Primer Laboratorio Gen\u00e9tico De Plantas Del Centro De Biotecnolog\u00eda Agr\u00edcola Del Ivic"}]},{"@type":"WebSite","@id":"https:\/\/stage3.rnv.gob.ve\/wp\/#website","url":"https:\/\/stage3.rnv.gob.ve\/wp\/","name":"DEV RNV","description":"Radio Nacional de Venezuela C.A.","publisher":{"@id":"https:\/\/stage3.rnv.gob.ve\/wp\/#organization"},"potentialAction":[{"@type":"SearchAction","target":{"@type":"EntryPoint","urlTemplate":"https:\/\/stage3.rnv.gob.ve\/wp\/?s={search_term_string}"},"query-input":{"@type":"PropertyValueSpecification","valueRequired":true,"valueName":"search_term_string"}}],"inLanguage":"es"},{"@type":"Organization","@id":"https:\/\/stage3.rnv.gob.ve\/wp\/#organization","name":"Radio Nacional de Venezuela C.A.","url":"https:\/\/stage3.rnv.gob.ve\/wp\/","logo":{"@type":"ImageObject","inLanguage":"es","@id":"https:\/\/stage3.rnv.gob.ve\/wp\/#\/schema\/logo\/image\/","url":"http:\/\/rnv.ddns.net\/prensa\/wp-content\/uploads\/2022\/04\/rnv-1-300x227-1.jpg","contentUrl":"http:\/\/rnv.ddns.net\/prensa\/wp-content\/uploads\/2022\/04\/rnv-1-300x227-1.jpg","width":800,"height":455,"caption":"Radio Nacional de Venezuela C.A."},"image":{"@id":"https:\/\/stage3.rnv.gob.ve\/wp\/#\/schema\/logo\/image\/"},"sameAs":["https:\/\/www.facebook.com\/RadioNacionaldeVenezuela","https:\/\/x.com\/RNVinformativa","https:\/\/www.instagram.com\/rnvinformativa\/","https:\/\/www.youtube.com\/user\/RNVContigo"]},{"@type":"Person","@id":"https:\/\/stage3.rnv.gob.ve\/wp\/#\/schema\/person\/b04f077485d4e004e355dd829c37feaa","name":"Nora Andrade","url":"https:\/\/stage3.rnv.gob.ve\/wp\/author\/nora_andrade\/"}]}},"jetpack_featured_media_url":"https:\/\/stage3.rnv.gob.ve\/wp\/wp-content\/uploads\/2024\/08\/Laboratorio-genetico.jpg","_links":{"self":[{"href":"https:\/\/stage3.rnv.gob.ve\/wp\/wp-json\/wp\/v2\/posts\/382169","targetHints":{"allow":["GET"]}}],"collection":[{"href":"https:\/\/stage3.rnv.gob.ve\/wp\/wp-json\/wp\/v2\/posts"}],"about":[{"href":"https:\/\/stage3.rnv.gob.ve\/wp\/wp-json\/wp\/v2\/types\/post"}],"author":[{"embeddable":true,"href":"https:\/\/stage3.rnv.gob.ve\/wp\/wp-json\/wp\/v2\/users\/18"}],"replies":[{"embeddable":true,"href":"https:\/\/stage3.rnv.gob.ve\/wp\/wp-json\/wp\/v2\/comments?post=382169"}],"version-history":[{"count":0,"href":"https:\/\/stage3.rnv.gob.ve\/wp\/wp-json\/wp\/v2\/posts\/382169\/revisions"}],"wp:featuredmedia":[{"embeddable":true,"href":"https:\/\/stage3.rnv.gob.ve\/wp\/wp-json\/wp\/v2\/media\/382170"}],"wp:attachment":[{"href":"https:\/\/stage3.rnv.gob.ve\/wp\/wp-json\/wp\/v2\/media?parent=382169"}],"wp:term":[{"taxonomy":"category","embeddable":true,"href":"https:\/\/stage3.rnv.gob.ve\/wp\/wp-json\/wp\/v2\/categories?post=382169"},{"taxonomy":"post_tag","embeddable":true,"href":"https:\/\/stage3.rnv.gob.ve\/wp\/wp-json\/wp\/v2\/tags?post=382169"}],"curies":[{"name":"wp","href":"https:\/\/api.w.org\/{rel}","templated":true}]}}