{"id":381831,"date":"2024-08-21T19:53:38","date_gmt":"2024-08-21T23:53:38","guid":{"rendered":"https:\/\/stage3.rnv.gob.ve\/wp\/prensa\/?p=381831"},"modified":"2024-08-21T19:53:38","modified_gmt":"2024-08-21T23:53:38","slug":"calentamiento-de-la-antartida-eleva-el-nivel-del-mar-en-el-atlantico-norte","status":"publish","type":"post","link":"https:\/\/stage3.rnv.gob.ve\/wp\/calentamiento-de-la-antartida-eleva-el-nivel-del-mar-en-el-atlantico-norte\/","title":{"rendered":"Calentamiento de la Ant\u00e1rtida eleva el nivel del mar en el Atl\u00e1ntico Norte"},"content":{"rendered":"<p>El aumento del nivel del mar en el\u00a0Atl\u00e1ntico Norte\u00a0est\u00e1 relacionado con cambios en las aguas profundas de la Ant\u00e1rtida, de acuerdo con un estudio publicado en Nature Geosciences, rese\u00f1a una nota de prensa.<\/p>\n<p>Investigadores liderados por la\u00a0Administraci\u00f3n Nacional Oce\u00e1nica y Atmosf\u00e9rica de Estados Unidos\u00a0(NOAA, por sus siglas en ingl\u00e9s), analizaron dos d\u00e9cadas de datos y encontraron que la Circulaci\u00f3n Meridional de Inversi\u00f3n del Atl\u00e1ntico (AMOC, por sus siglas en ingl\u00e9s), una corriente oce\u00e1nica crucial, se ha debilitado un\u00a012 por ciento\u00a0en las \u00faltimas dos d\u00e9cadas.<\/p>\n<p>Este debilitamiento afecta el flujo de agua fr\u00eda y densa que se forma en el\u00a0Oc\u00e9ano Austral\u00a0y que, al desplazarse hacia el norte, regula las temperaturas en el fondo del oc\u00e9ano Atl\u00e1ntico.<\/p>\n<p>El estudio mostr\u00f3 que el calentamiento en las\u00a0profundidades oce\u00e1nicas\u00a0se debe a la reducci\u00f3n de esta corriente, que es parte de la rama abisal del AMOC. Esta rama, compuesta por agua del fondo ant\u00e1rtico, se forma cuando el agua de mar se enfr\u00eda en invierno y se hunde debido a su alta densidad, al crear una capa que se extiende hacia el norte.<\/p>\n<p>Es un sistema tridimensional de corrientes oce\u00e1nicas que act\u00faa como una\u00a0\u201ccinta transportadora\u201d\u00a0para distribuir calor, nutrientes y carbono, di\u00f3xido de carbono en los oc\u00e9anos del mundo.<\/p>\n<p>Sin embargo, el flujo de esta agua hacia latitudes m\u00e1s altas se ha ralentizado, lo que ha causado un calentamiento importante en las aguas profundas, al contribuir al\u00a0aumento del nivel del mar\u00a0debido a la expansi\u00f3n t\u00e9rmica del agua.<\/p>\n<p><strong>T\/Agencias<\/strong><\/p>\n","protected":false},"excerpt":{"rendered":"<p>El aumento del nivel del mar en el\u00a0Atl\u00e1ntico Norte\u00a0est\u00e1 relacionado con cambios en las aguas profundas de la Ant\u00e1rtida, de acuerdo con un estudio publicado en Nature Geosciences, rese\u00f1a una nota de prensa. Investigadores liderados por la\u00a0Administraci\u00f3n Nacional Oce\u00e1nica y Atmosf\u00e9rica de Estados Unidos\u00a0(NOAA, por sus siglas en ingl\u00e9s), analizaron dos d\u00e9cadas de datos y [&hellip;]<\/p>\n","protected":false},"author":18,"featured_media":381832,"comment_status":"closed","ping_status":"closed","sticky":false,"template":"","format":"standard","meta":{"_acf_changed":false,"footnotes":""},"categories":[74],"tags":[10365,37609,37608],"class_list":["post-381831","post","type-post","status-publish","format-standard","has-post-thumbnail","hentry","category-ambiente","tag-antartida","tag-atlantico-norte","tag-calentamiento-de-la-antartida"],"acf":[],"yoast_head":"<!-- This site is optimized with the Yoast SEO plugin v27.4 - https:\/\/yoast.com\/product\/yoast-seo-wordpress\/ -->\n<title>Calentamiento de la Ant\u00e1rtida eleva el nivel del mar en el Atl\u00e1ntico Norte - DEV RNV<\/title>\n<meta name=\"description\" content=\"El aumento del nivel del mar en el\u00a0Atl\u00e1ntico Norte\u00a0est\u00e1 relacionado con cambios en las aguas profundas de la Ant\u00e1rtida, de acuerdo con un estudio publicado en Nature Geosciences, rese\u00f1a una nota de prensa.\" \/>\n<meta name=\"robots\" content=\"noindex, follow, max-snippet:-1, max-image-preview:large, max-video-preview:-1\" \/>\n<meta property=\"og:locale\" content=\"es_ES\" \/>\n<meta property=\"og:type\" content=\"article\" \/>\n<meta property=\"og:title\" content=\"Calentamiento de la Ant\u00e1rtida eleva el nivel del mar en el Atl\u00e1ntico Norte - DEV RNV\" \/>\n<meta property=\"og:description\" content=\"El aumento del nivel del mar en el\u00a0Atl\u00e1ntico Norte\u00a0est\u00e1 relacionado con cambios en las aguas profundas de la Ant\u00e1rtida, de acuerdo con un estudio publicado en Nature Geosciences, rese\u00f1a una nota de prensa.\" \/>\n<meta property=\"og:url\" content=\"https:\/\/stage3.rnv.gob.ve\/wp\/calentamiento-de-la-antartida-eleva-el-nivel-del-mar-en-el-atlantico-norte\/\" \/>\n<meta property=\"og:site_name\" content=\"DEV RNV\" \/>\n<meta property=\"article:publisher\" content=\"https:\/\/www.facebook.com\/RadioNacionaldeVenezuela\" \/>\n<meta property=\"article:published_time\" content=\"2024-08-21T23:53:38+00:00\" \/>\n<meta property=\"og:image\" content=\"https:\/\/stage3.rnv.gob.ve\/wp\/wp-content\/uploads\/2024\/08\/antartida.jpg\" \/>\n\t<meta property=\"og:image:width\" content=\"800\" \/>\n\t<meta property=\"og:image:height\" content=\"445\" \/>\n\t<meta property=\"og:image:type\" content=\"image\/jpeg\" \/>\n<meta name=\"author\" content=\"Nora Andrade\" \/>\n<meta name=\"twitter:card\" content=\"summary_large_image\" \/>\n<meta name=\"twitter:creator\" content=\"@RNVinformativa\" \/>\n<meta name=\"twitter:site\" content=\"@RNVinformativa\" \/>\n<meta name=\"twitter:label1\" content=\"Escrito por\" \/>\n\t<meta name=\"twitter:data1\" content=\"Nora Andrade\" \/>\n\t<meta name=\"twitter:label2\" content=\"Tiempo estimado de lectura\" \/>\n\t<meta name=\"twitter:data2\" content=\"2 minutos\" \/>\n<script type=\"application\/ld+json\" class=\"yoast-schema-graph\">{\"@context\":\"https:\\\/\\\/schema.org\",\"@graph\":[{\"@type\":\"Article\",\"@id\":\"https:\\\/\\\/stage3.rnv.gob.ve\\\/wp\\\/calentamiento-de-la-antartida-eleva-el-nivel-del-mar-en-el-atlantico-norte\\\/#article\",\"isPartOf\":{\"@id\":\"https:\\\/\\\/stage3.rnv.gob.ve\\\/wp\\\/calentamiento-de-la-antartida-eleva-el-nivel-del-mar-en-el-atlantico-norte\\\/\"},\"author\":{\"name\":\"Nora Andrade\",\"@id\":\"https:\\\/\\\/stage3.rnv.gob.ve\\\/wp\\\/#\\\/schema\\\/person\\\/b04f077485d4e004e355dd829c37feaa\"},\"headline\":\"Calentamiento de la Ant\u00e1rtida eleva el nivel del mar en el Atl\u00e1ntico Norte\",\"datePublished\":\"2024-08-21T23:53:38+00:00\",\"mainEntityOfPage\":{\"@id\":\"https:\\\/\\\/stage3.rnv.gob.ve\\\/wp\\\/calentamiento-de-la-antartida-eleva-el-nivel-del-mar-en-el-atlantico-norte\\\/\"},\"wordCount\":299,\"publisher\":{\"@id\":\"https:\\\/\\\/stage3.rnv.gob.ve\\\/wp\\\/#organization\"},\"image\":{\"@id\":\"https:\\\/\\\/stage3.rnv.gob.ve\\\/wp\\\/calentamiento-de-la-antartida-eleva-el-nivel-del-mar-en-el-atlantico-norte\\\/#primaryimage\"},\"thumbnailUrl\":\"https:\\\/\\\/stage3.rnv.gob.ve\\\/wp\\\/wp-content\\\/uploads\\\/2024\\\/08\\\/antartida.jpg\",\"keywords\":[\"antartida\",\"Atl\u00e1ntico Norte\",\"Calentamiento de la Ant\u00e1rtida\"],\"articleSection\":[\"Ambiente\"],\"inLanguage\":\"es\"},{\"@type\":\"WebPage\",\"@id\":\"https:\\\/\\\/stage3.rnv.gob.ve\\\/wp\\\/calentamiento-de-la-antartida-eleva-el-nivel-del-mar-en-el-atlantico-norte\\\/\",\"url\":\"https:\\\/\\\/stage3.rnv.gob.ve\\\/wp\\\/calentamiento-de-la-antartida-eleva-el-nivel-del-mar-en-el-atlantico-norte\\\/\",\"name\":\"Calentamiento de la Ant\u00e1rtida eleva el nivel del mar en el Atl\u00e1ntico Norte - DEV RNV\",\"isPartOf\":{\"@id\":\"https:\\\/\\\/stage3.rnv.gob.ve\\\/wp\\\/#website\"},\"primaryImageOfPage\":{\"@id\":\"https:\\\/\\\/stage3.rnv.gob.ve\\\/wp\\\/calentamiento-de-la-antartida-eleva-el-nivel-del-mar-en-el-atlantico-norte\\\/#primaryimage\"},\"image\":{\"@id\":\"https:\\\/\\\/stage3.rnv.gob.ve\\\/wp\\\/calentamiento-de-la-antartida-eleva-el-nivel-del-mar-en-el-atlantico-norte\\\/#primaryimage\"},\"thumbnailUrl\":\"https:\\\/\\\/stage3.rnv.gob.ve\\\/wp\\\/wp-content\\\/uploads\\\/2024\\\/08\\\/antartida.jpg\",\"datePublished\":\"2024-08-21T23:53:38+00:00\",\"description\":\"El aumento del nivel del mar en el\u00a0Atl\u00e1ntico Norte\u00a0est\u00e1 relacionado con cambios en las aguas profundas de la Ant\u00e1rtida, de acuerdo con un estudio publicado en Nature Geosciences, rese\u00f1a una nota de prensa.\",\"breadcrumb\":{\"@id\":\"https:\\\/\\\/stage3.rnv.gob.ve\\\/wp\\\/calentamiento-de-la-antartida-eleva-el-nivel-del-mar-en-el-atlantico-norte\\\/#breadcrumb\"},\"inLanguage\":\"es\",\"potentialAction\":[{\"@type\":\"ReadAction\",\"target\":[\"https:\\\/\\\/stage3.rnv.gob.ve\\\/wp\\\/calentamiento-de-la-antartida-eleva-el-nivel-del-mar-en-el-atlantico-norte\\\/\"]}]},{\"@type\":\"ImageObject\",\"inLanguage\":\"es\",\"@id\":\"https:\\\/\\\/stage3.rnv.gob.ve\\\/wp\\\/calentamiento-de-la-antartida-eleva-el-nivel-del-mar-en-el-atlantico-norte\\\/#primaryimage\",\"url\":\"https:\\\/\\\/stage3.rnv.gob.ve\\\/wp\\\/wp-content\\\/uploads\\\/2024\\\/08\\\/antartida.jpg\",\"contentUrl\":\"https:\\\/\\\/stage3.rnv.gob.ve\\\/wp\\\/wp-content\\\/uploads\\\/2024\\\/08\\\/antartida.jpg\",\"width\":800,\"height\":445},{\"@type\":\"BreadcrumbList\",\"@id\":\"https:\\\/\\\/stage3.rnv.gob.ve\\\/wp\\\/calentamiento-de-la-antartida-eleva-el-nivel-del-mar-en-el-atlantico-norte\\\/#breadcrumb\",\"itemListElement\":[{\"@type\":\"ListItem\",\"position\":1,\"name\":\"Portada\",\"item\":\"https:\\\/\\\/stage3.rnv.gob.ve\\\/wp\\\/\"},{\"@type\":\"ListItem\",\"position\":2,\"name\":\"Calentamiento De La Ant\u00e1rtida Eleva El Nivel Del Mar En El Atl\u00e1ntico Norte\"}]},{\"@type\":\"WebSite\",\"@id\":\"https:\\\/\\\/stage3.rnv.gob.ve\\\/wp\\\/#website\",\"url\":\"https:\\\/\\\/stage3.rnv.gob.ve\\\/wp\\\/\",\"name\":\"DEV RNV\",\"description\":\"Radio Nacional de Venezuela C.A.\",\"publisher\":{\"@id\":\"https:\\\/\\\/stage3.rnv.gob.ve\\\/wp\\\/#organization\"},\"potentialAction\":[{\"@type\":\"SearchAction\",\"target\":{\"@type\":\"EntryPoint\",\"urlTemplate\":\"https:\\\/\\\/stage3.rnv.gob.ve\\\/wp\\\/?s={search_term_string}\"},\"query-input\":{\"@type\":\"PropertyValueSpecification\",\"valueRequired\":true,\"valueName\":\"search_term_string\"}}],\"inLanguage\":\"es\"},{\"@type\":\"Organization\",\"@id\":\"https:\\\/\\\/stage3.rnv.gob.ve\\\/wp\\\/#organization\",\"name\":\"Radio Nacional de Venezuela C.A.\",\"url\":\"https:\\\/\\\/stage3.rnv.gob.ve\\\/wp\\\/\",\"logo\":{\"@type\":\"ImageObject\",\"inLanguage\":\"es\",\"@id\":\"https:\\\/\\\/stage3.rnv.gob.ve\\\/wp\\\/#\\\/schema\\\/logo\\\/image\\\/\",\"url\":\"http:\\\/\\\/rnv.ddns.net\\\/prensa\\\/wp-content\\\/uploads\\\/2022\\\/04\\\/rnv-1-300x227-1.jpg\",\"contentUrl\":\"http:\\\/\\\/rnv.ddns.net\\\/prensa\\\/wp-content\\\/uploads\\\/2022\\\/04\\\/rnv-1-300x227-1.jpg\",\"width\":800,\"height\":455,\"caption\":\"Radio Nacional de Venezuela C.A.\"},\"image\":{\"@id\":\"https:\\\/\\\/stage3.rnv.gob.ve\\\/wp\\\/#\\\/schema\\\/logo\\\/image\\\/\"},\"sameAs\":[\"https:\\\/\\\/www.facebook.com\\\/RadioNacionaldeVenezuela\",\"https:\\\/\\\/x.com\\\/RNVinformativa\",\"https:\\\/\\\/www.instagram.com\\\/rnvinformativa\\\/\",\"https:\\\/\\\/www.youtube.com\\\/user\\\/RNVContigo\"]},{\"@type\":\"Person\",\"@id\":\"https:\\\/\\\/stage3.rnv.gob.ve\\\/wp\\\/#\\\/schema\\\/person\\\/b04f077485d4e004e355dd829c37feaa\",\"name\":\"Nora Andrade\",\"url\":\"https:\\\/\\\/stage3.rnv.gob.ve\\\/wp\\\/author\\\/nora_andrade\\\/\"}]}<\/script>\n<!-- \/ Yoast SEO plugin. -->","yoast_head_json":{"title":"Calentamiento de la Ant\u00e1rtida eleva el nivel del mar en el Atl\u00e1ntico Norte - DEV RNV","description":"El aumento del nivel del mar en el\u00a0Atl\u00e1ntico Norte\u00a0est\u00e1 relacionado con cambios en las aguas profundas de la Ant\u00e1rtida, de acuerdo con un estudio publicado en Nature Geosciences, rese\u00f1a una nota de prensa.","robots":{"index":"noindex","follow":"follow","max-snippet":"max-snippet:-1","max-image-preview":"max-image-preview:large","max-video-preview":"max-video-preview:-1"},"og_locale":"es_ES","og_type":"article","og_title":"Calentamiento de la Ant\u00e1rtida eleva el nivel del mar en el Atl\u00e1ntico Norte - DEV RNV","og_description":"El aumento del nivel del mar en el\u00a0Atl\u00e1ntico Norte\u00a0est\u00e1 relacionado con cambios en las aguas profundas de la Ant\u00e1rtida, de acuerdo con un estudio publicado en Nature Geosciences, rese\u00f1a una nota de prensa.","og_url":"https:\/\/stage3.rnv.gob.ve\/wp\/calentamiento-de-la-antartida-eleva-el-nivel-del-mar-en-el-atlantico-norte\/","og_site_name":"DEV RNV","article_publisher":"https:\/\/www.facebook.com\/RadioNacionaldeVenezuela","article_published_time":"2024-08-21T23:53:38+00:00","og_image":[{"width":800,"height":445,"url":"https:\/\/stage3.rnv.gob.ve\/wp\/wp-content\/uploads\/2024\/08\/antartida.jpg","type":"image\/jpeg"}],"author":"Nora Andrade","twitter_card":"summary_large_image","twitter_creator":"@RNVinformativa","twitter_site":"@RNVinformativa","twitter_misc":{"Escrito por":"Nora Andrade","Tiempo estimado de lectura":"2 minutos"},"schema":{"@context":"https:\/\/schema.org","@graph":[{"@type":"Article","@id":"https:\/\/stage3.rnv.gob.ve\/wp\/calentamiento-de-la-antartida-eleva-el-nivel-del-mar-en-el-atlantico-norte\/#article","isPartOf":{"@id":"https:\/\/stage3.rnv.gob.ve\/wp\/calentamiento-de-la-antartida-eleva-el-nivel-del-mar-en-el-atlantico-norte\/"},"author":{"name":"Nora Andrade","@id":"https:\/\/stage3.rnv.gob.ve\/wp\/#\/schema\/person\/b04f077485d4e004e355dd829c37feaa"},"headline":"Calentamiento de la Ant\u00e1rtida eleva el nivel del mar en el Atl\u00e1ntico Norte","datePublished":"2024-08-21T23:53:38+00:00","mainEntityOfPage":{"@id":"https:\/\/stage3.rnv.gob.ve\/wp\/calentamiento-de-la-antartida-eleva-el-nivel-del-mar-en-el-atlantico-norte\/"},"wordCount":299,"publisher":{"@id":"https:\/\/stage3.rnv.gob.ve\/wp\/#organization"},"image":{"@id":"https:\/\/stage3.rnv.gob.ve\/wp\/calentamiento-de-la-antartida-eleva-el-nivel-del-mar-en-el-atlantico-norte\/#primaryimage"},"thumbnailUrl":"https:\/\/stage3.rnv.gob.ve\/wp\/wp-content\/uploads\/2024\/08\/antartida.jpg","keywords":["antartida","Atl\u00e1ntico Norte","Calentamiento de la Ant\u00e1rtida"],"articleSection":["Ambiente"],"inLanguage":"es"},{"@type":"WebPage","@id":"https:\/\/stage3.rnv.gob.ve\/wp\/calentamiento-de-la-antartida-eleva-el-nivel-del-mar-en-el-atlantico-norte\/","url":"https:\/\/stage3.rnv.gob.ve\/wp\/calentamiento-de-la-antartida-eleva-el-nivel-del-mar-en-el-atlantico-norte\/","name":"Calentamiento de la Ant\u00e1rtida eleva el nivel del mar en el Atl\u00e1ntico Norte - DEV RNV","isPartOf":{"@id":"https:\/\/stage3.rnv.gob.ve\/wp\/#website"},"primaryImageOfPage":{"@id":"https:\/\/stage3.rnv.gob.ve\/wp\/calentamiento-de-la-antartida-eleva-el-nivel-del-mar-en-el-atlantico-norte\/#primaryimage"},"image":{"@id":"https:\/\/stage3.rnv.gob.ve\/wp\/calentamiento-de-la-antartida-eleva-el-nivel-del-mar-en-el-atlantico-norte\/#primaryimage"},"thumbnailUrl":"https:\/\/stage3.rnv.gob.ve\/wp\/wp-content\/uploads\/2024\/08\/antartida.jpg","datePublished":"2024-08-21T23:53:38+00:00","description":"El aumento del nivel del mar en el\u00a0Atl\u00e1ntico Norte\u00a0est\u00e1 relacionado con cambios en las aguas profundas de la Ant\u00e1rtida, de acuerdo con un estudio publicado en Nature Geosciences, rese\u00f1a una nota de prensa.","breadcrumb":{"@id":"https:\/\/stage3.rnv.gob.ve\/wp\/calentamiento-de-la-antartida-eleva-el-nivel-del-mar-en-el-atlantico-norte\/#breadcrumb"},"inLanguage":"es","potentialAction":[{"@type":"ReadAction","target":["https:\/\/stage3.rnv.gob.ve\/wp\/calentamiento-de-la-antartida-eleva-el-nivel-del-mar-en-el-atlantico-norte\/"]}]},{"@type":"ImageObject","inLanguage":"es","@id":"https:\/\/stage3.rnv.gob.ve\/wp\/calentamiento-de-la-antartida-eleva-el-nivel-del-mar-en-el-atlantico-norte\/#primaryimage","url":"https:\/\/stage3.rnv.gob.ve\/wp\/wp-content\/uploads\/2024\/08\/antartida.jpg","contentUrl":"https:\/\/stage3.rnv.gob.ve\/wp\/wp-content\/uploads\/2024\/08\/antartida.jpg","width":800,"height":445},{"@type":"BreadcrumbList","@id":"https:\/\/stage3.rnv.gob.ve\/wp\/calentamiento-de-la-antartida-eleva-el-nivel-del-mar-en-el-atlantico-norte\/#breadcrumb","itemListElement":[{"@type":"ListItem","position":1,"name":"Portada","item":"https:\/\/stage3.rnv.gob.ve\/wp\/"},{"@type":"ListItem","position":2,"name":"Calentamiento De La Ant\u00e1rtida Eleva El Nivel Del Mar En El Atl\u00e1ntico Norte"}]},{"@type":"WebSite","@id":"https:\/\/stage3.rnv.gob.ve\/wp\/#website","url":"https:\/\/stage3.rnv.gob.ve\/wp\/","name":"DEV RNV","description":"Radio Nacional de Venezuela C.A.","publisher":{"@id":"https:\/\/stage3.rnv.gob.ve\/wp\/#organization"},"potentialAction":[{"@type":"SearchAction","target":{"@type":"EntryPoint","urlTemplate":"https:\/\/stage3.rnv.gob.ve\/wp\/?s={search_term_string}"},"query-input":{"@type":"PropertyValueSpecification","valueRequired":true,"valueName":"search_term_string"}}],"inLanguage":"es"},{"@type":"Organization","@id":"https:\/\/stage3.rnv.gob.ve\/wp\/#organization","name":"Radio Nacional de Venezuela C.A.","url":"https:\/\/stage3.rnv.gob.ve\/wp\/","logo":{"@type":"ImageObject","inLanguage":"es","@id":"https:\/\/stage3.rnv.gob.ve\/wp\/#\/schema\/logo\/image\/","url":"http:\/\/rnv.ddns.net\/prensa\/wp-content\/uploads\/2022\/04\/rnv-1-300x227-1.jpg","contentUrl":"http:\/\/rnv.ddns.net\/prensa\/wp-content\/uploads\/2022\/04\/rnv-1-300x227-1.jpg","width":800,"height":455,"caption":"Radio Nacional de Venezuela C.A."},"image":{"@id":"https:\/\/stage3.rnv.gob.ve\/wp\/#\/schema\/logo\/image\/"},"sameAs":["https:\/\/www.facebook.com\/RadioNacionaldeVenezuela","https:\/\/x.com\/RNVinformativa","https:\/\/www.instagram.com\/rnvinformativa\/","https:\/\/www.youtube.com\/user\/RNVContigo"]},{"@type":"Person","@id":"https:\/\/stage3.rnv.gob.ve\/wp\/#\/schema\/person\/b04f077485d4e004e355dd829c37feaa","name":"Nora Andrade","url":"https:\/\/stage3.rnv.gob.ve\/wp\/author\/nora_andrade\/"}]}},"jetpack_featured_media_url":"https:\/\/stage3.rnv.gob.ve\/wp\/wp-content\/uploads\/2024\/08\/antartida.jpg","_links":{"self":[{"href":"https:\/\/stage3.rnv.gob.ve\/wp\/wp-json\/wp\/v2\/posts\/381831","targetHints":{"allow":["GET"]}}],"collection":[{"href":"https:\/\/stage3.rnv.gob.ve\/wp\/wp-json\/wp\/v2\/posts"}],"about":[{"href":"https:\/\/stage3.rnv.gob.ve\/wp\/wp-json\/wp\/v2\/types\/post"}],"author":[{"embeddable":true,"href":"https:\/\/stage3.rnv.gob.ve\/wp\/wp-json\/wp\/v2\/users\/18"}],"replies":[{"embeddable":true,"href":"https:\/\/stage3.rnv.gob.ve\/wp\/wp-json\/wp\/v2\/comments?post=381831"}],"version-history":[{"count":0,"href":"https:\/\/stage3.rnv.gob.ve\/wp\/wp-json\/wp\/v2\/posts\/381831\/revisions"}],"wp:featuredmedia":[{"embeddable":true,"href":"https:\/\/stage3.rnv.gob.ve\/wp\/wp-json\/wp\/v2\/media\/381832"}],"wp:attachment":[{"href":"https:\/\/stage3.rnv.gob.ve\/wp\/wp-json\/wp\/v2\/media?parent=381831"}],"wp:term":[{"taxonomy":"category","embeddable":true,"href":"https:\/\/stage3.rnv.gob.ve\/wp\/wp-json\/wp\/v2\/categories?post=381831"},{"taxonomy":"post_tag","embeddable":true,"href":"https:\/\/stage3.rnv.gob.ve\/wp\/wp-json\/wp\/v2\/tags?post=381831"}],"curies":[{"name":"wp","href":"https:\/\/api.w.org\/{rel}","templated":true}]}}