{"id":381266,"date":"2024-08-08T14:33:05","date_gmt":"2024-08-08T18:33:05","guid":{"rendered":"https:\/\/stage3.rnv.gob.ve\/wp\/prensa\/?p=381266"},"modified":"2024-08-08T22:28:22","modified_gmt":"2024-08-09T02:28:22","slug":"venezuela-denuncia-que-centro-carter-responde-a-intereses-involucrados-en-el-golpe-de-estado","status":"publish","type":"post","link":"https:\/\/stage3.rnv.gob.ve\/wp\/venezuela-denuncia-que-centro-carter-responde-a-intereses-involucrados-en-el-golpe-de-estado\/","title":{"rendered":"Venezuela denuncia que Centro Carter responde a intereses involucrados en el Golpe de Estado"},"content":{"rendered":"<p>A trav\u00e9s de su cuenta en la red social X, el canciller Yv\u00e1n Gil lament\u00f3 que el actual Centro Carter no tenga nada que ver con el trabajo de su fundador Jimmy Carter, y dijo que todo el trabajo y prestigio construido fue \u201clanzado a la basura\u201d por la se\u00f1ora Jennie Lincoln, a quien calific\u00f3 de \u201casalariada del Departamento de Estado\u201d.<\/p>\n<p>&nbsp;<\/p>\n<p>Precis\u00f3 el funcionario venezolano que Lincoln \u201cmiente descaradamente, ninguna de sus palabras se corresponden con la realidad ni la legalidad venezolana\u201d.<\/p>\n<p>&nbsp;<\/p>\n<p>Sostiene el canciller que dicha organizaci\u00f3n ha sido colocada \u201cen el plan de Golpe de Estado, apoyando la ejecuci\u00f3n de los delitos electorales m\u00e1s rastreros que hayamos visto en la era republicana de Venezuela, cometidos por las hordas fascistas. \u00a1No volver\u00e1n!\u201d, enfatiz\u00f3, indicando que tal hecho es una \u201cverg\u00fcenza\u201d.<\/p>\n<p>&nbsp;<\/p>\n<p>Asimismo, el canciller poste\u00f3 una imagen precisando que se trata de una \u201cmentira\u201d, las afirmaciones emitidas por el Centro Carter a la agencia de noticias AFP, en la cual indican que \u201cNo hay evidencia\u201d de jaqueo electoral en Venezuela, seg\u00fan la vocera de la organizaci\u00f3n Jennie Lincoln.<\/p>\n<p>&nbsp;<\/p>\n<p>&nbsp;<\/p>\n<blockquote class=\"twitter-tweet\">\n<p dir=\"ltr\" lang=\"es\">.<a href=\"https:\/\/twitter.com\/CarterCenter?ref_src=twsrc%5Etfw\">@CarterCenter<\/a> Todo el trabajo y prestigio que construy\u00f3 en Presidente Jimmy Carter es lanzado a la basura por esta asalariada del Departamento de Estado. La Sra. Jennie Lincoln miente descaradamente, ninguna de sus palabras se corresponden con la realidad ni la legalidad\u2026 <a href=\"https:\/\/t.co\/ju203eiuZh\">pic.twitter.com\/ju203eiuZh<\/a><\/p>\n<p>\u2014 Yvan Gil (@yvangil) <a href=\"https:\/\/twitter.com\/yvangil\/status\/1821581389088903270?ref_src=twsrc%5Etfw\">August 8, 2024<\/a><\/p><\/blockquote>\n<p><script async src=\"https:\/\/platform.twitter.com\/widgets.js\" charset=\"utf-8\"><\/script><\/p>\n<p>&nbsp;<\/p>\n<p>Un publicaci\u00f3n,\u00a0reposteada por el canciller Gil\u00a0se\u00f1ala que la Fundaci\u00f3n Carter \u201ces dirigida desde 2020 por Paige Alexander. Ella ha trabajado durante a\u00f1os para la USAID, y ha sido consultora de la Fundaci\u00f3n Rockefeller y la Open Society Institute del magnate George Soros. Adem\u00e1s es miembro del Consejo de la Free Russia Foundation, prohibida en Rusia por sus injerencias. En definitiva, una asalariada del Soft Power del Imperialismo norteamericano\u201d.<\/p>\n<p>&nbsp;<\/p>\n<p>&nbsp;<\/p>\n<p>&nbsp;<\/p>\n<p>&nbsp;<\/p>\n<p>&nbsp;<\/p>\n","protected":false},"excerpt":{"rendered":"<p>A trav\u00e9s de su cuenta en la red social X, el canciller Yv\u00e1n Gil lament\u00f3 que el actual Centro Carter no tenga nada que ver con el trabajo de su fundador Jimmy Carter, y dijo que todo el trabajo y prestigio construido fue \u201clanzado a la basura\u201d por la se\u00f1ora Jennie Lincoln, a quien calific\u00f3 [&hellip;]<\/p>\n","protected":false},"author":55,"featured_media":381267,"comment_status":"closed","ping_status":"closed","sticky":false,"template":"","format":"standard","meta":{"_acf_changed":false,"footnotes":""},"categories":[57,65],"tags":[],"class_list":["post-381266","post","type-post","status-publish","format-standard","has-post-thumbnail","hentry","category-destacado","category-nacional"],"acf":[],"yoast_head":"<!-- This site is optimized with the Yoast SEO plugin v27.4 - https:\/\/yoast.com\/product\/yoast-seo-wordpress\/ -->\n<title>Venezuela denuncia que Centro Carter responde a intereses involucrados en el Golpe de Estado - DEV RNV<\/title>\n<meta name=\"description\" content=\"El canciller poste\u00f3 una imagen precisando que se trata de una \u201cmentira\u201d, las afirmaciones emitidas por el Centro Carter a la agencia de noticias AFP.\" \/>\n<meta name=\"robots\" content=\"noindex, follow, max-snippet:-1, max-image-preview:large, max-video-preview:-1\" \/>\n<meta property=\"og:locale\" content=\"es_ES\" \/>\n<meta property=\"og:type\" content=\"article\" \/>\n<meta property=\"og:title\" content=\"Venezuela denuncia que Centro Carter responde a intereses involucrados en el Golpe de Estado - DEV RNV\" \/>\n<meta property=\"og:description\" content=\"El canciller poste\u00f3 una imagen precisando que se trata de una \u201cmentira\u201d, las afirmaciones emitidas por el Centro Carter a la agencia de noticias AFP.\" \/>\n<meta property=\"og:url\" content=\"https:\/\/stage3.rnv.gob.ve\/wp\/venezuela-denuncia-que-centro-carter-responde-a-intereses-involucrados-en-el-golpe-de-estado\/\" \/>\n<meta property=\"og:site_name\" content=\"DEV RNV\" \/>\n<meta property=\"article:publisher\" content=\"https:\/\/www.facebook.com\/RadioNacionaldeVenezuela\" \/>\n<meta property=\"article:published_time\" content=\"2024-08-08T18:33:05+00:00\" \/>\n<meta property=\"article:modified_time\" content=\"2024-08-09T02:28:22+00:00\" \/>\n<meta property=\"og:image\" content=\"https:\/\/stage3.rnv.gob.ve\/wp\/wp-content\/uploads\/2024\/08\/CANCILLER.jpg\" \/>\n\t<meta property=\"og:image:width\" content=\"696\" \/>\n\t<meta property=\"og:image:height\" content=\"348\" \/>\n\t<meta property=\"og:image:type\" content=\"image\/jpeg\" \/>\n<meta name=\"author\" content=\"Greicy Far\u00edas\" \/>\n<meta name=\"twitter:card\" content=\"summary_large_image\" \/>\n<meta name=\"twitter:creator\" content=\"@RNVinformativa\" \/>\n<meta name=\"twitter:site\" content=\"@RNVinformativa\" \/>\n<meta name=\"twitter:label1\" content=\"Escrito por\" \/>\n\t<meta name=\"twitter:data1\" content=\"Greicy Far\u00edas\" \/>\n\t<meta name=\"twitter:label2\" content=\"Tiempo estimado de lectura\" \/>\n\t<meta name=\"twitter:data2\" content=\"2 minutos\" \/>\n<script type=\"application\/ld+json\" class=\"yoast-schema-graph\">{\"@context\":\"https:\\\/\\\/schema.org\",\"@graph\":[{\"@type\":\"Article\",\"@id\":\"https:\\\/\\\/stage3.rnv.gob.ve\\\/wp\\\/venezuela-denuncia-que-centro-carter-responde-a-intereses-involucrados-en-el-golpe-de-estado\\\/#article\",\"isPartOf\":{\"@id\":\"https:\\\/\\\/stage3.rnv.gob.ve\\\/wp\\\/venezuela-denuncia-que-centro-carter-responde-a-intereses-involucrados-en-el-golpe-de-estado\\\/\"},\"author\":{\"name\":\"Greicy Far\u00edas\",\"@id\":\"https:\\\/\\\/stage3.rnv.gob.ve\\\/wp\\\/#\\\/schema\\\/person\\\/f01f556d4b148634786fbc7a33dd1e1e\"},\"headline\":\"Venezuela denuncia que Centro Carter responde a intereses involucrados en el Golpe de Estado\",\"datePublished\":\"2024-08-08T18:33:05+00:00\",\"dateModified\":\"2024-08-09T02:28:22+00:00\",\"mainEntityOfPage\":{\"@id\":\"https:\\\/\\\/stage3.rnv.gob.ve\\\/wp\\\/venezuela-denuncia-que-centro-carter-responde-a-intereses-involucrados-en-el-golpe-de-estado\\\/\"},\"wordCount\":339,\"publisher\":{\"@id\":\"https:\\\/\\\/stage3.rnv.gob.ve\\\/wp\\\/#organization\"},\"image\":{\"@id\":\"https:\\\/\\\/stage3.rnv.gob.ve\\\/wp\\\/venezuela-denuncia-que-centro-carter-responde-a-intereses-involucrados-en-el-golpe-de-estado\\\/#primaryimage\"},\"thumbnailUrl\":\"https:\\\/\\\/stage3.rnv.gob.ve\\\/wp\\\/wp-content\\\/uploads\\\/2024\\\/08\\\/CANCILLER.jpg\",\"articleSection\":[\"Destacado\",\"Nacional\"],\"inLanguage\":\"es\"},{\"@type\":\"WebPage\",\"@id\":\"https:\\\/\\\/stage3.rnv.gob.ve\\\/wp\\\/venezuela-denuncia-que-centro-carter-responde-a-intereses-involucrados-en-el-golpe-de-estado\\\/\",\"url\":\"https:\\\/\\\/stage3.rnv.gob.ve\\\/wp\\\/venezuela-denuncia-que-centro-carter-responde-a-intereses-involucrados-en-el-golpe-de-estado\\\/\",\"name\":\"Venezuela denuncia que Centro Carter responde a intereses involucrados en el Golpe de Estado - DEV RNV\",\"isPartOf\":{\"@id\":\"https:\\\/\\\/stage3.rnv.gob.ve\\\/wp\\\/#website\"},\"primaryImageOfPage\":{\"@id\":\"https:\\\/\\\/stage3.rnv.gob.ve\\\/wp\\\/venezuela-denuncia-que-centro-carter-responde-a-intereses-involucrados-en-el-golpe-de-estado\\\/#primaryimage\"},\"image\":{\"@id\":\"https:\\\/\\\/stage3.rnv.gob.ve\\\/wp\\\/venezuela-denuncia-que-centro-carter-responde-a-intereses-involucrados-en-el-golpe-de-estado\\\/#primaryimage\"},\"thumbnailUrl\":\"https:\\\/\\\/stage3.rnv.gob.ve\\\/wp\\\/wp-content\\\/uploads\\\/2024\\\/08\\\/CANCILLER.jpg\",\"datePublished\":\"2024-08-08T18:33:05+00:00\",\"dateModified\":\"2024-08-09T02:28:22+00:00\",\"description\":\"El canciller poste\u00f3 una imagen precisando que se trata de una \u201cmentira\u201d, las afirmaciones emitidas por el Centro Carter a la agencia de noticias AFP.\",\"breadcrumb\":{\"@id\":\"https:\\\/\\\/stage3.rnv.gob.ve\\\/wp\\\/venezuela-denuncia-que-centro-carter-responde-a-intereses-involucrados-en-el-golpe-de-estado\\\/#breadcrumb\"},\"inLanguage\":\"es\",\"potentialAction\":[{\"@type\":\"ReadAction\",\"target\":[\"https:\\\/\\\/stage3.rnv.gob.ve\\\/wp\\\/venezuela-denuncia-que-centro-carter-responde-a-intereses-involucrados-en-el-golpe-de-estado\\\/\"]}]},{\"@type\":\"ImageObject\",\"inLanguage\":\"es\",\"@id\":\"https:\\\/\\\/stage3.rnv.gob.ve\\\/wp\\\/venezuela-denuncia-que-centro-carter-responde-a-intereses-involucrados-en-el-golpe-de-estado\\\/#primaryimage\",\"url\":\"https:\\\/\\\/stage3.rnv.gob.ve\\\/wp\\\/wp-content\\\/uploads\\\/2024\\\/08\\\/CANCILLER.jpg\",\"contentUrl\":\"https:\\\/\\\/stage3.rnv.gob.ve\\\/wp\\\/wp-content\\\/uploads\\\/2024\\\/08\\\/CANCILLER.jpg\",\"width\":696,\"height\":348},{\"@type\":\"BreadcrumbList\",\"@id\":\"https:\\\/\\\/stage3.rnv.gob.ve\\\/wp\\\/venezuela-denuncia-que-centro-carter-responde-a-intereses-involucrados-en-el-golpe-de-estado\\\/#breadcrumb\",\"itemListElement\":[{\"@type\":\"ListItem\",\"position\":1,\"name\":\"Portada\",\"item\":\"https:\\\/\\\/stage3.rnv.gob.ve\\\/wp\\\/\"},{\"@type\":\"ListItem\",\"position\":2,\"name\":\"Venezuela Denuncia Que Centro Carter Responde A Intereses Involucrados En El Golpe De Estado\"}]},{\"@type\":\"WebSite\",\"@id\":\"https:\\\/\\\/stage3.rnv.gob.ve\\\/wp\\\/#website\",\"url\":\"https:\\\/\\\/stage3.rnv.gob.ve\\\/wp\\\/\",\"name\":\"DEV RNV\",\"description\":\"Radio Nacional de Venezuela C.A.\",\"publisher\":{\"@id\":\"https:\\\/\\\/stage3.rnv.gob.ve\\\/wp\\\/#organization\"},\"potentialAction\":[{\"@type\":\"SearchAction\",\"target\":{\"@type\":\"EntryPoint\",\"urlTemplate\":\"https:\\\/\\\/stage3.rnv.gob.ve\\\/wp\\\/?s={search_term_string}\"},\"query-input\":{\"@type\":\"PropertyValueSpecification\",\"valueRequired\":true,\"valueName\":\"search_term_string\"}}],\"inLanguage\":\"es\"},{\"@type\":\"Organization\",\"@id\":\"https:\\\/\\\/stage3.rnv.gob.ve\\\/wp\\\/#organization\",\"name\":\"Radio Nacional de Venezuela C.A.\",\"url\":\"https:\\\/\\\/stage3.rnv.gob.ve\\\/wp\\\/\",\"logo\":{\"@type\":\"ImageObject\",\"inLanguage\":\"es\",\"@id\":\"https:\\\/\\\/stage3.rnv.gob.ve\\\/wp\\\/#\\\/schema\\\/logo\\\/image\\\/\",\"url\":\"http:\\\/\\\/rnv.ddns.net\\\/prensa\\\/wp-content\\\/uploads\\\/2022\\\/04\\\/rnv-1-300x227-1.jpg\",\"contentUrl\":\"http:\\\/\\\/rnv.ddns.net\\\/prensa\\\/wp-content\\\/uploads\\\/2022\\\/04\\\/rnv-1-300x227-1.jpg\",\"width\":800,\"height\":455,\"caption\":\"Radio Nacional de Venezuela C.A.\"},\"image\":{\"@id\":\"https:\\\/\\\/stage3.rnv.gob.ve\\\/wp\\\/#\\\/schema\\\/logo\\\/image\\\/\"},\"sameAs\":[\"https:\\\/\\\/www.facebook.com\\\/RadioNacionaldeVenezuela\",\"https:\\\/\\\/x.com\\\/RNVinformativa\",\"https:\\\/\\\/www.instagram.com\\\/rnvinformativa\\\/\",\"https:\\\/\\\/www.youtube.com\\\/user\\\/RNVContigo\"]},{\"@type\":\"Person\",\"@id\":\"https:\\\/\\\/stage3.rnv.gob.ve\\\/wp\\\/#\\\/schema\\\/person\\\/f01f556d4b148634786fbc7a33dd1e1e\",\"name\":\"Greicy Far\u00edas\",\"url\":\"https:\\\/\\\/stage3.rnv.gob.ve\\\/wp\\\/author\\\/greicy_farias\\\/\"}]}<\/script>\n<!-- \/ Yoast SEO plugin. -->","yoast_head_json":{"title":"Venezuela denuncia que Centro Carter responde a intereses involucrados en el Golpe de Estado - DEV RNV","description":"El canciller poste\u00f3 una imagen precisando que se trata de una \u201cmentira\u201d, las afirmaciones emitidas por el Centro Carter a la agencia de noticias AFP.","robots":{"index":"noindex","follow":"follow","max-snippet":"max-snippet:-1","max-image-preview":"max-image-preview:large","max-video-preview":"max-video-preview:-1"},"og_locale":"es_ES","og_type":"article","og_title":"Venezuela denuncia que Centro Carter responde a intereses involucrados en el Golpe de Estado - DEV RNV","og_description":"El canciller poste\u00f3 una imagen precisando que se trata de una \u201cmentira\u201d, las afirmaciones emitidas por el Centro Carter a la agencia de noticias AFP.","og_url":"https:\/\/stage3.rnv.gob.ve\/wp\/venezuela-denuncia-que-centro-carter-responde-a-intereses-involucrados-en-el-golpe-de-estado\/","og_site_name":"DEV RNV","article_publisher":"https:\/\/www.facebook.com\/RadioNacionaldeVenezuela","article_published_time":"2024-08-08T18:33:05+00:00","article_modified_time":"2024-08-09T02:28:22+00:00","og_image":[{"width":696,"height":348,"url":"https:\/\/stage3.rnv.gob.ve\/wp\/wp-content\/uploads\/2024\/08\/CANCILLER.jpg","type":"image\/jpeg"}],"author":"Greicy Far\u00edas","twitter_card":"summary_large_image","twitter_creator":"@RNVinformativa","twitter_site":"@RNVinformativa","twitter_misc":{"Escrito por":"Greicy Far\u00edas","Tiempo estimado de lectura":"2 minutos"},"schema":{"@context":"https:\/\/schema.org","@graph":[{"@type":"Article","@id":"https:\/\/stage3.rnv.gob.ve\/wp\/venezuela-denuncia-que-centro-carter-responde-a-intereses-involucrados-en-el-golpe-de-estado\/#article","isPartOf":{"@id":"https:\/\/stage3.rnv.gob.ve\/wp\/venezuela-denuncia-que-centro-carter-responde-a-intereses-involucrados-en-el-golpe-de-estado\/"},"author":{"name":"Greicy Far\u00edas","@id":"https:\/\/stage3.rnv.gob.ve\/wp\/#\/schema\/person\/f01f556d4b148634786fbc7a33dd1e1e"},"headline":"Venezuela denuncia que Centro Carter responde a intereses involucrados en el Golpe de Estado","datePublished":"2024-08-08T18:33:05+00:00","dateModified":"2024-08-09T02:28:22+00:00","mainEntityOfPage":{"@id":"https:\/\/stage3.rnv.gob.ve\/wp\/venezuela-denuncia-que-centro-carter-responde-a-intereses-involucrados-en-el-golpe-de-estado\/"},"wordCount":339,"publisher":{"@id":"https:\/\/stage3.rnv.gob.ve\/wp\/#organization"},"image":{"@id":"https:\/\/stage3.rnv.gob.ve\/wp\/venezuela-denuncia-que-centro-carter-responde-a-intereses-involucrados-en-el-golpe-de-estado\/#primaryimage"},"thumbnailUrl":"https:\/\/stage3.rnv.gob.ve\/wp\/wp-content\/uploads\/2024\/08\/CANCILLER.jpg","articleSection":["Destacado","Nacional"],"inLanguage":"es"},{"@type":"WebPage","@id":"https:\/\/stage3.rnv.gob.ve\/wp\/venezuela-denuncia-que-centro-carter-responde-a-intereses-involucrados-en-el-golpe-de-estado\/","url":"https:\/\/stage3.rnv.gob.ve\/wp\/venezuela-denuncia-que-centro-carter-responde-a-intereses-involucrados-en-el-golpe-de-estado\/","name":"Venezuela denuncia que Centro Carter responde a intereses involucrados en el Golpe de Estado - DEV RNV","isPartOf":{"@id":"https:\/\/stage3.rnv.gob.ve\/wp\/#website"},"primaryImageOfPage":{"@id":"https:\/\/stage3.rnv.gob.ve\/wp\/venezuela-denuncia-que-centro-carter-responde-a-intereses-involucrados-en-el-golpe-de-estado\/#primaryimage"},"image":{"@id":"https:\/\/stage3.rnv.gob.ve\/wp\/venezuela-denuncia-que-centro-carter-responde-a-intereses-involucrados-en-el-golpe-de-estado\/#primaryimage"},"thumbnailUrl":"https:\/\/stage3.rnv.gob.ve\/wp\/wp-content\/uploads\/2024\/08\/CANCILLER.jpg","datePublished":"2024-08-08T18:33:05+00:00","dateModified":"2024-08-09T02:28:22+00:00","description":"El canciller poste\u00f3 una imagen precisando que se trata de una \u201cmentira\u201d, las afirmaciones emitidas por el Centro Carter a la agencia de noticias AFP.","breadcrumb":{"@id":"https:\/\/stage3.rnv.gob.ve\/wp\/venezuela-denuncia-que-centro-carter-responde-a-intereses-involucrados-en-el-golpe-de-estado\/#breadcrumb"},"inLanguage":"es","potentialAction":[{"@type":"ReadAction","target":["https:\/\/stage3.rnv.gob.ve\/wp\/venezuela-denuncia-que-centro-carter-responde-a-intereses-involucrados-en-el-golpe-de-estado\/"]}]},{"@type":"ImageObject","inLanguage":"es","@id":"https:\/\/stage3.rnv.gob.ve\/wp\/venezuela-denuncia-que-centro-carter-responde-a-intereses-involucrados-en-el-golpe-de-estado\/#primaryimage","url":"https:\/\/stage3.rnv.gob.ve\/wp\/wp-content\/uploads\/2024\/08\/CANCILLER.jpg","contentUrl":"https:\/\/stage3.rnv.gob.ve\/wp\/wp-content\/uploads\/2024\/08\/CANCILLER.jpg","width":696,"height":348},{"@type":"BreadcrumbList","@id":"https:\/\/stage3.rnv.gob.ve\/wp\/venezuela-denuncia-que-centro-carter-responde-a-intereses-involucrados-en-el-golpe-de-estado\/#breadcrumb","itemListElement":[{"@type":"ListItem","position":1,"name":"Portada","item":"https:\/\/stage3.rnv.gob.ve\/wp\/"},{"@type":"ListItem","position":2,"name":"Venezuela Denuncia Que Centro Carter Responde A Intereses Involucrados En El Golpe De Estado"}]},{"@type":"WebSite","@id":"https:\/\/stage3.rnv.gob.ve\/wp\/#website","url":"https:\/\/stage3.rnv.gob.ve\/wp\/","name":"DEV RNV","description":"Radio Nacional de Venezuela C.A.","publisher":{"@id":"https:\/\/stage3.rnv.gob.ve\/wp\/#organization"},"potentialAction":[{"@type":"SearchAction","target":{"@type":"EntryPoint","urlTemplate":"https:\/\/stage3.rnv.gob.ve\/wp\/?s={search_term_string}"},"query-input":{"@type":"PropertyValueSpecification","valueRequired":true,"valueName":"search_term_string"}}],"inLanguage":"es"},{"@type":"Organization","@id":"https:\/\/stage3.rnv.gob.ve\/wp\/#organization","name":"Radio Nacional de Venezuela C.A.","url":"https:\/\/stage3.rnv.gob.ve\/wp\/","logo":{"@type":"ImageObject","inLanguage":"es","@id":"https:\/\/stage3.rnv.gob.ve\/wp\/#\/schema\/logo\/image\/","url":"http:\/\/rnv.ddns.net\/prensa\/wp-content\/uploads\/2022\/04\/rnv-1-300x227-1.jpg","contentUrl":"http:\/\/rnv.ddns.net\/prensa\/wp-content\/uploads\/2022\/04\/rnv-1-300x227-1.jpg","width":800,"height":455,"caption":"Radio Nacional de Venezuela C.A."},"image":{"@id":"https:\/\/stage3.rnv.gob.ve\/wp\/#\/schema\/logo\/image\/"},"sameAs":["https:\/\/www.facebook.com\/RadioNacionaldeVenezuela","https:\/\/x.com\/RNVinformativa","https:\/\/www.instagram.com\/rnvinformativa\/","https:\/\/www.youtube.com\/user\/RNVContigo"]},{"@type":"Person","@id":"https:\/\/stage3.rnv.gob.ve\/wp\/#\/schema\/person\/f01f556d4b148634786fbc7a33dd1e1e","name":"Greicy Far\u00edas","url":"https:\/\/stage3.rnv.gob.ve\/wp\/author\/greicy_farias\/"}]}},"jetpack_featured_media_url":"https:\/\/stage3.rnv.gob.ve\/wp\/wp-content\/uploads\/2024\/08\/CANCILLER.jpg","_links":{"self":[{"href":"https:\/\/stage3.rnv.gob.ve\/wp\/wp-json\/wp\/v2\/posts\/381266","targetHints":{"allow":["GET"]}}],"collection":[{"href":"https:\/\/stage3.rnv.gob.ve\/wp\/wp-json\/wp\/v2\/posts"}],"about":[{"href":"https:\/\/stage3.rnv.gob.ve\/wp\/wp-json\/wp\/v2\/types\/post"}],"author":[{"embeddable":true,"href":"https:\/\/stage3.rnv.gob.ve\/wp\/wp-json\/wp\/v2\/users\/55"}],"replies":[{"embeddable":true,"href":"https:\/\/stage3.rnv.gob.ve\/wp\/wp-json\/wp\/v2\/comments?post=381266"}],"version-history":[{"count":0,"href":"https:\/\/stage3.rnv.gob.ve\/wp\/wp-json\/wp\/v2\/posts\/381266\/revisions"}],"wp:featuredmedia":[{"embeddable":true,"href":"https:\/\/stage3.rnv.gob.ve\/wp\/wp-json\/wp\/v2\/media\/381267"}],"wp:attachment":[{"href":"https:\/\/stage3.rnv.gob.ve\/wp\/wp-json\/wp\/v2\/media?parent=381266"}],"wp:term":[{"taxonomy":"category","embeddable":true,"href":"https:\/\/stage3.rnv.gob.ve\/wp\/wp-json\/wp\/v2\/categories?post=381266"},{"taxonomy":"post_tag","embeddable":true,"href":"https:\/\/stage3.rnv.gob.ve\/wp\/wp-json\/wp\/v2\/tags?post=381266"}],"curies":[{"name":"wp","href":"https:\/\/api.w.org\/{rel}","templated":true}]}}