{"id":376885,"date":"2024-04-26T02:41:31","date_gmt":"2024-04-26T06:41:31","guid":{"rendered":"https:\/\/stage3.rnv.gob.ve\/wp\/prensa\/?p=376885"},"modified":"2024-04-26T02:41:31","modified_gmt":"2024-04-26T06:41:31","slug":"inauguran-meganucleo-de-robotica-educativa-en-estacion-guaicaipuro-de-metro-los-teques","status":"publish","type":"post","link":"https:\/\/stage3.rnv.gob.ve\/wp\/inauguran-meganucleo-de-robotica-educativa-en-estacion-guaicaipuro-de-metro-los-teques\/","title":{"rendered":"Inauguran Megan\u00facleo de Rob\u00f3tica Educativa en estaci\u00f3n Guaicaipuro de Metro Los Teques"},"content":{"rendered":"<p>El primer Megan\u00facleo de Rob\u00f3tica Educativa del estado Miranda se inaugur\u00f3 este jueves en la estaci\u00f3n Guaicaipuro de Metro Los Teques, gracias a una alianza con el Ministerio del Poder Popular para la Ciencia y Tecnolog\u00eda (Mincyt), la Gobernaci\u00f3n de la entidad y Fundaci\u00f3n Infocentro.<\/p>\n<p>Programaci\u00f3n, ingenier\u00eda, ciencia, impresi\u00f3n 3D, inteligencia artificial y rob\u00f3tica, es parte de lo que ofrecer\u00e1 esta iniciativa que va dirigida a estudiantes entre 6 y 18 a\u00f1os de edad, en un horario de lunes a viernes de 8:00am a 4:00pm.<\/p>\n<p>Como parte del Programa Nacional Semilleros Cient\u00edficos, esta sala formativa incluye un laboratorio de electr\u00f3nica y una \u00e1rea de programaci\u00f3n con conexi\u00f3n a Internet, con el prop\u00f3sito de fomentar el inter\u00e9s de j\u00f3venes en la rob\u00f3tica, no solo para la creaci\u00f3n de m\u00e1quinas y circuitos 3D, sino tambi\u00e9n en la participaci\u00f3n en olimpiadas estadales, nacionales e internacionales.<\/p>\n<p>\u201cNo se trata solamente de acceder a una tecnolog\u00eda, aqu\u00ed vamos a un paso m\u00e1s adelante, es aprender a desarrollarla. Esa es la clave para la independencia y la soberan\u00eda\u201d, expres\u00f3 el gobernador del estado Miranda, H\u00e9ctor Rodr\u00edguez, quien presidi\u00f3 la actividad en compa\u00f1\u00eda del presidente de Metro Los Teques, Ing. Francisco Garc\u00e9s, la viceministra para la Comunalizaci\u00f3n de la Ciencia para la Producci\u00f3n, Danmarys Hern\u00e1ndez, el presidente de la Fundaci\u00f3n Infocentro, Luis La Rosa y el alcalde del municipio Guaicaipuro, Farith Fraija.<\/p>\n<p>Por su parte, Emily Gaviria, estudiante de segundo a\u00f1o en la Escuela T\u00e9cnica Comercial Dr. Jes\u00fas Mu\u00f1oz Tebar, manifest\u00f3: \u201cMi experiencia aqu\u00ed ha sido maravillosa, siempre me ha gustado aprender de la electr\u00f3nica y rob\u00f3tica\u201d.<\/p>\n<p>Vale destacar que el n\u00facleo de rob\u00f3tica contar\u00e1 con talleres formativos para estudiantes de diferentes escuelas y liceos del estado Miranda.<\/p>\n<p><strong>T\/Metro Los Teques<\/strong><\/p>\n","protected":false},"excerpt":{"rendered":"<p>El primer Megan\u00facleo de Rob\u00f3tica Educativa del estado Miranda se inaugur\u00f3 este jueves en la estaci\u00f3n Guaicaipuro de Metro Los Teques, gracias a una alianza con el Ministerio del Poder Popular para la Ciencia y Tecnolog\u00eda (Mincyt), la Gobernaci\u00f3n de la entidad y Fundaci\u00f3n Infocentro. Programaci\u00f3n, ingenier\u00eda, ciencia, impresi\u00f3n 3D, inteligencia artificial y rob\u00f3tica, es [&hellip;]<\/p>\n","protected":false},"author":18,"featured_media":376886,"comment_status":"closed","ping_status":"closed","sticky":false,"template":"","format":"standard","meta":{"_acf_changed":false,"footnotes":""},"categories":[73],"tags":[37099,3842,36509],"class_list":["post-376885","post","type-post","status-publish","format-standard","has-post-thumbnail","hentry","category-ciencia-y-tecnologia","tag-meganucleo-de-robotica-educativa","tag-metro-los-teques","tag-robotica"],"acf":[],"yoast_head":"<!-- This site is optimized with the Yoast SEO plugin v27.4 - https:\/\/yoast.com\/product\/yoast-seo-wordpress\/ -->\n<title>Inauguran Megan\u00facleo de Rob\u00f3tica Educativa en estaci\u00f3n Guaicaipuro de Metro Los Teques - DEV RNV<\/title>\n<meta name=\"description\" content=\"El primer Megan\u00facleo de Rob\u00f3tica Educativa del estado Miranda se inaugur\u00f3 este jueves en la estaci\u00f3n Guaicaipuro de Metro Los Teques, gracias a una alianza con el Ministerio del Poder Popular para la Ciencia y Tecnolog\u00eda (Mincyt), la Gobernaci\u00f3n de la entidad y Fundaci\u00f3n Infocentro.\" \/>\n<meta name=\"robots\" content=\"noindex, follow, max-snippet:-1, max-image-preview:large, max-video-preview:-1\" \/>\n<meta property=\"og:locale\" content=\"es_ES\" \/>\n<meta property=\"og:type\" content=\"article\" \/>\n<meta property=\"og:title\" content=\"Inauguran Megan\u00facleo de Rob\u00f3tica Educativa en estaci\u00f3n Guaicaipuro de Metro Los Teques - DEV RNV\" \/>\n<meta property=\"og:description\" content=\"El primer Megan\u00facleo de Rob\u00f3tica Educativa del estado Miranda se inaugur\u00f3 este jueves en la estaci\u00f3n Guaicaipuro de Metro Los Teques, gracias a una alianza con el Ministerio del Poder Popular para la Ciencia y Tecnolog\u00eda (Mincyt), la Gobernaci\u00f3n de la entidad y Fundaci\u00f3n Infocentro.\" \/>\n<meta property=\"og:url\" content=\"https:\/\/stage3.rnv.gob.ve\/wp\/inauguran-meganucleo-de-robotica-educativa-en-estacion-guaicaipuro-de-metro-los-teques\/\" \/>\n<meta property=\"og:site_name\" content=\"DEV RNV\" \/>\n<meta property=\"article:publisher\" content=\"https:\/\/www.facebook.com\/RadioNacionaldeVenezuela\" \/>\n<meta property=\"article:published_time\" content=\"2024-04-26T06:41:31+00:00\" \/>\n<meta property=\"og:image\" content=\"https:\/\/stage3.rnv.gob.ve\/wp\/wp-content\/uploads\/2024\/04\/robotica-1.jpg\" \/>\n\t<meta property=\"og:image:width\" content=\"600\" \/>\n\t<meta property=\"og:image:height\" content=\"371\" \/>\n\t<meta property=\"og:image:type\" content=\"image\/jpeg\" \/>\n<meta name=\"author\" content=\"Nora Andrade\" \/>\n<meta name=\"twitter:card\" content=\"summary_large_image\" \/>\n<meta name=\"twitter:creator\" content=\"@RNVinformativa\" \/>\n<meta name=\"twitter:site\" content=\"@RNVinformativa\" \/>\n<meta name=\"twitter:label1\" content=\"Escrito por\" \/>\n\t<meta name=\"twitter:data1\" content=\"Nora Andrade\" \/>\n\t<meta name=\"twitter:label2\" content=\"Tiempo estimado de lectura\" \/>\n\t<meta name=\"twitter:data2\" content=\"2 minutos\" \/>\n<script type=\"application\/ld+json\" class=\"yoast-schema-graph\">{\"@context\":\"https:\\\/\\\/schema.org\",\"@graph\":[{\"@type\":\"Article\",\"@id\":\"https:\\\/\\\/stage3.rnv.gob.ve\\\/wp\\\/inauguran-meganucleo-de-robotica-educativa-en-estacion-guaicaipuro-de-metro-los-teques\\\/#article\",\"isPartOf\":{\"@id\":\"https:\\\/\\\/stage3.rnv.gob.ve\\\/wp\\\/inauguran-meganucleo-de-robotica-educativa-en-estacion-guaicaipuro-de-metro-los-teques\\\/\"},\"author\":{\"name\":\"Nora Andrade\",\"@id\":\"https:\\\/\\\/stage3.rnv.gob.ve\\\/wp\\\/#\\\/schema\\\/person\\\/b04f077485d4e004e355dd829c37feaa\"},\"headline\":\"Inauguran Megan\u00facleo de Rob\u00f3tica Educativa en estaci\u00f3n Guaicaipuro de Metro Los Teques\",\"datePublished\":\"2024-04-26T06:41:31+00:00\",\"mainEntityOfPage\":{\"@id\":\"https:\\\/\\\/stage3.rnv.gob.ve\\\/wp\\\/inauguran-meganucleo-de-robotica-educativa-en-estacion-guaicaipuro-de-metro-los-teques\\\/\"},\"wordCount\":340,\"publisher\":{\"@id\":\"https:\\\/\\\/stage3.rnv.gob.ve\\\/wp\\\/#organization\"},\"image\":{\"@id\":\"https:\\\/\\\/stage3.rnv.gob.ve\\\/wp\\\/inauguran-meganucleo-de-robotica-educativa-en-estacion-guaicaipuro-de-metro-los-teques\\\/#primaryimage\"},\"thumbnailUrl\":\"https:\\\/\\\/stage3.rnv.gob.ve\\\/wp\\\/wp-content\\\/uploads\\\/2024\\\/04\\\/robotica-1.jpg\",\"keywords\":[\"Megan\u00facleo de Rob\u00f3tica Educativa\",\"Metro Los Teques\",\"Rob\u00f3tica\"],\"articleSection\":[\"Ciencia y Tecnolog\u00eda\"],\"inLanguage\":\"es\"},{\"@type\":\"WebPage\",\"@id\":\"https:\\\/\\\/stage3.rnv.gob.ve\\\/wp\\\/inauguran-meganucleo-de-robotica-educativa-en-estacion-guaicaipuro-de-metro-los-teques\\\/\",\"url\":\"https:\\\/\\\/stage3.rnv.gob.ve\\\/wp\\\/inauguran-meganucleo-de-robotica-educativa-en-estacion-guaicaipuro-de-metro-los-teques\\\/\",\"name\":\"Inauguran Megan\u00facleo de Rob\u00f3tica Educativa en estaci\u00f3n Guaicaipuro de Metro Los Teques - DEV RNV\",\"isPartOf\":{\"@id\":\"https:\\\/\\\/stage3.rnv.gob.ve\\\/wp\\\/#website\"},\"primaryImageOfPage\":{\"@id\":\"https:\\\/\\\/stage3.rnv.gob.ve\\\/wp\\\/inauguran-meganucleo-de-robotica-educativa-en-estacion-guaicaipuro-de-metro-los-teques\\\/#primaryimage\"},\"image\":{\"@id\":\"https:\\\/\\\/stage3.rnv.gob.ve\\\/wp\\\/inauguran-meganucleo-de-robotica-educativa-en-estacion-guaicaipuro-de-metro-los-teques\\\/#primaryimage\"},\"thumbnailUrl\":\"https:\\\/\\\/stage3.rnv.gob.ve\\\/wp\\\/wp-content\\\/uploads\\\/2024\\\/04\\\/robotica-1.jpg\",\"datePublished\":\"2024-04-26T06:41:31+00:00\",\"description\":\"El primer Megan\u00facleo de Rob\u00f3tica Educativa del estado Miranda se inaugur\u00f3 este jueves en la estaci\u00f3n Guaicaipuro de Metro Los Teques, gracias a una alianza con el Ministerio del Poder Popular para la Ciencia y Tecnolog\u00eda (Mincyt), la Gobernaci\u00f3n de la entidad y Fundaci\u00f3n Infocentro.\",\"breadcrumb\":{\"@id\":\"https:\\\/\\\/stage3.rnv.gob.ve\\\/wp\\\/inauguran-meganucleo-de-robotica-educativa-en-estacion-guaicaipuro-de-metro-los-teques\\\/#breadcrumb\"},\"inLanguage\":\"es\",\"potentialAction\":[{\"@type\":\"ReadAction\",\"target\":[\"https:\\\/\\\/stage3.rnv.gob.ve\\\/wp\\\/inauguran-meganucleo-de-robotica-educativa-en-estacion-guaicaipuro-de-metro-los-teques\\\/\"]}]},{\"@type\":\"ImageObject\",\"inLanguage\":\"es\",\"@id\":\"https:\\\/\\\/stage3.rnv.gob.ve\\\/wp\\\/inauguran-meganucleo-de-robotica-educativa-en-estacion-guaicaipuro-de-metro-los-teques\\\/#primaryimage\",\"url\":\"https:\\\/\\\/stage3.rnv.gob.ve\\\/wp\\\/wp-content\\\/uploads\\\/2024\\\/04\\\/robotica-1.jpg\",\"contentUrl\":\"https:\\\/\\\/stage3.rnv.gob.ve\\\/wp\\\/wp-content\\\/uploads\\\/2024\\\/04\\\/robotica-1.jpg\",\"width\":600,\"height\":371},{\"@type\":\"BreadcrumbList\",\"@id\":\"https:\\\/\\\/stage3.rnv.gob.ve\\\/wp\\\/inauguran-meganucleo-de-robotica-educativa-en-estacion-guaicaipuro-de-metro-los-teques\\\/#breadcrumb\",\"itemListElement\":[{\"@type\":\"ListItem\",\"position\":1,\"name\":\"Portada\",\"item\":\"https:\\\/\\\/stage3.rnv.gob.ve\\\/wp\\\/\"},{\"@type\":\"ListItem\",\"position\":2,\"name\":\"Inauguran Megan\u00facleo De Rob\u00f3tica Educativa En Estaci\u00f3n Guaicaipuro De Metro Los Teques\"}]},{\"@type\":\"WebSite\",\"@id\":\"https:\\\/\\\/stage3.rnv.gob.ve\\\/wp\\\/#website\",\"url\":\"https:\\\/\\\/stage3.rnv.gob.ve\\\/wp\\\/\",\"name\":\"DEV RNV\",\"description\":\"Radio Nacional de Venezuela C.A.\",\"publisher\":{\"@id\":\"https:\\\/\\\/stage3.rnv.gob.ve\\\/wp\\\/#organization\"},\"potentialAction\":[{\"@type\":\"SearchAction\",\"target\":{\"@type\":\"EntryPoint\",\"urlTemplate\":\"https:\\\/\\\/stage3.rnv.gob.ve\\\/wp\\\/?s={search_term_string}\"},\"query-input\":{\"@type\":\"PropertyValueSpecification\",\"valueRequired\":true,\"valueName\":\"search_term_string\"}}],\"inLanguage\":\"es\"},{\"@type\":\"Organization\",\"@id\":\"https:\\\/\\\/stage3.rnv.gob.ve\\\/wp\\\/#organization\",\"name\":\"Radio Nacional de Venezuela C.A.\",\"url\":\"https:\\\/\\\/stage3.rnv.gob.ve\\\/wp\\\/\",\"logo\":{\"@type\":\"ImageObject\",\"inLanguage\":\"es\",\"@id\":\"https:\\\/\\\/stage3.rnv.gob.ve\\\/wp\\\/#\\\/schema\\\/logo\\\/image\\\/\",\"url\":\"http:\\\/\\\/rnv.ddns.net\\\/prensa\\\/wp-content\\\/uploads\\\/2022\\\/04\\\/rnv-1-300x227-1.jpg\",\"contentUrl\":\"http:\\\/\\\/rnv.ddns.net\\\/prensa\\\/wp-content\\\/uploads\\\/2022\\\/04\\\/rnv-1-300x227-1.jpg\",\"width\":800,\"height\":455,\"caption\":\"Radio Nacional de Venezuela C.A.\"},\"image\":{\"@id\":\"https:\\\/\\\/stage3.rnv.gob.ve\\\/wp\\\/#\\\/schema\\\/logo\\\/image\\\/\"},\"sameAs\":[\"https:\\\/\\\/www.facebook.com\\\/RadioNacionaldeVenezuela\",\"https:\\\/\\\/x.com\\\/RNVinformativa\",\"https:\\\/\\\/www.instagram.com\\\/rnvinformativa\\\/\",\"https:\\\/\\\/www.youtube.com\\\/user\\\/RNVContigo\"]},{\"@type\":\"Person\",\"@id\":\"https:\\\/\\\/stage3.rnv.gob.ve\\\/wp\\\/#\\\/schema\\\/person\\\/b04f077485d4e004e355dd829c37feaa\",\"name\":\"Nora Andrade\",\"url\":\"https:\\\/\\\/stage3.rnv.gob.ve\\\/wp\\\/author\\\/nora_andrade\\\/\"}]}<\/script>\n<!-- \/ Yoast SEO plugin. -->","yoast_head_json":{"title":"Inauguran Megan\u00facleo de Rob\u00f3tica Educativa en estaci\u00f3n Guaicaipuro de Metro Los Teques - DEV RNV","description":"El primer Megan\u00facleo de Rob\u00f3tica Educativa del estado Miranda se inaugur\u00f3 este jueves en la estaci\u00f3n Guaicaipuro de Metro Los Teques, gracias a una alianza con el Ministerio del Poder Popular para la Ciencia y Tecnolog\u00eda (Mincyt), la Gobernaci\u00f3n de la entidad y Fundaci\u00f3n Infocentro.","robots":{"index":"noindex","follow":"follow","max-snippet":"max-snippet:-1","max-image-preview":"max-image-preview:large","max-video-preview":"max-video-preview:-1"},"og_locale":"es_ES","og_type":"article","og_title":"Inauguran Megan\u00facleo de Rob\u00f3tica Educativa en estaci\u00f3n Guaicaipuro de Metro Los Teques - DEV RNV","og_description":"El primer Megan\u00facleo de Rob\u00f3tica Educativa del estado Miranda se inaugur\u00f3 este jueves en la estaci\u00f3n Guaicaipuro de Metro Los Teques, gracias a una alianza con el Ministerio del Poder Popular para la Ciencia y Tecnolog\u00eda (Mincyt), la Gobernaci\u00f3n de la entidad y Fundaci\u00f3n Infocentro.","og_url":"https:\/\/stage3.rnv.gob.ve\/wp\/inauguran-meganucleo-de-robotica-educativa-en-estacion-guaicaipuro-de-metro-los-teques\/","og_site_name":"DEV RNV","article_publisher":"https:\/\/www.facebook.com\/RadioNacionaldeVenezuela","article_published_time":"2024-04-26T06:41:31+00:00","og_image":[{"width":600,"height":371,"url":"https:\/\/stage3.rnv.gob.ve\/wp\/wp-content\/uploads\/2024\/04\/robotica-1.jpg","type":"image\/jpeg"}],"author":"Nora Andrade","twitter_card":"summary_large_image","twitter_creator":"@RNVinformativa","twitter_site":"@RNVinformativa","twitter_misc":{"Escrito por":"Nora Andrade","Tiempo estimado de lectura":"2 minutos"},"schema":{"@context":"https:\/\/schema.org","@graph":[{"@type":"Article","@id":"https:\/\/stage3.rnv.gob.ve\/wp\/inauguran-meganucleo-de-robotica-educativa-en-estacion-guaicaipuro-de-metro-los-teques\/#article","isPartOf":{"@id":"https:\/\/stage3.rnv.gob.ve\/wp\/inauguran-meganucleo-de-robotica-educativa-en-estacion-guaicaipuro-de-metro-los-teques\/"},"author":{"name":"Nora Andrade","@id":"https:\/\/stage3.rnv.gob.ve\/wp\/#\/schema\/person\/b04f077485d4e004e355dd829c37feaa"},"headline":"Inauguran Megan\u00facleo de Rob\u00f3tica Educativa en estaci\u00f3n Guaicaipuro de Metro Los Teques","datePublished":"2024-04-26T06:41:31+00:00","mainEntityOfPage":{"@id":"https:\/\/stage3.rnv.gob.ve\/wp\/inauguran-meganucleo-de-robotica-educativa-en-estacion-guaicaipuro-de-metro-los-teques\/"},"wordCount":340,"publisher":{"@id":"https:\/\/stage3.rnv.gob.ve\/wp\/#organization"},"image":{"@id":"https:\/\/stage3.rnv.gob.ve\/wp\/inauguran-meganucleo-de-robotica-educativa-en-estacion-guaicaipuro-de-metro-los-teques\/#primaryimage"},"thumbnailUrl":"https:\/\/stage3.rnv.gob.ve\/wp\/wp-content\/uploads\/2024\/04\/robotica-1.jpg","keywords":["Megan\u00facleo de Rob\u00f3tica Educativa","Metro Los Teques","Rob\u00f3tica"],"articleSection":["Ciencia y Tecnolog\u00eda"],"inLanguage":"es"},{"@type":"WebPage","@id":"https:\/\/stage3.rnv.gob.ve\/wp\/inauguran-meganucleo-de-robotica-educativa-en-estacion-guaicaipuro-de-metro-los-teques\/","url":"https:\/\/stage3.rnv.gob.ve\/wp\/inauguran-meganucleo-de-robotica-educativa-en-estacion-guaicaipuro-de-metro-los-teques\/","name":"Inauguran Megan\u00facleo de Rob\u00f3tica Educativa en estaci\u00f3n Guaicaipuro de Metro Los Teques - DEV RNV","isPartOf":{"@id":"https:\/\/stage3.rnv.gob.ve\/wp\/#website"},"primaryImageOfPage":{"@id":"https:\/\/stage3.rnv.gob.ve\/wp\/inauguran-meganucleo-de-robotica-educativa-en-estacion-guaicaipuro-de-metro-los-teques\/#primaryimage"},"image":{"@id":"https:\/\/stage3.rnv.gob.ve\/wp\/inauguran-meganucleo-de-robotica-educativa-en-estacion-guaicaipuro-de-metro-los-teques\/#primaryimage"},"thumbnailUrl":"https:\/\/stage3.rnv.gob.ve\/wp\/wp-content\/uploads\/2024\/04\/robotica-1.jpg","datePublished":"2024-04-26T06:41:31+00:00","description":"El primer Megan\u00facleo de Rob\u00f3tica Educativa del estado Miranda se inaugur\u00f3 este jueves en la estaci\u00f3n Guaicaipuro de Metro Los Teques, gracias a una alianza con el Ministerio del Poder Popular para la Ciencia y Tecnolog\u00eda (Mincyt), la Gobernaci\u00f3n de la entidad y Fundaci\u00f3n Infocentro.","breadcrumb":{"@id":"https:\/\/stage3.rnv.gob.ve\/wp\/inauguran-meganucleo-de-robotica-educativa-en-estacion-guaicaipuro-de-metro-los-teques\/#breadcrumb"},"inLanguage":"es","potentialAction":[{"@type":"ReadAction","target":["https:\/\/stage3.rnv.gob.ve\/wp\/inauguran-meganucleo-de-robotica-educativa-en-estacion-guaicaipuro-de-metro-los-teques\/"]}]},{"@type":"ImageObject","inLanguage":"es","@id":"https:\/\/stage3.rnv.gob.ve\/wp\/inauguran-meganucleo-de-robotica-educativa-en-estacion-guaicaipuro-de-metro-los-teques\/#primaryimage","url":"https:\/\/stage3.rnv.gob.ve\/wp\/wp-content\/uploads\/2024\/04\/robotica-1.jpg","contentUrl":"https:\/\/stage3.rnv.gob.ve\/wp\/wp-content\/uploads\/2024\/04\/robotica-1.jpg","width":600,"height":371},{"@type":"BreadcrumbList","@id":"https:\/\/stage3.rnv.gob.ve\/wp\/inauguran-meganucleo-de-robotica-educativa-en-estacion-guaicaipuro-de-metro-los-teques\/#breadcrumb","itemListElement":[{"@type":"ListItem","position":1,"name":"Portada","item":"https:\/\/stage3.rnv.gob.ve\/wp\/"},{"@type":"ListItem","position":2,"name":"Inauguran Megan\u00facleo De Rob\u00f3tica Educativa En Estaci\u00f3n Guaicaipuro De Metro Los Teques"}]},{"@type":"WebSite","@id":"https:\/\/stage3.rnv.gob.ve\/wp\/#website","url":"https:\/\/stage3.rnv.gob.ve\/wp\/","name":"DEV RNV","description":"Radio Nacional de Venezuela C.A.","publisher":{"@id":"https:\/\/stage3.rnv.gob.ve\/wp\/#organization"},"potentialAction":[{"@type":"SearchAction","target":{"@type":"EntryPoint","urlTemplate":"https:\/\/stage3.rnv.gob.ve\/wp\/?s={search_term_string}"},"query-input":{"@type":"PropertyValueSpecification","valueRequired":true,"valueName":"search_term_string"}}],"inLanguage":"es"},{"@type":"Organization","@id":"https:\/\/stage3.rnv.gob.ve\/wp\/#organization","name":"Radio Nacional de Venezuela C.A.","url":"https:\/\/stage3.rnv.gob.ve\/wp\/","logo":{"@type":"ImageObject","inLanguage":"es","@id":"https:\/\/stage3.rnv.gob.ve\/wp\/#\/schema\/logo\/image\/","url":"http:\/\/rnv.ddns.net\/prensa\/wp-content\/uploads\/2022\/04\/rnv-1-300x227-1.jpg","contentUrl":"http:\/\/rnv.ddns.net\/prensa\/wp-content\/uploads\/2022\/04\/rnv-1-300x227-1.jpg","width":800,"height":455,"caption":"Radio Nacional de Venezuela C.A."},"image":{"@id":"https:\/\/stage3.rnv.gob.ve\/wp\/#\/schema\/logo\/image\/"},"sameAs":["https:\/\/www.facebook.com\/RadioNacionaldeVenezuela","https:\/\/x.com\/RNVinformativa","https:\/\/www.instagram.com\/rnvinformativa\/","https:\/\/www.youtube.com\/user\/RNVContigo"]},{"@type":"Person","@id":"https:\/\/stage3.rnv.gob.ve\/wp\/#\/schema\/person\/b04f077485d4e004e355dd829c37feaa","name":"Nora Andrade","url":"https:\/\/stage3.rnv.gob.ve\/wp\/author\/nora_andrade\/"}]}},"jetpack_featured_media_url":"https:\/\/stage3.rnv.gob.ve\/wp\/wp-content\/uploads\/2024\/04\/robotica-1.jpg","_links":{"self":[{"href":"https:\/\/stage3.rnv.gob.ve\/wp\/wp-json\/wp\/v2\/posts\/376885","targetHints":{"allow":["GET"]}}],"collection":[{"href":"https:\/\/stage3.rnv.gob.ve\/wp\/wp-json\/wp\/v2\/posts"}],"about":[{"href":"https:\/\/stage3.rnv.gob.ve\/wp\/wp-json\/wp\/v2\/types\/post"}],"author":[{"embeddable":true,"href":"https:\/\/stage3.rnv.gob.ve\/wp\/wp-json\/wp\/v2\/users\/18"}],"replies":[{"embeddable":true,"href":"https:\/\/stage3.rnv.gob.ve\/wp\/wp-json\/wp\/v2\/comments?post=376885"}],"version-history":[{"count":0,"href":"https:\/\/stage3.rnv.gob.ve\/wp\/wp-json\/wp\/v2\/posts\/376885\/revisions"}],"wp:featuredmedia":[{"embeddable":true,"href":"https:\/\/stage3.rnv.gob.ve\/wp\/wp-json\/wp\/v2\/media\/376886"}],"wp:attachment":[{"href":"https:\/\/stage3.rnv.gob.ve\/wp\/wp-json\/wp\/v2\/media?parent=376885"}],"wp:term":[{"taxonomy":"category","embeddable":true,"href":"https:\/\/stage3.rnv.gob.ve\/wp\/wp-json\/wp\/v2\/categories?post=376885"},{"taxonomy":"post_tag","embeddable":true,"href":"https:\/\/stage3.rnv.gob.ve\/wp\/wp-json\/wp\/v2\/tags?post=376885"}],"curies":[{"name":"wp","href":"https:\/\/api.w.org\/{rel}","templated":true}]}}