{"id":373468,"date":"2024-02-20T02:31:26","date_gmt":"2024-02-20T06:31:26","guid":{"rendered":"https:\/\/stage3.rnv.gob.ve\/wp\/prensa\/?p=373468"},"modified":"2024-02-20T02:31:26","modified_gmt":"2024-02-20T06:31:26","slug":"presidente-lula-llama-a-consultas-a-su-embajador-en-respuesta-a-israel","status":"publish","type":"post","link":"https:\/\/stage3.rnv.gob.ve\/wp\/presidente-lula-llama-a-consultas-a-su-embajador-en-respuesta-a-israel\/","title":{"rendered":"Presidente Lula llama a consultas a su embajador en respuesta a Israel"},"content":{"rendered":"<p>El presidente de Brasil,\u00a0Luiz In\u00e1cio Lula da Silva,\u00a0llam\u00f3 a consultas a su embajador en Israel,\u00a0Frederico Meyer, despu\u00e9s de que este pa\u00eds declarase al mandatario \u201cpersona non grata\u201d por comparar las muertes de palestinos en la Franja de Gaza con el Holocausto, inform\u00f3 Folha de Sao Paulo.<\/p>\n<p>Lula tom\u00f3 la decisi\u00f3n tras reunirse en el Palacio de la Alvorada, su residencia oficial, con su asesor especial para asuntos internacionales,\u00a0Celso Amorim, quien previamente comunic\u00f3 a la prensa que consideraba absurda la medida israel\u00ed. Por el momento, la embajada brasile\u00f1a en Israel estar\u00e1 al frente de un encargado de negocios.<\/p>\n<p>Las declaraciones del presidente brasile\u00f1o provocaron la ira del ministro de Asuntos Exteriores del r\u00e9gimen israel\u00ed,\u00a0Israel Katz, quien convoc\u00f3 a Meyer en el Museo del Holocausto, en lugar de reunirse en la Canciller\u00eda, como normalmente ocurre. El gesto fue calificado por diplom\u00e1ticos brasile\u00f1os como un \u201cespect\u00e1culo\u201d.<\/p>\n<p>\u201cEs un grave ataque antisemita. En mi nombre y en nombre de los ciudadanos de Israel, d\u00edganle al presidente Lula que es persona non grata en Israel hasta que se retracte\u201d, dijo Katz ante el diplom\u00e1tico brasile\u00f1o.<\/p>\n<p>Es una guerra de un ej\u00e9rcito contra mujeres y ni\u00f1os<\/p>\n<p>El domingo, en una una rueda de prensa celebrada en la 37.\u00aa Cumbre de la Uni\u00f3n Africana, en Ad\u00eds Abeba (Etiop\u00eda), Lula dijo que el conflicto \u201cno es una guerra entre soldados y soldados\u201d, sino \u201cuna guerra entre un Ej\u00e9rcito [israel\u00ed] altamente preparado y mujeres y ni\u00f1os\u201d.<\/p>\n<p>El mandatario compar\u00f3 los sucesos en el enclave palestino con el momento \u201ccuando [Adolf] Hitler decidi\u00f3 matar a los jud\u00edos\u201d.<\/p>\n<p>Seg\u00fan el analista brasile\u00f1o\u00a0Valdo Cruz,\u00a0una parte del Ejecutivo piensa que el presidente no cometi\u00f3 un error. Mientras que otra ala, opina que Brasil perdi\u00f3 su papel como mediador del conflicto.<\/p>\n<p>Un mensaje en la plataforma X de la primera dama de Brasil, Ros\u00e2ngela da Silva, conocida como\u00a0Janja,\u00a0dej\u00f3 claro que el presidente no tiene la intenci\u00f3n de dar marcha atr\u00e1s en sus declaraciones.\u00a0\u201cEl discurso se refer\u00eda al gobierno genocida y no al pueblo jud\u00edo. Seamos honestos en nuestros an\u00e1lisis\u201d, asever\u00f3.<\/p>\n<p><strong>T\/RT<\/strong><\/p>\n","protected":false},"excerpt":{"rendered":"<p>El presidente de Brasil,\u00a0Luiz In\u00e1cio Lula da Silva,\u00a0llam\u00f3 a consultas a su embajador en Israel,\u00a0Frederico Meyer, despu\u00e9s de que este pa\u00eds declarase al mandatario \u201cpersona non grata\u201d por comparar las muertes de palestinos en la Franja de Gaza con el Holocausto, inform\u00f3 Folha de Sao Paulo. Lula tom\u00f3 la decisi\u00f3n tras reunirse en el Palacio [&hellip;]<\/p>\n","protected":false},"author":18,"featured_media":373469,"comment_status":"closed","ping_status":"closed","sticky":false,"template":"","format":"standard","meta":{"_acf_changed":false,"footnotes":""},"categories":[63],"tags":[286,611,350],"class_list":["post-373468","post","type-post","status-publish","format-standard","has-post-thumbnail","hentry","category-latinoamerica","tag-brasil","tag-israel","tag-lula-da-silva"],"acf":[],"yoast_head":"<!-- This site is optimized with the Yoast SEO plugin v27.4 - https:\/\/yoast.com\/product\/yoast-seo-wordpress\/ -->\n<title>Presidente Lula llama a consultas a su embajador en respuesta a Israel - DEV RNV<\/title>\n<meta name=\"description\" content=\"El presidente de Brasil,\u00a0Luiz In\u00e1cio Lula da Silva,\u00a0llam\u00f3 a consultas a su embajador en Israel,\u00a0Frederico Meyer, despu\u00e9s de que este pa\u00eds declarase al mandatario \u201cpersona non grata\u201d por comparar las muertes de palestinos en la Franja de Gaza con el Holocausto, inform\u00f3 Folha de Sao Paulo.\" \/>\n<meta name=\"robots\" content=\"noindex, follow, max-snippet:-1, max-image-preview:large, max-video-preview:-1\" \/>\n<meta property=\"og:locale\" content=\"es_ES\" \/>\n<meta property=\"og:type\" content=\"article\" \/>\n<meta property=\"og:title\" content=\"Presidente Lula llama a consultas a su embajador en respuesta a Israel - DEV RNV\" \/>\n<meta property=\"og:description\" content=\"El presidente de Brasil,\u00a0Luiz In\u00e1cio Lula da Silva,\u00a0llam\u00f3 a consultas a su embajador en Israel,\u00a0Frederico Meyer, despu\u00e9s de que este pa\u00eds declarase al mandatario \u201cpersona non grata\u201d por comparar las muertes de palestinos en la Franja de Gaza con el Holocausto, inform\u00f3 Folha de Sao Paulo.\" \/>\n<meta property=\"og:url\" content=\"https:\/\/stage3.rnv.gob.ve\/wp\/presidente-lula-llama-a-consultas-a-su-embajador-en-respuesta-a-israel\/\" \/>\n<meta property=\"og:site_name\" content=\"DEV RNV\" \/>\n<meta property=\"article:publisher\" content=\"https:\/\/www.facebook.com\/RadioNacionaldeVenezuela\" \/>\n<meta property=\"article:published_time\" content=\"2024-02-20T06:31:26+00:00\" \/>\n<meta property=\"og:image\" content=\"https:\/\/stage3.rnv.gob.ve\/wp\/wp-content\/uploads\/2024\/02\/Lula.jpg\" \/>\n\t<meta property=\"og:image:width\" content=\"600\" \/>\n\t<meta property=\"og:image:height\" content=\"333\" \/>\n\t<meta property=\"og:image:type\" content=\"image\/jpeg\" \/>\n<meta name=\"author\" content=\"Nora Andrade\" \/>\n<meta name=\"twitter:card\" content=\"summary_large_image\" \/>\n<meta name=\"twitter:creator\" content=\"@RNVinformativa\" \/>\n<meta name=\"twitter:site\" content=\"@RNVinformativa\" \/>\n<meta name=\"twitter:label1\" content=\"Escrito por\" \/>\n\t<meta name=\"twitter:data1\" content=\"Nora Andrade\" \/>\n\t<meta name=\"twitter:label2\" content=\"Tiempo estimado de lectura\" \/>\n\t<meta name=\"twitter:data2\" content=\"2 minutos\" \/>\n<script type=\"application\/ld+json\" class=\"yoast-schema-graph\">{\"@context\":\"https:\\\/\\\/schema.org\",\"@graph\":[{\"@type\":\"Article\",\"@id\":\"https:\\\/\\\/stage3.rnv.gob.ve\\\/wp\\\/presidente-lula-llama-a-consultas-a-su-embajador-en-respuesta-a-israel\\\/#article\",\"isPartOf\":{\"@id\":\"https:\\\/\\\/stage3.rnv.gob.ve\\\/wp\\\/presidente-lula-llama-a-consultas-a-su-embajador-en-respuesta-a-israel\\\/\"},\"author\":{\"name\":\"Nora Andrade\",\"@id\":\"https:\\\/\\\/stage3.rnv.gob.ve\\\/wp\\\/#\\\/schema\\\/person\\\/b04f077485d4e004e355dd829c37feaa\"},\"headline\":\"Presidente Lula llama a consultas a su embajador en respuesta a Israel\",\"datePublished\":\"2024-02-20T06:31:26+00:00\",\"mainEntityOfPage\":{\"@id\":\"https:\\\/\\\/stage3.rnv.gob.ve\\\/wp\\\/presidente-lula-llama-a-consultas-a-su-embajador-en-respuesta-a-israel\\\/\"},\"wordCount\":389,\"publisher\":{\"@id\":\"https:\\\/\\\/stage3.rnv.gob.ve\\\/wp\\\/#organization\"},\"image\":{\"@id\":\"https:\\\/\\\/stage3.rnv.gob.ve\\\/wp\\\/presidente-lula-llama-a-consultas-a-su-embajador-en-respuesta-a-israel\\\/#primaryimage\"},\"thumbnailUrl\":\"https:\\\/\\\/stage3.rnv.gob.ve\\\/wp\\\/wp-content\\\/uploads\\\/2024\\\/02\\\/Lula.jpg\",\"keywords\":[\"brasil\",\"israel\",\"lula da silva\"],\"articleSection\":[\"Latinoam\u00e9rica\"],\"inLanguage\":\"es\"},{\"@type\":\"WebPage\",\"@id\":\"https:\\\/\\\/stage3.rnv.gob.ve\\\/wp\\\/presidente-lula-llama-a-consultas-a-su-embajador-en-respuesta-a-israel\\\/\",\"url\":\"https:\\\/\\\/stage3.rnv.gob.ve\\\/wp\\\/presidente-lula-llama-a-consultas-a-su-embajador-en-respuesta-a-israel\\\/\",\"name\":\"Presidente Lula llama a consultas a su embajador en respuesta a Israel - DEV RNV\",\"isPartOf\":{\"@id\":\"https:\\\/\\\/stage3.rnv.gob.ve\\\/wp\\\/#website\"},\"primaryImageOfPage\":{\"@id\":\"https:\\\/\\\/stage3.rnv.gob.ve\\\/wp\\\/presidente-lula-llama-a-consultas-a-su-embajador-en-respuesta-a-israel\\\/#primaryimage\"},\"image\":{\"@id\":\"https:\\\/\\\/stage3.rnv.gob.ve\\\/wp\\\/presidente-lula-llama-a-consultas-a-su-embajador-en-respuesta-a-israel\\\/#primaryimage\"},\"thumbnailUrl\":\"https:\\\/\\\/stage3.rnv.gob.ve\\\/wp\\\/wp-content\\\/uploads\\\/2024\\\/02\\\/Lula.jpg\",\"datePublished\":\"2024-02-20T06:31:26+00:00\",\"description\":\"El presidente de Brasil,\u00a0Luiz In\u00e1cio Lula da Silva,\u00a0llam\u00f3 a consultas a su embajador en Israel,\u00a0Frederico Meyer, despu\u00e9s de que este pa\u00eds declarase al mandatario \u201cpersona non grata\u201d por comparar las muertes de palestinos en la Franja de Gaza con el Holocausto, inform\u00f3 Folha de Sao Paulo.\",\"breadcrumb\":{\"@id\":\"https:\\\/\\\/stage3.rnv.gob.ve\\\/wp\\\/presidente-lula-llama-a-consultas-a-su-embajador-en-respuesta-a-israel\\\/#breadcrumb\"},\"inLanguage\":\"es\",\"potentialAction\":[{\"@type\":\"ReadAction\",\"target\":[\"https:\\\/\\\/stage3.rnv.gob.ve\\\/wp\\\/presidente-lula-llama-a-consultas-a-su-embajador-en-respuesta-a-israel\\\/\"]}]},{\"@type\":\"ImageObject\",\"inLanguage\":\"es\",\"@id\":\"https:\\\/\\\/stage3.rnv.gob.ve\\\/wp\\\/presidente-lula-llama-a-consultas-a-su-embajador-en-respuesta-a-israel\\\/#primaryimage\",\"url\":\"https:\\\/\\\/stage3.rnv.gob.ve\\\/wp\\\/wp-content\\\/uploads\\\/2024\\\/02\\\/Lula.jpg\",\"contentUrl\":\"https:\\\/\\\/stage3.rnv.gob.ve\\\/wp\\\/wp-content\\\/uploads\\\/2024\\\/02\\\/Lula.jpg\",\"width\":600,\"height\":333},{\"@type\":\"BreadcrumbList\",\"@id\":\"https:\\\/\\\/stage3.rnv.gob.ve\\\/wp\\\/presidente-lula-llama-a-consultas-a-su-embajador-en-respuesta-a-israel\\\/#breadcrumb\",\"itemListElement\":[{\"@type\":\"ListItem\",\"position\":1,\"name\":\"Portada\",\"item\":\"https:\\\/\\\/stage3.rnv.gob.ve\\\/wp\\\/\"},{\"@type\":\"ListItem\",\"position\":2,\"name\":\"Presidente Lula Llama A Consultas A Su Embajador En Respuesta A Israel\"}]},{\"@type\":\"WebSite\",\"@id\":\"https:\\\/\\\/stage3.rnv.gob.ve\\\/wp\\\/#website\",\"url\":\"https:\\\/\\\/stage3.rnv.gob.ve\\\/wp\\\/\",\"name\":\"DEV RNV\",\"description\":\"Radio Nacional de Venezuela C.A.\",\"publisher\":{\"@id\":\"https:\\\/\\\/stage3.rnv.gob.ve\\\/wp\\\/#organization\"},\"potentialAction\":[{\"@type\":\"SearchAction\",\"target\":{\"@type\":\"EntryPoint\",\"urlTemplate\":\"https:\\\/\\\/stage3.rnv.gob.ve\\\/wp\\\/?s={search_term_string}\"},\"query-input\":{\"@type\":\"PropertyValueSpecification\",\"valueRequired\":true,\"valueName\":\"search_term_string\"}}],\"inLanguage\":\"es\"},{\"@type\":\"Organization\",\"@id\":\"https:\\\/\\\/stage3.rnv.gob.ve\\\/wp\\\/#organization\",\"name\":\"Radio Nacional de Venezuela C.A.\",\"url\":\"https:\\\/\\\/stage3.rnv.gob.ve\\\/wp\\\/\",\"logo\":{\"@type\":\"ImageObject\",\"inLanguage\":\"es\",\"@id\":\"https:\\\/\\\/stage3.rnv.gob.ve\\\/wp\\\/#\\\/schema\\\/logo\\\/image\\\/\",\"url\":\"http:\\\/\\\/rnv.ddns.net\\\/prensa\\\/wp-content\\\/uploads\\\/2022\\\/04\\\/rnv-1-300x227-1.jpg\",\"contentUrl\":\"http:\\\/\\\/rnv.ddns.net\\\/prensa\\\/wp-content\\\/uploads\\\/2022\\\/04\\\/rnv-1-300x227-1.jpg\",\"width\":800,\"height\":455,\"caption\":\"Radio Nacional de Venezuela C.A.\"},\"image\":{\"@id\":\"https:\\\/\\\/stage3.rnv.gob.ve\\\/wp\\\/#\\\/schema\\\/logo\\\/image\\\/\"},\"sameAs\":[\"https:\\\/\\\/www.facebook.com\\\/RadioNacionaldeVenezuela\",\"https:\\\/\\\/x.com\\\/RNVinformativa\",\"https:\\\/\\\/www.instagram.com\\\/rnvinformativa\\\/\",\"https:\\\/\\\/www.youtube.com\\\/user\\\/RNVContigo\"]},{\"@type\":\"Person\",\"@id\":\"https:\\\/\\\/stage3.rnv.gob.ve\\\/wp\\\/#\\\/schema\\\/person\\\/b04f077485d4e004e355dd829c37feaa\",\"name\":\"Nora Andrade\",\"url\":\"https:\\\/\\\/stage3.rnv.gob.ve\\\/wp\\\/author\\\/nora_andrade\\\/\"}]}<\/script>\n<!-- \/ Yoast SEO plugin. -->","yoast_head_json":{"title":"Presidente Lula llama a consultas a su embajador en respuesta a Israel - DEV RNV","description":"El presidente de Brasil,\u00a0Luiz In\u00e1cio Lula da Silva,\u00a0llam\u00f3 a consultas a su embajador en Israel,\u00a0Frederico Meyer, despu\u00e9s de que este pa\u00eds declarase al mandatario \u201cpersona non grata\u201d por comparar las muertes de palestinos en la Franja de Gaza con el Holocausto, inform\u00f3 Folha de Sao Paulo.","robots":{"index":"noindex","follow":"follow","max-snippet":"max-snippet:-1","max-image-preview":"max-image-preview:large","max-video-preview":"max-video-preview:-1"},"og_locale":"es_ES","og_type":"article","og_title":"Presidente Lula llama a consultas a su embajador en respuesta a Israel - DEV RNV","og_description":"El presidente de Brasil,\u00a0Luiz In\u00e1cio Lula da Silva,\u00a0llam\u00f3 a consultas a su embajador en Israel,\u00a0Frederico Meyer, despu\u00e9s de que este pa\u00eds declarase al mandatario \u201cpersona non grata\u201d por comparar las muertes de palestinos en la Franja de Gaza con el Holocausto, inform\u00f3 Folha de Sao Paulo.","og_url":"https:\/\/stage3.rnv.gob.ve\/wp\/presidente-lula-llama-a-consultas-a-su-embajador-en-respuesta-a-israel\/","og_site_name":"DEV RNV","article_publisher":"https:\/\/www.facebook.com\/RadioNacionaldeVenezuela","article_published_time":"2024-02-20T06:31:26+00:00","og_image":[{"width":600,"height":333,"url":"https:\/\/stage3.rnv.gob.ve\/wp\/wp-content\/uploads\/2024\/02\/Lula.jpg","type":"image\/jpeg"}],"author":"Nora Andrade","twitter_card":"summary_large_image","twitter_creator":"@RNVinformativa","twitter_site":"@RNVinformativa","twitter_misc":{"Escrito por":"Nora Andrade","Tiempo estimado de lectura":"2 minutos"},"schema":{"@context":"https:\/\/schema.org","@graph":[{"@type":"Article","@id":"https:\/\/stage3.rnv.gob.ve\/wp\/presidente-lula-llama-a-consultas-a-su-embajador-en-respuesta-a-israel\/#article","isPartOf":{"@id":"https:\/\/stage3.rnv.gob.ve\/wp\/presidente-lula-llama-a-consultas-a-su-embajador-en-respuesta-a-israel\/"},"author":{"name":"Nora Andrade","@id":"https:\/\/stage3.rnv.gob.ve\/wp\/#\/schema\/person\/b04f077485d4e004e355dd829c37feaa"},"headline":"Presidente Lula llama a consultas a su embajador en respuesta a Israel","datePublished":"2024-02-20T06:31:26+00:00","mainEntityOfPage":{"@id":"https:\/\/stage3.rnv.gob.ve\/wp\/presidente-lula-llama-a-consultas-a-su-embajador-en-respuesta-a-israel\/"},"wordCount":389,"publisher":{"@id":"https:\/\/stage3.rnv.gob.ve\/wp\/#organization"},"image":{"@id":"https:\/\/stage3.rnv.gob.ve\/wp\/presidente-lula-llama-a-consultas-a-su-embajador-en-respuesta-a-israel\/#primaryimage"},"thumbnailUrl":"https:\/\/stage3.rnv.gob.ve\/wp\/wp-content\/uploads\/2024\/02\/Lula.jpg","keywords":["brasil","israel","lula da silva"],"articleSection":["Latinoam\u00e9rica"],"inLanguage":"es"},{"@type":"WebPage","@id":"https:\/\/stage3.rnv.gob.ve\/wp\/presidente-lula-llama-a-consultas-a-su-embajador-en-respuesta-a-israel\/","url":"https:\/\/stage3.rnv.gob.ve\/wp\/presidente-lula-llama-a-consultas-a-su-embajador-en-respuesta-a-israel\/","name":"Presidente Lula llama a consultas a su embajador en respuesta a Israel - DEV RNV","isPartOf":{"@id":"https:\/\/stage3.rnv.gob.ve\/wp\/#website"},"primaryImageOfPage":{"@id":"https:\/\/stage3.rnv.gob.ve\/wp\/presidente-lula-llama-a-consultas-a-su-embajador-en-respuesta-a-israel\/#primaryimage"},"image":{"@id":"https:\/\/stage3.rnv.gob.ve\/wp\/presidente-lula-llama-a-consultas-a-su-embajador-en-respuesta-a-israel\/#primaryimage"},"thumbnailUrl":"https:\/\/stage3.rnv.gob.ve\/wp\/wp-content\/uploads\/2024\/02\/Lula.jpg","datePublished":"2024-02-20T06:31:26+00:00","description":"El presidente de Brasil,\u00a0Luiz In\u00e1cio Lula da Silva,\u00a0llam\u00f3 a consultas a su embajador en Israel,\u00a0Frederico Meyer, despu\u00e9s de que este pa\u00eds declarase al mandatario \u201cpersona non grata\u201d por comparar las muertes de palestinos en la Franja de Gaza con el Holocausto, inform\u00f3 Folha de Sao Paulo.","breadcrumb":{"@id":"https:\/\/stage3.rnv.gob.ve\/wp\/presidente-lula-llama-a-consultas-a-su-embajador-en-respuesta-a-israel\/#breadcrumb"},"inLanguage":"es","potentialAction":[{"@type":"ReadAction","target":["https:\/\/stage3.rnv.gob.ve\/wp\/presidente-lula-llama-a-consultas-a-su-embajador-en-respuesta-a-israel\/"]}]},{"@type":"ImageObject","inLanguage":"es","@id":"https:\/\/stage3.rnv.gob.ve\/wp\/presidente-lula-llama-a-consultas-a-su-embajador-en-respuesta-a-israel\/#primaryimage","url":"https:\/\/stage3.rnv.gob.ve\/wp\/wp-content\/uploads\/2024\/02\/Lula.jpg","contentUrl":"https:\/\/stage3.rnv.gob.ve\/wp\/wp-content\/uploads\/2024\/02\/Lula.jpg","width":600,"height":333},{"@type":"BreadcrumbList","@id":"https:\/\/stage3.rnv.gob.ve\/wp\/presidente-lula-llama-a-consultas-a-su-embajador-en-respuesta-a-israel\/#breadcrumb","itemListElement":[{"@type":"ListItem","position":1,"name":"Portada","item":"https:\/\/stage3.rnv.gob.ve\/wp\/"},{"@type":"ListItem","position":2,"name":"Presidente Lula Llama A Consultas A Su Embajador En Respuesta A Israel"}]},{"@type":"WebSite","@id":"https:\/\/stage3.rnv.gob.ve\/wp\/#website","url":"https:\/\/stage3.rnv.gob.ve\/wp\/","name":"DEV RNV","description":"Radio Nacional de Venezuela C.A.","publisher":{"@id":"https:\/\/stage3.rnv.gob.ve\/wp\/#organization"},"potentialAction":[{"@type":"SearchAction","target":{"@type":"EntryPoint","urlTemplate":"https:\/\/stage3.rnv.gob.ve\/wp\/?s={search_term_string}"},"query-input":{"@type":"PropertyValueSpecification","valueRequired":true,"valueName":"search_term_string"}}],"inLanguage":"es"},{"@type":"Organization","@id":"https:\/\/stage3.rnv.gob.ve\/wp\/#organization","name":"Radio Nacional de Venezuela C.A.","url":"https:\/\/stage3.rnv.gob.ve\/wp\/","logo":{"@type":"ImageObject","inLanguage":"es","@id":"https:\/\/stage3.rnv.gob.ve\/wp\/#\/schema\/logo\/image\/","url":"http:\/\/rnv.ddns.net\/prensa\/wp-content\/uploads\/2022\/04\/rnv-1-300x227-1.jpg","contentUrl":"http:\/\/rnv.ddns.net\/prensa\/wp-content\/uploads\/2022\/04\/rnv-1-300x227-1.jpg","width":800,"height":455,"caption":"Radio Nacional de Venezuela C.A."},"image":{"@id":"https:\/\/stage3.rnv.gob.ve\/wp\/#\/schema\/logo\/image\/"},"sameAs":["https:\/\/www.facebook.com\/RadioNacionaldeVenezuela","https:\/\/x.com\/RNVinformativa","https:\/\/www.instagram.com\/rnvinformativa\/","https:\/\/www.youtube.com\/user\/RNVContigo"]},{"@type":"Person","@id":"https:\/\/stage3.rnv.gob.ve\/wp\/#\/schema\/person\/b04f077485d4e004e355dd829c37feaa","name":"Nora Andrade","url":"https:\/\/stage3.rnv.gob.ve\/wp\/author\/nora_andrade\/"}]}},"jetpack_featured_media_url":"https:\/\/stage3.rnv.gob.ve\/wp\/wp-content\/uploads\/2024\/02\/Lula.jpg","_links":{"self":[{"href":"https:\/\/stage3.rnv.gob.ve\/wp\/wp-json\/wp\/v2\/posts\/373468","targetHints":{"allow":["GET"]}}],"collection":[{"href":"https:\/\/stage3.rnv.gob.ve\/wp\/wp-json\/wp\/v2\/posts"}],"about":[{"href":"https:\/\/stage3.rnv.gob.ve\/wp\/wp-json\/wp\/v2\/types\/post"}],"author":[{"embeddable":true,"href":"https:\/\/stage3.rnv.gob.ve\/wp\/wp-json\/wp\/v2\/users\/18"}],"replies":[{"embeddable":true,"href":"https:\/\/stage3.rnv.gob.ve\/wp\/wp-json\/wp\/v2\/comments?post=373468"}],"version-history":[{"count":0,"href":"https:\/\/stage3.rnv.gob.ve\/wp\/wp-json\/wp\/v2\/posts\/373468\/revisions"}],"wp:featuredmedia":[{"embeddable":true,"href":"https:\/\/stage3.rnv.gob.ve\/wp\/wp-json\/wp\/v2\/media\/373469"}],"wp:attachment":[{"href":"https:\/\/stage3.rnv.gob.ve\/wp\/wp-json\/wp\/v2\/media?parent=373468"}],"wp:term":[{"taxonomy":"category","embeddable":true,"href":"https:\/\/stage3.rnv.gob.ve\/wp\/wp-json\/wp\/v2\/categories?post=373468"},{"taxonomy":"post_tag","embeddable":true,"href":"https:\/\/stage3.rnv.gob.ve\/wp\/wp-json\/wp\/v2\/tags?post=373468"}],"curies":[{"name":"wp","href":"https:\/\/api.w.org\/{rel}","templated":true}]}}