{"id":372460,"date":"2024-01-26T15:32:26","date_gmt":"2024-01-26T19:32:26","guid":{"rendered":"https:\/\/stage3.rnv.gob.ve\/wp\/prensa\/?p=372460"},"modified":"2026-04-14T22:44:01","modified_gmt":"2026-04-15T02:44:01","slug":"el-17-de-octubre-de-2023-las-delegaciones-del-gobierno-bolivariano-y-de-la-plataforma-unitaria-de-un-sector-de-la-oposicion-firmaron-dos-acuerdos","status":"publish","type":"post","link":"https:\/\/stage3.rnv.gob.ve\/wp\/el-17-de-octubre-de-2023-las-delegaciones-del-gobierno-bolivariano-y-de-la-plataforma-unitaria-de-un-sector-de-la-oposicion-firmaron-dos-acuerdos\/","title":{"rendered":"TSJ habilita a Leocenis Garc\u00eda para el ejercicio de funciones p\u00fablicas"},"content":{"rendered":"<p>La Sala Pol\u00edtico Administrativa del Tribunal Supremo de Justicia (TSJ) anunci\u00f3 la habilitaci\u00f3n del ciudadano Leocenis Manuel Garc\u00eda Osorio para el ejercicio de funciones p\u00fablicas, sin perjuicio de la responsabilidad penal a que hubiera lugar.<\/p>\n<p>&nbsp;<\/p>\n<p>La sentencia 00001 fue publicada en el expediente 2023-0435 sobre el recurso de nulidad conjuntamente con acci\u00f3n de amparo cautelar que fue interpuesto por Garc\u00eda Osorio en contra del acto administrativo dictado en agosto de 2021 por la Contralor\u00eda General de la Rep\u00fablica.<\/p>\n<p>&nbsp;<\/p>\n<p>\u00abLa solicitud de amparo cautelar fue presentada en el marco del mecanismo establecido en el Acuerdo de Barbados de fecha 17 de octubre de 2023 cumpliendo con los par\u00e1metros y exigencias all\u00ed se\u00f1alados\u00bb, indica el expediente.<\/p>\n<p>&nbsp;<\/p>\n<p>Cabe recordar que el 17 de octubre de 2023 las delegaciones del Gobierno Bolivariano y de la Plataforma Unitaria de un sector de la oposici\u00f3n firmaron dos acuerdos parciales en la jornada de reanudaci\u00f3n del proceso de di\u00e1logo y negociaci\u00f3n que se llev\u00f3 a cabo en la ciudad de Bridgetown, en Barbados.<\/p>\n<p>&nbsp;<\/p>\n<p>Los acuerdos parciales se refieren a la promoci\u00f3n de derechos pol\u00edticos y garant\u00edas adicionales para todos, y la protecci\u00f3n de los intereses vitales de la naci\u00f3n.<\/p>\n<p>&nbsp;<\/p>\n<p>El primer acuerdo parcial sobre promoci\u00f3n de derechos pol\u00edticos y garant\u00edas adicionales se expres\u00f3 en atenci\u00f3n al memorando de entendimiento suscrito en M\u00e9xico el 13 de agosto de 2021, y siguiendo los lineamientos de la Constituci\u00f3n Bolivariana y dem\u00e1s leyes del pa\u00eds para acordar las condiciones necesarias para que se llevan a cabo los procesos electorales con todas las garant\u00edas.<\/p>\n<p>&nbsp;<\/p>\n<p>&nbsp;<\/p>\n<p>T\/AVN<\/p>\n","protected":false},"excerpt":{"rendered":"<p>La Sala Pol\u00edtico Administrativa del Tribunal Supremo de Justicia (TSJ) anunci\u00f3 la habilitaci\u00f3n del ciudadano Leocenis Manuel Garc\u00eda Osorio para el ejercicio de funciones p\u00fablicas, sin perjuicio de la responsabilidad penal a que hubiera lugar. &nbsp; La sentencia 00001 fue publicada en el expediente 2023-0435 sobre el recurso de nulidad conjuntamente con acci\u00f3n de amparo [&hellip;]<\/p>\n","protected":false},"author":55,"featured_media":372461,"comment_status":"closed","ping_status":"closed","sticky":false,"template":"","format":"standard","meta":{"_acf_changed":false,"footnotes":""},"categories":[57,65],"tags":[4790],"class_list":["post-372460","post","type-post","status-publish","format-standard","has-post-thumbnail","hentry","category-destacado","category-nacional","tag-judiciales"],"acf":[],"yoast_head":"<!-- This site is optimized with the Yoast SEO plugin v27.4 - https:\/\/yoast.com\/product\/yoast-seo-wordpress\/ -->\n<title>TSJ habilita a Leocenis Garc\u00eda para el ejercicio de funciones p\u00fablicas - DEV RNV<\/title>\n<meta name=\"description\" content=\"El 17 de octubre de 2023 las delegaciones del Gobierno Bolivariano y de la Plataforma Unitaria de un sector de la oposici\u00f3n firmaron dos acuerdos\" \/>\n<meta name=\"robots\" content=\"noindex, follow, max-snippet:-1, max-image-preview:large, max-video-preview:-1\" \/>\n<meta property=\"og:locale\" content=\"es_ES\" \/>\n<meta property=\"og:type\" content=\"article\" \/>\n<meta property=\"og:title\" content=\"TSJ habilita a Leocenis Garc\u00eda para el ejercicio de funciones p\u00fablicas - DEV RNV\" \/>\n<meta property=\"og:description\" content=\"El 17 de octubre de 2023 las delegaciones del Gobierno Bolivariano y de la Plataforma Unitaria de un sector de la oposici\u00f3n firmaron dos acuerdos\" \/>\n<meta property=\"og:url\" content=\"https:\/\/stage3.rnv.gob.ve\/wp\/el-17-de-octubre-de-2023-las-delegaciones-del-gobierno-bolivariano-y-de-la-plataforma-unitaria-de-un-sector-de-la-oposicion-firmaron-dos-acuerdos\/\" \/>\n<meta property=\"og:site_name\" content=\"DEV RNV\" \/>\n<meta property=\"article:publisher\" content=\"https:\/\/www.facebook.com\/RadioNacionaldeVenezuela\" \/>\n<meta property=\"article:published_time\" content=\"2024-01-26T19:32:26+00:00\" \/>\n<meta property=\"article:modified_time\" content=\"2026-04-15T02:44:01+00:00\" \/>\n<meta property=\"og:image\" content=\"https:\/\/stage3.rnv.gob.ve\/wp\/wp-content\/uploads\/2024\/01\/TSJ-TRIBUNAL.jpg\" \/>\n\t<meta property=\"og:image:width\" content=\"757\" \/>\n\t<meta property=\"og:image:height\" content=\"520\" \/>\n\t<meta property=\"og:image:type\" content=\"image\/jpeg\" \/>\n<meta name=\"author\" content=\"Greicy Far\u00edas\" \/>\n<meta name=\"twitter:card\" content=\"summary_large_image\" \/>\n<meta name=\"twitter:creator\" content=\"@RNVinformativa\" \/>\n<meta name=\"twitter:site\" content=\"@RNVinformativa\" \/>\n<meta name=\"twitter:label1\" content=\"Escrito por\" \/>\n\t<meta name=\"twitter:data1\" content=\"Greicy Far\u00edas\" \/>\n\t<meta name=\"twitter:label2\" content=\"Tiempo estimado de lectura\" \/>\n\t<meta name=\"twitter:data2\" content=\"2 minutos\" \/>\n<script type=\"application\/ld+json\" class=\"yoast-schema-graph\">{\"@context\":\"https:\\\/\\\/schema.org\",\"@graph\":[{\"@type\":\"Article\",\"@id\":\"https:\\\/\\\/stage3.rnv.gob.ve\\\/wp\\\/el-17-de-octubre-de-2023-las-delegaciones-del-gobierno-bolivariano-y-de-la-plataforma-unitaria-de-un-sector-de-la-oposicion-firmaron-dos-acuerdos\\\/#article\",\"isPartOf\":{\"@id\":\"https:\\\/\\\/stage3.rnv.gob.ve\\\/wp\\\/el-17-de-octubre-de-2023-las-delegaciones-del-gobierno-bolivariano-y-de-la-plataforma-unitaria-de-un-sector-de-la-oposicion-firmaron-dos-acuerdos\\\/\"},\"author\":{\"name\":\"Greicy Far\u00edas\",\"@id\":\"https:\\\/\\\/stage3.rnv.gob.ve\\\/wp\\\/#\\\/schema\\\/person\\\/f01f556d4b148634786fbc7a33dd1e1e\"},\"headline\":\"TSJ habilita a Leocenis Garc\u00eda para el ejercicio de funciones p\u00fablicas\",\"datePublished\":\"2024-01-26T19:32:26+00:00\",\"dateModified\":\"2026-04-15T02:44:01+00:00\",\"mainEntityOfPage\":{\"@id\":\"https:\\\/\\\/stage3.rnv.gob.ve\\\/wp\\\/el-17-de-octubre-de-2023-las-delegaciones-del-gobierno-bolivariano-y-de-la-plataforma-unitaria-de-un-sector-de-la-oposicion-firmaron-dos-acuerdos\\\/\"},\"wordCount\":294,\"publisher\":{\"@id\":\"https:\\\/\\\/stage3.rnv.gob.ve\\\/wp\\\/#organization\"},\"image\":{\"@id\":\"https:\\\/\\\/stage3.rnv.gob.ve\\\/wp\\\/el-17-de-octubre-de-2023-las-delegaciones-del-gobierno-bolivariano-y-de-la-plataforma-unitaria-de-un-sector-de-la-oposicion-firmaron-dos-acuerdos\\\/#primaryimage\"},\"thumbnailUrl\":\"https:\\\/\\\/stage3.rnv.gob.ve\\\/wp\\\/wp-content\\\/uploads\\\/2024\\\/01\\\/TSJ-TRIBUNAL.jpg\",\"keywords\":[\"judiciales\"],\"articleSection\":[\"Destacado\",\"Nacional\"],\"inLanguage\":\"es\"},{\"@type\":\"WebPage\",\"@id\":\"https:\\\/\\\/stage3.rnv.gob.ve\\\/wp\\\/el-17-de-octubre-de-2023-las-delegaciones-del-gobierno-bolivariano-y-de-la-plataforma-unitaria-de-un-sector-de-la-oposicion-firmaron-dos-acuerdos\\\/\",\"url\":\"https:\\\/\\\/stage3.rnv.gob.ve\\\/wp\\\/el-17-de-octubre-de-2023-las-delegaciones-del-gobierno-bolivariano-y-de-la-plataforma-unitaria-de-un-sector-de-la-oposicion-firmaron-dos-acuerdos\\\/\",\"name\":\"TSJ habilita a Leocenis Garc\u00eda para el ejercicio de funciones p\u00fablicas - DEV RNV\",\"isPartOf\":{\"@id\":\"https:\\\/\\\/stage3.rnv.gob.ve\\\/wp\\\/#website\"},\"primaryImageOfPage\":{\"@id\":\"https:\\\/\\\/stage3.rnv.gob.ve\\\/wp\\\/el-17-de-octubre-de-2023-las-delegaciones-del-gobierno-bolivariano-y-de-la-plataforma-unitaria-de-un-sector-de-la-oposicion-firmaron-dos-acuerdos\\\/#primaryimage\"},\"image\":{\"@id\":\"https:\\\/\\\/stage3.rnv.gob.ve\\\/wp\\\/el-17-de-octubre-de-2023-las-delegaciones-del-gobierno-bolivariano-y-de-la-plataforma-unitaria-de-un-sector-de-la-oposicion-firmaron-dos-acuerdos\\\/#primaryimage\"},\"thumbnailUrl\":\"https:\\\/\\\/stage3.rnv.gob.ve\\\/wp\\\/wp-content\\\/uploads\\\/2024\\\/01\\\/TSJ-TRIBUNAL.jpg\",\"datePublished\":\"2024-01-26T19:32:26+00:00\",\"dateModified\":\"2026-04-15T02:44:01+00:00\",\"description\":\"El 17 de octubre de 2023 las delegaciones del Gobierno Bolivariano y de la Plataforma Unitaria de un sector de la oposici\u00f3n firmaron dos acuerdos\",\"breadcrumb\":{\"@id\":\"https:\\\/\\\/stage3.rnv.gob.ve\\\/wp\\\/el-17-de-octubre-de-2023-las-delegaciones-del-gobierno-bolivariano-y-de-la-plataforma-unitaria-de-un-sector-de-la-oposicion-firmaron-dos-acuerdos\\\/#breadcrumb\"},\"inLanguage\":\"es\",\"potentialAction\":[{\"@type\":\"ReadAction\",\"target\":[\"https:\\\/\\\/stage3.rnv.gob.ve\\\/wp\\\/el-17-de-octubre-de-2023-las-delegaciones-del-gobierno-bolivariano-y-de-la-plataforma-unitaria-de-un-sector-de-la-oposicion-firmaron-dos-acuerdos\\\/\"]}]},{\"@type\":\"ImageObject\",\"inLanguage\":\"es\",\"@id\":\"https:\\\/\\\/stage3.rnv.gob.ve\\\/wp\\\/el-17-de-octubre-de-2023-las-delegaciones-del-gobierno-bolivariano-y-de-la-plataforma-unitaria-de-un-sector-de-la-oposicion-firmaron-dos-acuerdos\\\/#primaryimage\",\"url\":\"https:\\\/\\\/stage3.rnv.gob.ve\\\/wp\\\/wp-content\\\/uploads\\\/2024\\\/01\\\/TSJ-TRIBUNAL.jpg\",\"contentUrl\":\"https:\\\/\\\/stage3.rnv.gob.ve\\\/wp\\\/wp-content\\\/uploads\\\/2024\\\/01\\\/TSJ-TRIBUNAL.jpg\",\"width\":757,\"height\":520},{\"@type\":\"BreadcrumbList\",\"@id\":\"https:\\\/\\\/stage3.rnv.gob.ve\\\/wp\\\/el-17-de-octubre-de-2023-las-delegaciones-del-gobierno-bolivariano-y-de-la-plataforma-unitaria-de-un-sector-de-la-oposicion-firmaron-dos-acuerdos\\\/#breadcrumb\",\"itemListElement\":[{\"@type\":\"ListItem\",\"position\":1,\"name\":\"Portada\",\"item\":\"https:\\\/\\\/stage3.rnv.gob.ve\\\/wp\\\/\"},{\"@type\":\"ListItem\",\"position\":2,\"name\":\"Tsj Habilita A Leocenis Garc\u00eda Para El Ejercicio De Funciones P\u00fablicas\"}]},{\"@type\":\"WebSite\",\"@id\":\"https:\\\/\\\/stage3.rnv.gob.ve\\\/wp\\\/#website\",\"url\":\"https:\\\/\\\/stage3.rnv.gob.ve\\\/wp\\\/\",\"name\":\"DEV RNV\",\"description\":\"Radio Nacional de Venezuela C.A.\",\"publisher\":{\"@id\":\"https:\\\/\\\/stage3.rnv.gob.ve\\\/wp\\\/#organization\"},\"potentialAction\":[{\"@type\":\"SearchAction\",\"target\":{\"@type\":\"EntryPoint\",\"urlTemplate\":\"https:\\\/\\\/stage3.rnv.gob.ve\\\/wp\\\/?s={search_term_string}\"},\"query-input\":{\"@type\":\"PropertyValueSpecification\",\"valueRequired\":true,\"valueName\":\"search_term_string\"}}],\"inLanguage\":\"es\"},{\"@type\":\"Organization\",\"@id\":\"https:\\\/\\\/stage3.rnv.gob.ve\\\/wp\\\/#organization\",\"name\":\"Radio Nacional de Venezuela C.A.\",\"url\":\"https:\\\/\\\/stage3.rnv.gob.ve\\\/wp\\\/\",\"logo\":{\"@type\":\"ImageObject\",\"inLanguage\":\"es\",\"@id\":\"https:\\\/\\\/stage3.rnv.gob.ve\\\/wp\\\/#\\\/schema\\\/logo\\\/image\\\/\",\"url\":\"http:\\\/\\\/rnv.ddns.net\\\/prensa\\\/wp-content\\\/uploads\\\/2022\\\/04\\\/rnv-1-300x227-1.jpg\",\"contentUrl\":\"http:\\\/\\\/rnv.ddns.net\\\/prensa\\\/wp-content\\\/uploads\\\/2022\\\/04\\\/rnv-1-300x227-1.jpg\",\"width\":800,\"height\":455,\"caption\":\"Radio Nacional de Venezuela C.A.\"},\"image\":{\"@id\":\"https:\\\/\\\/stage3.rnv.gob.ve\\\/wp\\\/#\\\/schema\\\/logo\\\/image\\\/\"},\"sameAs\":[\"https:\\\/\\\/www.facebook.com\\\/RadioNacionaldeVenezuela\",\"https:\\\/\\\/x.com\\\/RNVinformativa\",\"https:\\\/\\\/www.instagram.com\\\/rnvinformativa\\\/\",\"https:\\\/\\\/www.youtube.com\\\/user\\\/RNVContigo\"]},{\"@type\":\"Person\",\"@id\":\"https:\\\/\\\/stage3.rnv.gob.ve\\\/wp\\\/#\\\/schema\\\/person\\\/f01f556d4b148634786fbc7a33dd1e1e\",\"name\":\"Greicy Far\u00edas\",\"url\":\"https:\\\/\\\/stage3.rnv.gob.ve\\\/wp\\\/author\\\/greicy_farias\\\/\"}]}<\/script>\n<!-- \/ Yoast SEO plugin. -->","yoast_head_json":{"title":"TSJ habilita a Leocenis Garc\u00eda para el ejercicio de funciones p\u00fablicas - DEV RNV","description":"El 17 de octubre de 2023 las delegaciones del Gobierno Bolivariano y de la Plataforma Unitaria de un sector de la oposici\u00f3n firmaron dos acuerdos","robots":{"index":"noindex","follow":"follow","max-snippet":"max-snippet:-1","max-image-preview":"max-image-preview:large","max-video-preview":"max-video-preview:-1"},"og_locale":"es_ES","og_type":"article","og_title":"TSJ habilita a Leocenis Garc\u00eda para el ejercicio de funciones p\u00fablicas - DEV RNV","og_description":"El 17 de octubre de 2023 las delegaciones del Gobierno Bolivariano y de la Plataforma Unitaria de un sector de la oposici\u00f3n firmaron dos acuerdos","og_url":"https:\/\/stage3.rnv.gob.ve\/wp\/el-17-de-octubre-de-2023-las-delegaciones-del-gobierno-bolivariano-y-de-la-plataforma-unitaria-de-un-sector-de-la-oposicion-firmaron-dos-acuerdos\/","og_site_name":"DEV RNV","article_publisher":"https:\/\/www.facebook.com\/RadioNacionaldeVenezuela","article_published_time":"2024-01-26T19:32:26+00:00","article_modified_time":"2026-04-15T02:44:01+00:00","og_image":[{"width":757,"height":520,"url":"https:\/\/stage3.rnv.gob.ve\/wp\/wp-content\/uploads\/2024\/01\/TSJ-TRIBUNAL.jpg","type":"image\/jpeg"}],"author":"Greicy Far\u00edas","twitter_card":"summary_large_image","twitter_creator":"@RNVinformativa","twitter_site":"@RNVinformativa","twitter_misc":{"Escrito por":"Greicy Far\u00edas","Tiempo estimado de lectura":"2 minutos"},"schema":{"@context":"https:\/\/schema.org","@graph":[{"@type":"Article","@id":"https:\/\/stage3.rnv.gob.ve\/wp\/el-17-de-octubre-de-2023-las-delegaciones-del-gobierno-bolivariano-y-de-la-plataforma-unitaria-de-un-sector-de-la-oposicion-firmaron-dos-acuerdos\/#article","isPartOf":{"@id":"https:\/\/stage3.rnv.gob.ve\/wp\/el-17-de-octubre-de-2023-las-delegaciones-del-gobierno-bolivariano-y-de-la-plataforma-unitaria-de-un-sector-de-la-oposicion-firmaron-dos-acuerdos\/"},"author":{"name":"Greicy Far\u00edas","@id":"https:\/\/stage3.rnv.gob.ve\/wp\/#\/schema\/person\/f01f556d4b148634786fbc7a33dd1e1e"},"headline":"TSJ habilita a Leocenis Garc\u00eda para el ejercicio de funciones p\u00fablicas","datePublished":"2024-01-26T19:32:26+00:00","dateModified":"2026-04-15T02:44:01+00:00","mainEntityOfPage":{"@id":"https:\/\/stage3.rnv.gob.ve\/wp\/el-17-de-octubre-de-2023-las-delegaciones-del-gobierno-bolivariano-y-de-la-plataforma-unitaria-de-un-sector-de-la-oposicion-firmaron-dos-acuerdos\/"},"wordCount":294,"publisher":{"@id":"https:\/\/stage3.rnv.gob.ve\/wp\/#organization"},"image":{"@id":"https:\/\/stage3.rnv.gob.ve\/wp\/el-17-de-octubre-de-2023-las-delegaciones-del-gobierno-bolivariano-y-de-la-plataforma-unitaria-de-un-sector-de-la-oposicion-firmaron-dos-acuerdos\/#primaryimage"},"thumbnailUrl":"https:\/\/stage3.rnv.gob.ve\/wp\/wp-content\/uploads\/2024\/01\/TSJ-TRIBUNAL.jpg","keywords":["judiciales"],"articleSection":["Destacado","Nacional"],"inLanguage":"es"},{"@type":"WebPage","@id":"https:\/\/stage3.rnv.gob.ve\/wp\/el-17-de-octubre-de-2023-las-delegaciones-del-gobierno-bolivariano-y-de-la-plataforma-unitaria-de-un-sector-de-la-oposicion-firmaron-dos-acuerdos\/","url":"https:\/\/stage3.rnv.gob.ve\/wp\/el-17-de-octubre-de-2023-las-delegaciones-del-gobierno-bolivariano-y-de-la-plataforma-unitaria-de-un-sector-de-la-oposicion-firmaron-dos-acuerdos\/","name":"TSJ habilita a Leocenis Garc\u00eda para el ejercicio de funciones p\u00fablicas - DEV RNV","isPartOf":{"@id":"https:\/\/stage3.rnv.gob.ve\/wp\/#website"},"primaryImageOfPage":{"@id":"https:\/\/stage3.rnv.gob.ve\/wp\/el-17-de-octubre-de-2023-las-delegaciones-del-gobierno-bolivariano-y-de-la-plataforma-unitaria-de-un-sector-de-la-oposicion-firmaron-dos-acuerdos\/#primaryimage"},"image":{"@id":"https:\/\/stage3.rnv.gob.ve\/wp\/el-17-de-octubre-de-2023-las-delegaciones-del-gobierno-bolivariano-y-de-la-plataforma-unitaria-de-un-sector-de-la-oposicion-firmaron-dos-acuerdos\/#primaryimage"},"thumbnailUrl":"https:\/\/stage3.rnv.gob.ve\/wp\/wp-content\/uploads\/2024\/01\/TSJ-TRIBUNAL.jpg","datePublished":"2024-01-26T19:32:26+00:00","dateModified":"2026-04-15T02:44:01+00:00","description":"El 17 de octubre de 2023 las delegaciones del Gobierno Bolivariano y de la Plataforma Unitaria de un sector de la oposici\u00f3n firmaron dos acuerdos","breadcrumb":{"@id":"https:\/\/stage3.rnv.gob.ve\/wp\/el-17-de-octubre-de-2023-las-delegaciones-del-gobierno-bolivariano-y-de-la-plataforma-unitaria-de-un-sector-de-la-oposicion-firmaron-dos-acuerdos\/#breadcrumb"},"inLanguage":"es","potentialAction":[{"@type":"ReadAction","target":["https:\/\/stage3.rnv.gob.ve\/wp\/el-17-de-octubre-de-2023-las-delegaciones-del-gobierno-bolivariano-y-de-la-plataforma-unitaria-de-un-sector-de-la-oposicion-firmaron-dos-acuerdos\/"]}]},{"@type":"ImageObject","inLanguage":"es","@id":"https:\/\/stage3.rnv.gob.ve\/wp\/el-17-de-octubre-de-2023-las-delegaciones-del-gobierno-bolivariano-y-de-la-plataforma-unitaria-de-un-sector-de-la-oposicion-firmaron-dos-acuerdos\/#primaryimage","url":"https:\/\/stage3.rnv.gob.ve\/wp\/wp-content\/uploads\/2024\/01\/TSJ-TRIBUNAL.jpg","contentUrl":"https:\/\/stage3.rnv.gob.ve\/wp\/wp-content\/uploads\/2024\/01\/TSJ-TRIBUNAL.jpg","width":757,"height":520},{"@type":"BreadcrumbList","@id":"https:\/\/stage3.rnv.gob.ve\/wp\/el-17-de-octubre-de-2023-las-delegaciones-del-gobierno-bolivariano-y-de-la-plataforma-unitaria-de-un-sector-de-la-oposicion-firmaron-dos-acuerdos\/#breadcrumb","itemListElement":[{"@type":"ListItem","position":1,"name":"Portada","item":"https:\/\/stage3.rnv.gob.ve\/wp\/"},{"@type":"ListItem","position":2,"name":"Tsj Habilita A Leocenis Garc\u00eda Para El Ejercicio De Funciones P\u00fablicas"}]},{"@type":"WebSite","@id":"https:\/\/stage3.rnv.gob.ve\/wp\/#website","url":"https:\/\/stage3.rnv.gob.ve\/wp\/","name":"DEV RNV","description":"Radio Nacional de Venezuela C.A.","publisher":{"@id":"https:\/\/stage3.rnv.gob.ve\/wp\/#organization"},"potentialAction":[{"@type":"SearchAction","target":{"@type":"EntryPoint","urlTemplate":"https:\/\/stage3.rnv.gob.ve\/wp\/?s={search_term_string}"},"query-input":{"@type":"PropertyValueSpecification","valueRequired":true,"valueName":"search_term_string"}}],"inLanguage":"es"},{"@type":"Organization","@id":"https:\/\/stage3.rnv.gob.ve\/wp\/#organization","name":"Radio Nacional de Venezuela C.A.","url":"https:\/\/stage3.rnv.gob.ve\/wp\/","logo":{"@type":"ImageObject","inLanguage":"es","@id":"https:\/\/stage3.rnv.gob.ve\/wp\/#\/schema\/logo\/image\/","url":"http:\/\/rnv.ddns.net\/prensa\/wp-content\/uploads\/2022\/04\/rnv-1-300x227-1.jpg","contentUrl":"http:\/\/rnv.ddns.net\/prensa\/wp-content\/uploads\/2022\/04\/rnv-1-300x227-1.jpg","width":800,"height":455,"caption":"Radio Nacional de Venezuela C.A."},"image":{"@id":"https:\/\/stage3.rnv.gob.ve\/wp\/#\/schema\/logo\/image\/"},"sameAs":["https:\/\/www.facebook.com\/RadioNacionaldeVenezuela","https:\/\/x.com\/RNVinformativa","https:\/\/www.instagram.com\/rnvinformativa\/","https:\/\/www.youtube.com\/user\/RNVContigo"]},{"@type":"Person","@id":"https:\/\/stage3.rnv.gob.ve\/wp\/#\/schema\/person\/f01f556d4b148634786fbc7a33dd1e1e","name":"Greicy Far\u00edas","url":"https:\/\/stage3.rnv.gob.ve\/wp\/author\/greicy_farias\/"}]}},"jetpack_featured_media_url":"https:\/\/stage3.rnv.gob.ve\/wp\/wp-content\/uploads\/2024\/01\/TSJ-TRIBUNAL.jpg","_links":{"self":[{"href":"https:\/\/stage3.rnv.gob.ve\/wp\/wp-json\/wp\/v2\/posts\/372460","targetHints":{"allow":["GET"]}}],"collection":[{"href":"https:\/\/stage3.rnv.gob.ve\/wp\/wp-json\/wp\/v2\/posts"}],"about":[{"href":"https:\/\/stage3.rnv.gob.ve\/wp\/wp-json\/wp\/v2\/types\/post"}],"author":[{"embeddable":true,"href":"https:\/\/stage3.rnv.gob.ve\/wp\/wp-json\/wp\/v2\/users\/55"}],"replies":[{"embeddable":true,"href":"https:\/\/stage3.rnv.gob.ve\/wp\/wp-json\/wp\/v2\/comments?post=372460"}],"version-history":[{"count":0,"href":"https:\/\/stage3.rnv.gob.ve\/wp\/wp-json\/wp\/v2\/posts\/372460\/revisions"}],"wp:featuredmedia":[{"embeddable":true,"href":"https:\/\/stage3.rnv.gob.ve\/wp\/wp-json\/wp\/v2\/media\/372461"}],"wp:attachment":[{"href":"https:\/\/stage3.rnv.gob.ve\/wp\/wp-json\/wp\/v2\/media?parent=372460"}],"wp:term":[{"taxonomy":"category","embeddable":true,"href":"https:\/\/stage3.rnv.gob.ve\/wp\/wp-json\/wp\/v2\/categories?post=372460"},{"taxonomy":"post_tag","embeddable":true,"href":"https:\/\/stage3.rnv.gob.ve\/wp\/wp-json\/wp\/v2\/tags?post=372460"}],"curies":[{"name":"wp","href":"https:\/\/api.w.org\/{rel}","templated":true}]}}