{"id":372454,"date":"2024-01-26T14:35:19","date_gmt":"2024-01-26T18:35:19","guid":{"rendered":"https:\/\/stage3.rnv.gob.ve\/wp\/prensa\/?p=372454"},"modified":"2026-04-14T22:44:16","modified_gmt":"2026-04-15T02:44:16","slug":"fiscal-solicito-once-aprehensiones-mas-por-la-trama-conspirativa","status":"publish","type":"post","link":"https:\/\/stage3.rnv.gob.ve\/wp\/fiscal-solicito-once-aprehensiones-mas-por-la-trama-conspirativa\/","title":{"rendered":"Fiscal solicit\u00f3 once aprehensiones m\u00e1s por la trama conspirativa"},"content":{"rendered":"<p>El Fiscal General de la Rep\u00fablica, Tarek William Saab, otorg\u00f3 m\u00e1s detalles sobre el denominado caso \u201cBrazalete Blanco\u201d el cual es la quinta trama de la conspiraci\u00f3n destinada a derrocar el gobierno nacional y asesinar al gobernador con la finalidad de las cuales fueron reveladas el pasado lunes.<\/p>\n<div id=\"ultim-1a7fb6fedd7659beeac090b4d5b51cf7\" class=\"ultim-1a7fb6fedd7659beeac090b4d5b51cf7 ultim-dentro-del-texto\"><\/div>\n<p>En ese sentido inform\u00f3 que otras 11 \u00f3rdenes de aprehensi\u00f3n fueron solicitadas por el Ministerio P\u00fablico , materializ\u00e1ndose tres, contra Juan Jos\u00e9 Freites Cabrejo , Guillermo De Jes\u00fas L\u00f3pez y Luis Camacaro Meza, los mismos formar\u00edan parte de la log\u00edstica \u201cpara el grupo terrorista armado que se trasladar\u00eda del estado T\u00e1chira a la ciudad de Caracas, liderados por Angelo Heredia.<\/p>\n<p>&nbsp;<\/p>\n<p>Uno de ellos, Jes\u00fas Su\u00e1rez Gil, fue aprehendido durante labores de inteligencia y en su tel\u00e9fono celular se encontraron videos de instituciones militares, seg\u00fan dijo el Fiscal, que hab\u00eda grabado previamente y los ten\u00eda en su tel\u00e9fono Angelo Heredia, quien era el l\u00edder de la Operaci\u00f3n Brazelete Blanco.<\/p>\n<p>&nbsp;<\/p>\n<p>Se\u00f1al\u00f3 que ya se realiz\u00f3 la Audiencia de Presentaci\u00f3n de Tom\u00e1s Mart\u00ednez Mac\u00edas, Carlos Jes\u00fas S\u00e1nchez V\u00e1squez, Guillermo Enrique C\u00e9sar Siero, Diana Desiree Victoria Justo, Tom\u00e1s Mart\u00ednez Chico y Guillermo Henry C\u00e9sar Siero, quienes fueron imputados por los delitos de traici\u00f3n a la patria, conspiraci\u00f3n en la forma pol\u00edtica, homicidio intencional calificado en grado de tentativa en la persona del Presidente de la Rep\u00fablica, as\u00ed como homicidio intencional calificado en grado de tentativa en la persona del Gobernador del estado T\u00e1chira, terrorismo y asociaci\u00f3n.<\/p>\n<p>&nbsp;<\/p>\n<p>Record\u00f3 Saab, la Operaci\u00f3n Brazalete Blanco, que la misma consist\u00eda en realizar un ataque contra la Brigada 21 de Infanter\u00eda del Ej\u00e9rcito, hacerse con el parque de armas, asesinar al gobernador y marchar a Caracas. Para ello mostr\u00f3 nuevamente el video del testimonio de Angelo Heredia.<\/p>\n<div id=\"r89-desktop-incontent-penultimo-parrafo-0-wrapper\"><\/div>\n<p>Agreg\u00f3 Saab que la periodista Sebastiana Barr\u00e1ez ten\u00eda un chat privado con Heredia y que no le fue hackeado el tel\u00e9fono, como ella ha afirmado, indicando que desde un \u201cexilio dorado\u201d realizan actividades il\u00edcitas. Cuestion\u00f3 tambi\u00e9n que le haya respondido citando un poema de Roque Dalton, quien fue asesinado, sugiriendo su asesinato.<\/p>\n<p>&nbsp;<\/p>\n<h4 class=\"wp-block-heading\">Contra la corrupci\u00f3n<\/h4>\n<p>El Fiscal General de la Rep\u00fablica ,Tarek William Saab se refiri\u00f3 a la lucha que emprende su despacho contra la corrupci\u00f3n y al respecto relat\u00f3 los hechos que sustentaron la detenci\u00f3n de Renny Amundara\u00edn quien era fiscal y del ex defensor p\u00fablico Adys Salcedo.<\/p>\n<p>&nbsp;<\/p>\n<p>El caso lleg\u00f3 a sus manos a trav\u00e9s de un sobre manila que de manera confidencial fue entregado en una de las jornadas que realiza el Ministerio P\u00fablico, ambos seg\u00fan relat\u00f3, cobraron 36O mil d\u00f3lares , para lograr beneficios procesales a favor de \u201cpranes\u201d y miembros de la banda conocida como el Tren de Aragua.<\/p>\n<p>&nbsp;<\/p>\n<p>Saab present\u00f3 audios en donde se escucha a quienes, seg\u00fan dijo, son los dos ex funcionarios detenidos.<\/p>\n<p>&nbsp;<\/p>\n<p>Tambi\u00e9n present\u00f3 otro audio entre el Jefe de C.E.D.O y el ex defensor p\u00fablico, reclamando que no le cumplieron con el acuerdo de los beneficios y sin embargo, le aplicaron \u201c7 cargos\u201d a su familiar.<\/p>\n<p>&nbsp;<\/p>\n<p>Saab subray\u00f3 que aunque hubiesen pagado 40 mil millones de d\u00f3lares, no habr\u00edan podido lograr su prop\u00f3sito.<\/p>\n<p>&nbsp;<\/p>\n<p>Advirti\u00f3 que los funcionarios que est\u00e1n en la administraci\u00f3n p\u00fablica que \u201cel que no le interese y no est\u00e9 de acuerdo trabajar en las instituciones del Estado, v\u00e1yase, porque si est\u00e1 trabajando como infiltrado les va a pasar lo mismo\u201d y mostr\u00f3 los videos de los ex funcionarios siendo esposados y detenidos.<\/p>\n<p>&nbsp;<\/p>\n<p>Precis\u00f3 que queda por detener a Emily Pacheco, ex directora de Auditor\u00eda de la Defensa P\u00fablica quien estar\u00eda involucrada en los hechos, quien est\u00e1 en fuga.<\/p>\n<div id=\"ultim-db9a94395db672be727c856ae71114a2\" class=\"ultim-db9a94395db672be727c856ae71114a2 ultim-content\"><\/div>\n<p>Hasta el presente van 412 ex fiscales procesados por corrupci\u00f3n.<\/p>\n<p>&nbsp;<\/p>\n<p>&nbsp;<\/p>\n<p>&nbsp;<\/p>\n<p>T\/RNV WEB<\/p>\n","protected":false},"excerpt":{"rendered":"<p>El Fiscal General de la Rep\u00fablica, Tarek William Saab, otorg\u00f3 m\u00e1s detalles sobre el denominado caso \u201cBrazalete Blanco\u201d el cual es la quinta trama de la conspiraci\u00f3n destinada a derrocar el gobierno nacional y asesinar al gobernador con la finalidad de las cuales fueron reveladas el pasado lunes. En ese sentido inform\u00f3 que otras 11 [&hellip;]<\/p>\n","protected":false},"author":55,"featured_media":372455,"comment_status":"closed","ping_status":"closed","sticky":false,"template":"","format":"standard","meta":{"_acf_changed":false,"footnotes":""},"categories":[57,65],"tags":[4790],"class_list":["post-372454","post","type-post","status-publish","format-standard","has-post-thumbnail","hentry","category-destacado","category-nacional","tag-judiciales"],"acf":[],"yoast_head":"<!-- This site is optimized with the Yoast SEO plugin v27.4 - https:\/\/yoast.com\/product\/yoast-seo-wordpress\/ -->\n<title>Fiscal solicit\u00f3 once aprehensiones m\u00e1s por la trama conspirativa - DEV RNV<\/title>\n<meta name=\"description\" content=\"Otorg\u00f3 m\u00e1s detalles sobre el denominado caso \u201cBrazalete Blanco\u201d es la quinta trama de la conspiraci\u00f3n destinada a derrocar el gobierno.\" \/>\n<meta name=\"robots\" content=\"noindex, follow, max-snippet:-1, max-image-preview:large, max-video-preview:-1\" \/>\n<meta property=\"og:locale\" content=\"es_ES\" \/>\n<meta property=\"og:type\" content=\"article\" \/>\n<meta property=\"og:title\" content=\"Fiscal solicit\u00f3 once aprehensiones m\u00e1s por la trama conspirativa - DEV RNV\" \/>\n<meta property=\"og:description\" content=\"Otorg\u00f3 m\u00e1s detalles sobre el denominado caso \u201cBrazalete Blanco\u201d es la quinta trama de la conspiraci\u00f3n destinada a derrocar el gobierno.\" \/>\n<meta property=\"og:url\" content=\"https:\/\/stage3.rnv.gob.ve\/wp\/fiscal-solicito-once-aprehensiones-mas-por-la-trama-conspirativa\/\" \/>\n<meta property=\"og:site_name\" content=\"DEV RNV\" \/>\n<meta property=\"article:publisher\" content=\"https:\/\/www.facebook.com\/RadioNacionaldeVenezuela\" \/>\n<meta property=\"article:published_time\" content=\"2024-01-26T18:35:19+00:00\" \/>\n<meta property=\"article:modified_time\" content=\"2026-04-15T02:44:16+00:00\" \/>\n<meta property=\"og:image\" content=\"https:\/\/stage3.rnv.gob.ve\/wp\/wp-content\/uploads\/2024\/01\/FISCAL-1.jpg\" \/>\n\t<meta property=\"og:image:width\" content=\"680\" \/>\n\t<meta property=\"og:image:height\" content=\"413\" \/>\n\t<meta property=\"og:image:type\" content=\"image\/jpeg\" \/>\n<meta name=\"author\" content=\"Greicy Far\u00edas\" \/>\n<meta name=\"twitter:card\" content=\"summary_large_image\" \/>\n<meta name=\"twitter:creator\" content=\"@RNVinformativa\" \/>\n<meta name=\"twitter:site\" content=\"@RNVinformativa\" \/>\n<meta name=\"twitter:label1\" content=\"Escrito por\" \/>\n\t<meta name=\"twitter:data1\" content=\"Greicy Far\u00edas\" \/>\n\t<meta name=\"twitter:label2\" content=\"Tiempo estimado de lectura\" \/>\n\t<meta name=\"twitter:data2\" content=\"3 minutos\" \/>\n<script type=\"application\/ld+json\" class=\"yoast-schema-graph\">{\"@context\":\"https:\\\/\\\/schema.org\",\"@graph\":[{\"@type\":\"Article\",\"@id\":\"https:\\\/\\\/stage3.rnv.gob.ve\\\/wp\\\/fiscal-solicito-once-aprehensiones-mas-por-la-trama-conspirativa\\\/#article\",\"isPartOf\":{\"@id\":\"https:\\\/\\\/stage3.rnv.gob.ve\\\/wp\\\/fiscal-solicito-once-aprehensiones-mas-por-la-trama-conspirativa\\\/\"},\"author\":{\"name\":\"Greicy Far\u00edas\",\"@id\":\"https:\\\/\\\/stage3.rnv.gob.ve\\\/wp\\\/#\\\/schema\\\/person\\\/f01f556d4b148634786fbc7a33dd1e1e\"},\"headline\":\"Fiscal solicit\u00f3 once aprehensiones m\u00e1s por la trama conspirativa\",\"datePublished\":\"2024-01-26T18:35:19+00:00\",\"dateModified\":\"2026-04-15T02:44:16+00:00\",\"mainEntityOfPage\":{\"@id\":\"https:\\\/\\\/stage3.rnv.gob.ve\\\/wp\\\/fiscal-solicito-once-aprehensiones-mas-por-la-trama-conspirativa\\\/\"},\"wordCount\":690,\"publisher\":{\"@id\":\"https:\\\/\\\/stage3.rnv.gob.ve\\\/wp\\\/#organization\"},\"image\":{\"@id\":\"https:\\\/\\\/stage3.rnv.gob.ve\\\/wp\\\/fiscal-solicito-once-aprehensiones-mas-por-la-trama-conspirativa\\\/#primaryimage\"},\"thumbnailUrl\":\"https:\\\/\\\/stage3.rnv.gob.ve\\\/wp\\\/wp-content\\\/uploads\\\/2024\\\/01\\\/FISCAL-1.jpg\",\"keywords\":[\"judiciales\"],\"articleSection\":[\"Destacado\",\"Nacional\"],\"inLanguage\":\"es\"},{\"@type\":\"WebPage\",\"@id\":\"https:\\\/\\\/stage3.rnv.gob.ve\\\/wp\\\/fiscal-solicito-once-aprehensiones-mas-por-la-trama-conspirativa\\\/\",\"url\":\"https:\\\/\\\/stage3.rnv.gob.ve\\\/wp\\\/fiscal-solicito-once-aprehensiones-mas-por-la-trama-conspirativa\\\/\",\"name\":\"Fiscal solicit\u00f3 once aprehensiones m\u00e1s por la trama conspirativa - DEV RNV\",\"isPartOf\":{\"@id\":\"https:\\\/\\\/stage3.rnv.gob.ve\\\/wp\\\/#website\"},\"primaryImageOfPage\":{\"@id\":\"https:\\\/\\\/stage3.rnv.gob.ve\\\/wp\\\/fiscal-solicito-once-aprehensiones-mas-por-la-trama-conspirativa\\\/#primaryimage\"},\"image\":{\"@id\":\"https:\\\/\\\/stage3.rnv.gob.ve\\\/wp\\\/fiscal-solicito-once-aprehensiones-mas-por-la-trama-conspirativa\\\/#primaryimage\"},\"thumbnailUrl\":\"https:\\\/\\\/stage3.rnv.gob.ve\\\/wp\\\/wp-content\\\/uploads\\\/2024\\\/01\\\/FISCAL-1.jpg\",\"datePublished\":\"2024-01-26T18:35:19+00:00\",\"dateModified\":\"2026-04-15T02:44:16+00:00\",\"description\":\"Otorg\u00f3 m\u00e1s detalles sobre el denominado caso \u201cBrazalete Blanco\u201d es la quinta trama de la conspiraci\u00f3n destinada a derrocar el gobierno.\",\"breadcrumb\":{\"@id\":\"https:\\\/\\\/stage3.rnv.gob.ve\\\/wp\\\/fiscal-solicito-once-aprehensiones-mas-por-la-trama-conspirativa\\\/#breadcrumb\"},\"inLanguage\":\"es\",\"potentialAction\":[{\"@type\":\"ReadAction\",\"target\":[\"https:\\\/\\\/stage3.rnv.gob.ve\\\/wp\\\/fiscal-solicito-once-aprehensiones-mas-por-la-trama-conspirativa\\\/\"]}]},{\"@type\":\"ImageObject\",\"inLanguage\":\"es\",\"@id\":\"https:\\\/\\\/stage3.rnv.gob.ve\\\/wp\\\/fiscal-solicito-once-aprehensiones-mas-por-la-trama-conspirativa\\\/#primaryimage\",\"url\":\"https:\\\/\\\/stage3.rnv.gob.ve\\\/wp\\\/wp-content\\\/uploads\\\/2024\\\/01\\\/FISCAL-1.jpg\",\"contentUrl\":\"https:\\\/\\\/stage3.rnv.gob.ve\\\/wp\\\/wp-content\\\/uploads\\\/2024\\\/01\\\/FISCAL-1.jpg\",\"width\":680,\"height\":413},{\"@type\":\"BreadcrumbList\",\"@id\":\"https:\\\/\\\/stage3.rnv.gob.ve\\\/wp\\\/fiscal-solicito-once-aprehensiones-mas-por-la-trama-conspirativa\\\/#breadcrumb\",\"itemListElement\":[{\"@type\":\"ListItem\",\"position\":1,\"name\":\"Portada\",\"item\":\"https:\\\/\\\/stage3.rnv.gob.ve\\\/wp\\\/\"},{\"@type\":\"ListItem\",\"position\":2,\"name\":\"Fiscal Solicit\u00f3 Once Aprehensiones M\u00e1s Por La Trama Conspirativa\"}]},{\"@type\":\"WebSite\",\"@id\":\"https:\\\/\\\/stage3.rnv.gob.ve\\\/wp\\\/#website\",\"url\":\"https:\\\/\\\/stage3.rnv.gob.ve\\\/wp\\\/\",\"name\":\"DEV RNV\",\"description\":\"Radio Nacional de Venezuela C.A.\",\"publisher\":{\"@id\":\"https:\\\/\\\/stage3.rnv.gob.ve\\\/wp\\\/#organization\"},\"potentialAction\":[{\"@type\":\"SearchAction\",\"target\":{\"@type\":\"EntryPoint\",\"urlTemplate\":\"https:\\\/\\\/stage3.rnv.gob.ve\\\/wp\\\/?s={search_term_string}\"},\"query-input\":{\"@type\":\"PropertyValueSpecification\",\"valueRequired\":true,\"valueName\":\"search_term_string\"}}],\"inLanguage\":\"es\"},{\"@type\":\"Organization\",\"@id\":\"https:\\\/\\\/stage3.rnv.gob.ve\\\/wp\\\/#organization\",\"name\":\"Radio Nacional de Venezuela C.A.\",\"url\":\"https:\\\/\\\/stage3.rnv.gob.ve\\\/wp\\\/\",\"logo\":{\"@type\":\"ImageObject\",\"inLanguage\":\"es\",\"@id\":\"https:\\\/\\\/stage3.rnv.gob.ve\\\/wp\\\/#\\\/schema\\\/logo\\\/image\\\/\",\"url\":\"http:\\\/\\\/rnv.ddns.net\\\/prensa\\\/wp-content\\\/uploads\\\/2022\\\/04\\\/rnv-1-300x227-1.jpg\",\"contentUrl\":\"http:\\\/\\\/rnv.ddns.net\\\/prensa\\\/wp-content\\\/uploads\\\/2022\\\/04\\\/rnv-1-300x227-1.jpg\",\"width\":800,\"height\":455,\"caption\":\"Radio Nacional de Venezuela C.A.\"},\"image\":{\"@id\":\"https:\\\/\\\/stage3.rnv.gob.ve\\\/wp\\\/#\\\/schema\\\/logo\\\/image\\\/\"},\"sameAs\":[\"https:\\\/\\\/www.facebook.com\\\/RadioNacionaldeVenezuela\",\"https:\\\/\\\/x.com\\\/RNVinformativa\",\"https:\\\/\\\/www.instagram.com\\\/rnvinformativa\\\/\",\"https:\\\/\\\/www.youtube.com\\\/user\\\/RNVContigo\"]},{\"@type\":\"Person\",\"@id\":\"https:\\\/\\\/stage3.rnv.gob.ve\\\/wp\\\/#\\\/schema\\\/person\\\/f01f556d4b148634786fbc7a33dd1e1e\",\"name\":\"Greicy Far\u00edas\",\"url\":\"https:\\\/\\\/stage3.rnv.gob.ve\\\/wp\\\/author\\\/greicy_farias\\\/\"}]}<\/script>\n<!-- \/ Yoast SEO plugin. -->","yoast_head_json":{"title":"Fiscal solicit\u00f3 once aprehensiones m\u00e1s por la trama conspirativa - DEV RNV","description":"Otorg\u00f3 m\u00e1s detalles sobre el denominado caso \u201cBrazalete Blanco\u201d es la quinta trama de la conspiraci\u00f3n destinada a derrocar el gobierno.","robots":{"index":"noindex","follow":"follow","max-snippet":"max-snippet:-1","max-image-preview":"max-image-preview:large","max-video-preview":"max-video-preview:-1"},"og_locale":"es_ES","og_type":"article","og_title":"Fiscal solicit\u00f3 once aprehensiones m\u00e1s por la trama conspirativa - DEV RNV","og_description":"Otorg\u00f3 m\u00e1s detalles sobre el denominado caso \u201cBrazalete Blanco\u201d es la quinta trama de la conspiraci\u00f3n destinada a derrocar el gobierno.","og_url":"https:\/\/stage3.rnv.gob.ve\/wp\/fiscal-solicito-once-aprehensiones-mas-por-la-trama-conspirativa\/","og_site_name":"DEV RNV","article_publisher":"https:\/\/www.facebook.com\/RadioNacionaldeVenezuela","article_published_time":"2024-01-26T18:35:19+00:00","article_modified_time":"2026-04-15T02:44:16+00:00","og_image":[{"width":680,"height":413,"url":"https:\/\/stage3.rnv.gob.ve\/wp\/wp-content\/uploads\/2024\/01\/FISCAL-1.jpg","type":"image\/jpeg"}],"author":"Greicy Far\u00edas","twitter_card":"summary_large_image","twitter_creator":"@RNVinformativa","twitter_site":"@RNVinformativa","twitter_misc":{"Escrito por":"Greicy Far\u00edas","Tiempo estimado de lectura":"3 minutos"},"schema":{"@context":"https:\/\/schema.org","@graph":[{"@type":"Article","@id":"https:\/\/stage3.rnv.gob.ve\/wp\/fiscal-solicito-once-aprehensiones-mas-por-la-trama-conspirativa\/#article","isPartOf":{"@id":"https:\/\/stage3.rnv.gob.ve\/wp\/fiscal-solicito-once-aprehensiones-mas-por-la-trama-conspirativa\/"},"author":{"name":"Greicy Far\u00edas","@id":"https:\/\/stage3.rnv.gob.ve\/wp\/#\/schema\/person\/f01f556d4b148634786fbc7a33dd1e1e"},"headline":"Fiscal solicit\u00f3 once aprehensiones m\u00e1s por la trama conspirativa","datePublished":"2024-01-26T18:35:19+00:00","dateModified":"2026-04-15T02:44:16+00:00","mainEntityOfPage":{"@id":"https:\/\/stage3.rnv.gob.ve\/wp\/fiscal-solicito-once-aprehensiones-mas-por-la-trama-conspirativa\/"},"wordCount":690,"publisher":{"@id":"https:\/\/stage3.rnv.gob.ve\/wp\/#organization"},"image":{"@id":"https:\/\/stage3.rnv.gob.ve\/wp\/fiscal-solicito-once-aprehensiones-mas-por-la-trama-conspirativa\/#primaryimage"},"thumbnailUrl":"https:\/\/stage3.rnv.gob.ve\/wp\/wp-content\/uploads\/2024\/01\/FISCAL-1.jpg","keywords":["judiciales"],"articleSection":["Destacado","Nacional"],"inLanguage":"es"},{"@type":"WebPage","@id":"https:\/\/stage3.rnv.gob.ve\/wp\/fiscal-solicito-once-aprehensiones-mas-por-la-trama-conspirativa\/","url":"https:\/\/stage3.rnv.gob.ve\/wp\/fiscal-solicito-once-aprehensiones-mas-por-la-trama-conspirativa\/","name":"Fiscal solicit\u00f3 once aprehensiones m\u00e1s por la trama conspirativa - DEV RNV","isPartOf":{"@id":"https:\/\/stage3.rnv.gob.ve\/wp\/#website"},"primaryImageOfPage":{"@id":"https:\/\/stage3.rnv.gob.ve\/wp\/fiscal-solicito-once-aprehensiones-mas-por-la-trama-conspirativa\/#primaryimage"},"image":{"@id":"https:\/\/stage3.rnv.gob.ve\/wp\/fiscal-solicito-once-aprehensiones-mas-por-la-trama-conspirativa\/#primaryimage"},"thumbnailUrl":"https:\/\/stage3.rnv.gob.ve\/wp\/wp-content\/uploads\/2024\/01\/FISCAL-1.jpg","datePublished":"2024-01-26T18:35:19+00:00","dateModified":"2026-04-15T02:44:16+00:00","description":"Otorg\u00f3 m\u00e1s detalles sobre el denominado caso \u201cBrazalete Blanco\u201d es la quinta trama de la conspiraci\u00f3n destinada a derrocar el gobierno.","breadcrumb":{"@id":"https:\/\/stage3.rnv.gob.ve\/wp\/fiscal-solicito-once-aprehensiones-mas-por-la-trama-conspirativa\/#breadcrumb"},"inLanguage":"es","potentialAction":[{"@type":"ReadAction","target":["https:\/\/stage3.rnv.gob.ve\/wp\/fiscal-solicito-once-aprehensiones-mas-por-la-trama-conspirativa\/"]}]},{"@type":"ImageObject","inLanguage":"es","@id":"https:\/\/stage3.rnv.gob.ve\/wp\/fiscal-solicito-once-aprehensiones-mas-por-la-trama-conspirativa\/#primaryimage","url":"https:\/\/stage3.rnv.gob.ve\/wp\/wp-content\/uploads\/2024\/01\/FISCAL-1.jpg","contentUrl":"https:\/\/stage3.rnv.gob.ve\/wp\/wp-content\/uploads\/2024\/01\/FISCAL-1.jpg","width":680,"height":413},{"@type":"BreadcrumbList","@id":"https:\/\/stage3.rnv.gob.ve\/wp\/fiscal-solicito-once-aprehensiones-mas-por-la-trama-conspirativa\/#breadcrumb","itemListElement":[{"@type":"ListItem","position":1,"name":"Portada","item":"https:\/\/stage3.rnv.gob.ve\/wp\/"},{"@type":"ListItem","position":2,"name":"Fiscal Solicit\u00f3 Once Aprehensiones M\u00e1s Por La Trama Conspirativa"}]},{"@type":"WebSite","@id":"https:\/\/stage3.rnv.gob.ve\/wp\/#website","url":"https:\/\/stage3.rnv.gob.ve\/wp\/","name":"DEV RNV","description":"Radio Nacional de Venezuela C.A.","publisher":{"@id":"https:\/\/stage3.rnv.gob.ve\/wp\/#organization"},"potentialAction":[{"@type":"SearchAction","target":{"@type":"EntryPoint","urlTemplate":"https:\/\/stage3.rnv.gob.ve\/wp\/?s={search_term_string}"},"query-input":{"@type":"PropertyValueSpecification","valueRequired":true,"valueName":"search_term_string"}}],"inLanguage":"es"},{"@type":"Organization","@id":"https:\/\/stage3.rnv.gob.ve\/wp\/#organization","name":"Radio Nacional de Venezuela C.A.","url":"https:\/\/stage3.rnv.gob.ve\/wp\/","logo":{"@type":"ImageObject","inLanguage":"es","@id":"https:\/\/stage3.rnv.gob.ve\/wp\/#\/schema\/logo\/image\/","url":"http:\/\/rnv.ddns.net\/prensa\/wp-content\/uploads\/2022\/04\/rnv-1-300x227-1.jpg","contentUrl":"http:\/\/rnv.ddns.net\/prensa\/wp-content\/uploads\/2022\/04\/rnv-1-300x227-1.jpg","width":800,"height":455,"caption":"Radio Nacional de Venezuela C.A."},"image":{"@id":"https:\/\/stage3.rnv.gob.ve\/wp\/#\/schema\/logo\/image\/"},"sameAs":["https:\/\/www.facebook.com\/RadioNacionaldeVenezuela","https:\/\/x.com\/RNVinformativa","https:\/\/www.instagram.com\/rnvinformativa\/","https:\/\/www.youtube.com\/user\/RNVContigo"]},{"@type":"Person","@id":"https:\/\/stage3.rnv.gob.ve\/wp\/#\/schema\/person\/f01f556d4b148634786fbc7a33dd1e1e","name":"Greicy Far\u00edas","url":"https:\/\/stage3.rnv.gob.ve\/wp\/author\/greicy_farias\/"}]}},"jetpack_featured_media_url":"https:\/\/stage3.rnv.gob.ve\/wp\/wp-content\/uploads\/2024\/01\/FISCAL-1.jpg","_links":{"self":[{"href":"https:\/\/stage3.rnv.gob.ve\/wp\/wp-json\/wp\/v2\/posts\/372454","targetHints":{"allow":["GET"]}}],"collection":[{"href":"https:\/\/stage3.rnv.gob.ve\/wp\/wp-json\/wp\/v2\/posts"}],"about":[{"href":"https:\/\/stage3.rnv.gob.ve\/wp\/wp-json\/wp\/v2\/types\/post"}],"author":[{"embeddable":true,"href":"https:\/\/stage3.rnv.gob.ve\/wp\/wp-json\/wp\/v2\/users\/55"}],"replies":[{"embeddable":true,"href":"https:\/\/stage3.rnv.gob.ve\/wp\/wp-json\/wp\/v2\/comments?post=372454"}],"version-history":[{"count":0,"href":"https:\/\/stage3.rnv.gob.ve\/wp\/wp-json\/wp\/v2\/posts\/372454\/revisions"}],"wp:featuredmedia":[{"embeddable":true,"href":"https:\/\/stage3.rnv.gob.ve\/wp\/wp-json\/wp\/v2\/media\/372455"}],"wp:attachment":[{"href":"https:\/\/stage3.rnv.gob.ve\/wp\/wp-json\/wp\/v2\/media?parent=372454"}],"wp:term":[{"taxonomy":"category","embeddable":true,"href":"https:\/\/stage3.rnv.gob.ve\/wp\/wp-json\/wp\/v2\/categories?post=372454"},{"taxonomy":"post_tag","embeddable":true,"href":"https:\/\/stage3.rnv.gob.ve\/wp\/wp-json\/wp\/v2\/tags?post=372454"}],"curies":[{"name":"wp","href":"https:\/\/api.w.org\/{rel}","templated":true}]}}