{"id":372451,"date":"2024-01-26T14:07:06","date_gmt":"2024-01-26T18:07:06","guid":{"rendered":"https:\/\/stage3.rnv.gob.ve\/wp\/prensa\/?p=372451"},"modified":"2024-01-26T21:12:52","modified_gmt":"2024-01-27T01:12:52","slug":"diputado-jorge-rodriguez-sera-entrevistado-en-nueva-edicion-de-maduro-podcast","status":"publish","type":"post","link":"https:\/\/stage3.rnv.gob.ve\/wp\/diputado-jorge-rodriguez-sera-entrevistado-en-nueva-edicion-de-maduro-podcast\/","title":{"rendered":"Diputado Jorge Rodr\u00edguez ser\u00e1 entrevistado en nueva edici\u00f3n de \u201cMaduro Podcast\u201d"},"content":{"rendered":"<p>El presidente de la Rep\u00fablica Bolivariana de Venezuela,\u00a0<strong>Nicol\u00e1s Maduro<\/strong>, invit\u00f3 a sintonizar el programa\u00a0<em>\u201cMaduro Podcast\u201d<\/em>, este viernes 26 de enero en la red social YouTube, donde estar\u00e1 presente el diputado Jorge Rodr\u00edguez, m\u00e1xima autoridad de la Asamblea Nacional, con el objetivo de debatir temas del acontecer pol\u00edtico y las acciones criminales de la derecha extremista.<\/p>\n<p>&nbsp;<\/p>\n<p>\u201cLos invito a ver un nuevo cap\u00edtulo especial de \u2018Maduro Podcast\u2019 donde\u00a0<strong>haremos grandes revelaciones<\/strong>\u00a0junto al presidente de la Asamblea Nacional (AN), Jorge Rodr\u00edguez. \u00a1Pendientes!\u201d, expres\u00f3.<\/p>\n<p>&nbsp;<\/p>\n<p>Vale recordar que, en noviembre de 2023, el jefe de Estado venezolano estren\u00f3 Maduro Podcast, a trav\u00e9s de sus diferentes plataformas digitales, con el prop\u00f3sito de comunicar sobre los diferentes <strong>temas de inter\u00e9s nacionales e internacionales<\/strong>.<\/p>\n<p>&nbsp;<\/p>\n<p>&nbsp;<\/p>\n<blockquote class=\"twitter-tweet\">\n<p dir=\"ltr\" lang=\"es\">Los invito a ver ma\u00f1ana <a href=\"https:\/\/twitter.com\/hashtag\/26Ene?src=hash&amp;ref_src=twsrc%5Etfw\">#26Ene<\/a>, un nuevo cap\u00edtulo especial de \u00abMaduro Podcast\u00bb donde haremos grandes revelaciones junto al presidente de la Asamblea Nacional Jorge Rodr\u00edguez. \u00a1Pendientes! <a href=\"https:\/\/t.co\/donv45x0KK\">pic.twitter.com\/donv45x0KK<\/a><\/p>\n<p>\u2014 Nicol\u00e1s Maduro (@NicolasMaduro) <a href=\"https:\/\/twitter.com\/NicolasMaduro\/status\/1750678274718490791?ref_src=twsrc%5Etfw\">January 26, 2024<\/a><\/p><\/blockquote>\n<p><script async src=\"https:\/\/platform.twitter.com\/widgets.js\" charset=\"utf-8\"><\/script><\/p>\n<p>&nbsp;<\/p>\n<p>&nbsp;<\/p>\n<p>&nbsp;<\/p>\n<p>T\/VTV<\/p>\n","protected":false},"excerpt":{"rendered":"<p>El presidente de la Rep\u00fablica Bolivariana de Venezuela,\u00a0Nicol\u00e1s Maduro, invit\u00f3 a sintonizar el programa\u00a0\u201cMaduro Podcast\u201d, este viernes 26 de enero en la red social YouTube, donde estar\u00e1 presente el diputado Jorge Rodr\u00edguez, m\u00e1xima autoridad de la Asamblea Nacional, con el objetivo de debatir temas del acontecer pol\u00edtico y las acciones criminales de la derecha extremista. [&hellip;]<\/p>\n","protected":false},"author":55,"featured_media":372452,"comment_status":"closed","ping_status":"closed","sticky":false,"template":"","format":"standard","meta":{"_acf_changed":false,"footnotes":""},"categories":[65],"tags":[],"class_list":["post-372451","post","type-post","status-publish","format-standard","has-post-thumbnail","hentry","category-nacional"],"acf":[],"yoast_head":"<!-- This site is optimized with the Yoast SEO plugin v27.4 - https:\/\/yoast.com\/product\/yoast-seo-wordpress\/ -->\n<title>Diputado Jorge Rodr\u00edguez ser\u00e1 entrevistado en nueva edici\u00f3n de \u201cMaduro Podcast\u201d - DEV RNV<\/title>\n<meta name=\"description\" content=\"El jefe de Estado venezolano estren\u00f3 Maduro Podcast, a trav\u00e9s de sus diferentes plataformas digitales, con el prop\u00f3sito de comunicar sobre los diferentes temas de inter\u00e9s.\" \/>\n<meta name=\"robots\" content=\"noindex, follow, max-snippet:-1, max-image-preview:large, max-video-preview:-1\" \/>\n<meta property=\"og:locale\" content=\"es_ES\" \/>\n<meta property=\"og:type\" content=\"article\" \/>\n<meta property=\"og:title\" content=\"Diputado Jorge Rodr\u00edguez ser\u00e1 entrevistado en nueva edici\u00f3n de \u201cMaduro Podcast\u201d - DEV RNV\" \/>\n<meta property=\"og:description\" content=\"El jefe de Estado venezolano estren\u00f3 Maduro Podcast, a trav\u00e9s de sus diferentes plataformas digitales, con el prop\u00f3sito de comunicar sobre los diferentes temas de inter\u00e9s.\" \/>\n<meta property=\"og:url\" content=\"https:\/\/stage3.rnv.gob.ve\/wp\/diputado-jorge-rodriguez-sera-entrevistado-en-nueva-edicion-de-maduro-podcast\/\" \/>\n<meta property=\"og:site_name\" content=\"DEV RNV\" \/>\n<meta property=\"article:publisher\" content=\"https:\/\/www.facebook.com\/RadioNacionaldeVenezuela\" \/>\n<meta property=\"article:published_time\" content=\"2024-01-26T18:07:06+00:00\" \/>\n<meta property=\"article:modified_time\" content=\"2024-01-27T01:12:52+00:00\" \/>\n<meta property=\"og:image\" content=\"https:\/\/stage3.rnv.gob.ve\/wp\/wp-content\/uploads\/2024\/01\/MADURO-JORGE.jpg\" \/>\n\t<meta property=\"og:image:width\" content=\"768\" \/>\n\t<meta property=\"og:image:height\" content=\"427\" \/>\n\t<meta property=\"og:image:type\" content=\"image\/jpeg\" \/>\n<meta name=\"author\" content=\"Greicy Far\u00edas\" \/>\n<meta name=\"twitter:card\" content=\"summary_large_image\" \/>\n<meta name=\"twitter:creator\" content=\"@RNVinformativa\" \/>\n<meta name=\"twitter:site\" content=\"@RNVinformativa\" \/>\n<meta name=\"twitter:label1\" content=\"Escrito por\" \/>\n\t<meta name=\"twitter:data1\" content=\"Greicy Far\u00edas\" \/>\n\t<meta name=\"twitter:label2\" content=\"Tiempo estimado de lectura\" \/>\n\t<meta name=\"twitter:data2\" content=\"1 minuto\" \/>\n<script type=\"application\/ld+json\" class=\"yoast-schema-graph\">{\"@context\":\"https:\\\/\\\/schema.org\",\"@graph\":[{\"@type\":\"Article\",\"@id\":\"https:\\\/\\\/stage3.rnv.gob.ve\\\/wp\\\/diputado-jorge-rodriguez-sera-entrevistado-en-nueva-edicion-de-maduro-podcast\\\/#article\",\"isPartOf\":{\"@id\":\"https:\\\/\\\/stage3.rnv.gob.ve\\\/wp\\\/diputado-jorge-rodriguez-sera-entrevistado-en-nueva-edicion-de-maduro-podcast\\\/\"},\"author\":{\"name\":\"Greicy Far\u00edas\",\"@id\":\"https:\\\/\\\/stage3.rnv.gob.ve\\\/wp\\\/#\\\/schema\\\/person\\\/f01f556d4b148634786fbc7a33dd1e1e\"},\"headline\":\"Diputado Jorge Rodr\u00edguez ser\u00e1 entrevistado en nueva edici\u00f3n de \u201cMaduro Podcast\u201d\",\"datePublished\":\"2024-01-26T18:07:06+00:00\",\"dateModified\":\"2024-01-27T01:12:52+00:00\",\"mainEntityOfPage\":{\"@id\":\"https:\\\/\\\/stage3.rnv.gob.ve\\\/wp\\\/diputado-jorge-rodriguez-sera-entrevistado-en-nueva-edicion-de-maduro-podcast\\\/\"},\"wordCount\":191,\"publisher\":{\"@id\":\"https:\\\/\\\/stage3.rnv.gob.ve\\\/wp\\\/#organization\"},\"image\":{\"@id\":\"https:\\\/\\\/stage3.rnv.gob.ve\\\/wp\\\/diputado-jorge-rodriguez-sera-entrevistado-en-nueva-edicion-de-maduro-podcast\\\/#primaryimage\"},\"thumbnailUrl\":\"https:\\\/\\\/stage3.rnv.gob.ve\\\/wp\\\/wp-content\\\/uploads\\\/2024\\\/01\\\/MADURO-JORGE.jpg\",\"articleSection\":[\"Nacional\"],\"inLanguage\":\"es\"},{\"@type\":\"WebPage\",\"@id\":\"https:\\\/\\\/stage3.rnv.gob.ve\\\/wp\\\/diputado-jorge-rodriguez-sera-entrevistado-en-nueva-edicion-de-maduro-podcast\\\/\",\"url\":\"https:\\\/\\\/stage3.rnv.gob.ve\\\/wp\\\/diputado-jorge-rodriguez-sera-entrevistado-en-nueva-edicion-de-maduro-podcast\\\/\",\"name\":\"Diputado Jorge Rodr\u00edguez ser\u00e1 entrevistado en nueva edici\u00f3n de \u201cMaduro Podcast\u201d - DEV RNV\",\"isPartOf\":{\"@id\":\"https:\\\/\\\/stage3.rnv.gob.ve\\\/wp\\\/#website\"},\"primaryImageOfPage\":{\"@id\":\"https:\\\/\\\/stage3.rnv.gob.ve\\\/wp\\\/diputado-jorge-rodriguez-sera-entrevistado-en-nueva-edicion-de-maduro-podcast\\\/#primaryimage\"},\"image\":{\"@id\":\"https:\\\/\\\/stage3.rnv.gob.ve\\\/wp\\\/diputado-jorge-rodriguez-sera-entrevistado-en-nueva-edicion-de-maduro-podcast\\\/#primaryimage\"},\"thumbnailUrl\":\"https:\\\/\\\/stage3.rnv.gob.ve\\\/wp\\\/wp-content\\\/uploads\\\/2024\\\/01\\\/MADURO-JORGE.jpg\",\"datePublished\":\"2024-01-26T18:07:06+00:00\",\"dateModified\":\"2024-01-27T01:12:52+00:00\",\"description\":\"El jefe de Estado venezolano estren\u00f3 Maduro Podcast, a trav\u00e9s de sus diferentes plataformas digitales, con el prop\u00f3sito de comunicar sobre los diferentes temas de inter\u00e9s.\",\"breadcrumb\":{\"@id\":\"https:\\\/\\\/stage3.rnv.gob.ve\\\/wp\\\/diputado-jorge-rodriguez-sera-entrevistado-en-nueva-edicion-de-maduro-podcast\\\/#breadcrumb\"},\"inLanguage\":\"es\",\"potentialAction\":[{\"@type\":\"ReadAction\",\"target\":[\"https:\\\/\\\/stage3.rnv.gob.ve\\\/wp\\\/diputado-jorge-rodriguez-sera-entrevistado-en-nueva-edicion-de-maduro-podcast\\\/\"]}]},{\"@type\":\"ImageObject\",\"inLanguage\":\"es\",\"@id\":\"https:\\\/\\\/stage3.rnv.gob.ve\\\/wp\\\/diputado-jorge-rodriguez-sera-entrevistado-en-nueva-edicion-de-maduro-podcast\\\/#primaryimage\",\"url\":\"https:\\\/\\\/stage3.rnv.gob.ve\\\/wp\\\/wp-content\\\/uploads\\\/2024\\\/01\\\/MADURO-JORGE.jpg\",\"contentUrl\":\"https:\\\/\\\/stage3.rnv.gob.ve\\\/wp\\\/wp-content\\\/uploads\\\/2024\\\/01\\\/MADURO-JORGE.jpg\",\"width\":768,\"height\":427},{\"@type\":\"BreadcrumbList\",\"@id\":\"https:\\\/\\\/stage3.rnv.gob.ve\\\/wp\\\/diputado-jorge-rodriguez-sera-entrevistado-en-nueva-edicion-de-maduro-podcast\\\/#breadcrumb\",\"itemListElement\":[{\"@type\":\"ListItem\",\"position\":1,\"name\":\"Portada\",\"item\":\"https:\\\/\\\/stage3.rnv.gob.ve\\\/wp\\\/\"},{\"@type\":\"ListItem\",\"position\":2,\"name\":\"Diputado Jorge Rodr\u00edguez Ser\u00e1 Entrevistado En Nueva Edici\u00f3n De \u201cMaduro Podcast\u201d\"}]},{\"@type\":\"WebSite\",\"@id\":\"https:\\\/\\\/stage3.rnv.gob.ve\\\/wp\\\/#website\",\"url\":\"https:\\\/\\\/stage3.rnv.gob.ve\\\/wp\\\/\",\"name\":\"DEV RNV\",\"description\":\"Radio Nacional de Venezuela C.A.\",\"publisher\":{\"@id\":\"https:\\\/\\\/stage3.rnv.gob.ve\\\/wp\\\/#organization\"},\"potentialAction\":[{\"@type\":\"SearchAction\",\"target\":{\"@type\":\"EntryPoint\",\"urlTemplate\":\"https:\\\/\\\/stage3.rnv.gob.ve\\\/wp\\\/?s={search_term_string}\"},\"query-input\":{\"@type\":\"PropertyValueSpecification\",\"valueRequired\":true,\"valueName\":\"search_term_string\"}}],\"inLanguage\":\"es\"},{\"@type\":\"Organization\",\"@id\":\"https:\\\/\\\/stage3.rnv.gob.ve\\\/wp\\\/#organization\",\"name\":\"Radio Nacional de Venezuela C.A.\",\"url\":\"https:\\\/\\\/stage3.rnv.gob.ve\\\/wp\\\/\",\"logo\":{\"@type\":\"ImageObject\",\"inLanguage\":\"es\",\"@id\":\"https:\\\/\\\/stage3.rnv.gob.ve\\\/wp\\\/#\\\/schema\\\/logo\\\/image\\\/\",\"url\":\"http:\\\/\\\/rnv.ddns.net\\\/prensa\\\/wp-content\\\/uploads\\\/2022\\\/04\\\/rnv-1-300x227-1.jpg\",\"contentUrl\":\"http:\\\/\\\/rnv.ddns.net\\\/prensa\\\/wp-content\\\/uploads\\\/2022\\\/04\\\/rnv-1-300x227-1.jpg\",\"width\":800,\"height\":455,\"caption\":\"Radio Nacional de Venezuela C.A.\"},\"image\":{\"@id\":\"https:\\\/\\\/stage3.rnv.gob.ve\\\/wp\\\/#\\\/schema\\\/logo\\\/image\\\/\"},\"sameAs\":[\"https:\\\/\\\/www.facebook.com\\\/RadioNacionaldeVenezuela\",\"https:\\\/\\\/x.com\\\/RNVinformativa\",\"https:\\\/\\\/www.instagram.com\\\/rnvinformativa\\\/\",\"https:\\\/\\\/www.youtube.com\\\/user\\\/RNVContigo\"]},{\"@type\":\"Person\",\"@id\":\"https:\\\/\\\/stage3.rnv.gob.ve\\\/wp\\\/#\\\/schema\\\/person\\\/f01f556d4b148634786fbc7a33dd1e1e\",\"name\":\"Greicy Far\u00edas\",\"url\":\"https:\\\/\\\/stage3.rnv.gob.ve\\\/wp\\\/author\\\/greicy_farias\\\/\"}]}<\/script>\n<!-- \/ Yoast SEO plugin. -->","yoast_head_json":{"title":"Diputado Jorge Rodr\u00edguez ser\u00e1 entrevistado en nueva edici\u00f3n de \u201cMaduro Podcast\u201d - DEV RNV","description":"El jefe de Estado venezolano estren\u00f3 Maduro Podcast, a trav\u00e9s de sus diferentes plataformas digitales, con el prop\u00f3sito de comunicar sobre los diferentes temas de inter\u00e9s.","robots":{"index":"noindex","follow":"follow","max-snippet":"max-snippet:-1","max-image-preview":"max-image-preview:large","max-video-preview":"max-video-preview:-1"},"og_locale":"es_ES","og_type":"article","og_title":"Diputado Jorge Rodr\u00edguez ser\u00e1 entrevistado en nueva edici\u00f3n de \u201cMaduro Podcast\u201d - DEV RNV","og_description":"El jefe de Estado venezolano estren\u00f3 Maduro Podcast, a trav\u00e9s de sus diferentes plataformas digitales, con el prop\u00f3sito de comunicar sobre los diferentes temas de inter\u00e9s.","og_url":"https:\/\/stage3.rnv.gob.ve\/wp\/diputado-jorge-rodriguez-sera-entrevistado-en-nueva-edicion-de-maduro-podcast\/","og_site_name":"DEV RNV","article_publisher":"https:\/\/www.facebook.com\/RadioNacionaldeVenezuela","article_published_time":"2024-01-26T18:07:06+00:00","article_modified_time":"2024-01-27T01:12:52+00:00","og_image":[{"width":768,"height":427,"url":"https:\/\/stage3.rnv.gob.ve\/wp\/wp-content\/uploads\/2024\/01\/MADURO-JORGE.jpg","type":"image\/jpeg"}],"author":"Greicy Far\u00edas","twitter_card":"summary_large_image","twitter_creator":"@RNVinformativa","twitter_site":"@RNVinformativa","twitter_misc":{"Escrito por":"Greicy Far\u00edas","Tiempo estimado de lectura":"1 minuto"},"schema":{"@context":"https:\/\/schema.org","@graph":[{"@type":"Article","@id":"https:\/\/stage3.rnv.gob.ve\/wp\/diputado-jorge-rodriguez-sera-entrevistado-en-nueva-edicion-de-maduro-podcast\/#article","isPartOf":{"@id":"https:\/\/stage3.rnv.gob.ve\/wp\/diputado-jorge-rodriguez-sera-entrevistado-en-nueva-edicion-de-maduro-podcast\/"},"author":{"name":"Greicy Far\u00edas","@id":"https:\/\/stage3.rnv.gob.ve\/wp\/#\/schema\/person\/f01f556d4b148634786fbc7a33dd1e1e"},"headline":"Diputado Jorge Rodr\u00edguez ser\u00e1 entrevistado en nueva edici\u00f3n de \u201cMaduro Podcast\u201d","datePublished":"2024-01-26T18:07:06+00:00","dateModified":"2024-01-27T01:12:52+00:00","mainEntityOfPage":{"@id":"https:\/\/stage3.rnv.gob.ve\/wp\/diputado-jorge-rodriguez-sera-entrevistado-en-nueva-edicion-de-maduro-podcast\/"},"wordCount":191,"publisher":{"@id":"https:\/\/stage3.rnv.gob.ve\/wp\/#organization"},"image":{"@id":"https:\/\/stage3.rnv.gob.ve\/wp\/diputado-jorge-rodriguez-sera-entrevistado-en-nueva-edicion-de-maduro-podcast\/#primaryimage"},"thumbnailUrl":"https:\/\/stage3.rnv.gob.ve\/wp\/wp-content\/uploads\/2024\/01\/MADURO-JORGE.jpg","articleSection":["Nacional"],"inLanguage":"es"},{"@type":"WebPage","@id":"https:\/\/stage3.rnv.gob.ve\/wp\/diputado-jorge-rodriguez-sera-entrevistado-en-nueva-edicion-de-maduro-podcast\/","url":"https:\/\/stage3.rnv.gob.ve\/wp\/diputado-jorge-rodriguez-sera-entrevistado-en-nueva-edicion-de-maduro-podcast\/","name":"Diputado Jorge Rodr\u00edguez ser\u00e1 entrevistado en nueva edici\u00f3n de \u201cMaduro Podcast\u201d - DEV RNV","isPartOf":{"@id":"https:\/\/stage3.rnv.gob.ve\/wp\/#website"},"primaryImageOfPage":{"@id":"https:\/\/stage3.rnv.gob.ve\/wp\/diputado-jorge-rodriguez-sera-entrevistado-en-nueva-edicion-de-maduro-podcast\/#primaryimage"},"image":{"@id":"https:\/\/stage3.rnv.gob.ve\/wp\/diputado-jorge-rodriguez-sera-entrevistado-en-nueva-edicion-de-maduro-podcast\/#primaryimage"},"thumbnailUrl":"https:\/\/stage3.rnv.gob.ve\/wp\/wp-content\/uploads\/2024\/01\/MADURO-JORGE.jpg","datePublished":"2024-01-26T18:07:06+00:00","dateModified":"2024-01-27T01:12:52+00:00","description":"El jefe de Estado venezolano estren\u00f3 Maduro Podcast, a trav\u00e9s de sus diferentes plataformas digitales, con el prop\u00f3sito de comunicar sobre los diferentes temas de inter\u00e9s.","breadcrumb":{"@id":"https:\/\/stage3.rnv.gob.ve\/wp\/diputado-jorge-rodriguez-sera-entrevistado-en-nueva-edicion-de-maduro-podcast\/#breadcrumb"},"inLanguage":"es","potentialAction":[{"@type":"ReadAction","target":["https:\/\/stage3.rnv.gob.ve\/wp\/diputado-jorge-rodriguez-sera-entrevistado-en-nueva-edicion-de-maduro-podcast\/"]}]},{"@type":"ImageObject","inLanguage":"es","@id":"https:\/\/stage3.rnv.gob.ve\/wp\/diputado-jorge-rodriguez-sera-entrevistado-en-nueva-edicion-de-maduro-podcast\/#primaryimage","url":"https:\/\/stage3.rnv.gob.ve\/wp\/wp-content\/uploads\/2024\/01\/MADURO-JORGE.jpg","contentUrl":"https:\/\/stage3.rnv.gob.ve\/wp\/wp-content\/uploads\/2024\/01\/MADURO-JORGE.jpg","width":768,"height":427},{"@type":"BreadcrumbList","@id":"https:\/\/stage3.rnv.gob.ve\/wp\/diputado-jorge-rodriguez-sera-entrevistado-en-nueva-edicion-de-maduro-podcast\/#breadcrumb","itemListElement":[{"@type":"ListItem","position":1,"name":"Portada","item":"https:\/\/stage3.rnv.gob.ve\/wp\/"},{"@type":"ListItem","position":2,"name":"Diputado Jorge Rodr\u00edguez Ser\u00e1 Entrevistado En Nueva Edici\u00f3n De \u201cMaduro Podcast\u201d"}]},{"@type":"WebSite","@id":"https:\/\/stage3.rnv.gob.ve\/wp\/#website","url":"https:\/\/stage3.rnv.gob.ve\/wp\/","name":"DEV RNV","description":"Radio Nacional de Venezuela C.A.","publisher":{"@id":"https:\/\/stage3.rnv.gob.ve\/wp\/#organization"},"potentialAction":[{"@type":"SearchAction","target":{"@type":"EntryPoint","urlTemplate":"https:\/\/stage3.rnv.gob.ve\/wp\/?s={search_term_string}"},"query-input":{"@type":"PropertyValueSpecification","valueRequired":true,"valueName":"search_term_string"}}],"inLanguage":"es"},{"@type":"Organization","@id":"https:\/\/stage3.rnv.gob.ve\/wp\/#organization","name":"Radio Nacional de Venezuela C.A.","url":"https:\/\/stage3.rnv.gob.ve\/wp\/","logo":{"@type":"ImageObject","inLanguage":"es","@id":"https:\/\/stage3.rnv.gob.ve\/wp\/#\/schema\/logo\/image\/","url":"http:\/\/rnv.ddns.net\/prensa\/wp-content\/uploads\/2022\/04\/rnv-1-300x227-1.jpg","contentUrl":"http:\/\/rnv.ddns.net\/prensa\/wp-content\/uploads\/2022\/04\/rnv-1-300x227-1.jpg","width":800,"height":455,"caption":"Radio Nacional de Venezuela C.A."},"image":{"@id":"https:\/\/stage3.rnv.gob.ve\/wp\/#\/schema\/logo\/image\/"},"sameAs":["https:\/\/www.facebook.com\/RadioNacionaldeVenezuela","https:\/\/x.com\/RNVinformativa","https:\/\/www.instagram.com\/rnvinformativa\/","https:\/\/www.youtube.com\/user\/RNVContigo"]},{"@type":"Person","@id":"https:\/\/stage3.rnv.gob.ve\/wp\/#\/schema\/person\/f01f556d4b148634786fbc7a33dd1e1e","name":"Greicy Far\u00edas","url":"https:\/\/stage3.rnv.gob.ve\/wp\/author\/greicy_farias\/"}]}},"jetpack_featured_media_url":"https:\/\/stage3.rnv.gob.ve\/wp\/wp-content\/uploads\/2024\/01\/MADURO-JORGE.jpg","_links":{"self":[{"href":"https:\/\/stage3.rnv.gob.ve\/wp\/wp-json\/wp\/v2\/posts\/372451","targetHints":{"allow":["GET"]}}],"collection":[{"href":"https:\/\/stage3.rnv.gob.ve\/wp\/wp-json\/wp\/v2\/posts"}],"about":[{"href":"https:\/\/stage3.rnv.gob.ve\/wp\/wp-json\/wp\/v2\/types\/post"}],"author":[{"embeddable":true,"href":"https:\/\/stage3.rnv.gob.ve\/wp\/wp-json\/wp\/v2\/users\/55"}],"replies":[{"embeddable":true,"href":"https:\/\/stage3.rnv.gob.ve\/wp\/wp-json\/wp\/v2\/comments?post=372451"}],"version-history":[{"count":0,"href":"https:\/\/stage3.rnv.gob.ve\/wp\/wp-json\/wp\/v2\/posts\/372451\/revisions"}],"wp:featuredmedia":[{"embeddable":true,"href":"https:\/\/stage3.rnv.gob.ve\/wp\/wp-json\/wp\/v2\/media\/372452"}],"wp:attachment":[{"href":"https:\/\/stage3.rnv.gob.ve\/wp\/wp-json\/wp\/v2\/media?parent=372451"}],"wp:term":[{"taxonomy":"category","embeddable":true,"href":"https:\/\/stage3.rnv.gob.ve\/wp\/wp-json\/wp\/v2\/categories?post=372451"},{"taxonomy":"post_tag","embeddable":true,"href":"https:\/\/stage3.rnv.gob.ve\/wp\/wp-json\/wp\/v2\/tags?post=372451"}],"curies":[{"name":"wp","href":"https:\/\/api.w.org\/{rel}","templated":true}]}}