{"id":362643,"date":"2023-06-19T16:59:17","date_gmt":"2023-06-19T20:59:17","guid":{"rendered":"https:\/\/stage3.rnv.gob.ve\/wp\/prensa\/?p=362643"},"modified":"2023-06-19T16:59:17","modified_gmt":"2023-06-19T20:59:17","slug":"venezuela-y-sudafrica-fortalecen-vinculos-bilaterales","status":"publish","type":"post","link":"https:\/\/stage3.rnv.gob.ve\/wp\/venezuela-y-sudafrica-fortalecen-vinculos-bilaterales\/","title":{"rendered":"Venezuela y Sud\u00e1frica fortalecen v\u00ednculos bilaterales"},"content":{"rendered":"<p>Este lunes, el ministro del Poder Popular para Relaciones Exteriores, Yv\u00e1n Gil, recibi\u00f3 en la Casa Amarilla Antonio Jos\u00e9 de Sucre, en Caracas, a la embajadora de la Rep\u00fablica de Sud\u00e1frica en Venezuela, Lindiwe Michelle Maseko, para revisar las relaciones bilaterales.<\/p>\n<p>&nbsp;<\/p>\n<p>\u201cRevisamos las relaciones bilaterales que tenemos con Sud\u00e1frica, estuvimos viendo los desaf\u00edos comunes\u201d, coment\u00f3 el Canciller tras la reuni\u00f3n con la Embajadora.<\/p>\n<p>&nbsp;<\/p>\n<blockquote class=\"twitter-tweet\">\n<p dir=\"ltr\" lang=\"es\">Iniciamos la semana conversando con la embajadora de la Rep\u00fablica de Sud\u00e1frica en nuestro pa\u00eds, Lindiwe Michelle Maseko, con quien revisamos los distintos desaf\u00edos del panorama mundial y exploramos nuevas oportunidades para seguir fortaleciendo nuestras relaciones bilaterales. <a href=\"https:\/\/t.co\/6dVtbCnusx\">pic.twitter.com\/6dVtbCnusx<\/a><\/p>\n<p>\u2014 Yvan Gil (@yvangil) <a href=\"https:\/\/twitter.com\/yvangil\/status\/1670866483973324819?ref_src=twsrc%5Etfw\">June 19, 2023<\/a><\/p><\/blockquote>\n<p><script async src=\"https:\/\/platform.twitter.com\/widgets.js\" charset=\"utf-8\"><\/script><\/p>\n<p>Venezuela y Sud\u00e1frica se caracterizan por mantener una s\u00f3lida cooperaci\u00f3n econ\u00f3mica, expresada en 18 acuerdos suscritos en las \u00e1reas pol\u00edtica, diplom\u00e1tica, comercial, energ\u00eda, petr\u00f3leo, gas, juventud, educaci\u00f3n, seguridad y comunicaciones. Adem\u00e1s, avanzan en alianzas estrat\u00e9gicas en miner\u00eda, agricultura y turismo.<\/p>\n<p>&nbsp;<\/p>\n<p>Las relaciones diplom\u00e1ticas entre Caracas y Pretoria iniciaron el 3 de diciembre de 1993, estableciendo desde entonces fuertes lazos de cooperaci\u00f3n y hermandad entre los pueblos.<\/p>\n<p>&nbsp;<\/p>\n<p>&nbsp;<\/p>\n<p>T\/Prensa MPPRE<\/p>\n","protected":false},"excerpt":{"rendered":"<p>Este lunes, el ministro del Poder Popular para Relaciones Exteriores, Yv\u00e1n Gil, recibi\u00f3 en la Casa Amarilla Antonio Jos\u00e9 de Sucre, en Caracas, a la embajadora de la Rep\u00fablica de Sud\u00e1frica en Venezuela, Lindiwe Michelle Maseko, para revisar las relaciones bilaterales. &nbsp; \u201cRevisamos las relaciones bilaterales que tenemos con Sud\u00e1frica, estuvimos viendo los desaf\u00edos comunes\u201d, [&hellip;]<\/p>\n","protected":false},"author":55,"featured_media":362644,"comment_status":"closed","ping_status":"closed","sticky":false,"template":"","format":"standard","meta":{"_acf_changed":false,"footnotes":""},"categories":[65],"tags":[],"class_list":["post-362643","post","type-post","status-publish","format-standard","has-post-thumbnail","hentry","category-nacional"],"acf":[],"yoast_head":"<!-- This site is optimized with the Yoast SEO plugin v27.4 - https:\/\/yoast.com\/product\/yoast-seo-wordpress\/ -->\n<title>Venezuela y Sud\u00e1frica fortalecen v\u00ednculos bilaterales - DEV RNV<\/title>\n<meta name=\"description\" content=\"Yv\u00e1n Gil, recibi\u00f3 en la Casa Amarilla a la embajadora de la Rep\u00fablica de Sud\u00e1frica en Venezuela, Lindiwe Michelle Maseko\" \/>\n<meta name=\"robots\" content=\"noindex, follow, max-snippet:-1, max-image-preview:large, max-video-preview:-1\" \/>\n<meta property=\"og:locale\" content=\"es_ES\" \/>\n<meta property=\"og:type\" content=\"article\" \/>\n<meta property=\"og:title\" content=\"Venezuela y Sud\u00e1frica fortalecen v\u00ednculos bilaterales - DEV RNV\" \/>\n<meta property=\"og:description\" content=\"Yv\u00e1n Gil, recibi\u00f3 en la Casa Amarilla a la embajadora de la Rep\u00fablica de Sud\u00e1frica en Venezuela, Lindiwe Michelle Maseko\" \/>\n<meta property=\"og:url\" content=\"https:\/\/stage3.rnv.gob.ve\/wp\/venezuela-y-sudafrica-fortalecen-vinculos-bilaterales\/\" \/>\n<meta property=\"og:site_name\" content=\"DEV RNV\" \/>\n<meta property=\"article:publisher\" content=\"https:\/\/www.facebook.com\/RadioNacionaldeVenezuela\" \/>\n<meta property=\"article:published_time\" content=\"2023-06-19T20:59:17+00:00\" \/>\n<meta property=\"og:image\" content=\"https:\/\/stage3.rnv.gob.ve\/wp\/wp-content\/uploads\/2023\/06\/YVAN-GIL.jpg\" \/>\n\t<meta property=\"og:image:width\" content=\"1280\" \/>\n\t<meta property=\"og:image:height\" content=\"853\" \/>\n\t<meta property=\"og:image:type\" content=\"image\/jpeg\" \/>\n<meta name=\"author\" content=\"Greicy Far\u00edas\" \/>\n<meta name=\"twitter:card\" content=\"summary_large_image\" \/>\n<meta name=\"twitter:creator\" content=\"@RNVinformativa\" \/>\n<meta name=\"twitter:site\" content=\"@RNVinformativa\" \/>\n<meta name=\"twitter:label1\" content=\"Escrito por\" \/>\n\t<meta name=\"twitter:data1\" content=\"Greicy Far\u00edas\" \/>\n\t<meta name=\"twitter:label2\" content=\"Tiempo estimado de lectura\" \/>\n\t<meta name=\"twitter:data2\" content=\"1 minuto\" \/>\n<script type=\"application\/ld+json\" class=\"yoast-schema-graph\">{\"@context\":\"https:\\\/\\\/schema.org\",\"@graph\":[{\"@type\":\"Article\",\"@id\":\"https:\\\/\\\/stage3.rnv.gob.ve\\\/wp\\\/venezuela-y-sudafrica-fortalecen-vinculos-bilaterales\\\/#article\",\"isPartOf\":{\"@id\":\"https:\\\/\\\/stage3.rnv.gob.ve\\\/wp\\\/venezuela-y-sudafrica-fortalecen-vinculos-bilaterales\\\/\"},\"author\":{\"name\":\"Greicy Far\u00edas\",\"@id\":\"https:\\\/\\\/stage3.rnv.gob.ve\\\/wp\\\/#\\\/schema\\\/person\\\/f01f556d4b148634786fbc7a33dd1e1e\"},\"headline\":\"Venezuela y Sud\u00e1frica fortalecen v\u00ednculos bilaterales\",\"datePublished\":\"2023-06-19T20:59:17+00:00\",\"mainEntityOfPage\":{\"@id\":\"https:\\\/\\\/stage3.rnv.gob.ve\\\/wp\\\/venezuela-y-sudafrica-fortalecen-vinculos-bilaterales\\\/\"},\"wordCount\":211,\"publisher\":{\"@id\":\"https:\\\/\\\/stage3.rnv.gob.ve\\\/wp\\\/#organization\"},\"image\":{\"@id\":\"https:\\\/\\\/stage3.rnv.gob.ve\\\/wp\\\/venezuela-y-sudafrica-fortalecen-vinculos-bilaterales\\\/#primaryimage\"},\"thumbnailUrl\":\"https:\\\/\\\/stage3.rnv.gob.ve\\\/wp\\\/wp-content\\\/uploads\\\/2023\\\/06\\\/YVAN-GIL.jpg\",\"articleSection\":[\"Nacional\"],\"inLanguage\":\"es\"},{\"@type\":\"WebPage\",\"@id\":\"https:\\\/\\\/stage3.rnv.gob.ve\\\/wp\\\/venezuela-y-sudafrica-fortalecen-vinculos-bilaterales\\\/\",\"url\":\"https:\\\/\\\/stage3.rnv.gob.ve\\\/wp\\\/venezuela-y-sudafrica-fortalecen-vinculos-bilaterales\\\/\",\"name\":\"Venezuela y Sud\u00e1frica fortalecen v\u00ednculos bilaterales - DEV RNV\",\"isPartOf\":{\"@id\":\"https:\\\/\\\/stage3.rnv.gob.ve\\\/wp\\\/#website\"},\"primaryImageOfPage\":{\"@id\":\"https:\\\/\\\/stage3.rnv.gob.ve\\\/wp\\\/venezuela-y-sudafrica-fortalecen-vinculos-bilaterales\\\/#primaryimage\"},\"image\":{\"@id\":\"https:\\\/\\\/stage3.rnv.gob.ve\\\/wp\\\/venezuela-y-sudafrica-fortalecen-vinculos-bilaterales\\\/#primaryimage\"},\"thumbnailUrl\":\"https:\\\/\\\/stage3.rnv.gob.ve\\\/wp\\\/wp-content\\\/uploads\\\/2023\\\/06\\\/YVAN-GIL.jpg\",\"datePublished\":\"2023-06-19T20:59:17+00:00\",\"description\":\"Yv\u00e1n Gil, recibi\u00f3 en la Casa Amarilla a la embajadora de la Rep\u00fablica de Sud\u00e1frica en Venezuela, Lindiwe Michelle Maseko\",\"breadcrumb\":{\"@id\":\"https:\\\/\\\/stage3.rnv.gob.ve\\\/wp\\\/venezuela-y-sudafrica-fortalecen-vinculos-bilaterales\\\/#breadcrumb\"},\"inLanguage\":\"es\",\"potentialAction\":[{\"@type\":\"ReadAction\",\"target\":[\"https:\\\/\\\/stage3.rnv.gob.ve\\\/wp\\\/venezuela-y-sudafrica-fortalecen-vinculos-bilaterales\\\/\"]}]},{\"@type\":\"ImageObject\",\"inLanguage\":\"es\",\"@id\":\"https:\\\/\\\/stage3.rnv.gob.ve\\\/wp\\\/venezuela-y-sudafrica-fortalecen-vinculos-bilaterales\\\/#primaryimage\",\"url\":\"https:\\\/\\\/stage3.rnv.gob.ve\\\/wp\\\/wp-content\\\/uploads\\\/2023\\\/06\\\/YVAN-GIL.jpg\",\"contentUrl\":\"https:\\\/\\\/stage3.rnv.gob.ve\\\/wp\\\/wp-content\\\/uploads\\\/2023\\\/06\\\/YVAN-GIL.jpg\",\"width\":1280,\"height\":853},{\"@type\":\"BreadcrumbList\",\"@id\":\"https:\\\/\\\/stage3.rnv.gob.ve\\\/wp\\\/venezuela-y-sudafrica-fortalecen-vinculos-bilaterales\\\/#breadcrumb\",\"itemListElement\":[{\"@type\":\"ListItem\",\"position\":1,\"name\":\"Portada\",\"item\":\"https:\\\/\\\/stage3.rnv.gob.ve\\\/wp\\\/\"},{\"@type\":\"ListItem\",\"position\":2,\"name\":\"Venezuela Y Sud\u00e1frica Fortalecen V\u00ednculos Bilaterales\"}]},{\"@type\":\"WebSite\",\"@id\":\"https:\\\/\\\/stage3.rnv.gob.ve\\\/wp\\\/#website\",\"url\":\"https:\\\/\\\/stage3.rnv.gob.ve\\\/wp\\\/\",\"name\":\"DEV RNV\",\"description\":\"Radio Nacional de Venezuela C.A.\",\"publisher\":{\"@id\":\"https:\\\/\\\/stage3.rnv.gob.ve\\\/wp\\\/#organization\"},\"potentialAction\":[{\"@type\":\"SearchAction\",\"target\":{\"@type\":\"EntryPoint\",\"urlTemplate\":\"https:\\\/\\\/stage3.rnv.gob.ve\\\/wp\\\/?s={search_term_string}\"},\"query-input\":{\"@type\":\"PropertyValueSpecification\",\"valueRequired\":true,\"valueName\":\"search_term_string\"}}],\"inLanguage\":\"es\"},{\"@type\":\"Organization\",\"@id\":\"https:\\\/\\\/stage3.rnv.gob.ve\\\/wp\\\/#organization\",\"name\":\"Radio Nacional de Venezuela C.A.\",\"url\":\"https:\\\/\\\/stage3.rnv.gob.ve\\\/wp\\\/\",\"logo\":{\"@type\":\"ImageObject\",\"inLanguage\":\"es\",\"@id\":\"https:\\\/\\\/stage3.rnv.gob.ve\\\/wp\\\/#\\\/schema\\\/logo\\\/image\\\/\",\"url\":\"http:\\\/\\\/rnv.ddns.net\\\/prensa\\\/wp-content\\\/uploads\\\/2022\\\/04\\\/rnv-1-300x227-1.jpg\",\"contentUrl\":\"http:\\\/\\\/rnv.ddns.net\\\/prensa\\\/wp-content\\\/uploads\\\/2022\\\/04\\\/rnv-1-300x227-1.jpg\",\"width\":800,\"height\":455,\"caption\":\"Radio Nacional de Venezuela C.A.\"},\"image\":{\"@id\":\"https:\\\/\\\/stage3.rnv.gob.ve\\\/wp\\\/#\\\/schema\\\/logo\\\/image\\\/\"},\"sameAs\":[\"https:\\\/\\\/www.facebook.com\\\/RadioNacionaldeVenezuela\",\"https:\\\/\\\/x.com\\\/RNVinformativa\",\"https:\\\/\\\/www.instagram.com\\\/rnvinformativa\\\/\",\"https:\\\/\\\/www.youtube.com\\\/user\\\/RNVContigo\"]},{\"@type\":\"Person\",\"@id\":\"https:\\\/\\\/stage3.rnv.gob.ve\\\/wp\\\/#\\\/schema\\\/person\\\/f01f556d4b148634786fbc7a33dd1e1e\",\"name\":\"Greicy Far\u00edas\",\"url\":\"https:\\\/\\\/stage3.rnv.gob.ve\\\/wp\\\/author\\\/greicy_farias\\\/\"}]}<\/script>\n<!-- \/ Yoast SEO plugin. -->","yoast_head_json":{"title":"Venezuela y Sud\u00e1frica fortalecen v\u00ednculos bilaterales - DEV RNV","description":"Yv\u00e1n Gil, recibi\u00f3 en la Casa Amarilla a la embajadora de la Rep\u00fablica de Sud\u00e1frica en Venezuela, Lindiwe Michelle Maseko","robots":{"index":"noindex","follow":"follow","max-snippet":"max-snippet:-1","max-image-preview":"max-image-preview:large","max-video-preview":"max-video-preview:-1"},"og_locale":"es_ES","og_type":"article","og_title":"Venezuela y Sud\u00e1frica fortalecen v\u00ednculos bilaterales - DEV RNV","og_description":"Yv\u00e1n Gil, recibi\u00f3 en la Casa Amarilla a la embajadora de la Rep\u00fablica de Sud\u00e1frica en Venezuela, Lindiwe Michelle Maseko","og_url":"https:\/\/stage3.rnv.gob.ve\/wp\/venezuela-y-sudafrica-fortalecen-vinculos-bilaterales\/","og_site_name":"DEV RNV","article_publisher":"https:\/\/www.facebook.com\/RadioNacionaldeVenezuela","article_published_time":"2023-06-19T20:59:17+00:00","og_image":[{"width":1280,"height":853,"url":"https:\/\/stage3.rnv.gob.ve\/wp\/wp-content\/uploads\/2023\/06\/YVAN-GIL.jpg","type":"image\/jpeg"}],"author":"Greicy Far\u00edas","twitter_card":"summary_large_image","twitter_creator":"@RNVinformativa","twitter_site":"@RNVinformativa","twitter_misc":{"Escrito por":"Greicy Far\u00edas","Tiempo estimado de lectura":"1 minuto"},"schema":{"@context":"https:\/\/schema.org","@graph":[{"@type":"Article","@id":"https:\/\/stage3.rnv.gob.ve\/wp\/venezuela-y-sudafrica-fortalecen-vinculos-bilaterales\/#article","isPartOf":{"@id":"https:\/\/stage3.rnv.gob.ve\/wp\/venezuela-y-sudafrica-fortalecen-vinculos-bilaterales\/"},"author":{"name":"Greicy Far\u00edas","@id":"https:\/\/stage3.rnv.gob.ve\/wp\/#\/schema\/person\/f01f556d4b148634786fbc7a33dd1e1e"},"headline":"Venezuela y Sud\u00e1frica fortalecen v\u00ednculos bilaterales","datePublished":"2023-06-19T20:59:17+00:00","mainEntityOfPage":{"@id":"https:\/\/stage3.rnv.gob.ve\/wp\/venezuela-y-sudafrica-fortalecen-vinculos-bilaterales\/"},"wordCount":211,"publisher":{"@id":"https:\/\/stage3.rnv.gob.ve\/wp\/#organization"},"image":{"@id":"https:\/\/stage3.rnv.gob.ve\/wp\/venezuela-y-sudafrica-fortalecen-vinculos-bilaterales\/#primaryimage"},"thumbnailUrl":"https:\/\/stage3.rnv.gob.ve\/wp\/wp-content\/uploads\/2023\/06\/YVAN-GIL.jpg","articleSection":["Nacional"],"inLanguage":"es"},{"@type":"WebPage","@id":"https:\/\/stage3.rnv.gob.ve\/wp\/venezuela-y-sudafrica-fortalecen-vinculos-bilaterales\/","url":"https:\/\/stage3.rnv.gob.ve\/wp\/venezuela-y-sudafrica-fortalecen-vinculos-bilaterales\/","name":"Venezuela y Sud\u00e1frica fortalecen v\u00ednculos bilaterales - DEV RNV","isPartOf":{"@id":"https:\/\/stage3.rnv.gob.ve\/wp\/#website"},"primaryImageOfPage":{"@id":"https:\/\/stage3.rnv.gob.ve\/wp\/venezuela-y-sudafrica-fortalecen-vinculos-bilaterales\/#primaryimage"},"image":{"@id":"https:\/\/stage3.rnv.gob.ve\/wp\/venezuela-y-sudafrica-fortalecen-vinculos-bilaterales\/#primaryimage"},"thumbnailUrl":"https:\/\/stage3.rnv.gob.ve\/wp\/wp-content\/uploads\/2023\/06\/YVAN-GIL.jpg","datePublished":"2023-06-19T20:59:17+00:00","description":"Yv\u00e1n Gil, recibi\u00f3 en la Casa Amarilla a la embajadora de la Rep\u00fablica de Sud\u00e1frica en Venezuela, Lindiwe Michelle Maseko","breadcrumb":{"@id":"https:\/\/stage3.rnv.gob.ve\/wp\/venezuela-y-sudafrica-fortalecen-vinculos-bilaterales\/#breadcrumb"},"inLanguage":"es","potentialAction":[{"@type":"ReadAction","target":["https:\/\/stage3.rnv.gob.ve\/wp\/venezuela-y-sudafrica-fortalecen-vinculos-bilaterales\/"]}]},{"@type":"ImageObject","inLanguage":"es","@id":"https:\/\/stage3.rnv.gob.ve\/wp\/venezuela-y-sudafrica-fortalecen-vinculos-bilaterales\/#primaryimage","url":"https:\/\/stage3.rnv.gob.ve\/wp\/wp-content\/uploads\/2023\/06\/YVAN-GIL.jpg","contentUrl":"https:\/\/stage3.rnv.gob.ve\/wp\/wp-content\/uploads\/2023\/06\/YVAN-GIL.jpg","width":1280,"height":853},{"@type":"BreadcrumbList","@id":"https:\/\/stage3.rnv.gob.ve\/wp\/venezuela-y-sudafrica-fortalecen-vinculos-bilaterales\/#breadcrumb","itemListElement":[{"@type":"ListItem","position":1,"name":"Portada","item":"https:\/\/stage3.rnv.gob.ve\/wp\/"},{"@type":"ListItem","position":2,"name":"Venezuela Y Sud\u00e1frica Fortalecen V\u00ednculos Bilaterales"}]},{"@type":"WebSite","@id":"https:\/\/stage3.rnv.gob.ve\/wp\/#website","url":"https:\/\/stage3.rnv.gob.ve\/wp\/","name":"DEV RNV","description":"Radio Nacional de Venezuela C.A.","publisher":{"@id":"https:\/\/stage3.rnv.gob.ve\/wp\/#organization"},"potentialAction":[{"@type":"SearchAction","target":{"@type":"EntryPoint","urlTemplate":"https:\/\/stage3.rnv.gob.ve\/wp\/?s={search_term_string}"},"query-input":{"@type":"PropertyValueSpecification","valueRequired":true,"valueName":"search_term_string"}}],"inLanguage":"es"},{"@type":"Organization","@id":"https:\/\/stage3.rnv.gob.ve\/wp\/#organization","name":"Radio Nacional de Venezuela C.A.","url":"https:\/\/stage3.rnv.gob.ve\/wp\/","logo":{"@type":"ImageObject","inLanguage":"es","@id":"https:\/\/stage3.rnv.gob.ve\/wp\/#\/schema\/logo\/image\/","url":"http:\/\/rnv.ddns.net\/prensa\/wp-content\/uploads\/2022\/04\/rnv-1-300x227-1.jpg","contentUrl":"http:\/\/rnv.ddns.net\/prensa\/wp-content\/uploads\/2022\/04\/rnv-1-300x227-1.jpg","width":800,"height":455,"caption":"Radio Nacional de Venezuela C.A."},"image":{"@id":"https:\/\/stage3.rnv.gob.ve\/wp\/#\/schema\/logo\/image\/"},"sameAs":["https:\/\/www.facebook.com\/RadioNacionaldeVenezuela","https:\/\/x.com\/RNVinformativa","https:\/\/www.instagram.com\/rnvinformativa\/","https:\/\/www.youtube.com\/user\/RNVContigo"]},{"@type":"Person","@id":"https:\/\/stage3.rnv.gob.ve\/wp\/#\/schema\/person\/f01f556d4b148634786fbc7a33dd1e1e","name":"Greicy Far\u00edas","url":"https:\/\/stage3.rnv.gob.ve\/wp\/author\/greicy_farias\/"}]}},"jetpack_featured_media_url":"https:\/\/stage3.rnv.gob.ve\/wp\/wp-content\/uploads\/2023\/06\/YVAN-GIL.jpg","_links":{"self":[{"href":"https:\/\/stage3.rnv.gob.ve\/wp\/wp-json\/wp\/v2\/posts\/362643","targetHints":{"allow":["GET"]}}],"collection":[{"href":"https:\/\/stage3.rnv.gob.ve\/wp\/wp-json\/wp\/v2\/posts"}],"about":[{"href":"https:\/\/stage3.rnv.gob.ve\/wp\/wp-json\/wp\/v2\/types\/post"}],"author":[{"embeddable":true,"href":"https:\/\/stage3.rnv.gob.ve\/wp\/wp-json\/wp\/v2\/users\/55"}],"replies":[{"embeddable":true,"href":"https:\/\/stage3.rnv.gob.ve\/wp\/wp-json\/wp\/v2\/comments?post=362643"}],"version-history":[{"count":0,"href":"https:\/\/stage3.rnv.gob.ve\/wp\/wp-json\/wp\/v2\/posts\/362643\/revisions"}],"wp:featuredmedia":[{"embeddable":true,"href":"https:\/\/stage3.rnv.gob.ve\/wp\/wp-json\/wp\/v2\/media\/362644"}],"wp:attachment":[{"href":"https:\/\/stage3.rnv.gob.ve\/wp\/wp-json\/wp\/v2\/media?parent=362643"}],"wp:term":[{"taxonomy":"category","embeddable":true,"href":"https:\/\/stage3.rnv.gob.ve\/wp\/wp-json\/wp\/v2\/categories?post=362643"},{"taxonomy":"post_tag","embeddable":true,"href":"https:\/\/stage3.rnv.gob.ve\/wp\/wp-json\/wp\/v2\/tags?post=362643"}],"curies":[{"name":"wp","href":"https:\/\/api.w.org\/{rel}","templated":true}]}}