{"id":358334,"date":"2023-03-03T19:48:50","date_gmt":"2023-03-03T23:48:50","guid":{"rendered":"https:\/\/stage3.rnv.gob.ve\/wp\/prensa\/?p=358334"},"modified":"2023-03-03T19:48:50","modified_gmt":"2023-03-03T23:48:50","slug":"mas-de-13-mil-escuelas-cuentan-con-el-100-de-materiales-para-rehabilitacion-integral","status":"publish","type":"post","link":"https:\/\/stage3.rnv.gob.ve\/wp\/mas-de-13-mil-escuelas-cuentan-con-el-100-de-materiales-para-rehabilitacion-integral\/","title":{"rendered":"M\u00e1s de 13 mil escuelas cuentan con el 100 % de materiales para rehabilitaci\u00f3n integral"},"content":{"rendered":"<p><img fetchpriority=\"high\" decoding=\"async\" class=\"wp-image-358339 aligncenter\" src=\"https:\/\/rnv.macvenezuela.com\/wp-content\/uploads\/2023\/03\/FqTt7kfWIAEXF2L-300x167.jpg\" alt=\"\" width=\"600\" height=\"334\" srcset=\"https:\/\/stage3.rnv.gob.ve\/wp\/wp-content\/uploads\/2023\/03\/FqTt7kfWIAEXF2L-300x167.jpg 300w, https:\/\/stage3.rnv.gob.ve\/wp\/wp-content\/uploads\/2023\/03\/FqTt7kfWIAEXF2L-215x120.jpg 215w, https:\/\/stage3.rnv.gob.ve\/wp\/wp-content\/uploads\/2023\/03\/FqTt7kfWIAEXF2L-768x427.jpg 768w, https:\/\/stage3.rnv.gob.ve\/wp\/wp-content\/uploads\/2023\/03\/FqTt7kfWIAEXF2L.jpg 800w\" sizes=\"(max-width: 600px) 100vw, 600px\" \/><\/p>\n<p>Desde la Unidad Educativa Rep\u00fablica del Ecuador en la parroquia San Juan de Caracas, la ministra del Poder Popular para la Educaci\u00f3n Yelitze Santaella, inform\u00f3 que m\u00e1s de 13 mil escuelas en todo el territorio nacional cuentan con los materiales al 100 por ciento, para iniciar junto a las Bricomiles el proceso de reparaci\u00f3n y rehabilitaci\u00f3n integral.<\/p>\n<p>Ratific\u00f3 el compromiso del presidente de la Rep\u00fablica Bolivariana de Venezuela, Nicol\u00e1s Maduro Moros, por mejorar la educaci\u00f3n, \u201cestamos desplegados en todo el territorio nacional trabajando por la calidad educativa\u201d.<\/p>\n<p>La ministra Santaella manifest\u00f3 que para completar el 100 % de atenci\u00f3n de la infraestructura escolar de la parroquia San Juan, este viernes se entregaron materiales e insumos a siete instituciones de la parroquia San Juan para alcanzar la meta de 31 unidades educativas, para el beneficio de una matr\u00edcula escolar de 14 mil 641 estudiantes.<\/p>\n<p>T\/RNV WEB\/CP<\/p>\n","protected":false},"excerpt":{"rendered":"<p>Desde la Unidad Educativa Rep\u00fablica del Ecuador en la parroquia San Juan de Caracas, la ministra del Poder Popular para la Educaci\u00f3n Yelitze Santaella, inform\u00f3 que m\u00e1s de 13 mil escuelas en todo el territorio nacional cuentan con los materiales al 100 por ciento, para iniciar junto a las Bricomiles el proceso de reparaci\u00f3n y [&hellip;]<\/p>\n","protected":false},"author":25,"featured_media":358339,"comment_status":"closed","ping_status":"closed","sticky":false,"template":"","format":"standard","meta":{"_acf_changed":false,"footnotes":""},"categories":[59],"tags":[2084,142],"class_list":["post-358334","post","type-post","status-publish","format-standard","has-post-thumbnail","hentry","category-educacion","tag-escuelas","tag-nacional"],"acf":[],"yoast_head":"<!-- This site is optimized with the Yoast SEO plugin v27.4 - https:\/\/yoast.com\/product\/yoast-seo-wordpress\/ -->\n<title>M\u00e1s de 13 mil escuelas cuentan con el 100 % de materiales para rehabilitaci\u00f3n integral - DEV RNV<\/title>\n<meta name=\"description\" content=\"M\u00e1s de 13 mil escuelas cuentan\" \/>\n<meta name=\"robots\" content=\"noindex, follow, max-snippet:-1, max-image-preview:large, max-video-preview:-1\" \/>\n<meta property=\"og:locale\" content=\"es_ES\" \/>\n<meta property=\"og:type\" content=\"article\" \/>\n<meta property=\"og:title\" content=\"M\u00e1s de 13 mil escuelas cuentan con el 100 % de materiales para rehabilitaci\u00f3n integral - DEV RNV\" \/>\n<meta property=\"og:description\" content=\"M\u00e1s de 13 mil escuelas cuentan\" \/>\n<meta property=\"og:url\" content=\"https:\/\/stage3.rnv.gob.ve\/wp\/mas-de-13-mil-escuelas-cuentan-con-el-100-de-materiales-para-rehabilitacion-integral\/\" \/>\n<meta property=\"og:site_name\" content=\"DEV RNV\" \/>\n<meta property=\"article:publisher\" content=\"https:\/\/www.facebook.com\/RadioNacionaldeVenezuela\" \/>\n<meta property=\"article:published_time\" content=\"2023-03-03T23:48:50+00:00\" \/>\n<meta property=\"og:image\" content=\"https:\/\/stage3.rnv.gob.ve\/wp\/wp-content\/uploads\/2023\/03\/FqTt7kfWIAEXF2L.jpg\" \/>\n\t<meta property=\"og:image:width\" content=\"800\" \/>\n\t<meta property=\"og:image:height\" content=\"445\" \/>\n\t<meta property=\"og:image:type\" content=\"image\/jpeg\" \/>\n<meta name=\"author\" content=\"Claudimar Perche\" \/>\n<meta name=\"twitter:card\" content=\"summary_large_image\" \/>\n<meta name=\"twitter:creator\" content=\"@RNVinformativa\" \/>\n<meta name=\"twitter:site\" content=\"@RNVinformativa\" \/>\n<meta name=\"twitter:label1\" content=\"Escrito por\" \/>\n\t<meta name=\"twitter:data1\" content=\"Claudimar Perche\" \/>\n\t<meta name=\"twitter:label2\" content=\"Tiempo estimado de lectura\" \/>\n\t<meta name=\"twitter:data2\" content=\"1 minuto\" \/>\n<script type=\"application\/ld+json\" class=\"yoast-schema-graph\">{\"@context\":\"https:\\\/\\\/schema.org\",\"@graph\":[{\"@type\":\"Article\",\"@id\":\"https:\\\/\\\/stage3.rnv.gob.ve\\\/wp\\\/mas-de-13-mil-escuelas-cuentan-con-el-100-de-materiales-para-rehabilitacion-integral\\\/#article\",\"isPartOf\":{\"@id\":\"https:\\\/\\\/stage3.rnv.gob.ve\\\/wp\\\/mas-de-13-mil-escuelas-cuentan-con-el-100-de-materiales-para-rehabilitacion-integral\\\/\"},\"author\":{\"name\":\"Claudimar Perche\",\"@id\":\"https:\\\/\\\/stage3.rnv.gob.ve\\\/wp\\\/#\\\/schema\\\/person\\\/83bdb35224adaa872bbd4d90aaa57a06\"},\"headline\":\"M\u00e1s de 13 mil escuelas cuentan con el 100 % de materiales para rehabilitaci\u00f3n integral\",\"datePublished\":\"2023-03-03T23:48:50+00:00\",\"mainEntityOfPage\":{\"@id\":\"https:\\\/\\\/stage3.rnv.gob.ve\\\/wp\\\/mas-de-13-mil-escuelas-cuentan-con-el-100-de-materiales-para-rehabilitacion-integral\\\/\"},\"wordCount\":164,\"publisher\":{\"@id\":\"https:\\\/\\\/stage3.rnv.gob.ve\\\/wp\\\/#organization\"},\"image\":{\"@id\":\"https:\\\/\\\/stage3.rnv.gob.ve\\\/wp\\\/mas-de-13-mil-escuelas-cuentan-con-el-100-de-materiales-para-rehabilitacion-integral\\\/#primaryimage\"},\"thumbnailUrl\":\"https:\\\/\\\/stage3.rnv.gob.ve\\\/wp\\\/wp-content\\\/uploads\\\/2023\\\/03\\\/FqTt7kfWIAEXF2L.jpg\",\"keywords\":[\"Escuelas\",\"nacional\"],\"articleSection\":[\"Educaci\u00f3n\"],\"inLanguage\":\"es\"},{\"@type\":\"WebPage\",\"@id\":\"https:\\\/\\\/stage3.rnv.gob.ve\\\/wp\\\/mas-de-13-mil-escuelas-cuentan-con-el-100-de-materiales-para-rehabilitacion-integral\\\/\",\"url\":\"https:\\\/\\\/stage3.rnv.gob.ve\\\/wp\\\/mas-de-13-mil-escuelas-cuentan-con-el-100-de-materiales-para-rehabilitacion-integral\\\/\",\"name\":\"M\u00e1s de 13 mil escuelas cuentan con el 100 % de materiales para rehabilitaci\u00f3n integral - DEV RNV\",\"isPartOf\":{\"@id\":\"https:\\\/\\\/stage3.rnv.gob.ve\\\/wp\\\/#website\"},\"primaryImageOfPage\":{\"@id\":\"https:\\\/\\\/stage3.rnv.gob.ve\\\/wp\\\/mas-de-13-mil-escuelas-cuentan-con-el-100-de-materiales-para-rehabilitacion-integral\\\/#primaryimage\"},\"image\":{\"@id\":\"https:\\\/\\\/stage3.rnv.gob.ve\\\/wp\\\/mas-de-13-mil-escuelas-cuentan-con-el-100-de-materiales-para-rehabilitacion-integral\\\/#primaryimage\"},\"thumbnailUrl\":\"https:\\\/\\\/stage3.rnv.gob.ve\\\/wp\\\/wp-content\\\/uploads\\\/2023\\\/03\\\/FqTt7kfWIAEXF2L.jpg\",\"datePublished\":\"2023-03-03T23:48:50+00:00\",\"description\":\"M\u00e1s de 13 mil escuelas cuentan\",\"breadcrumb\":{\"@id\":\"https:\\\/\\\/stage3.rnv.gob.ve\\\/wp\\\/mas-de-13-mil-escuelas-cuentan-con-el-100-de-materiales-para-rehabilitacion-integral\\\/#breadcrumb\"},\"inLanguage\":\"es\",\"potentialAction\":[{\"@type\":\"ReadAction\",\"target\":[\"https:\\\/\\\/stage3.rnv.gob.ve\\\/wp\\\/mas-de-13-mil-escuelas-cuentan-con-el-100-de-materiales-para-rehabilitacion-integral\\\/\"]}]},{\"@type\":\"ImageObject\",\"inLanguage\":\"es\",\"@id\":\"https:\\\/\\\/stage3.rnv.gob.ve\\\/wp\\\/mas-de-13-mil-escuelas-cuentan-con-el-100-de-materiales-para-rehabilitacion-integral\\\/#primaryimage\",\"url\":\"https:\\\/\\\/stage3.rnv.gob.ve\\\/wp\\\/wp-content\\\/uploads\\\/2023\\\/03\\\/FqTt7kfWIAEXF2L.jpg\",\"contentUrl\":\"https:\\\/\\\/stage3.rnv.gob.ve\\\/wp\\\/wp-content\\\/uploads\\\/2023\\\/03\\\/FqTt7kfWIAEXF2L.jpg\",\"width\":800,\"height\":445},{\"@type\":\"BreadcrumbList\",\"@id\":\"https:\\\/\\\/stage3.rnv.gob.ve\\\/wp\\\/mas-de-13-mil-escuelas-cuentan-con-el-100-de-materiales-para-rehabilitacion-integral\\\/#breadcrumb\",\"itemListElement\":[{\"@type\":\"ListItem\",\"position\":1,\"name\":\"Portada\",\"item\":\"https:\\\/\\\/stage3.rnv.gob.ve\\\/wp\\\/\"},{\"@type\":\"ListItem\",\"position\":2,\"name\":\"M\u00e1s De 13 Mil Escuelas Cuentan Con El 100 % De Materiales Para Rehabilitaci\u00f3n Integral\"}]},{\"@type\":\"WebSite\",\"@id\":\"https:\\\/\\\/stage3.rnv.gob.ve\\\/wp\\\/#website\",\"url\":\"https:\\\/\\\/stage3.rnv.gob.ve\\\/wp\\\/\",\"name\":\"DEV RNV\",\"description\":\"Radio Nacional de Venezuela C.A.\",\"publisher\":{\"@id\":\"https:\\\/\\\/stage3.rnv.gob.ve\\\/wp\\\/#organization\"},\"potentialAction\":[{\"@type\":\"SearchAction\",\"target\":{\"@type\":\"EntryPoint\",\"urlTemplate\":\"https:\\\/\\\/stage3.rnv.gob.ve\\\/wp\\\/?s={search_term_string}\"},\"query-input\":{\"@type\":\"PropertyValueSpecification\",\"valueRequired\":true,\"valueName\":\"search_term_string\"}}],\"inLanguage\":\"es\"},{\"@type\":\"Organization\",\"@id\":\"https:\\\/\\\/stage3.rnv.gob.ve\\\/wp\\\/#organization\",\"name\":\"Radio Nacional de Venezuela C.A.\",\"url\":\"https:\\\/\\\/stage3.rnv.gob.ve\\\/wp\\\/\",\"logo\":{\"@type\":\"ImageObject\",\"inLanguage\":\"es\",\"@id\":\"https:\\\/\\\/stage3.rnv.gob.ve\\\/wp\\\/#\\\/schema\\\/logo\\\/image\\\/\",\"url\":\"http:\\\/\\\/rnv.ddns.net\\\/prensa\\\/wp-content\\\/uploads\\\/2022\\\/04\\\/rnv-1-300x227-1.jpg\",\"contentUrl\":\"http:\\\/\\\/rnv.ddns.net\\\/prensa\\\/wp-content\\\/uploads\\\/2022\\\/04\\\/rnv-1-300x227-1.jpg\",\"width\":800,\"height\":455,\"caption\":\"Radio Nacional de Venezuela C.A.\"},\"image\":{\"@id\":\"https:\\\/\\\/stage3.rnv.gob.ve\\\/wp\\\/#\\\/schema\\\/logo\\\/image\\\/\"},\"sameAs\":[\"https:\\\/\\\/www.facebook.com\\\/RadioNacionaldeVenezuela\",\"https:\\\/\\\/x.com\\\/RNVinformativa\",\"https:\\\/\\\/www.instagram.com\\\/rnvinformativa\\\/\",\"https:\\\/\\\/www.youtube.com\\\/user\\\/RNVContigo\"]},{\"@type\":\"Person\",\"@id\":\"https:\\\/\\\/stage3.rnv.gob.ve\\\/wp\\\/#\\\/schema\\\/person\\\/83bdb35224adaa872bbd4d90aaa57a06\",\"name\":\"Claudimar Perche\",\"url\":\"https:\\\/\\\/stage3.rnv.gob.ve\\\/wp\\\/author\\\/claudimar_perche\\\/\"}]}<\/script>\n<!-- \/ Yoast SEO plugin. -->","yoast_head_json":{"title":"M\u00e1s de 13 mil escuelas cuentan con el 100 % de materiales para rehabilitaci\u00f3n integral - DEV RNV","description":"M\u00e1s de 13 mil escuelas cuentan","robots":{"index":"noindex","follow":"follow","max-snippet":"max-snippet:-1","max-image-preview":"max-image-preview:large","max-video-preview":"max-video-preview:-1"},"og_locale":"es_ES","og_type":"article","og_title":"M\u00e1s de 13 mil escuelas cuentan con el 100 % de materiales para rehabilitaci\u00f3n integral - DEV RNV","og_description":"M\u00e1s de 13 mil escuelas cuentan","og_url":"https:\/\/stage3.rnv.gob.ve\/wp\/mas-de-13-mil-escuelas-cuentan-con-el-100-de-materiales-para-rehabilitacion-integral\/","og_site_name":"DEV RNV","article_publisher":"https:\/\/www.facebook.com\/RadioNacionaldeVenezuela","article_published_time":"2023-03-03T23:48:50+00:00","og_image":[{"width":800,"height":445,"url":"https:\/\/stage3.rnv.gob.ve\/wp\/wp-content\/uploads\/2023\/03\/FqTt7kfWIAEXF2L.jpg","type":"image\/jpeg"}],"author":"Claudimar Perche","twitter_card":"summary_large_image","twitter_creator":"@RNVinformativa","twitter_site":"@RNVinformativa","twitter_misc":{"Escrito por":"Claudimar Perche","Tiempo estimado de lectura":"1 minuto"},"schema":{"@context":"https:\/\/schema.org","@graph":[{"@type":"Article","@id":"https:\/\/stage3.rnv.gob.ve\/wp\/mas-de-13-mil-escuelas-cuentan-con-el-100-de-materiales-para-rehabilitacion-integral\/#article","isPartOf":{"@id":"https:\/\/stage3.rnv.gob.ve\/wp\/mas-de-13-mil-escuelas-cuentan-con-el-100-de-materiales-para-rehabilitacion-integral\/"},"author":{"name":"Claudimar Perche","@id":"https:\/\/stage3.rnv.gob.ve\/wp\/#\/schema\/person\/83bdb35224adaa872bbd4d90aaa57a06"},"headline":"M\u00e1s de 13 mil escuelas cuentan con el 100 % de materiales para rehabilitaci\u00f3n integral","datePublished":"2023-03-03T23:48:50+00:00","mainEntityOfPage":{"@id":"https:\/\/stage3.rnv.gob.ve\/wp\/mas-de-13-mil-escuelas-cuentan-con-el-100-de-materiales-para-rehabilitacion-integral\/"},"wordCount":164,"publisher":{"@id":"https:\/\/stage3.rnv.gob.ve\/wp\/#organization"},"image":{"@id":"https:\/\/stage3.rnv.gob.ve\/wp\/mas-de-13-mil-escuelas-cuentan-con-el-100-de-materiales-para-rehabilitacion-integral\/#primaryimage"},"thumbnailUrl":"https:\/\/stage3.rnv.gob.ve\/wp\/wp-content\/uploads\/2023\/03\/FqTt7kfWIAEXF2L.jpg","keywords":["Escuelas","nacional"],"articleSection":["Educaci\u00f3n"],"inLanguage":"es"},{"@type":"WebPage","@id":"https:\/\/stage3.rnv.gob.ve\/wp\/mas-de-13-mil-escuelas-cuentan-con-el-100-de-materiales-para-rehabilitacion-integral\/","url":"https:\/\/stage3.rnv.gob.ve\/wp\/mas-de-13-mil-escuelas-cuentan-con-el-100-de-materiales-para-rehabilitacion-integral\/","name":"M\u00e1s de 13 mil escuelas cuentan con el 100 % de materiales para rehabilitaci\u00f3n integral - DEV RNV","isPartOf":{"@id":"https:\/\/stage3.rnv.gob.ve\/wp\/#website"},"primaryImageOfPage":{"@id":"https:\/\/stage3.rnv.gob.ve\/wp\/mas-de-13-mil-escuelas-cuentan-con-el-100-de-materiales-para-rehabilitacion-integral\/#primaryimage"},"image":{"@id":"https:\/\/stage3.rnv.gob.ve\/wp\/mas-de-13-mil-escuelas-cuentan-con-el-100-de-materiales-para-rehabilitacion-integral\/#primaryimage"},"thumbnailUrl":"https:\/\/stage3.rnv.gob.ve\/wp\/wp-content\/uploads\/2023\/03\/FqTt7kfWIAEXF2L.jpg","datePublished":"2023-03-03T23:48:50+00:00","description":"M\u00e1s de 13 mil escuelas cuentan","breadcrumb":{"@id":"https:\/\/stage3.rnv.gob.ve\/wp\/mas-de-13-mil-escuelas-cuentan-con-el-100-de-materiales-para-rehabilitacion-integral\/#breadcrumb"},"inLanguage":"es","potentialAction":[{"@type":"ReadAction","target":["https:\/\/stage3.rnv.gob.ve\/wp\/mas-de-13-mil-escuelas-cuentan-con-el-100-de-materiales-para-rehabilitacion-integral\/"]}]},{"@type":"ImageObject","inLanguage":"es","@id":"https:\/\/stage3.rnv.gob.ve\/wp\/mas-de-13-mil-escuelas-cuentan-con-el-100-de-materiales-para-rehabilitacion-integral\/#primaryimage","url":"https:\/\/stage3.rnv.gob.ve\/wp\/wp-content\/uploads\/2023\/03\/FqTt7kfWIAEXF2L.jpg","contentUrl":"https:\/\/stage3.rnv.gob.ve\/wp\/wp-content\/uploads\/2023\/03\/FqTt7kfWIAEXF2L.jpg","width":800,"height":445},{"@type":"BreadcrumbList","@id":"https:\/\/stage3.rnv.gob.ve\/wp\/mas-de-13-mil-escuelas-cuentan-con-el-100-de-materiales-para-rehabilitacion-integral\/#breadcrumb","itemListElement":[{"@type":"ListItem","position":1,"name":"Portada","item":"https:\/\/stage3.rnv.gob.ve\/wp\/"},{"@type":"ListItem","position":2,"name":"M\u00e1s De 13 Mil Escuelas Cuentan Con El 100 % De Materiales Para Rehabilitaci\u00f3n Integral"}]},{"@type":"WebSite","@id":"https:\/\/stage3.rnv.gob.ve\/wp\/#website","url":"https:\/\/stage3.rnv.gob.ve\/wp\/","name":"DEV RNV","description":"Radio Nacional de Venezuela C.A.","publisher":{"@id":"https:\/\/stage3.rnv.gob.ve\/wp\/#organization"},"potentialAction":[{"@type":"SearchAction","target":{"@type":"EntryPoint","urlTemplate":"https:\/\/stage3.rnv.gob.ve\/wp\/?s={search_term_string}"},"query-input":{"@type":"PropertyValueSpecification","valueRequired":true,"valueName":"search_term_string"}}],"inLanguage":"es"},{"@type":"Organization","@id":"https:\/\/stage3.rnv.gob.ve\/wp\/#organization","name":"Radio Nacional de Venezuela C.A.","url":"https:\/\/stage3.rnv.gob.ve\/wp\/","logo":{"@type":"ImageObject","inLanguage":"es","@id":"https:\/\/stage3.rnv.gob.ve\/wp\/#\/schema\/logo\/image\/","url":"http:\/\/rnv.ddns.net\/prensa\/wp-content\/uploads\/2022\/04\/rnv-1-300x227-1.jpg","contentUrl":"http:\/\/rnv.ddns.net\/prensa\/wp-content\/uploads\/2022\/04\/rnv-1-300x227-1.jpg","width":800,"height":455,"caption":"Radio Nacional de Venezuela C.A."},"image":{"@id":"https:\/\/stage3.rnv.gob.ve\/wp\/#\/schema\/logo\/image\/"},"sameAs":["https:\/\/www.facebook.com\/RadioNacionaldeVenezuela","https:\/\/x.com\/RNVinformativa","https:\/\/www.instagram.com\/rnvinformativa\/","https:\/\/www.youtube.com\/user\/RNVContigo"]},{"@type":"Person","@id":"https:\/\/stage3.rnv.gob.ve\/wp\/#\/schema\/person\/83bdb35224adaa872bbd4d90aaa57a06","name":"Claudimar Perche","url":"https:\/\/stage3.rnv.gob.ve\/wp\/author\/claudimar_perche\/"}]}},"jetpack_featured_media_url":"https:\/\/stage3.rnv.gob.ve\/wp\/wp-content\/uploads\/2023\/03\/FqTt7kfWIAEXF2L.jpg","_links":{"self":[{"href":"https:\/\/stage3.rnv.gob.ve\/wp\/wp-json\/wp\/v2\/posts\/358334","targetHints":{"allow":["GET"]}}],"collection":[{"href":"https:\/\/stage3.rnv.gob.ve\/wp\/wp-json\/wp\/v2\/posts"}],"about":[{"href":"https:\/\/stage3.rnv.gob.ve\/wp\/wp-json\/wp\/v2\/types\/post"}],"author":[{"embeddable":true,"href":"https:\/\/stage3.rnv.gob.ve\/wp\/wp-json\/wp\/v2\/users\/25"}],"replies":[{"embeddable":true,"href":"https:\/\/stage3.rnv.gob.ve\/wp\/wp-json\/wp\/v2\/comments?post=358334"}],"version-history":[{"count":0,"href":"https:\/\/stage3.rnv.gob.ve\/wp\/wp-json\/wp\/v2\/posts\/358334\/revisions"}],"wp:featuredmedia":[{"embeddable":true,"href":"https:\/\/stage3.rnv.gob.ve\/wp\/wp-json\/wp\/v2\/media\/358339"}],"wp:attachment":[{"href":"https:\/\/stage3.rnv.gob.ve\/wp\/wp-json\/wp\/v2\/media?parent=358334"}],"wp:term":[{"taxonomy":"category","embeddable":true,"href":"https:\/\/stage3.rnv.gob.ve\/wp\/wp-json\/wp\/v2\/categories?post=358334"},{"taxonomy":"post_tag","embeddable":true,"href":"https:\/\/stage3.rnv.gob.ve\/wp\/wp-json\/wp\/v2\/tags?post=358334"}],"curies":[{"name":"wp","href":"https:\/\/api.w.org\/{rel}","templated":true}]}}